{"id":78020,"date":"2021-03-27T16:15:05","date_gmt":"2021-03-27T16:15:05","guid":{"rendered":"https:\/\/quehacerpolitico.mx\/?p=78020"},"modified":"2021-03-27T16:15:05","modified_gmt":"2021-03-27T16:15:05","slug":"las-marchas-bloqueos-y-manifestaciones-hoy-en-la-cdmx-4","status":"publish","type":"post","link":"https:\/\/quehacerpolitico.mx\/?p=78020","title":{"rendered":"Las marchas, bloqueos y manifestaciones hoy en la CDMX"},"content":{"rendered":"<h1>Las marchas, bloqueos y manifestaciones hoy en la CDMX<br \/>\nPor Redacci\u00f3n QP<\/h1>\n<p>Al menos cuatro marchas y movilizaciones se realizar\u00e1n hoy, s\u00e1bado 27 de marzo de 2021, en diferentes puntos de la CDMX<\/p>\n<p>El Centro de Comando, Control, C\u00f3mputo, Comunicaciones y Contacto Ciudadano (C5) inform\u00f3 que al menos cuatro marchas y movilizaciones se realizar\u00e1n <strong>hoy<\/strong>, s\u00e1bado 27 de marzo de 2021, en diferentes puntos de la Ciudad de M\u00e9xico (<strong>CDMX<\/strong>); aqu\u00ed te damos los detalles.<\/p>\n<blockquote class=\"twitter-tweet\" data-width=\"550\" data-dnt=\"true\">\n<p lang=\"es\" dir=\"ltr\">\u26a0\ufe0f<a href=\"https:\/\/twitter.com\/hashtag\/Ent%C3%A9rate?src=hash&amp;ref_src=twsrc%5Etfw\">#Ent\u00e9rate<\/a> \ud83d\udce2 Te compartimos las movilizaciones sociales previstas para este s\u00e1bado en la <a href=\"https:\/\/twitter.com\/hashtag\/CDMX?src=hash&amp;ref_src=twsrc%5Etfw\">#CDMX<\/a>. <a href=\"https:\/\/twitter.com\/hashtag\/MovilidadCDMX?src=hash&amp;ref_src=twsrc%5Etfw\">#MovilidadCDMX<\/a> <br \/>\ud83c\udfa5<a href=\"https:\/\/twitter.com\/hashtag\/C5?src=hash&amp;ref_src=twsrc%5Etfw\">#C5<\/a> <a href=\"https:\/\/t.co\/zu0vI9HTIh\">pic.twitter.com\/zu0vI9HTIh<\/a><\/p>\n<p>&mdash; C5 CDMX (@C5_CDMX) <a href=\"https:\/\/twitter.com\/C5_CDMX\/status\/1375804172696752131?ref_src=twsrc%5Etfw\">March 27, 2021<\/a><\/p><\/blockquote>\n<p><script async src=\"https:\/\/platform.twitter.com\/widgets.js\" charset=\"utf-8\"><\/script><\/p>\n<h2>Alcald\u00eda Cuauht\u00e9moc<\/h2>\n<p><strong>A las 14:00 horas<\/strong> se espera una concentraci\u00f3n de colectivos anarquistas en Sim\u00f3n Bol\u00edvar n\u00famero 283, Colonia Obrera.<\/p>\n<p><strong>DURANTE EL D\u00cdA<\/strong>, se espera una concentraci\u00f3n de Hermandad Azul en Plaza de la Rep\u00fablica, Colonia Tabacalera.<\/p>\n<p><strong>A las 16: 00 horas<\/strong> se prev\u00e9 una concentraci\u00f3n-rodada de Mar\u00eda Pachis y Cannatour Mx en Lieja 270 en el Bosque de Chapultepec, primera secci\u00f3n. Como posible ruta: Avenida Paseo de la Reforma-Avenida Ju\u00e1rez- Avenida Eje Central L\u00e1zaro C\u00e1rdenas- Avenida 5 de Mayo- Circuito Plaza de la Constituci\u00f3n, Z\u00f3calo capitalino.<\/p>\n<p><strong>A las 14:00 horas<\/strong> se espera una concentraci\u00f3n de Colectiva Mujeres Productoras en Lieja n\u00famero 270 en el Bosque de Chapultepec, primera secci\u00f3n.<\/p>\n<p><em>Con informaci\u00f3n del Centro de Comando, Control, C\u00f3mputo, Comunicaciones y Contacto Ciudadano<\/em><\/p>\n","protected":false},"excerpt":{"rendered":"<p>Las marchas, bloqueos y manifestaciones hoy en la CDMX Por Redacci\u00f3n QP Al menos cuatro&#8230;<\/p>\n","protected":false},"author":2,"featured_media":77864,"comment_status":"open","ping_status":"open","sticky":false,"template":"","format":"standard","meta":{"_monsterinsights_skip_tracking":false,"_monsterinsights_sitenote_active":false,"_monsterinsights_sitenote_note":"","_monsterinsights_sitenote_category":0,"footnotes":""},"categories":[55],"tags":[],"class_list":["post-78020","post","type-post","status-publish","format-standard","has-post-thumbnail","hentry","category-cdmx"],"yoast_head":"<!-- This site is optimized with the Yoast SEO plugin v27.3 - https:\/\/yoast.com\/product\/yoast-seo-wordpress\/ -->\n<title>Las marchas, bloqueos y manifestaciones hoy en la CDMX -<\/title>\n<meta name=\"robots\" content=\"index, follow, max-snippet:-1, max-image-preview:large, max-video-preview:-1\" \/>\n<link rel=\"canonical\" href=\"https:\/\/quehacerpolitico.mx\/?p=78020\" \/>\n<meta property=\"og:locale\" content=\"es_MX\" \/>\n<meta property=\"og:type\" content=\"article\" \/>\n<meta property=\"og:title\" content=\"Las marchas, bloqueos y manifestaciones hoy en la CDMX -\" \/>\n<meta property=\"og:description\" content=\"Las marchas, bloqueos y manifestaciones hoy en la CDMX Por Redacci\u00f3n QP Al menos cuatro...\" \/>\n<meta property=\"og:url\" content=\"https:\/\/quehacerpolitico.mx\/?p=78020\" \/>\n<meta property=\"article:published_time\" content=\"2021-03-27T16:15:05+00:00\" \/>\n<meta property=\"og:image\" content=\"https:\/\/quehacerpolitico.mx\/wp-content\/uploads\/2021\/03\/5F9A559C-C8F3-4EE2-B627-3A4A5A402CDF.jpeg\" \/>\n\t<meta property=\"og:image:width\" content=\"450\" \/>\n\t<meta property=\"og:image:height\" content=\"300\" \/>\n\t<meta property=\"og:image:type\" content=\"image\/jpeg\" \/>\n<meta name=\"author\" content=\"Redacci\u00f3n QP\" \/>\n<meta name=\"twitter:card\" content=\"summary_large_image\" \/>\n<meta name=\"twitter:label1\" content=\"Escrito por\" \/>\n\t<meta name=\"twitter:data1\" content=\"Redacci\u00f3n QP\" \/>\n\t<meta name=\"twitter:label2\" content=\"Tiempo de lectura\" \/>\n\t<meta name=\"twitter:data2\" content=\"1 minuto\" \/>\n<script type=\"application\/ld+json\" class=\"yoast-schema-graph\">{\"@context\":\"https:\\\/\\\/schema.org\",\"@graph\":[{\"@type\":\"Article\",\"@id\":\"https:\\\/\\\/quehacerpolitico.mx\\\/?p=78020#article\",\"isPartOf\":{\"@id\":\"https:\\\/\\\/quehacerpolitico.mx\\\/?p=78020\"},\"author\":{\"name\":\"Redacci\u00f3n QP\",\"@id\":\"https:\\\/\\\/quehacerpolitico.mx\\\/#\\\/schema\\\/person\\\/496d8ad2d1d3f8036101dca7ee39e585\"},\"headline\":\"Las marchas, bloqueos y manifestaciones hoy en la CDMX\",\"datePublished\":\"2021-03-27T16:15:05+00:00\",\"mainEntityOfPage\":{\"@id\":\"https:\\\/\\\/quehacerpolitico.mx\\\/?p=78020\"},\"wordCount\":230,\"commentCount\":0,\"image\":{\"@id\":\"https:\\\/\\\/quehacerpolitico.mx\\\/?p=78020#primaryimage\"},\"thumbnailUrl\":\"https:\\\/\\\/quehacerpolitico.mx\\\/wp-content\\\/uploads\\\/2021\\\/03\\\/5F9A559C-C8F3-4EE2-B627-3A4A5A402CDF.jpeg\",\"articleSection\":[\"CDMX\"],\"inLanguage\":\"es\",\"potentialAction\":[{\"@type\":\"CommentAction\",\"name\":\"Comment\",\"target\":[\"https:\\\/\\\/quehacerpolitico.mx\\\/?p=78020#respond\"]}]},{\"@type\":\"WebPage\",\"@id\":\"https:\\\/\\\/quehacerpolitico.mx\\\/?p=78020\",\"url\":\"https:\\\/\\\/quehacerpolitico.mx\\\/?p=78020\",\"name\":\"Las marchas, bloqueos y manifestaciones hoy en la CDMX -\",\"isPartOf\":{\"@id\":\"https:\\\/\\\/quehacerpolitico.mx\\\/#website\"},\"primaryImageOfPage\":{\"@id\":\"https:\\\/\\\/quehacerpolitico.mx\\\/?p=78020#primaryimage\"},\"image\":{\"@id\":\"https:\\\/\\\/quehacerpolitico.mx\\\/?p=78020#primaryimage\"},\"thumbnailUrl\":\"https:\\\/\\\/quehacerpolitico.mx\\\/wp-content\\\/uploads\\\/2021\\\/03\\\/5F9A559C-C8F3-4EE2-B627-3A4A5A402CDF.jpeg\",\"datePublished\":\"2021-03-27T16:15:05+00:00\",\"author\":{\"@id\":\"https:\\\/\\\/quehacerpolitico.mx\\\/#\\\/schema\\\/person\\\/496d8ad2d1d3f8036101dca7ee39e585\"},\"breadcrumb\":{\"@id\":\"https:\\\/\\\/quehacerpolitico.mx\\\/?p=78020#breadcrumb\"},\"inLanguage\":\"es\",\"potentialAction\":[{\"@type\":\"ReadAction\",\"target\":[\"https:\\\/\\\/quehacerpolitico.mx\\\/?p=78020\"]}]},{\"@type\":\"ImageObject\",\"inLanguage\":\"es\",\"@id\":\"https:\\\/\\\/quehacerpolitico.mx\\\/?p=78020#primaryimage\",\"url\":\"https:\\\/\\\/quehacerpolitico.mx\\\/wp-content\\\/uploads\\\/2021\\\/03\\\/5F9A559C-C8F3-4EE2-B627-3A4A5A402CDF.jpeg\",\"contentUrl\":\"https:\\\/\\\/quehacerpolitico.mx\\\/wp-content\\\/uploads\\\/2021\\\/03\\\/5F9A559C-C8F3-4EE2-B627-3A4A5A402CDF.jpeg\",\"width\":450,\"height\":300},{\"@type\":\"BreadcrumbList\",\"@id\":\"https:\\\/\\\/quehacerpolitico.mx\\\/?p=78020#breadcrumb\",\"itemListElement\":[{\"@type\":\"ListItem\",\"position\":1,\"name\":\"Inicio\",\"item\":\"https:\\\/\\\/quehacerpolitico.mx\\\/\"},{\"@type\":\"ListItem\",\"position\":2,\"name\":\"Las marchas, bloqueos y manifestaciones hoy en la CDMX\"}]},{\"@type\":\"WebSite\",\"@id\":\"https:\\\/\\\/quehacerpolitico.mx\\\/#website\",\"url\":\"https:\\\/\\\/quehacerpolitico.mx\\\/\",\"name\":\"\",\"description\":\"\",\"potentialAction\":[{\"@type\":\"SearchAction\",\"target\":{\"@type\":\"EntryPoint\",\"urlTemplate\":\"https:\\\/\\\/quehacerpolitico.mx\\\/?s={search_term_string}\"},\"query-input\":{\"@type\":\"PropertyValueSpecification\",\"valueRequired\":true,\"valueName\":\"search_term_string\"}}],\"inLanguage\":\"es\"},{\"@type\":\"Person\",\"@id\":\"https:\\\/\\\/quehacerpolitico.mx\\\/#\\\/schema\\\/person\\\/496d8ad2d1d3f8036101dca7ee39e585\",\"name\":\"Redacci\u00f3n QP\",\"image\":{\"@type\":\"ImageObject\",\"inLanguage\":\"es\",\"@id\":\"https:\\\/\\\/secure.gravatar.com\\\/avatar\\\/c7164ed6fdec453195284ad24a5ae5b6e1eed2b848477fa2a4787ba9adf39a41?s=96&d=mm&r=g\",\"url\":\"https:\\\/\\\/secure.gravatar.com\\\/avatar\\\/c7164ed6fdec453195284ad24a5ae5b6e1eed2b848477fa2a4787ba9adf39a41?s=96&d=mm&r=g\",\"contentUrl\":\"https:\\\/\\\/secure.gravatar.com\\\/avatar\\\/c7164ed6fdec453195284ad24a5ae5b6e1eed2b848477fa2a4787ba9adf39a41?s=96&d=mm&r=g\",\"caption\":\"Redacci\u00f3n QP\"},\"url\":\"https:\\\/\\\/quehacerpolitico.mx\\\/?author=2\"}]}<\/script>\n<!-- \/ Yoast SEO plugin. -->","yoast_head_json":{"title":"Las marchas, bloqueos y manifestaciones hoy en la CDMX -","robots":{"index":"index","follow":"follow","max-snippet":"max-snippet:-1","max-image-preview":"max-image-preview:large","max-video-preview":"max-video-preview:-1"},"canonical":"https:\/\/quehacerpolitico.mx\/?p=78020","og_locale":"es_MX","og_type":"article","og_title":"Las marchas, bloqueos y manifestaciones hoy en la CDMX -","og_description":"Las marchas, bloqueos y manifestaciones hoy en la CDMX Por Redacci\u00f3n QP Al menos cuatro...","og_url":"https:\/\/quehacerpolitico.mx\/?p=78020","article_published_time":"2021-03-27T16:15:05+00:00","og_image":[{"width":450,"height":300,"url":"https:\/\/quehacerpolitico.mx\/wp-content\/uploads\/2021\/03\/5F9A559C-C8F3-4EE2-B627-3A4A5A402CDF.jpeg","type":"image\/jpeg"}],"author":"Redacci\u00f3n QP","twitter_card":"summary_large_image","twitter_misc":{"Escrito por":"Redacci\u00f3n QP","Tiempo de lectura":"1 minuto"},"schema":{"@context":"https:\/\/schema.org","@graph":[{"@type":"Article","@id":"https:\/\/quehacerpolitico.mx\/?p=78020#article","isPartOf":{"@id":"https:\/\/quehacerpolitico.mx\/?p=78020"},"author":{"name":"Redacci\u00f3n QP","@id":"https:\/\/quehacerpolitico.mx\/#\/schema\/person\/496d8ad2d1d3f8036101dca7ee39e585"},"headline":"Las marchas, bloqueos y manifestaciones hoy en la CDMX","datePublished":"2021-03-27T16:15:05+00:00","mainEntityOfPage":{"@id":"https:\/\/quehacerpolitico.mx\/?p=78020"},"wordCount":230,"commentCount":0,"image":{"@id":"https:\/\/quehacerpolitico.mx\/?p=78020#primaryimage"},"thumbnailUrl":"https:\/\/quehacerpolitico.mx\/wp-content\/uploads\/2021\/03\/5F9A559C-C8F3-4EE2-B627-3A4A5A402CDF.jpeg","articleSection":["CDMX"],"inLanguage":"es","potentialAction":[{"@type":"CommentAction","name":"Comment","target":["https:\/\/quehacerpolitico.mx\/?p=78020#respond"]}]},{"@type":"WebPage","@id":"https:\/\/quehacerpolitico.mx\/?p=78020","url":"https:\/\/quehacerpolitico.mx\/?p=78020","name":"Las marchas, bloqueos y manifestaciones hoy en la CDMX -","isPartOf":{"@id":"https:\/\/quehacerpolitico.mx\/#website"},"primaryImageOfPage":{"@id":"https:\/\/quehacerpolitico.mx\/?p=78020#primaryimage"},"image":{"@id":"https:\/\/quehacerpolitico.mx\/?p=78020#primaryimage"},"thumbnailUrl":"https:\/\/quehacerpolitico.mx\/wp-content\/uploads\/2021\/03\/5F9A559C-C8F3-4EE2-B627-3A4A5A402CDF.jpeg","datePublished":"2021-03-27T16:15:05+00:00","author":{"@id":"https:\/\/quehacerpolitico.mx\/#\/schema\/person\/496d8ad2d1d3f8036101dca7ee39e585"},"breadcrumb":{"@id":"https:\/\/quehacerpolitico.mx\/?p=78020#breadcrumb"},"inLanguage":"es","potentialAction":[{"@type":"ReadAction","target":["https:\/\/quehacerpolitico.mx\/?p=78020"]}]},{"@type":"ImageObject","inLanguage":"es","@id":"https:\/\/quehacerpolitico.mx\/?p=78020#primaryimage","url":"https:\/\/quehacerpolitico.mx\/wp-content\/uploads\/2021\/03\/5F9A559C-C8F3-4EE2-B627-3A4A5A402CDF.jpeg","contentUrl":"https:\/\/quehacerpolitico.mx\/wp-content\/uploads\/2021\/03\/5F9A559C-C8F3-4EE2-B627-3A4A5A402CDF.jpeg","width":450,"height":300},{"@type":"BreadcrumbList","@id":"https:\/\/quehacerpolitico.mx\/?p=78020#breadcrumb","itemListElement":[{"@type":"ListItem","position":1,"name":"Inicio","item":"https:\/\/quehacerpolitico.mx\/"},{"@type":"ListItem","position":2,"name":"Las marchas, bloqueos y manifestaciones hoy en la CDMX"}]},{"@type":"WebSite","@id":"https:\/\/quehacerpolitico.mx\/#website","url":"https:\/\/quehacerpolitico.mx\/","name":"","description":"","potentialAction":[{"@type":"SearchAction","target":{"@type":"EntryPoint","urlTemplate":"https:\/\/quehacerpolitico.mx\/?s={search_term_string}"},"query-input":{"@type":"PropertyValueSpecification","valueRequired":true,"valueName":"search_term_string"}}],"inLanguage":"es"},{"@type":"Person","@id":"https:\/\/quehacerpolitico.mx\/#\/schema\/person\/496d8ad2d1d3f8036101dca7ee39e585","name":"Redacci\u00f3n QP","image":{"@type":"ImageObject","inLanguage":"es","@id":"https:\/\/secure.gravatar.com\/avatar\/c7164ed6fdec453195284ad24a5ae5b6e1eed2b848477fa2a4787ba9adf39a41?s=96&d=mm&r=g","url":"https:\/\/secure.gravatar.com\/avatar\/c7164ed6fdec453195284ad24a5ae5b6e1eed2b848477fa2a4787ba9adf39a41?s=96&d=mm&r=g","contentUrl":"https:\/\/secure.gravatar.com\/avatar\/c7164ed6fdec453195284ad24a5ae5b6e1eed2b848477fa2a4787ba9adf39a41?s=96&d=mm&r=g","caption":"Redacci\u00f3n QP"},"url":"https:\/\/quehacerpolitico.mx\/?author=2"}]}},"featured_image_urls":{"full":["https:\/\/quehacerpolitico.mx\/wp-content\/uploads\/2021\/03\/5F9A559C-C8F3-4EE2-B627-3A4A5A402CDF.jpeg",450,300,false],"thumbnail":["https:\/\/quehacerpolitico.mx\/wp-content\/uploads\/2021\/03\/5F9A559C-C8F3-4EE2-B627-3A4A5A402CDF-150x150.jpeg",150,150,true],"medium":["https:\/\/quehacerpolitico.mx\/wp-content\/uploads\/2021\/03\/5F9A559C-C8F3-4EE2-B627-3A4A5A402CDF-300x200.jpeg",300,200,true],"medium_large":["https:\/\/quehacerpolitico.mx\/wp-content\/uploads\/2021\/03\/5F9A559C-C8F3-4EE2-B627-3A4A5A402CDF.jpeg",450,300,false],"large":["https:\/\/quehacerpolitico.mx\/wp-content\/uploads\/2021\/03\/5F9A559C-C8F3-4EE2-B627-3A4A5A402CDF.jpeg",450,300,false],"1536x1536":["https:\/\/quehacerpolitico.mx\/wp-content\/uploads\/2021\/03\/5F9A559C-C8F3-4EE2-B627-3A4A5A402CDF.jpeg",450,300,false],"2048x2048":["https:\/\/quehacerpolitico.mx\/wp-content\/uploads\/2021\/03\/5F9A559C-C8F3-4EE2-B627-3A4A5A402CDF.jpeg",450,300,false],"covernews-featured":["https:\/\/quehacerpolitico.mx\/wp-content\/uploads\/2021\/03\/5F9A559C-C8F3-4EE2-B627-3A4A5A402CDF.jpeg",450,300,false],"covernews-medium":["https:\/\/quehacerpolitico.mx\/wp-content\/uploads\/2021\/03\/5F9A559C-C8F3-4EE2-B627-3A4A5A402CDF.jpeg",450,300,false]},"author_info":{"display_name":"Redacci\u00f3n QP","author_link":"https:\/\/quehacerpolitico.mx\/?author=2"},"category_info":"<a href=\"https:\/\/quehacerpolitico.mx\/?cat=55\" rel=\"category\">CDMX<\/a>","tag_info":"CDMX","comment_count":"0","_links":{"self":[{"href":"https:\/\/quehacerpolitico.mx\/index.php?rest_route=\/wp\/v2\/posts\/78020","targetHints":{"allow":["GET"]}}],"collection":[{"href":"https:\/\/quehacerpolitico.mx\/index.php?rest_route=\/wp\/v2\/posts"}],"about":[{"href":"https:\/\/quehacerpolitico.mx\/index.php?rest_route=\/wp\/v2\/types\/post"}],"author":[{"embeddable":true,"href":"https:\/\/quehacerpolitico.mx\/index.php?rest_route=\/wp\/v2\/users\/2"}],"replies":[{"embeddable":true,"href":"https:\/\/quehacerpolitico.mx\/index.php?rest_route=%2Fwp%2Fv2%2Fcomments&post=78020"}],"version-history":[{"count":0,"href":"https:\/\/quehacerpolitico.mx\/index.php?rest_route=\/wp\/v2\/posts\/78020\/revisions"}],"wp:featuredmedia":[{"embeddable":true,"href":"https:\/\/quehacerpolitico.mx\/index.php?rest_route=\/wp\/v2\/media\/77864"}],"wp:attachment":[{"href":"https:\/\/quehacerpolitico.mx\/index.php?rest_route=%2Fwp%2Fv2%2Fmedia&parent=78020"}],"wp:term":[{"taxonomy":"category","embeddable":true,"href":"https:\/\/quehacerpolitico.mx\/index.php?rest_route=%2Fwp%2Fv2%2Fcategories&post=78020"},{"taxonomy":"post_tag","embeddable":true,"href":"https:\/\/quehacerpolitico.mx\/index.php?rest_route=%2Fwp%2Fv2%2Ftags&post=78020"}],"curies":[{"name":"wp","href":"https:\/\/api.w.org\/{rel}","templated":true}]}}