{"id":77924,"date":"2021-03-26T03:35:01","date_gmt":"2021-03-26T03:35:01","guid":{"rendered":"https:\/\/quehacerpolitico.mx\/?p=77924"},"modified":"2021-03-26T03:35:01","modified_gmt":"2021-03-26T03:35:01","slug":"internacionales-carolina-alonso-romei-joe-biden-el-presidente-de-eu-lanza-estas-advertencias-corea-del-norte-y-china","status":"publish","type":"post","link":"https:\/\/quehacerpolitico.mx\/?p=77924","title":{"rendered":"Internacionales\/\/\/Carolina Alonso Romei\/\/\/Joe Biden: el presidente de EU lanza estas advertencias a Corea del Norte y China"},"content":{"rendered":"<h1 class=\"news-title\">Joe Biden: el presidente de EU lanza estas advertencias a Corea del Norte y China<br \/>\nPor Carolina Alonso Romei<\/h1>\n<p>Internacionalista<\/p>\n<div class=\"news-subtitle\">\n<p>El presidente de Estados Unidos habla sobre la migraci\u00f3n y la tensi\u00f3n con Asia durante su primera comparecencia ante los medios<\/p>\n<\/div>\n<div class=\"social-share-box normal\">\n<p>El presidente de Estados Unidos, Joe Biden, advirti\u00f3 a Corea del Norte que su pa\u00eds dar\u00e1 una &#8220;respuesta acorde&#8221; si decide escalar sus ensayos luego de que se reportaran los disparos de dos supuestos misiles bal\u00edsticos este jueves, en lo que ser\u00eda la primera provocaci\u00f3n seria a la nueva administraci\u00f3n estadounidense.<\/p>\n<p><iframe loading=\"lazy\" title=\"Biden says North Korea is top foreign policy issue\" width=\"640\" height=\"360\" src=\"https:\/\/www.youtube.com\/embed\/uylZ4Dnnfq0?feature=oembed\" frameborder=\"0\" allow=\"accelerometer; autoplay; clipboard-write; encrypted-media; gyroscope; picture-in-picture; web-share\" referrerpolicy=\"strict-origin-when-cross-origin\" allowfullscreen><\/iframe><\/p>\n<div id=\"div-pos-2\">&#8220;Estamos consultando con nuestros socios y aliados. Y habr\u00e1 respuesta si eligen una escalada&#8221;<\/div>\n<p>&#8220;Estamos consultando con nuestros socios y aliados&#8221;, dijo Joe Biden en la primera conferencia de prensa de su mandato. &#8220;Y habr\u00e1 respuesta si eligen una escalada&#8221;. Ser\u00e1 una &#8220;respuesta acorde&#8221;, agreg\u00f3.<\/p>\n<div id=\"teads_ad\">\n<div id=\"div-gpt-ad-1548262875188-0\" data-google-query-id=\"COnN2v6Bze8CFUe9wAodRbYBgA\">\n<p>Biden dijo adem\u00e1s <strong>estar &#8220;preparado para alguna forma de diplomacia&#8221; con Pyongyang, pero &#8220;tiene que estar condicionada a que su resultado sea la desnuclearizaci\u00f3n&#8221;.<\/strong><\/p>\n<p>El Estado Mayor conjunto de Corea del Sur inform\u00f3 que el norte hab\u00eda lanzado dos misiles al mar de Jap\u00f3n, conocido como mar del Este por los coreanos, desde la provincia sure\u00f1a de Hamgyong.<\/p>\n<p><strong>Los misiles recorrieron 450 kil\u00f3metros y alcanzaron una altitud m\u00e1xima de 60 kil\u00f3metros<\/strong>, declar\u00f3 el Estado Mayor surcoreano que no precis\u00f3 el tipo de misil, y despu\u00e9s de una reuni\u00f3n de emergencia, el Consejo de Seguridad Nacional expres\u00f3 su &#8220;profunda preocupaci\u00f3n&#8221; por los lanzamientos.<\/p>\n<h2>&#8220;China no ser\u00e1 primera potencia mundial mientras yo est\u00e9 aqu\u00ed&#8221;<\/h2>\n<p>Por otro lado, <strong>el mandatario Joe Biden advirti\u00f3 que China no se convertir\u00e1 en &#8220;la primera potencia mundial&#8221; durante su gesti\u00f3n.<\/strong><\/p>\n<p>Sobre el gigante asi\u00e1tico, Biden se\u00f1al\u00f3 que el objetivo de ese pa\u00eds es convertirse en &#8220;el l\u00edder, el m\u00e1s rico y m\u00e1s poderoso del mundo&#8221;, pero que no permitir\u00e1 que eso ocurra durante su mandato.<\/p>\n<p>Se\u00f1al\u00f3 que est\u00e1 consciente de que la competencia con China\u00a0es y ser\u00e1 &#8220;dura&#8221;, y que est\u00e1 dispuesto a ello, pero que China debe apegarse a las &#8220;reglas internacionales&#8221;.<\/p>\n<p>Asegur\u00f3 que si bien el presidente chino, Xi Jinping, &#8220;no tiene un solo hueso democr\u00e1tico&#8221;, es una persona inteligente y sabe que mientras en su pa\u00eds se violen los derechos humanos, Estados Unidos seguir\u00e1 alzando la voz.<\/p>\n<p><em>Con informaci\u00f3n de El Universal<\/em><\/p>\n<\/div>\n<\/div>\n<\/div>\n","protected":false},"excerpt":{"rendered":"<p>Joe Biden: el presidente de EU lanza estas advertencias a Corea del Norte y China&#8230;<\/p>\n","protected":false},"author":2,"featured_media":77928,"comment_status":"open","ping_status":"open","sticky":false,"template":"","format":"standard","meta":{"_monsterinsights_skip_tracking":false,"_monsterinsights_sitenote_active":false,"_monsterinsights_sitenote_note":"","_monsterinsights_sitenote_category":0,"footnotes":""},"categories":[1],"tags":[],"class_list":["post-77924","post","type-post","status-publish","format-standard","has-post-thumbnail","hentry","category-sin-categoria"],"yoast_head":"<!-- This site is optimized with the Yoast SEO plugin v27.3 - https:\/\/yoast.com\/product\/yoast-seo-wordpress\/ -->\n<title>Internacionales\/\/\/Carolina Alonso Romei\/\/\/Joe Biden: el presidente de EU lanza estas advertencias a Corea del Norte y China -<\/title>\n<meta name=\"robots\" content=\"index, follow, max-snippet:-1, max-image-preview:large, max-video-preview:-1\" \/>\n<link rel=\"canonical\" href=\"https:\/\/quehacerpolitico.mx\/?p=77924\" \/>\n<meta property=\"og:locale\" content=\"es_MX\" \/>\n<meta property=\"og:type\" content=\"article\" \/>\n<meta property=\"og:title\" content=\"Internacionales\/\/\/Carolina Alonso Romei\/\/\/Joe Biden: el presidente de EU lanza estas advertencias a Corea del Norte y China -\" \/>\n<meta property=\"og:description\" content=\"Joe Biden: el presidente de EU lanza estas advertencias a Corea del Norte y China...\" \/>\n<meta property=\"og:url\" content=\"https:\/\/quehacerpolitico.mx\/?p=77924\" \/>\n<meta property=\"article:published_time\" content=\"2021-03-26T03:35:01+00:00\" \/>\n<meta property=\"og:image\" content=\"https:\/\/quehacerpolitico.mx\/wp-content\/uploads\/2021\/03\/DA311DF6-B99A-413D-BBFC-45D37A70CFA3.jpeg\" \/>\n\t<meta property=\"og:image:width\" content=\"1242\" \/>\n\t<meta property=\"og:image:height\" content=\"680\" \/>\n\t<meta property=\"og:image:type\" content=\"image\/jpeg\" \/>\n<meta name=\"author\" content=\"Redacci\u00f3n QP\" \/>\n<meta name=\"twitter:card\" content=\"summary_large_image\" \/>\n<meta name=\"twitter:label1\" content=\"Escrito por\" \/>\n\t<meta name=\"twitter:data1\" content=\"Redacci\u00f3n QP\" \/>\n\t<meta name=\"twitter:label2\" content=\"Tiempo de lectura\" \/>\n\t<meta name=\"twitter:data2\" content=\"2 minutos\" \/>\n<script type=\"application\/ld+json\" class=\"yoast-schema-graph\">{\"@context\":\"https:\\\/\\\/schema.org\",\"@graph\":[{\"@type\":\"Article\",\"@id\":\"https:\\\/\\\/quehacerpolitico.mx\\\/?p=77924#article\",\"isPartOf\":{\"@id\":\"https:\\\/\\\/quehacerpolitico.mx\\\/?p=77924\"},\"author\":{\"name\":\"Redacci\u00f3n QP\",\"@id\":\"https:\\\/\\\/quehacerpolitico.mx\\\/#\\\/schema\\\/person\\\/496d8ad2d1d3f8036101dca7ee39e585\"},\"headline\":\"Internacionales\\\/\\\/\\\/Carolina Alonso Romei\\\/\\\/\\\/Joe Biden: el presidente de EU lanza estas advertencias a Corea del Norte y China\",\"datePublished\":\"2021-03-26T03:35:01+00:00\",\"mainEntityOfPage\":{\"@id\":\"https:\\\/\\\/quehacerpolitico.mx\\\/?p=77924\"},\"wordCount\":427,\"commentCount\":0,\"image\":{\"@id\":\"https:\\\/\\\/quehacerpolitico.mx\\\/?p=77924#primaryimage\"},\"thumbnailUrl\":\"https:\\\/\\\/quehacerpolitico.mx\\\/wp-content\\\/uploads\\\/2021\\\/03\\\/DA311DF6-B99A-413D-BBFC-45D37A70CFA3.jpeg\",\"articleSection\":[\"Internacionales\"],\"inLanguage\":\"es\",\"potentialAction\":[{\"@type\":\"CommentAction\",\"name\":\"Comment\",\"target\":[\"https:\\\/\\\/quehacerpolitico.mx\\\/?p=77924#respond\"]}]},{\"@type\":\"WebPage\",\"@id\":\"https:\\\/\\\/quehacerpolitico.mx\\\/?p=77924\",\"url\":\"https:\\\/\\\/quehacerpolitico.mx\\\/?p=77924\",\"name\":\"Internacionales\\\/\\\/\\\/Carolina Alonso Romei\\\/\\\/\\\/Joe Biden: el presidente de EU lanza estas advertencias a Corea del Norte y China -\",\"isPartOf\":{\"@id\":\"https:\\\/\\\/quehacerpolitico.mx\\\/#website\"},\"primaryImageOfPage\":{\"@id\":\"https:\\\/\\\/quehacerpolitico.mx\\\/?p=77924#primaryimage\"},\"image\":{\"@id\":\"https:\\\/\\\/quehacerpolitico.mx\\\/?p=77924#primaryimage\"},\"thumbnailUrl\":\"https:\\\/\\\/quehacerpolitico.mx\\\/wp-content\\\/uploads\\\/2021\\\/03\\\/DA311DF6-B99A-413D-BBFC-45D37A70CFA3.jpeg\",\"datePublished\":\"2021-03-26T03:35:01+00:00\",\"author\":{\"@id\":\"https:\\\/\\\/quehacerpolitico.mx\\\/#\\\/schema\\\/person\\\/496d8ad2d1d3f8036101dca7ee39e585\"},\"breadcrumb\":{\"@id\":\"https:\\\/\\\/quehacerpolitico.mx\\\/?p=77924#breadcrumb\"},\"inLanguage\":\"es\",\"potentialAction\":[{\"@type\":\"ReadAction\",\"target\":[\"https:\\\/\\\/quehacerpolitico.mx\\\/?p=77924\"]}]},{\"@type\":\"ImageObject\",\"inLanguage\":\"es\",\"@id\":\"https:\\\/\\\/quehacerpolitico.mx\\\/?p=77924#primaryimage\",\"url\":\"https:\\\/\\\/quehacerpolitico.mx\\\/wp-content\\\/uploads\\\/2021\\\/03\\\/DA311DF6-B99A-413D-BBFC-45D37A70CFA3.jpeg\",\"contentUrl\":\"https:\\\/\\\/quehacerpolitico.mx\\\/wp-content\\\/uploads\\\/2021\\\/03\\\/DA311DF6-B99A-413D-BBFC-45D37A70CFA3.jpeg\",\"width\":1242,\"height\":680},{\"@type\":\"BreadcrumbList\",\"@id\":\"https:\\\/\\\/quehacerpolitico.mx\\\/?p=77924#breadcrumb\",\"itemListElement\":[{\"@type\":\"ListItem\",\"position\":1,\"name\":\"Inicio\",\"item\":\"https:\\\/\\\/quehacerpolitico.mx\\\/\"},{\"@type\":\"ListItem\",\"position\":2,\"name\":\"Internacionales\\\/\\\/\\\/Carolina Alonso Romei\\\/\\\/\\\/Joe Biden: el presidente de EU lanza estas advertencias a Corea del Norte y China\"}]},{\"@type\":\"WebSite\",\"@id\":\"https:\\\/\\\/quehacerpolitico.mx\\\/#website\",\"url\":\"https:\\\/\\\/quehacerpolitico.mx\\\/\",\"name\":\"\",\"description\":\"\",\"potentialAction\":[{\"@type\":\"SearchAction\",\"target\":{\"@type\":\"EntryPoint\",\"urlTemplate\":\"https:\\\/\\\/quehacerpolitico.mx\\\/?s={search_term_string}\"},\"query-input\":{\"@type\":\"PropertyValueSpecification\",\"valueRequired\":true,\"valueName\":\"search_term_string\"}}],\"inLanguage\":\"es\"},{\"@type\":\"Person\",\"@id\":\"https:\\\/\\\/quehacerpolitico.mx\\\/#\\\/schema\\\/person\\\/496d8ad2d1d3f8036101dca7ee39e585\",\"name\":\"Redacci\u00f3n QP\",\"image\":{\"@type\":\"ImageObject\",\"inLanguage\":\"es\",\"@id\":\"https:\\\/\\\/secure.gravatar.com\\\/avatar\\\/c7164ed6fdec453195284ad24a5ae5b6e1eed2b848477fa2a4787ba9adf39a41?s=96&d=mm&r=g\",\"url\":\"https:\\\/\\\/secure.gravatar.com\\\/avatar\\\/c7164ed6fdec453195284ad24a5ae5b6e1eed2b848477fa2a4787ba9adf39a41?s=96&d=mm&r=g\",\"contentUrl\":\"https:\\\/\\\/secure.gravatar.com\\\/avatar\\\/c7164ed6fdec453195284ad24a5ae5b6e1eed2b848477fa2a4787ba9adf39a41?s=96&d=mm&r=g\",\"caption\":\"Redacci\u00f3n QP\"},\"url\":\"https:\\\/\\\/quehacerpolitico.mx\\\/?author=2\"}]}<\/script>\n<!-- \/ Yoast SEO plugin. -->","yoast_head_json":{"title":"Internacionales\/\/\/Carolina Alonso Romei\/\/\/Joe Biden: el presidente de EU lanza estas advertencias a Corea del Norte y China -","robots":{"index":"index","follow":"follow","max-snippet":"max-snippet:-1","max-image-preview":"max-image-preview:large","max-video-preview":"max-video-preview:-1"},"canonical":"https:\/\/quehacerpolitico.mx\/?p=77924","og_locale":"es_MX","og_type":"article","og_title":"Internacionales\/\/\/Carolina Alonso Romei\/\/\/Joe Biden: el presidente de EU lanza estas advertencias a Corea del Norte y China -","og_description":"Joe Biden: el presidente de EU lanza estas advertencias a Corea del Norte y China...","og_url":"https:\/\/quehacerpolitico.mx\/?p=77924","article_published_time":"2021-03-26T03:35:01+00:00","og_image":[{"width":1242,"height":680,"url":"https:\/\/quehacerpolitico.mx\/wp-content\/uploads\/2021\/03\/DA311DF6-B99A-413D-BBFC-45D37A70CFA3.jpeg","type":"image\/jpeg"}],"author":"Redacci\u00f3n QP","twitter_card":"summary_large_image","twitter_misc":{"Escrito por":"Redacci\u00f3n QP","Tiempo de lectura":"2 minutos"},"schema":{"@context":"https:\/\/schema.org","@graph":[{"@type":"Article","@id":"https:\/\/quehacerpolitico.mx\/?p=77924#article","isPartOf":{"@id":"https:\/\/quehacerpolitico.mx\/?p=77924"},"author":{"name":"Redacci\u00f3n QP","@id":"https:\/\/quehacerpolitico.mx\/#\/schema\/person\/496d8ad2d1d3f8036101dca7ee39e585"},"headline":"Internacionales\/\/\/Carolina Alonso Romei\/\/\/Joe Biden: el presidente de EU lanza estas advertencias a Corea del Norte y China","datePublished":"2021-03-26T03:35:01+00:00","mainEntityOfPage":{"@id":"https:\/\/quehacerpolitico.mx\/?p=77924"},"wordCount":427,"commentCount":0,"image":{"@id":"https:\/\/quehacerpolitico.mx\/?p=77924#primaryimage"},"thumbnailUrl":"https:\/\/quehacerpolitico.mx\/wp-content\/uploads\/2021\/03\/DA311DF6-B99A-413D-BBFC-45D37A70CFA3.jpeg","articleSection":["Internacionales"],"inLanguage":"es","potentialAction":[{"@type":"CommentAction","name":"Comment","target":["https:\/\/quehacerpolitico.mx\/?p=77924#respond"]}]},{"@type":"WebPage","@id":"https:\/\/quehacerpolitico.mx\/?p=77924","url":"https:\/\/quehacerpolitico.mx\/?p=77924","name":"Internacionales\/\/\/Carolina Alonso Romei\/\/\/Joe Biden: el presidente de EU lanza estas advertencias a Corea del Norte y China -","isPartOf":{"@id":"https:\/\/quehacerpolitico.mx\/#website"},"primaryImageOfPage":{"@id":"https:\/\/quehacerpolitico.mx\/?p=77924#primaryimage"},"image":{"@id":"https:\/\/quehacerpolitico.mx\/?p=77924#primaryimage"},"thumbnailUrl":"https:\/\/quehacerpolitico.mx\/wp-content\/uploads\/2021\/03\/DA311DF6-B99A-413D-BBFC-45D37A70CFA3.jpeg","datePublished":"2021-03-26T03:35:01+00:00","author":{"@id":"https:\/\/quehacerpolitico.mx\/#\/schema\/person\/496d8ad2d1d3f8036101dca7ee39e585"},"breadcrumb":{"@id":"https:\/\/quehacerpolitico.mx\/?p=77924#breadcrumb"},"inLanguage":"es","potentialAction":[{"@type":"ReadAction","target":["https:\/\/quehacerpolitico.mx\/?p=77924"]}]},{"@type":"ImageObject","inLanguage":"es","@id":"https:\/\/quehacerpolitico.mx\/?p=77924#primaryimage","url":"https:\/\/quehacerpolitico.mx\/wp-content\/uploads\/2021\/03\/DA311DF6-B99A-413D-BBFC-45D37A70CFA3.jpeg","contentUrl":"https:\/\/quehacerpolitico.mx\/wp-content\/uploads\/2021\/03\/DA311DF6-B99A-413D-BBFC-45D37A70CFA3.jpeg","width":1242,"height":680},{"@type":"BreadcrumbList","@id":"https:\/\/quehacerpolitico.mx\/?p=77924#breadcrumb","itemListElement":[{"@type":"ListItem","position":1,"name":"Inicio","item":"https:\/\/quehacerpolitico.mx\/"},{"@type":"ListItem","position":2,"name":"Internacionales\/\/\/Carolina Alonso Romei\/\/\/Joe Biden: el presidente de EU lanza estas advertencias a Corea del Norte y China"}]},{"@type":"WebSite","@id":"https:\/\/quehacerpolitico.mx\/#website","url":"https:\/\/quehacerpolitico.mx\/","name":"","description":"","potentialAction":[{"@type":"SearchAction","target":{"@type":"EntryPoint","urlTemplate":"https:\/\/quehacerpolitico.mx\/?s={search_term_string}"},"query-input":{"@type":"PropertyValueSpecification","valueRequired":true,"valueName":"search_term_string"}}],"inLanguage":"es"},{"@type":"Person","@id":"https:\/\/quehacerpolitico.mx\/#\/schema\/person\/496d8ad2d1d3f8036101dca7ee39e585","name":"Redacci\u00f3n QP","image":{"@type":"ImageObject","inLanguage":"es","@id":"https:\/\/secure.gravatar.com\/avatar\/c7164ed6fdec453195284ad24a5ae5b6e1eed2b848477fa2a4787ba9adf39a41?s=96&d=mm&r=g","url":"https:\/\/secure.gravatar.com\/avatar\/c7164ed6fdec453195284ad24a5ae5b6e1eed2b848477fa2a4787ba9adf39a41?s=96&d=mm&r=g","contentUrl":"https:\/\/secure.gravatar.com\/avatar\/c7164ed6fdec453195284ad24a5ae5b6e1eed2b848477fa2a4787ba9adf39a41?s=96&d=mm&r=g","caption":"Redacci\u00f3n QP"},"url":"https:\/\/quehacerpolitico.mx\/?author=2"}]}},"featured_image_urls":{"full":["https:\/\/quehacerpolitico.mx\/wp-content\/uploads\/2021\/03\/DA311DF6-B99A-413D-BBFC-45D37A70CFA3.jpeg",1242,680,false],"thumbnail":["https:\/\/quehacerpolitico.mx\/wp-content\/uploads\/2021\/03\/DA311DF6-B99A-413D-BBFC-45D37A70CFA3-150x150.jpeg",150,150,true],"medium":["https:\/\/quehacerpolitico.mx\/wp-content\/uploads\/2021\/03\/DA311DF6-B99A-413D-BBFC-45D37A70CFA3-300x164.jpeg",300,164,true],"medium_large":["https:\/\/quehacerpolitico.mx\/wp-content\/uploads\/2021\/03\/DA311DF6-B99A-413D-BBFC-45D37A70CFA3-768x420.jpeg",640,350,true],"large":["https:\/\/quehacerpolitico.mx\/wp-content\/uploads\/2021\/03\/DA311DF6-B99A-413D-BBFC-45D37A70CFA3-1024x561.jpeg",640,351,true],"1536x1536":["https:\/\/quehacerpolitico.mx\/wp-content\/uploads\/2021\/03\/DA311DF6-B99A-413D-BBFC-45D37A70CFA3.jpeg",1242,680,false],"2048x2048":["https:\/\/quehacerpolitico.mx\/wp-content\/uploads\/2021\/03\/DA311DF6-B99A-413D-BBFC-45D37A70CFA3.jpeg",1242,680,false],"covernews-featured":["https:\/\/quehacerpolitico.mx\/wp-content\/uploads\/2021\/03\/DA311DF6-B99A-413D-BBFC-45D37A70CFA3.jpeg",1024,561,false],"covernews-medium":["https:\/\/quehacerpolitico.mx\/wp-content\/uploads\/2021\/03\/DA311DF6-B99A-413D-BBFC-45D37A70CFA3.jpeg",540,296,false]},"author_info":{"display_name":"Redacci\u00f3n QP","author_link":"https:\/\/quehacerpolitico.mx\/?author=2"},"category_info":"<a href=\"https:\/\/quehacerpolitico.mx\/?cat=1\" rel=\"category\">Internacionales<\/a>","tag_info":"Internacionales","comment_count":"0","_links":{"self":[{"href":"https:\/\/quehacerpolitico.mx\/index.php?rest_route=\/wp\/v2\/posts\/77924","targetHints":{"allow":["GET"]}}],"collection":[{"href":"https:\/\/quehacerpolitico.mx\/index.php?rest_route=\/wp\/v2\/posts"}],"about":[{"href":"https:\/\/quehacerpolitico.mx\/index.php?rest_route=\/wp\/v2\/types\/post"}],"author":[{"embeddable":true,"href":"https:\/\/quehacerpolitico.mx\/index.php?rest_route=\/wp\/v2\/users\/2"}],"replies":[{"embeddable":true,"href":"https:\/\/quehacerpolitico.mx\/index.php?rest_route=%2Fwp%2Fv2%2Fcomments&post=77924"}],"version-history":[{"count":0,"href":"https:\/\/quehacerpolitico.mx\/index.php?rest_route=\/wp\/v2\/posts\/77924\/revisions"}],"wp:featuredmedia":[{"embeddable":true,"href":"https:\/\/quehacerpolitico.mx\/index.php?rest_route=\/wp\/v2\/media\/77928"}],"wp:attachment":[{"href":"https:\/\/quehacerpolitico.mx\/index.php?rest_route=%2Fwp%2Fv2%2Fmedia&parent=77924"}],"wp:term":[{"taxonomy":"category","embeddable":true,"href":"https:\/\/quehacerpolitico.mx\/index.php?rest_route=%2Fwp%2Fv2%2Fcategories&post=77924"},{"taxonomy":"post_tag","embeddable":true,"href":"https:\/\/quehacerpolitico.mx\/index.php?rest_route=%2Fwp%2Fv2%2Ftags&post=77924"}],"curies":[{"name":"wp","href":"https:\/\/api.w.org\/{rel}","templated":true}]}}