{"id":77913,"date":"2021-03-26T02:53:04","date_gmt":"2021-03-26T02:53:04","guid":{"rendered":"https:\/\/quehacerpolitico.mx\/?p=77913"},"modified":"2021-03-26T02:53:04","modified_gmt":"2021-03-26T02:53:04","slug":"julio-urias-y-victor-gonzalez-piensan-en-grande-con-los-dodgers","status":"publish","type":"post","link":"https:\/\/quehacerpolitico.mx\/?p=77913","title":{"rendered":"Julio Ur\u00edas y V\u00edctor Gonz\u00e1lez piensan en grande con los Dodgers"},"content":{"rendered":"<h1 class=\"news-title\">Julio Ur\u00edas y V\u00edctor Gonz\u00e1lez piensan en grande con los Dodgers<br \/>\nPor Redacci\u00f3n QP<\/h1>\n<div class=\"news-subtitle\">\n<p>Despu\u00e9s de conquistar las Grandes Ligas en 2020, los mexicanos Julio Ur\u00edas y V\u00edctor Gonz\u00e1lez se preparan para hacer del 2021\u00a0el a\u00f1o de su\u00a0consolidaci\u00f3n con los Dodgers<\/p>\n<\/div>\n<div class=\"social-share-box normal\">\n<p>Despu\u00e9s de conquistar las Grandes Ligas en 2020, los mexicanos Julio Ur\u00edas y V\u00edctor Gonz\u00e1lez se preparan para hacer del 2021 el a\u00f1o de la consolidaci\u00f3n en la Gran Carpa.<\/p>\n<p>Aquella gloriosa noche del 27 de octubre, donde Gonz\u00e1lez se adjudic\u00f3 la victoria y Ur\u00edas el salvamento, para darle a Los \u00c1ngeles Dodgers su s\u00e9ptima Serie Mundial, ya es historia.<strong> Ahora, ambos lanzadores est\u00e1n enfocados en la pr\u00f3xima campa\u00f1a.<\/strong><\/p>\n<p>A sus 24 a\u00f1os, Julio Ur\u00edas ya toc\u00f3 el cielo con la manos, pero a\u00fan lleva todo con calma. Niega ser una realidad en la Major League Baseball (MLB), pero piensa en grande para un futuro pr\u00f3ximo.<\/p>\n<p>&#8220;El a\u00f1o pasado en postemporada me sali\u00f3 todo. Creo que el beisbol es de momentos y hay que aprovecharnos de los buenos. Este a\u00f1o es lo mismo y hay que aprovechar todas las oportunidades que se presenten para lanzar; hay que estar enfocados&#8221;, declar\u00f3 Ur\u00edas.<\/p>\n<p>Pensar en el premio Cy Young son palabras mayores, pero no le quita la ilusi\u00f3n al nacido en Culiac\u00e1n. En la rotaci\u00f3n angelina se encuentran tres ganadores de dicho galard\u00f3n (Clayton Kershaw, Trevor Bauer y David Price) y para el culichi, eso es una motivaci\u00f3n.<\/p>\n<p>&#8220;Son palabras mayores, algo grande. Aqu\u00ed en la rotaci\u00f3n tenemos a tres que lo han ganado. Es dif\u00edcil, pero eso no nos quita la ilusi\u00f3n de poder hacerlo. Vamos a trabajar duro para poderlo lograr \u00bfpor qu\u00e9 no?&#8221;, asever\u00f3 en videoconferencia.<\/p>\n<p>Sin embargo, antes deber\u00e1 asegurar un lugar en la rotaci\u00f3n de Los \u00c1ngeles. Julio Ur\u00edas es serio candidato para sumarse a los pitchers abridores y la pr\u00f3xima semana podr\u00eda definirse esa situaci\u00f3n.<\/p>\n<p>V\u00edctor Gonz\u00e1lez debut\u00f3 el a\u00f1o pasado y de inmediato se rob\u00f3 los reflectores por entrar en momentos de alta tensi\u00f3n y salir ileso.<\/p>\n<p>Ahora, busca mantenerse mucho tiempo en el equipo.&#8221;Quiero mantenerme en el equipo, permanecer muchos a\u00f1os y estoy dispuesto a cumplir con el rol que me indiquen en el equipo. Si debo sacar un out, lo har\u00e9. Hay que estar mentalmente preparado para todo&#8221;.<\/p>\n<p>Refrendar el t\u00edtulo desde luego no es tema menor y el nayarita sabe que sortear los infaltables d\u00edas malos, ser\u00e1 clave.<\/p>\n<p>&#8220;Hay que ir con la misma mentalidad, mismo objetivo del a\u00f1o pasado. Seguir unidor como equipo, como el a\u00f1o pasado. Tener muy presente que habr\u00e1 d\u00edas buenos y malos&#8221;, puntualiz\u00f3 el zurdo de 25 a\u00f1os.<\/p>\n<p>Con informaci\u00f3n de SUN<\/p>\n<\/div>\n","protected":false},"excerpt":{"rendered":"<p>Julio Ur\u00edas y V\u00edctor Gonz\u00e1lez piensan en grande con los Dodgers Por Redacci\u00f3n QP Despu\u00e9s&#8230;<\/p>\n","protected":false},"author":2,"featured_media":77916,"comment_status":"open","ping_status":"open","sticky":false,"template":"","format":"standard","meta":{"_monsterinsights_skip_tracking":false,"_monsterinsights_sitenote_active":false,"_monsterinsights_sitenote_note":"","_monsterinsights_sitenote_category":0,"footnotes":""},"categories":[54],"tags":[],"class_list":["post-77913","post","type-post","status-publish","format-standard","has-post-thumbnail","hentry","category-deportes"],"yoast_head":"<!-- This site is optimized with the Yoast SEO plugin v27.3 - https:\/\/yoast.com\/product\/yoast-seo-wordpress\/ -->\n<title>Julio Ur\u00edas y V\u00edctor Gonz\u00e1lez piensan en grande con los Dodgers -<\/title>\n<meta name=\"robots\" content=\"index, follow, max-snippet:-1, max-image-preview:large, max-video-preview:-1\" \/>\n<link rel=\"canonical\" href=\"https:\/\/quehacerpolitico.mx\/?p=77913\" \/>\n<meta property=\"og:locale\" content=\"es_MX\" \/>\n<meta property=\"og:type\" content=\"article\" \/>\n<meta property=\"og:title\" content=\"Julio Ur\u00edas y V\u00edctor Gonz\u00e1lez piensan en grande con los Dodgers -\" \/>\n<meta property=\"og:description\" content=\"Julio Ur\u00edas y V\u00edctor Gonz\u00e1lez piensan en grande con los Dodgers Por Redacci\u00f3n QP Despu\u00e9s...\" \/>\n<meta property=\"og:url\" content=\"https:\/\/quehacerpolitico.mx\/?p=77913\" \/>\n<meta property=\"article:published_time\" content=\"2021-03-26T02:53:04+00:00\" \/>\n<meta property=\"og:image\" content=\"https:\/\/quehacerpolitico.mx\/wp-content\/uploads\/2021\/03\/C837C007-D1BD-45E1-B81E-82AEA059064F.jpeg\" \/>\n\t<meta property=\"og:image:width\" content=\"400\" \/>\n\t<meta property=\"og:image:height\" content=\"250\" \/>\n\t<meta property=\"og:image:type\" content=\"image\/jpeg\" \/>\n<meta name=\"author\" content=\"Redacci\u00f3n QP\" \/>\n<meta name=\"twitter:card\" content=\"summary_large_image\" \/>\n<meta name=\"twitter:label1\" content=\"Escrito por\" \/>\n\t<meta name=\"twitter:data1\" content=\"Redacci\u00f3n QP\" \/>\n\t<meta name=\"twitter:label2\" content=\"Tiempo de lectura\" \/>\n\t<meta name=\"twitter:data2\" content=\"2 minutos\" \/>\n<script type=\"application\/ld+json\" class=\"yoast-schema-graph\">{\"@context\":\"https:\\\/\\\/schema.org\",\"@graph\":[{\"@type\":\"Article\",\"@id\":\"https:\\\/\\\/quehacerpolitico.mx\\\/?p=77913#article\",\"isPartOf\":{\"@id\":\"https:\\\/\\\/quehacerpolitico.mx\\\/?p=77913\"},\"author\":{\"name\":\"Redacci\u00f3n QP\",\"@id\":\"https:\\\/\\\/quehacerpolitico.mx\\\/#\\\/schema\\\/person\\\/496d8ad2d1d3f8036101dca7ee39e585\"},\"headline\":\"Julio Ur\u00edas y V\u00edctor Gonz\u00e1lez piensan en grande con los Dodgers\",\"datePublished\":\"2021-03-26T02:53:04+00:00\",\"mainEntityOfPage\":{\"@id\":\"https:\\\/\\\/quehacerpolitico.mx\\\/?p=77913\"},\"wordCount\":500,\"commentCount\":0,\"image\":{\"@id\":\"https:\\\/\\\/quehacerpolitico.mx\\\/?p=77913#primaryimage\"},\"thumbnailUrl\":\"https:\\\/\\\/quehacerpolitico.mx\\\/wp-content\\\/uploads\\\/2021\\\/03\\\/C837C007-D1BD-45E1-B81E-82AEA059064F.jpeg\",\"articleSection\":[\"Deportes\"],\"inLanguage\":\"es\",\"potentialAction\":[{\"@type\":\"CommentAction\",\"name\":\"Comment\",\"target\":[\"https:\\\/\\\/quehacerpolitico.mx\\\/?p=77913#respond\"]}]},{\"@type\":\"WebPage\",\"@id\":\"https:\\\/\\\/quehacerpolitico.mx\\\/?p=77913\",\"url\":\"https:\\\/\\\/quehacerpolitico.mx\\\/?p=77913\",\"name\":\"Julio Ur\u00edas y V\u00edctor Gonz\u00e1lez piensan en grande con los Dodgers -\",\"isPartOf\":{\"@id\":\"https:\\\/\\\/quehacerpolitico.mx\\\/#website\"},\"primaryImageOfPage\":{\"@id\":\"https:\\\/\\\/quehacerpolitico.mx\\\/?p=77913#primaryimage\"},\"image\":{\"@id\":\"https:\\\/\\\/quehacerpolitico.mx\\\/?p=77913#primaryimage\"},\"thumbnailUrl\":\"https:\\\/\\\/quehacerpolitico.mx\\\/wp-content\\\/uploads\\\/2021\\\/03\\\/C837C007-D1BD-45E1-B81E-82AEA059064F.jpeg\",\"datePublished\":\"2021-03-26T02:53:04+00:00\",\"author\":{\"@id\":\"https:\\\/\\\/quehacerpolitico.mx\\\/#\\\/schema\\\/person\\\/496d8ad2d1d3f8036101dca7ee39e585\"},\"breadcrumb\":{\"@id\":\"https:\\\/\\\/quehacerpolitico.mx\\\/?p=77913#breadcrumb\"},\"inLanguage\":\"es\",\"potentialAction\":[{\"@type\":\"ReadAction\",\"target\":[\"https:\\\/\\\/quehacerpolitico.mx\\\/?p=77913\"]}]},{\"@type\":\"ImageObject\",\"inLanguage\":\"es\",\"@id\":\"https:\\\/\\\/quehacerpolitico.mx\\\/?p=77913#primaryimage\",\"url\":\"https:\\\/\\\/quehacerpolitico.mx\\\/wp-content\\\/uploads\\\/2021\\\/03\\\/C837C007-D1BD-45E1-B81E-82AEA059064F.jpeg\",\"contentUrl\":\"https:\\\/\\\/quehacerpolitico.mx\\\/wp-content\\\/uploads\\\/2021\\\/03\\\/C837C007-D1BD-45E1-B81E-82AEA059064F.jpeg\",\"width\":400,\"height\":250},{\"@type\":\"BreadcrumbList\",\"@id\":\"https:\\\/\\\/quehacerpolitico.mx\\\/?p=77913#breadcrumb\",\"itemListElement\":[{\"@type\":\"ListItem\",\"position\":1,\"name\":\"Inicio\",\"item\":\"https:\\\/\\\/quehacerpolitico.mx\\\/\"},{\"@type\":\"ListItem\",\"position\":2,\"name\":\"Julio Ur\u00edas y V\u00edctor Gonz\u00e1lez piensan en grande con los Dodgers\"}]},{\"@type\":\"WebSite\",\"@id\":\"https:\\\/\\\/quehacerpolitico.mx\\\/#website\",\"url\":\"https:\\\/\\\/quehacerpolitico.mx\\\/\",\"name\":\"\",\"description\":\"\",\"potentialAction\":[{\"@type\":\"SearchAction\",\"target\":{\"@type\":\"EntryPoint\",\"urlTemplate\":\"https:\\\/\\\/quehacerpolitico.mx\\\/?s={search_term_string}\"},\"query-input\":{\"@type\":\"PropertyValueSpecification\",\"valueRequired\":true,\"valueName\":\"search_term_string\"}}],\"inLanguage\":\"es\"},{\"@type\":\"Person\",\"@id\":\"https:\\\/\\\/quehacerpolitico.mx\\\/#\\\/schema\\\/person\\\/496d8ad2d1d3f8036101dca7ee39e585\",\"name\":\"Redacci\u00f3n QP\",\"image\":{\"@type\":\"ImageObject\",\"inLanguage\":\"es\",\"@id\":\"https:\\\/\\\/secure.gravatar.com\\\/avatar\\\/c7164ed6fdec453195284ad24a5ae5b6e1eed2b848477fa2a4787ba9adf39a41?s=96&d=mm&r=g\",\"url\":\"https:\\\/\\\/secure.gravatar.com\\\/avatar\\\/c7164ed6fdec453195284ad24a5ae5b6e1eed2b848477fa2a4787ba9adf39a41?s=96&d=mm&r=g\",\"contentUrl\":\"https:\\\/\\\/secure.gravatar.com\\\/avatar\\\/c7164ed6fdec453195284ad24a5ae5b6e1eed2b848477fa2a4787ba9adf39a41?s=96&d=mm&r=g\",\"caption\":\"Redacci\u00f3n QP\"},\"url\":\"https:\\\/\\\/quehacerpolitico.mx\\\/?author=2\"}]}<\/script>\n<!-- \/ Yoast SEO plugin. -->","yoast_head_json":{"title":"Julio Ur\u00edas y V\u00edctor Gonz\u00e1lez piensan en grande con los Dodgers -","robots":{"index":"index","follow":"follow","max-snippet":"max-snippet:-1","max-image-preview":"max-image-preview:large","max-video-preview":"max-video-preview:-1"},"canonical":"https:\/\/quehacerpolitico.mx\/?p=77913","og_locale":"es_MX","og_type":"article","og_title":"Julio Ur\u00edas y V\u00edctor Gonz\u00e1lez piensan en grande con los Dodgers -","og_description":"Julio Ur\u00edas y V\u00edctor Gonz\u00e1lez piensan en grande con los Dodgers Por Redacci\u00f3n QP Despu\u00e9s...","og_url":"https:\/\/quehacerpolitico.mx\/?p=77913","article_published_time":"2021-03-26T02:53:04+00:00","og_image":[{"width":400,"height":250,"url":"https:\/\/quehacerpolitico.mx\/wp-content\/uploads\/2021\/03\/C837C007-D1BD-45E1-B81E-82AEA059064F.jpeg","type":"image\/jpeg"}],"author":"Redacci\u00f3n QP","twitter_card":"summary_large_image","twitter_misc":{"Escrito por":"Redacci\u00f3n QP","Tiempo de lectura":"2 minutos"},"schema":{"@context":"https:\/\/schema.org","@graph":[{"@type":"Article","@id":"https:\/\/quehacerpolitico.mx\/?p=77913#article","isPartOf":{"@id":"https:\/\/quehacerpolitico.mx\/?p=77913"},"author":{"name":"Redacci\u00f3n QP","@id":"https:\/\/quehacerpolitico.mx\/#\/schema\/person\/496d8ad2d1d3f8036101dca7ee39e585"},"headline":"Julio Ur\u00edas y V\u00edctor Gonz\u00e1lez piensan en grande con los Dodgers","datePublished":"2021-03-26T02:53:04+00:00","mainEntityOfPage":{"@id":"https:\/\/quehacerpolitico.mx\/?p=77913"},"wordCount":500,"commentCount":0,"image":{"@id":"https:\/\/quehacerpolitico.mx\/?p=77913#primaryimage"},"thumbnailUrl":"https:\/\/quehacerpolitico.mx\/wp-content\/uploads\/2021\/03\/C837C007-D1BD-45E1-B81E-82AEA059064F.jpeg","articleSection":["Deportes"],"inLanguage":"es","potentialAction":[{"@type":"CommentAction","name":"Comment","target":["https:\/\/quehacerpolitico.mx\/?p=77913#respond"]}]},{"@type":"WebPage","@id":"https:\/\/quehacerpolitico.mx\/?p=77913","url":"https:\/\/quehacerpolitico.mx\/?p=77913","name":"Julio Ur\u00edas y V\u00edctor Gonz\u00e1lez piensan en grande con los Dodgers -","isPartOf":{"@id":"https:\/\/quehacerpolitico.mx\/#website"},"primaryImageOfPage":{"@id":"https:\/\/quehacerpolitico.mx\/?p=77913#primaryimage"},"image":{"@id":"https:\/\/quehacerpolitico.mx\/?p=77913#primaryimage"},"thumbnailUrl":"https:\/\/quehacerpolitico.mx\/wp-content\/uploads\/2021\/03\/C837C007-D1BD-45E1-B81E-82AEA059064F.jpeg","datePublished":"2021-03-26T02:53:04+00:00","author":{"@id":"https:\/\/quehacerpolitico.mx\/#\/schema\/person\/496d8ad2d1d3f8036101dca7ee39e585"},"breadcrumb":{"@id":"https:\/\/quehacerpolitico.mx\/?p=77913#breadcrumb"},"inLanguage":"es","potentialAction":[{"@type":"ReadAction","target":["https:\/\/quehacerpolitico.mx\/?p=77913"]}]},{"@type":"ImageObject","inLanguage":"es","@id":"https:\/\/quehacerpolitico.mx\/?p=77913#primaryimage","url":"https:\/\/quehacerpolitico.mx\/wp-content\/uploads\/2021\/03\/C837C007-D1BD-45E1-B81E-82AEA059064F.jpeg","contentUrl":"https:\/\/quehacerpolitico.mx\/wp-content\/uploads\/2021\/03\/C837C007-D1BD-45E1-B81E-82AEA059064F.jpeg","width":400,"height":250},{"@type":"BreadcrumbList","@id":"https:\/\/quehacerpolitico.mx\/?p=77913#breadcrumb","itemListElement":[{"@type":"ListItem","position":1,"name":"Inicio","item":"https:\/\/quehacerpolitico.mx\/"},{"@type":"ListItem","position":2,"name":"Julio Ur\u00edas y V\u00edctor Gonz\u00e1lez piensan en grande con los Dodgers"}]},{"@type":"WebSite","@id":"https:\/\/quehacerpolitico.mx\/#website","url":"https:\/\/quehacerpolitico.mx\/","name":"","description":"","potentialAction":[{"@type":"SearchAction","target":{"@type":"EntryPoint","urlTemplate":"https:\/\/quehacerpolitico.mx\/?s={search_term_string}"},"query-input":{"@type":"PropertyValueSpecification","valueRequired":true,"valueName":"search_term_string"}}],"inLanguage":"es"},{"@type":"Person","@id":"https:\/\/quehacerpolitico.mx\/#\/schema\/person\/496d8ad2d1d3f8036101dca7ee39e585","name":"Redacci\u00f3n QP","image":{"@type":"ImageObject","inLanguage":"es","@id":"https:\/\/secure.gravatar.com\/avatar\/c7164ed6fdec453195284ad24a5ae5b6e1eed2b848477fa2a4787ba9adf39a41?s=96&d=mm&r=g","url":"https:\/\/secure.gravatar.com\/avatar\/c7164ed6fdec453195284ad24a5ae5b6e1eed2b848477fa2a4787ba9adf39a41?s=96&d=mm&r=g","contentUrl":"https:\/\/secure.gravatar.com\/avatar\/c7164ed6fdec453195284ad24a5ae5b6e1eed2b848477fa2a4787ba9adf39a41?s=96&d=mm&r=g","caption":"Redacci\u00f3n QP"},"url":"https:\/\/quehacerpolitico.mx\/?author=2"}]}},"featured_image_urls":{"full":["https:\/\/quehacerpolitico.mx\/wp-content\/uploads\/2021\/03\/C837C007-D1BD-45E1-B81E-82AEA059064F.jpeg",400,250,false],"thumbnail":["https:\/\/quehacerpolitico.mx\/wp-content\/uploads\/2021\/03\/C837C007-D1BD-45E1-B81E-82AEA059064F-150x150.jpeg",150,150,true],"medium":["https:\/\/quehacerpolitico.mx\/wp-content\/uploads\/2021\/03\/C837C007-D1BD-45E1-B81E-82AEA059064F-300x188.jpeg",300,188,true],"medium_large":["https:\/\/quehacerpolitico.mx\/wp-content\/uploads\/2021\/03\/C837C007-D1BD-45E1-B81E-82AEA059064F.jpeg",400,250,false],"large":["https:\/\/quehacerpolitico.mx\/wp-content\/uploads\/2021\/03\/C837C007-D1BD-45E1-B81E-82AEA059064F.jpeg",400,250,false],"1536x1536":["https:\/\/quehacerpolitico.mx\/wp-content\/uploads\/2021\/03\/C837C007-D1BD-45E1-B81E-82AEA059064F.jpeg",400,250,false],"2048x2048":["https:\/\/quehacerpolitico.mx\/wp-content\/uploads\/2021\/03\/C837C007-D1BD-45E1-B81E-82AEA059064F.jpeg",400,250,false],"covernews-featured":["https:\/\/quehacerpolitico.mx\/wp-content\/uploads\/2021\/03\/C837C007-D1BD-45E1-B81E-82AEA059064F.jpeg",400,250,false],"covernews-medium":["https:\/\/quehacerpolitico.mx\/wp-content\/uploads\/2021\/03\/C837C007-D1BD-45E1-B81E-82AEA059064F.jpeg",400,250,false]},"author_info":{"display_name":"Redacci\u00f3n QP","author_link":"https:\/\/quehacerpolitico.mx\/?author=2"},"category_info":"<a href=\"https:\/\/quehacerpolitico.mx\/?cat=54\" rel=\"category\">Deportes<\/a>","tag_info":"Deportes","comment_count":"0","_links":{"self":[{"href":"https:\/\/quehacerpolitico.mx\/index.php?rest_route=\/wp\/v2\/posts\/77913","targetHints":{"allow":["GET"]}}],"collection":[{"href":"https:\/\/quehacerpolitico.mx\/index.php?rest_route=\/wp\/v2\/posts"}],"about":[{"href":"https:\/\/quehacerpolitico.mx\/index.php?rest_route=\/wp\/v2\/types\/post"}],"author":[{"embeddable":true,"href":"https:\/\/quehacerpolitico.mx\/index.php?rest_route=\/wp\/v2\/users\/2"}],"replies":[{"embeddable":true,"href":"https:\/\/quehacerpolitico.mx\/index.php?rest_route=%2Fwp%2Fv2%2Fcomments&post=77913"}],"version-history":[{"count":0,"href":"https:\/\/quehacerpolitico.mx\/index.php?rest_route=\/wp\/v2\/posts\/77913\/revisions"}],"wp:featuredmedia":[{"embeddable":true,"href":"https:\/\/quehacerpolitico.mx\/index.php?rest_route=\/wp\/v2\/media\/77916"}],"wp:attachment":[{"href":"https:\/\/quehacerpolitico.mx\/index.php?rest_route=%2Fwp%2Fv2%2Fmedia&parent=77913"}],"wp:term":[{"taxonomy":"category","embeddable":true,"href":"https:\/\/quehacerpolitico.mx\/index.php?rest_route=%2Fwp%2Fv2%2Fcategories&post=77913"},{"taxonomy":"post_tag","embeddable":true,"href":"https:\/\/quehacerpolitico.mx\/index.php?rest_route=%2Fwp%2Fv2%2Ftags&post=77913"}],"curies":[{"name":"wp","href":"https:\/\/api.w.org\/{rel}","templated":true}]}}