{"id":7790,"date":"2018-10-26T17:02:14","date_gmt":"2018-10-26T17:02:14","guid":{"rendered":"http:\/\/quehacerpolitico.mx\/amlo-habra-consulta-cuando-se-amerite-ajustara-constitucion-para-que-ciudadanos-la-pidan\/"},"modified":"2018-10-26T17:02:14","modified_gmt":"2018-10-26T17:02:14","slug":"amlo-habra-consulta-cuando-se-amerite-ajustara-constitucion-para-que-ciudadanos-la-pidan","status":"publish","type":"post","link":"https:\/\/quehacerpolitico.mx\/?p=7790","title":{"rendered":"AMLO: Habr\u00e1 consulta cuando se amerite; ajustar\u00e1 Constituci\u00f3n para que ciudadanos la pidan"},"content":{"rendered":"<h1>AMLO: Habr\u00e1 consulta cuando se amerite; ajustar\u00e1 Constituci\u00f3n para que ciudadanos la pidan<\/h1>\n<p>Por Redacci\u00f3n QP<\/p>\n<p>Andr\u00e9s Manuel L\u00f3pez Obrador, Presidente electo, asegur\u00f3 este viernes que <strong>cuando se amerite habr\u00e1 consulta<\/strong>, como la que se realiza actualmente para definir el futuro del Nuevo Aeropuerto Internacional de M\u00e9xico (<strong>NAIM<\/strong>), y anunci\u00f3 que se reformar\u00e1 la <strong>Constituci\u00f3n<\/strong> para que los ciudadanos puedan solicitar libremente una consulta cuando haya un tema de inter\u00e9s p\u00fablico.<\/p>\n<blockquote>\n<p>\u201cQu\u00e9 bueno que estamos inaugurando esta etapa de <strong>consultas<\/strong>, y a mis adversarios les digo que se vayan acostumbrando porque cada vez que sea necesario, <strong>cuando se amerite, habr\u00e1<\/strong> <strong>consulta<\/strong>. Es m\u00e1s, vamos a reformar la Constituci\u00f3n para que no haya l\u00edmites y los ciudadanos puedan solicitar \u2013cuando haya un tema de inter\u00e9s p\u00fablico\u2013, que se haga una consulta. Existe en la <strong>Constituci\u00f3n<\/strong> ya un principio de consulta, pero est\u00e1 muy limitado\u201d, inform\u00f3 el pol\u00edtico tabasque\u00f1o en un video difundido en sus redes sociales.<\/p>\n<\/blockquote>\n<p>Asimismo, record\u00f3 que\u00a0cuando se reunieron firmas para realizar una <strong>consulta<\/strong> sobre la Reforma Energ\u00e9tica, impulsada por el Gobierno de Enrique Pe\u00f1a Nieto, no pudieron ejercer su derecho, por ello, reiter\u00f3, \u201cvamos a quitar todos esos candados\u201d.<\/p>\n<p>\u201cCuando nosotros reunimos firmas para que se hiciera una <strong>consulta<\/strong> sobre la Reforma Energ\u00e9tica nos negaron el derecho, argumentando que como era una <strong>consulta<\/strong> que ten\u00eda que ver con los ingresos del Gobierno, pues entonces no era v\u00e1lido. Entonces vamos a quitar todos esos candados para que con libertad se consulte al soberano, al pueblo, esa es la democracia\u201d, destac\u00f3.<\/p>\n<p><iframe loading=\"lazy\" title=\"AMLO sobre Consulta Nacional del Nuevo Aeropuerto\" width=\"640\" height=\"360\" src=\"https:\/\/www.youtube.com\/embed\/XqvUodwnHgk?feature=oembed\" frameborder=\"0\" allow=\"accelerometer; autoplay; clipboard-write; encrypted-media; gyroscope; picture-in-picture; web-share\" referrerpolicy=\"strict-origin-when-cross-origin\" allowfullscreen><\/iframe><\/p>\n<p>El segundo d\u00eda de la\u00a0Consulta Nacional sobre el Nuevo Aeropuerto arranc\u00f3 con ajustes en la aplicaci\u00f3n y el m\u00e9todo, luego de los problemas reportados ayer con la duplicaci\u00f3n de votos, asegur\u00f3 la ma\u00f1ana de este viernes Jes\u00fas Ram\u00edrez, vocero del presidente electo, Andr\u00e9s Manuel L\u00f3pez Obrador.<\/p>\n<blockquote>\n<p>\u201cYa vimos que era un problema de conectividad y de que la aplicaci\u00f3n se alent\u00f3. Eso ya se resolvi\u00f3, se fortaleci\u00f3 y se protegi\u00f3 mejor. Y tambi\u00e9n el tema de la tinta que se utiliz\u00f3, que era tinta normal. Ya hoy todas las mesas van a utilizar\u00a0violeta de genciana, con lo cual ya quedar\u00e1 el dedo marcado por varios d\u00edas\u201d, asever\u00f3 en entrevista con Ciro G\u00f3mez Leyva para <em>Grupo F\u00f3rmula<\/em>.<\/p>\n<\/blockquote>\n<p>Adem\u00e1s, confirm\u00f3 que hasta la media noche de ayer, lograron contabilizar a\u00a0215 mil participantes a lo largo de la primera jornada de la consulta. \u201cLa participaci\u00f3n fue muy entusiasta y muy amplia, llegamos a los 215 mil participantes\u201d, precis\u00f3.<\/p>\n<p>Por otra parte, Ram\u00edrez Cuevas reconoci\u00f3 que en este ejercicio podr\u00eda haber una falta de profesionalismo en cuanto a que los mismos ciudadanos son quienes se encuentran atendiendo a la gente en las mesas de votaci\u00f3n, una serie de voluntarios que no cuenta con la experiencia necesaria para\u00a0organizar elecciones.<\/p>\n<blockquote>\n<p>\u201cFalta de profesionalismo podr\u00eda aceptarse porque se trata de ciudadanos que voluntariamente est\u00e1n llevando a acabo esta tarea. No son profesionales de organizar elecciones ni procesos de este tipo. Pero improvisaci\u00f3n no, est\u00e1 planeado, la metodolog\u00eda est\u00e1 probada y creo que ha funcionado. [\u2026] Estamos afinando, estamos aprendiendo. Reconocemos que no somos profesionales\u201d, dijo al periodista.<\/p>\n<p><strong>PRIMER D\u00cdA DE LA CONSULTA<\/strong><\/p>\n<p>Durante el primer d\u00eda de la\u00a0Consulta Nacional sobre el Nuevo Aeropuerto, 184 mil 154 personas acudieron a las mesas de votaci\u00f3n para definir el futuro de dicho proyecto,\u00a0lo que \u201cha rebasado las expectativas, a pesar de las campa\u00f1as de descalificaci\u00f3n\u201d,\u00a0consider\u00f3\u00a0Jes\u00fas Ram\u00edrez, vocero de Andr\u00e9s Manuel L\u00f3pez Obrador, Presidente electo.<\/p>\n<blockquote>\n<p>\u201cSe trat\u00f3 de un primer d\u00eda exitoso con amplia afluencia de habitantes que acudieron a expresarse en un ambiente de entusiasmo y tranquilidad\u201d, resumi\u00f3 en un comunicado.<\/p>\n<\/blockquote>\n<p>Asimismo, Ram\u00edrez Cuevas inform\u00f3 que hasta el corte de las 22:00 horas de ayer,\u00a0fueron instaladas mil 68 casillas de un total de mil 73, lo que representa m\u00e1s del 99 por ciento.<\/p>\n<\/blockquote>\n","protected":false},"excerpt":{"rendered":"<p>AMLO: Habr\u00e1 consulta cuando se amerite; ajustar\u00e1 Constituci\u00f3n para que ciudadanos la pidan<br \/>\nPor Redacci\u00f3n QP<\/p>\n","protected":false},"author":2,"featured_media":7789,"comment_status":"open","ping_status":"open","sticky":false,"template":"","format":"standard","meta":{"_monsterinsights_skip_tracking":false,"_monsterinsights_sitenote_active":false,"_monsterinsights_sitenote_note":"","_monsterinsights_sitenote_category":0,"footnotes":""},"categories":[2],"tags":[],"class_list":["post-7790","post","type-post","status-publish","format-standard","has-post-thumbnail","hentry","category-noticias"],"yoast_head":"<!-- This site is optimized with the Yoast SEO plugin v27.3 - https:\/\/yoast.com\/product\/yoast-seo-wordpress\/ -->\n<title>AMLO: Habr\u00e1 consulta cuando se amerite; ajustar\u00e1 Constituci\u00f3n para que ciudadanos la pidan -<\/title>\n<meta name=\"robots\" content=\"index, follow, max-snippet:-1, max-image-preview:large, max-video-preview:-1\" \/>\n<link rel=\"canonical\" href=\"https:\/\/quehacerpolitico.mx\/?p=7790\" \/>\n<meta property=\"og:locale\" content=\"es_MX\" \/>\n<meta property=\"og:type\" content=\"article\" \/>\n<meta property=\"og:title\" content=\"AMLO: Habr\u00e1 consulta cuando se amerite; ajustar\u00e1 Constituci\u00f3n para que ciudadanos la pidan -\" \/>\n<meta property=\"og:description\" content=\"AMLO: Habr\u00e1 consulta cuando se amerite; ajustar\u00e1 Constituci\u00f3n para que ciudadanos la pidan Por Redacci\u00f3n QP\" \/>\n<meta property=\"og:url\" content=\"https:\/\/quehacerpolitico.mx\/?p=7790\" \/>\n<meta property=\"article:published_time\" content=\"2018-10-26T17:02:14+00:00\" \/>\n<meta name=\"author\" content=\"Redacci\u00f3n QP\" \/>\n<meta name=\"twitter:card\" content=\"summary_large_image\" \/>\n<meta name=\"twitter:label1\" content=\"Escrito por\" \/>\n\t<meta name=\"twitter:data1\" content=\"Redacci\u00f3n QP\" \/>\n\t<meta name=\"twitter:label2\" content=\"Tiempo de lectura\" \/>\n\t<meta name=\"twitter:data2\" content=\"3 minutos\" \/>\n<script type=\"application\/ld+json\" class=\"yoast-schema-graph\">{\"@context\":\"https:\\\/\\\/schema.org\",\"@graph\":[{\"@type\":\"Article\",\"@id\":\"https:\\\/\\\/quehacerpolitico.mx\\\/?p=7790#article\",\"isPartOf\":{\"@id\":\"https:\\\/\\\/quehacerpolitico.mx\\\/?p=7790\"},\"author\":{\"name\":\"Redacci\u00f3n QP\",\"@id\":\"https:\\\/\\\/quehacerpolitico.mx\\\/#\\\/schema\\\/person\\\/496d8ad2d1d3f8036101dca7ee39e585\"},\"headline\":\"AMLO: Habr\u00e1 consulta cuando se amerite; ajustar\u00e1 Constituci\u00f3n para que ciudadanos la pidan\",\"datePublished\":\"2018-10-26T17:02:14+00:00\",\"mainEntityOfPage\":{\"@id\":\"https:\\\/\\\/quehacerpolitico.mx\\\/?p=7790\"},\"wordCount\":699,\"commentCount\":0,\"image\":{\"@id\":\"https:\\\/\\\/quehacerpolitico.mx\\\/?p=7790#primaryimage\"},\"thumbnailUrl\":\"\",\"articleSection\":[\"Noticias\"],\"inLanguage\":\"es\",\"potentialAction\":[{\"@type\":\"CommentAction\",\"name\":\"Comment\",\"target\":[\"https:\\\/\\\/quehacerpolitico.mx\\\/?p=7790#respond\"]}]},{\"@type\":\"WebPage\",\"@id\":\"https:\\\/\\\/quehacerpolitico.mx\\\/?p=7790\",\"url\":\"https:\\\/\\\/quehacerpolitico.mx\\\/?p=7790\",\"name\":\"AMLO: Habr\u00e1 consulta cuando se amerite; ajustar\u00e1 Constituci\u00f3n para que ciudadanos la pidan -\",\"isPartOf\":{\"@id\":\"https:\\\/\\\/quehacerpolitico.mx\\\/#website\"},\"primaryImageOfPage\":{\"@id\":\"https:\\\/\\\/quehacerpolitico.mx\\\/?p=7790#primaryimage\"},\"image\":{\"@id\":\"https:\\\/\\\/quehacerpolitico.mx\\\/?p=7790#primaryimage\"},\"thumbnailUrl\":\"\",\"datePublished\":\"2018-10-26T17:02:14+00:00\",\"author\":{\"@id\":\"https:\\\/\\\/quehacerpolitico.mx\\\/#\\\/schema\\\/person\\\/496d8ad2d1d3f8036101dca7ee39e585\"},\"breadcrumb\":{\"@id\":\"https:\\\/\\\/quehacerpolitico.mx\\\/?p=7790#breadcrumb\"},\"inLanguage\":\"es\",\"potentialAction\":[{\"@type\":\"ReadAction\",\"target\":[\"https:\\\/\\\/quehacerpolitico.mx\\\/?p=7790\"]}]},{\"@type\":\"ImageObject\",\"inLanguage\":\"es\",\"@id\":\"https:\\\/\\\/quehacerpolitico.mx\\\/?p=7790#primaryimage\",\"url\":\"\",\"contentUrl\":\"\"},{\"@type\":\"BreadcrumbList\",\"@id\":\"https:\\\/\\\/quehacerpolitico.mx\\\/?p=7790#breadcrumb\",\"itemListElement\":[{\"@type\":\"ListItem\",\"position\":1,\"name\":\"Inicio\",\"item\":\"https:\\\/\\\/quehacerpolitico.mx\\\/\"},{\"@type\":\"ListItem\",\"position\":2,\"name\":\"AMLO: Habr\u00e1 consulta cuando se amerite; ajustar\u00e1 Constituci\u00f3n para que ciudadanos la pidan\"}]},{\"@type\":\"WebSite\",\"@id\":\"https:\\\/\\\/quehacerpolitico.mx\\\/#website\",\"url\":\"https:\\\/\\\/quehacerpolitico.mx\\\/\",\"name\":\"\",\"description\":\"\",\"potentialAction\":[{\"@type\":\"SearchAction\",\"target\":{\"@type\":\"EntryPoint\",\"urlTemplate\":\"https:\\\/\\\/quehacerpolitico.mx\\\/?s={search_term_string}\"},\"query-input\":{\"@type\":\"PropertyValueSpecification\",\"valueRequired\":true,\"valueName\":\"search_term_string\"}}],\"inLanguage\":\"es\"},{\"@type\":\"Person\",\"@id\":\"https:\\\/\\\/quehacerpolitico.mx\\\/#\\\/schema\\\/person\\\/496d8ad2d1d3f8036101dca7ee39e585\",\"name\":\"Redacci\u00f3n QP\",\"image\":{\"@type\":\"ImageObject\",\"inLanguage\":\"es\",\"@id\":\"https:\\\/\\\/secure.gravatar.com\\\/avatar\\\/c7164ed6fdec453195284ad24a5ae5b6e1eed2b848477fa2a4787ba9adf39a41?s=96&d=mm&r=g\",\"url\":\"https:\\\/\\\/secure.gravatar.com\\\/avatar\\\/c7164ed6fdec453195284ad24a5ae5b6e1eed2b848477fa2a4787ba9adf39a41?s=96&d=mm&r=g\",\"contentUrl\":\"https:\\\/\\\/secure.gravatar.com\\\/avatar\\\/c7164ed6fdec453195284ad24a5ae5b6e1eed2b848477fa2a4787ba9adf39a41?s=96&d=mm&r=g\",\"caption\":\"Redacci\u00f3n QP\"},\"url\":\"https:\\\/\\\/quehacerpolitico.mx\\\/?author=2\"}]}<\/script>\n<!-- \/ Yoast SEO plugin. -->","yoast_head_json":{"title":"AMLO: Habr\u00e1 consulta cuando se amerite; ajustar\u00e1 Constituci\u00f3n para que ciudadanos la pidan -","robots":{"index":"index","follow":"follow","max-snippet":"max-snippet:-1","max-image-preview":"max-image-preview:large","max-video-preview":"max-video-preview:-1"},"canonical":"https:\/\/quehacerpolitico.mx\/?p=7790","og_locale":"es_MX","og_type":"article","og_title":"AMLO: Habr\u00e1 consulta cuando se amerite; ajustar\u00e1 Constituci\u00f3n para que ciudadanos la pidan -","og_description":"AMLO: Habr\u00e1 consulta cuando se amerite; ajustar\u00e1 Constituci\u00f3n para que ciudadanos la pidan Por Redacci\u00f3n QP","og_url":"https:\/\/quehacerpolitico.mx\/?p=7790","article_published_time":"2018-10-26T17:02:14+00:00","author":"Redacci\u00f3n QP","twitter_card":"summary_large_image","twitter_misc":{"Escrito por":"Redacci\u00f3n QP","Tiempo de lectura":"3 minutos"},"schema":{"@context":"https:\/\/schema.org","@graph":[{"@type":"Article","@id":"https:\/\/quehacerpolitico.mx\/?p=7790#article","isPartOf":{"@id":"https:\/\/quehacerpolitico.mx\/?p=7790"},"author":{"name":"Redacci\u00f3n QP","@id":"https:\/\/quehacerpolitico.mx\/#\/schema\/person\/496d8ad2d1d3f8036101dca7ee39e585"},"headline":"AMLO: Habr\u00e1 consulta cuando se amerite; ajustar\u00e1 Constituci\u00f3n para que ciudadanos la pidan","datePublished":"2018-10-26T17:02:14+00:00","mainEntityOfPage":{"@id":"https:\/\/quehacerpolitico.mx\/?p=7790"},"wordCount":699,"commentCount":0,"image":{"@id":"https:\/\/quehacerpolitico.mx\/?p=7790#primaryimage"},"thumbnailUrl":"","articleSection":["Noticias"],"inLanguage":"es","potentialAction":[{"@type":"CommentAction","name":"Comment","target":["https:\/\/quehacerpolitico.mx\/?p=7790#respond"]}]},{"@type":"WebPage","@id":"https:\/\/quehacerpolitico.mx\/?p=7790","url":"https:\/\/quehacerpolitico.mx\/?p=7790","name":"AMLO: Habr\u00e1 consulta cuando se amerite; ajustar\u00e1 Constituci\u00f3n para que ciudadanos la pidan -","isPartOf":{"@id":"https:\/\/quehacerpolitico.mx\/#website"},"primaryImageOfPage":{"@id":"https:\/\/quehacerpolitico.mx\/?p=7790#primaryimage"},"image":{"@id":"https:\/\/quehacerpolitico.mx\/?p=7790#primaryimage"},"thumbnailUrl":"","datePublished":"2018-10-26T17:02:14+00:00","author":{"@id":"https:\/\/quehacerpolitico.mx\/#\/schema\/person\/496d8ad2d1d3f8036101dca7ee39e585"},"breadcrumb":{"@id":"https:\/\/quehacerpolitico.mx\/?p=7790#breadcrumb"},"inLanguage":"es","potentialAction":[{"@type":"ReadAction","target":["https:\/\/quehacerpolitico.mx\/?p=7790"]}]},{"@type":"ImageObject","inLanguage":"es","@id":"https:\/\/quehacerpolitico.mx\/?p=7790#primaryimage","url":"","contentUrl":""},{"@type":"BreadcrumbList","@id":"https:\/\/quehacerpolitico.mx\/?p=7790#breadcrumb","itemListElement":[{"@type":"ListItem","position":1,"name":"Inicio","item":"https:\/\/quehacerpolitico.mx\/"},{"@type":"ListItem","position":2,"name":"AMLO: Habr\u00e1 consulta cuando se amerite; ajustar\u00e1 Constituci\u00f3n para que ciudadanos la pidan"}]},{"@type":"WebSite","@id":"https:\/\/quehacerpolitico.mx\/#website","url":"https:\/\/quehacerpolitico.mx\/","name":"","description":"","potentialAction":[{"@type":"SearchAction","target":{"@type":"EntryPoint","urlTemplate":"https:\/\/quehacerpolitico.mx\/?s={search_term_string}"},"query-input":{"@type":"PropertyValueSpecification","valueRequired":true,"valueName":"search_term_string"}}],"inLanguage":"es"},{"@type":"Person","@id":"https:\/\/quehacerpolitico.mx\/#\/schema\/person\/496d8ad2d1d3f8036101dca7ee39e585","name":"Redacci\u00f3n QP","image":{"@type":"ImageObject","inLanguage":"es","@id":"https:\/\/secure.gravatar.com\/avatar\/c7164ed6fdec453195284ad24a5ae5b6e1eed2b848477fa2a4787ba9adf39a41?s=96&d=mm&r=g","url":"https:\/\/secure.gravatar.com\/avatar\/c7164ed6fdec453195284ad24a5ae5b6e1eed2b848477fa2a4787ba9adf39a41?s=96&d=mm&r=g","contentUrl":"https:\/\/secure.gravatar.com\/avatar\/c7164ed6fdec453195284ad24a5ae5b6e1eed2b848477fa2a4787ba9adf39a41?s=96&d=mm&r=g","caption":"Redacci\u00f3n QP"},"url":"https:\/\/quehacerpolitico.mx\/?author=2"}]}},"featured_image_urls":{"full":"","thumbnail":"","medium":"","medium_large":"","large":"","1536x1536":"","2048x2048":"","covernews-featured":"","covernews-medium":""},"author_info":{"display_name":"Redacci\u00f3n QP","author_link":"https:\/\/quehacerpolitico.mx\/?author=2"},"category_info":"<a href=\"https:\/\/quehacerpolitico.mx\/?cat=2\" rel=\"category\">Noticias<\/a>","tag_info":"Noticias","comment_count":"0","_links":{"self":[{"href":"https:\/\/quehacerpolitico.mx\/index.php?rest_route=\/wp\/v2\/posts\/7790","targetHints":{"allow":["GET"]}}],"collection":[{"href":"https:\/\/quehacerpolitico.mx\/index.php?rest_route=\/wp\/v2\/posts"}],"about":[{"href":"https:\/\/quehacerpolitico.mx\/index.php?rest_route=\/wp\/v2\/types\/post"}],"author":[{"embeddable":true,"href":"https:\/\/quehacerpolitico.mx\/index.php?rest_route=\/wp\/v2\/users\/2"}],"replies":[{"embeddable":true,"href":"https:\/\/quehacerpolitico.mx\/index.php?rest_route=%2Fwp%2Fv2%2Fcomments&post=7790"}],"version-history":[{"count":0,"href":"https:\/\/quehacerpolitico.mx\/index.php?rest_route=\/wp\/v2\/posts\/7790\/revisions"}],"wp:featuredmedia":[{"embeddable":true,"href":"https:\/\/quehacerpolitico.mx\/index.php?rest_route=\/"}],"wp:attachment":[{"href":"https:\/\/quehacerpolitico.mx\/index.php?rest_route=%2Fwp%2Fv2%2Fmedia&parent=7790"}],"wp:term":[{"taxonomy":"category","embeddable":true,"href":"https:\/\/quehacerpolitico.mx\/index.php?rest_route=%2Fwp%2Fv2%2Fcategories&post=7790"},{"taxonomy":"post_tag","embeddable":true,"href":"https:\/\/quehacerpolitico.mx\/index.php?rest_route=%2Fwp%2Fv2%2Ftags&post=7790"}],"curies":[{"name":"wp","href":"https:\/\/api.w.org\/{rel}","templated":true}]}}