{"id":77732,"date":"2021-03-24T00:45:22","date_gmt":"2021-03-24T00:45:22","guid":{"rendered":"https:\/\/quehacerpolitico.mx\/?p=77732"},"modified":"2021-03-24T00:45:22","modified_gmt":"2021-03-24T00:45:22","slug":"recuerdan-luis-donaldo-colosio-con-homenaje-luctuoso-en-sinaloa","status":"publish","type":"post","link":"https:\/\/quehacerpolitico.mx\/?p=77732","title":{"rendered":"Recuerdan a Luis Donaldo Colosio con homenaje luctuoso en Sinaloa"},"content":{"rendered":"<h1 class=\"news-title\">Recuerdan a Luis Donaldo Colosio con homenaje luctuoso en Sinaloa<br \/>\nPor Redacci\u00f3n QP<\/h1>\n<p>Figuras del \u00e1mbito pol\u00edtico recuerdan al excandidato presidencial con discursos oficiales frente a su busto que se edific\u00f3 a un costado del r\u00edo Tamazula<\/p>\n<p>La figura de Luis Donaldo Colosio, excandidato presidencial del Partido Revolucionario Institucional (PRI), volvi\u00f3 a estar presente en su 27 aniversario luctuoso con discursos oficiales frente a su busto que se edific\u00f3 a un costado del r\u00edo Tamazula, en Culiac\u00e1n; as\u00ed como la divulgaci\u00f3n de fotograf\u00edas en redes sociales de sus visitas a Sinaloa.<\/p>\n<p>Uno de los que aprovech\u00f3 la conmemoraci\u00f3n de un a\u00f1o m\u00e1s del tr\u00e1gico deceso de Colosio, ocurrido en Lomas Taurinas, Baja California, fue el alcalde con licencia de Morena por Culiac\u00e1n y candidato al mismo cargo, Jes\u00fas Estrada Ferreiro, para exhibir en redes sociales varias fotograf\u00edas al lado de Colosio.<\/p>\n<p>En la ceremonia luctuosa, que tuvo lugar en el andador donde un d\u00eda antes de su asesinato Luis Donaldo Colosio se ejercit\u00f3, el orador oficial, Faustino Hern\u00e1ndez \u00c1lvarez, candidato a la alcald\u00eda de Culiac\u00e1n por la coalici\u00f3n PRI-PAN-PRD, <strong>habl\u00f3 del legado que se hered\u00f3 del infortunado pol\u00edtico, por lo que estableci\u00f3 que se entiende el valor del di\u00e1logo y los principios.<\/strong><\/p>\n<div>\n<figure class=\"image\"><img decoding=\"async\" title=\"\" src=\"https:\/\/www.informador.mx\/export\/sites\/elinformador\/img\/2021\/03\/23\/1_2.jpg_592723234.jpg\" alt=\"\" hspace=\"5\" vspace=\"5\" data-height=\"581\" data-size=\"w:800,h:664\" data-width=\"700\" \/><\/figure>\n<\/div>\n<p>Destac\u00f3 que como pol\u00edticos se debe entender que se defiende la libertad, el pluralismo y la tolerancia e inst\u00f3 a los ciudadanos, con o sin partidos, sumarse al nuevo proyecto, a fin de abrir nuevas expectativas y esperanza de progreso para todos.<\/p>\n<p>En su mensaje, Faustino Hern\u00e1ndez resalt\u00f3 que el esfuerzo de todos los mexicanos por construir una sociedad democr\u00e1tica, con instituciones de avanzada corre el gran riesgo de ser destruidas, desmanteladas o colonizadas.<\/p>\n<p><iframe loading=\"lazy\" title=\"6marzo1994 Luis Donaldo Colosio Murrieta, Yo veo un M\u00e9xico\" width=\"640\" height=\"360\" src=\"https:\/\/www.youtube.com\/embed\/NtpyBNUdMPo?feature=oembed\" frameborder=\"0\" allow=\"accelerometer; autoplay; clipboard-write; encrypted-media; gyroscope; picture-in-picture; web-share\" referrerpolicy=\"strict-origin-when-cross-origin\" allowfullscreen><\/iframe><\/p>\n<p>Con Informaci\u00f3n de SUN<\/p>\n","protected":false},"excerpt":{"rendered":"<p>Recuerdan a Luis Donaldo Colosio con homenaje luctuoso en Sinaloa Por Redacci\u00f3n QP Figuras del&#8230;<\/p>\n","protected":false},"author":2,"featured_media":77737,"comment_status":"open","ping_status":"open","sticky":false,"template":"","format":"standard","meta":{"_monsterinsights_skip_tracking":false,"_monsterinsights_sitenote_active":false,"_monsterinsights_sitenote_note":"","_monsterinsights_sitenote_category":0,"footnotes":""},"categories":[2],"tags":[],"class_list":["post-77732","post","type-post","status-publish","format-standard","has-post-thumbnail","hentry","category-noticias"],"yoast_head":"<!-- This site is optimized with the Yoast SEO plugin v27.3 - https:\/\/yoast.com\/product\/yoast-seo-wordpress\/ -->\n<title>Recuerdan a Luis Donaldo Colosio con homenaje luctuoso en Sinaloa -<\/title>\n<meta name=\"robots\" content=\"index, follow, max-snippet:-1, max-image-preview:large, max-video-preview:-1\" \/>\n<link rel=\"canonical\" href=\"https:\/\/quehacerpolitico.mx\/?p=77732\" \/>\n<meta property=\"og:locale\" content=\"es_MX\" \/>\n<meta property=\"og:type\" content=\"article\" \/>\n<meta property=\"og:title\" content=\"Recuerdan a Luis Donaldo Colosio con homenaje luctuoso en Sinaloa -\" \/>\n<meta property=\"og:description\" content=\"Recuerdan a Luis Donaldo Colosio con homenaje luctuoso en Sinaloa Por Redacci\u00f3n QP Figuras del...\" \/>\n<meta property=\"og:url\" content=\"https:\/\/quehacerpolitico.mx\/?p=77732\" \/>\n<meta property=\"article:published_time\" content=\"2021-03-24T00:45:22+00:00\" \/>\n<meta property=\"og:image\" content=\"https:\/\/quehacerpolitico.mx\/wp-content\/uploads\/2021\/03\/158146F0-853B-4FE1-8C3D-5499EA63284B.jpeg\" \/>\n\t<meta property=\"og:image:width\" content=\"640\" \/>\n\t<meta property=\"og:image:height\" content=\"480\" \/>\n\t<meta property=\"og:image:type\" content=\"image\/jpeg\" \/>\n<meta name=\"author\" content=\"Redacci\u00f3n QP\" \/>\n<meta name=\"twitter:card\" content=\"summary_large_image\" \/>\n<meta name=\"twitter:label1\" content=\"Escrito por\" \/>\n\t<meta name=\"twitter:data1\" content=\"Redacci\u00f3n QP\" \/>\n\t<meta name=\"twitter:label2\" content=\"Tiempo de lectura\" \/>\n\t<meta name=\"twitter:data2\" content=\"2 minutos\" \/>\n<script type=\"application\/ld+json\" class=\"yoast-schema-graph\">{\"@context\":\"https:\\\/\\\/schema.org\",\"@graph\":[{\"@type\":\"Article\",\"@id\":\"https:\\\/\\\/quehacerpolitico.mx\\\/?p=77732#article\",\"isPartOf\":{\"@id\":\"https:\\\/\\\/quehacerpolitico.mx\\\/?p=77732\"},\"author\":{\"name\":\"Redacci\u00f3n QP\",\"@id\":\"https:\\\/\\\/quehacerpolitico.mx\\\/#\\\/schema\\\/person\\\/496d8ad2d1d3f8036101dca7ee39e585\"},\"headline\":\"Recuerdan a Luis Donaldo Colosio con homenaje luctuoso en Sinaloa\",\"datePublished\":\"2021-03-24T00:45:22+00:00\",\"mainEntityOfPage\":{\"@id\":\"https:\\\/\\\/quehacerpolitico.mx\\\/?p=77732\"},\"wordCount\":318,\"commentCount\":0,\"image\":{\"@id\":\"https:\\\/\\\/quehacerpolitico.mx\\\/?p=77732#primaryimage\"},\"thumbnailUrl\":\"https:\\\/\\\/quehacerpolitico.mx\\\/wp-content\\\/uploads\\\/2021\\\/03\\\/158146F0-853B-4FE1-8C3D-5499EA63284B.jpeg\",\"articleSection\":[\"Noticias\"],\"inLanguage\":\"es\",\"potentialAction\":[{\"@type\":\"CommentAction\",\"name\":\"Comment\",\"target\":[\"https:\\\/\\\/quehacerpolitico.mx\\\/?p=77732#respond\"]}]},{\"@type\":\"WebPage\",\"@id\":\"https:\\\/\\\/quehacerpolitico.mx\\\/?p=77732\",\"url\":\"https:\\\/\\\/quehacerpolitico.mx\\\/?p=77732\",\"name\":\"Recuerdan a Luis Donaldo Colosio con homenaje luctuoso en Sinaloa -\",\"isPartOf\":{\"@id\":\"https:\\\/\\\/quehacerpolitico.mx\\\/#website\"},\"primaryImageOfPage\":{\"@id\":\"https:\\\/\\\/quehacerpolitico.mx\\\/?p=77732#primaryimage\"},\"image\":{\"@id\":\"https:\\\/\\\/quehacerpolitico.mx\\\/?p=77732#primaryimage\"},\"thumbnailUrl\":\"https:\\\/\\\/quehacerpolitico.mx\\\/wp-content\\\/uploads\\\/2021\\\/03\\\/158146F0-853B-4FE1-8C3D-5499EA63284B.jpeg\",\"datePublished\":\"2021-03-24T00:45:22+00:00\",\"author\":{\"@id\":\"https:\\\/\\\/quehacerpolitico.mx\\\/#\\\/schema\\\/person\\\/496d8ad2d1d3f8036101dca7ee39e585\"},\"breadcrumb\":{\"@id\":\"https:\\\/\\\/quehacerpolitico.mx\\\/?p=77732#breadcrumb\"},\"inLanguage\":\"es\",\"potentialAction\":[{\"@type\":\"ReadAction\",\"target\":[\"https:\\\/\\\/quehacerpolitico.mx\\\/?p=77732\"]}]},{\"@type\":\"ImageObject\",\"inLanguage\":\"es\",\"@id\":\"https:\\\/\\\/quehacerpolitico.mx\\\/?p=77732#primaryimage\",\"url\":\"https:\\\/\\\/quehacerpolitico.mx\\\/wp-content\\\/uploads\\\/2021\\\/03\\\/158146F0-853B-4FE1-8C3D-5499EA63284B.jpeg\",\"contentUrl\":\"https:\\\/\\\/quehacerpolitico.mx\\\/wp-content\\\/uploads\\\/2021\\\/03\\\/158146F0-853B-4FE1-8C3D-5499EA63284B.jpeg\",\"width\":640,\"height\":480},{\"@type\":\"BreadcrumbList\",\"@id\":\"https:\\\/\\\/quehacerpolitico.mx\\\/?p=77732#breadcrumb\",\"itemListElement\":[{\"@type\":\"ListItem\",\"position\":1,\"name\":\"Inicio\",\"item\":\"https:\\\/\\\/quehacerpolitico.mx\\\/\"},{\"@type\":\"ListItem\",\"position\":2,\"name\":\"Recuerdan a Luis Donaldo Colosio con homenaje luctuoso en Sinaloa\"}]},{\"@type\":\"WebSite\",\"@id\":\"https:\\\/\\\/quehacerpolitico.mx\\\/#website\",\"url\":\"https:\\\/\\\/quehacerpolitico.mx\\\/\",\"name\":\"\",\"description\":\"\",\"potentialAction\":[{\"@type\":\"SearchAction\",\"target\":{\"@type\":\"EntryPoint\",\"urlTemplate\":\"https:\\\/\\\/quehacerpolitico.mx\\\/?s={search_term_string}\"},\"query-input\":{\"@type\":\"PropertyValueSpecification\",\"valueRequired\":true,\"valueName\":\"search_term_string\"}}],\"inLanguage\":\"es\"},{\"@type\":\"Person\",\"@id\":\"https:\\\/\\\/quehacerpolitico.mx\\\/#\\\/schema\\\/person\\\/496d8ad2d1d3f8036101dca7ee39e585\",\"name\":\"Redacci\u00f3n QP\",\"image\":{\"@type\":\"ImageObject\",\"inLanguage\":\"es\",\"@id\":\"https:\\\/\\\/secure.gravatar.com\\\/avatar\\\/c7164ed6fdec453195284ad24a5ae5b6e1eed2b848477fa2a4787ba9adf39a41?s=96&d=mm&r=g\",\"url\":\"https:\\\/\\\/secure.gravatar.com\\\/avatar\\\/c7164ed6fdec453195284ad24a5ae5b6e1eed2b848477fa2a4787ba9adf39a41?s=96&d=mm&r=g\",\"contentUrl\":\"https:\\\/\\\/secure.gravatar.com\\\/avatar\\\/c7164ed6fdec453195284ad24a5ae5b6e1eed2b848477fa2a4787ba9adf39a41?s=96&d=mm&r=g\",\"caption\":\"Redacci\u00f3n QP\"},\"url\":\"https:\\\/\\\/quehacerpolitico.mx\\\/?author=2\"}]}<\/script>\n<!-- \/ Yoast SEO plugin. -->","yoast_head_json":{"title":"Recuerdan a Luis Donaldo Colosio con homenaje luctuoso en Sinaloa -","robots":{"index":"index","follow":"follow","max-snippet":"max-snippet:-1","max-image-preview":"max-image-preview:large","max-video-preview":"max-video-preview:-1"},"canonical":"https:\/\/quehacerpolitico.mx\/?p=77732","og_locale":"es_MX","og_type":"article","og_title":"Recuerdan a Luis Donaldo Colosio con homenaje luctuoso en Sinaloa -","og_description":"Recuerdan a Luis Donaldo Colosio con homenaje luctuoso en Sinaloa Por Redacci\u00f3n QP Figuras del...","og_url":"https:\/\/quehacerpolitico.mx\/?p=77732","article_published_time":"2021-03-24T00:45:22+00:00","og_image":[{"width":640,"height":480,"url":"https:\/\/quehacerpolitico.mx\/wp-content\/uploads\/2021\/03\/158146F0-853B-4FE1-8C3D-5499EA63284B.jpeg","type":"image\/jpeg"}],"author":"Redacci\u00f3n QP","twitter_card":"summary_large_image","twitter_misc":{"Escrito por":"Redacci\u00f3n QP","Tiempo de lectura":"2 minutos"},"schema":{"@context":"https:\/\/schema.org","@graph":[{"@type":"Article","@id":"https:\/\/quehacerpolitico.mx\/?p=77732#article","isPartOf":{"@id":"https:\/\/quehacerpolitico.mx\/?p=77732"},"author":{"name":"Redacci\u00f3n QP","@id":"https:\/\/quehacerpolitico.mx\/#\/schema\/person\/496d8ad2d1d3f8036101dca7ee39e585"},"headline":"Recuerdan a Luis Donaldo Colosio con homenaje luctuoso en Sinaloa","datePublished":"2021-03-24T00:45:22+00:00","mainEntityOfPage":{"@id":"https:\/\/quehacerpolitico.mx\/?p=77732"},"wordCount":318,"commentCount":0,"image":{"@id":"https:\/\/quehacerpolitico.mx\/?p=77732#primaryimage"},"thumbnailUrl":"https:\/\/quehacerpolitico.mx\/wp-content\/uploads\/2021\/03\/158146F0-853B-4FE1-8C3D-5499EA63284B.jpeg","articleSection":["Noticias"],"inLanguage":"es","potentialAction":[{"@type":"CommentAction","name":"Comment","target":["https:\/\/quehacerpolitico.mx\/?p=77732#respond"]}]},{"@type":"WebPage","@id":"https:\/\/quehacerpolitico.mx\/?p=77732","url":"https:\/\/quehacerpolitico.mx\/?p=77732","name":"Recuerdan a Luis Donaldo Colosio con homenaje luctuoso en Sinaloa -","isPartOf":{"@id":"https:\/\/quehacerpolitico.mx\/#website"},"primaryImageOfPage":{"@id":"https:\/\/quehacerpolitico.mx\/?p=77732#primaryimage"},"image":{"@id":"https:\/\/quehacerpolitico.mx\/?p=77732#primaryimage"},"thumbnailUrl":"https:\/\/quehacerpolitico.mx\/wp-content\/uploads\/2021\/03\/158146F0-853B-4FE1-8C3D-5499EA63284B.jpeg","datePublished":"2021-03-24T00:45:22+00:00","author":{"@id":"https:\/\/quehacerpolitico.mx\/#\/schema\/person\/496d8ad2d1d3f8036101dca7ee39e585"},"breadcrumb":{"@id":"https:\/\/quehacerpolitico.mx\/?p=77732#breadcrumb"},"inLanguage":"es","potentialAction":[{"@type":"ReadAction","target":["https:\/\/quehacerpolitico.mx\/?p=77732"]}]},{"@type":"ImageObject","inLanguage":"es","@id":"https:\/\/quehacerpolitico.mx\/?p=77732#primaryimage","url":"https:\/\/quehacerpolitico.mx\/wp-content\/uploads\/2021\/03\/158146F0-853B-4FE1-8C3D-5499EA63284B.jpeg","contentUrl":"https:\/\/quehacerpolitico.mx\/wp-content\/uploads\/2021\/03\/158146F0-853B-4FE1-8C3D-5499EA63284B.jpeg","width":640,"height":480},{"@type":"BreadcrumbList","@id":"https:\/\/quehacerpolitico.mx\/?p=77732#breadcrumb","itemListElement":[{"@type":"ListItem","position":1,"name":"Inicio","item":"https:\/\/quehacerpolitico.mx\/"},{"@type":"ListItem","position":2,"name":"Recuerdan a Luis Donaldo Colosio con homenaje luctuoso en Sinaloa"}]},{"@type":"WebSite","@id":"https:\/\/quehacerpolitico.mx\/#website","url":"https:\/\/quehacerpolitico.mx\/","name":"","description":"","potentialAction":[{"@type":"SearchAction","target":{"@type":"EntryPoint","urlTemplate":"https:\/\/quehacerpolitico.mx\/?s={search_term_string}"},"query-input":{"@type":"PropertyValueSpecification","valueRequired":true,"valueName":"search_term_string"}}],"inLanguage":"es"},{"@type":"Person","@id":"https:\/\/quehacerpolitico.mx\/#\/schema\/person\/496d8ad2d1d3f8036101dca7ee39e585","name":"Redacci\u00f3n QP","image":{"@type":"ImageObject","inLanguage":"es","@id":"https:\/\/secure.gravatar.com\/avatar\/c7164ed6fdec453195284ad24a5ae5b6e1eed2b848477fa2a4787ba9adf39a41?s=96&d=mm&r=g","url":"https:\/\/secure.gravatar.com\/avatar\/c7164ed6fdec453195284ad24a5ae5b6e1eed2b848477fa2a4787ba9adf39a41?s=96&d=mm&r=g","contentUrl":"https:\/\/secure.gravatar.com\/avatar\/c7164ed6fdec453195284ad24a5ae5b6e1eed2b848477fa2a4787ba9adf39a41?s=96&d=mm&r=g","caption":"Redacci\u00f3n QP"},"url":"https:\/\/quehacerpolitico.mx\/?author=2"}]}},"featured_image_urls":{"full":["https:\/\/quehacerpolitico.mx\/wp-content\/uploads\/2021\/03\/158146F0-853B-4FE1-8C3D-5499EA63284B.jpeg",640,480,false],"thumbnail":["https:\/\/quehacerpolitico.mx\/wp-content\/uploads\/2021\/03\/158146F0-853B-4FE1-8C3D-5499EA63284B-150x150.jpeg",150,150,true],"medium":["https:\/\/quehacerpolitico.mx\/wp-content\/uploads\/2021\/03\/158146F0-853B-4FE1-8C3D-5499EA63284B-300x225.jpeg",300,225,true],"medium_large":["https:\/\/quehacerpolitico.mx\/wp-content\/uploads\/2021\/03\/158146F0-853B-4FE1-8C3D-5499EA63284B.jpeg",640,480,false],"large":["https:\/\/quehacerpolitico.mx\/wp-content\/uploads\/2021\/03\/158146F0-853B-4FE1-8C3D-5499EA63284B.jpeg",640,480,false],"1536x1536":["https:\/\/quehacerpolitico.mx\/wp-content\/uploads\/2021\/03\/158146F0-853B-4FE1-8C3D-5499EA63284B.jpeg",640,480,false],"2048x2048":["https:\/\/quehacerpolitico.mx\/wp-content\/uploads\/2021\/03\/158146F0-853B-4FE1-8C3D-5499EA63284B.jpeg",640,480,false],"covernews-featured":["https:\/\/quehacerpolitico.mx\/wp-content\/uploads\/2021\/03\/158146F0-853B-4FE1-8C3D-5499EA63284B.jpeg",640,480,false],"covernews-medium":["https:\/\/quehacerpolitico.mx\/wp-content\/uploads\/2021\/03\/158146F0-853B-4FE1-8C3D-5499EA63284B.jpeg",453,340,false]},"author_info":{"display_name":"Redacci\u00f3n QP","author_link":"https:\/\/quehacerpolitico.mx\/?author=2"},"category_info":"<a href=\"https:\/\/quehacerpolitico.mx\/?cat=2\" rel=\"category\">Noticias<\/a>","tag_info":"Noticias","comment_count":"0","_links":{"self":[{"href":"https:\/\/quehacerpolitico.mx\/index.php?rest_route=\/wp\/v2\/posts\/77732","targetHints":{"allow":["GET"]}}],"collection":[{"href":"https:\/\/quehacerpolitico.mx\/index.php?rest_route=\/wp\/v2\/posts"}],"about":[{"href":"https:\/\/quehacerpolitico.mx\/index.php?rest_route=\/wp\/v2\/types\/post"}],"author":[{"embeddable":true,"href":"https:\/\/quehacerpolitico.mx\/index.php?rest_route=\/wp\/v2\/users\/2"}],"replies":[{"embeddable":true,"href":"https:\/\/quehacerpolitico.mx\/index.php?rest_route=%2Fwp%2Fv2%2Fcomments&post=77732"}],"version-history":[{"count":0,"href":"https:\/\/quehacerpolitico.mx\/index.php?rest_route=\/wp\/v2\/posts\/77732\/revisions"}],"wp:featuredmedia":[{"embeddable":true,"href":"https:\/\/quehacerpolitico.mx\/index.php?rest_route=\/wp\/v2\/media\/77737"}],"wp:attachment":[{"href":"https:\/\/quehacerpolitico.mx\/index.php?rest_route=%2Fwp%2Fv2%2Fmedia&parent=77732"}],"wp:term":[{"taxonomy":"category","embeddable":true,"href":"https:\/\/quehacerpolitico.mx\/index.php?rest_route=%2Fwp%2Fv2%2Fcategories&post=77732"},{"taxonomy":"post_tag","embeddable":true,"href":"https:\/\/quehacerpolitico.mx\/index.php?rest_route=%2Fwp%2Fv2%2Ftags&post=77732"}],"curies":[{"name":"wp","href":"https:\/\/api.w.org\/{rel}","templated":true}]}}