{"id":77727,"date":"2021-03-24T00:08:22","date_gmt":"2021-03-24T00:08:22","guid":{"rendered":"https:\/\/quehacerpolitico.mx\/?p=77727"},"modified":"2021-03-24T00:08:22","modified_gmt":"2021-03-24T00:08:22","slug":"inegi-435-mil-ninos-y-jovenes-dejaron-la-escuela-debido-al-covid-19","status":"publish","type":"post","link":"https:\/\/quehacerpolitico.mx\/?p=77727","title":{"rendered":"Inegi: 435 mil ni\u00f1os y j\u00f3venes dejaron la escuela debido al COVID-19"},"content":{"rendered":"<h1 class=\"news-title\">Inegi: 435 mil ni\u00f1os y j\u00f3venes dejaron la escuela debido al COVID-19<br \/>\nPor Redacci\u00f3n QP<\/h1>\n<div class=\"news-subtitle\">\n<p>Destacan que, de 738.4 mil estudiantes que no concluyeron el pasado ciclo escolar, el 58.9% de los casos estuvo relacionado directamente con la pandemia<\/p>\n<\/div>\n<div class=\"social-share-box normal\">\n<p>La pandemia por COVID-19 oblig\u00f3 a 435 mil ni\u00f1os y adolescentes a dejar la escuela, destac\u00f3 el Instituto Nacional de Estad\u00edstica y Geograf\u00eda (Inegi).<\/p>\n<p>De acuerdo con la Encuesta para la Medici\u00f3n del Impacto COVID-19 en la Educaci\u00f3n, de las 738.4 mil estudiantes que no concluyeron el pasado ciclo escolar, <strong>el 58.9% de los casos estuvo relacionado directamente con la pandemia del coronavirus.<\/strong><\/p>\n<p>Esto representa que no concluyeron el ciclo escolar <a href=\"tel:2019-2020 435\">2019-2020 435<\/a> mil alumnos de tres a 29 a\u00f1os de edad por causa de la pandemia<\/p>\n<div>\n<figure class=\"image\"><img decoding=\"async\" title=\"\" src=\"https:\/\/www.informador.mx\/export\/sites\/elinformador\/img\/2021\/03\/23\/3_1.jpg_456042126.jpg\" alt=\"\" hspace=\"5\" vspace=\"5\" data-height=\"538\" data-size=\"w:800,h:615\" data-width=\"700\" \/><\/figure>\n<\/div>\n<p>La segunda raz\u00f3n identificada para 8.9% de los alumnos, que representa a 65 mil ni\u00f1os y j\u00f3venes, es que dejaron la escuela por falta de dinero; adem\u00e1s de 6.7%, es decir 49 mil, porque ten\u00edan que trabajar.<\/p>\n<p>La encuesta estima que 29% de los estudiantes que no concluyeron el ciclo escolar a causa de la pandemia lo hizo porque perdi\u00f3 contacto con maestros o no pudo hacer tareas, 22% porque alguien de la vivienda se qued\u00f3 sin trabajo o vio reducidos sus ingresos ingresos y 20% porque la escuela cerr\u00f3 de manera definitiva.<\/p>\n<p>De los 54.3 millones de personas de tres a 29 a\u00f1os, 62% (33.6 millones) estuvo inscrita en el ciclo escolar 2019-2020; de estas, se estima que 2.2% (738.4 mil personas) no concluyeron el ciclo escolar 2019-2020 y m\u00e1s de la mitad de ellos, (58.9%) se\u00f1al\u00f3 directamente que fue por un motivo relacionado al coronavirus.<\/p>\n<p>Para el ciclo escolar 2020-2021, la poblaci\u00f3n inscrita es de 32.9 millones (60.6% del total de tres a 29 a\u00f1os).<\/p>\n<p>De estos, 30.4 millones (92%) son poblaci\u00f3n que tambi\u00e9n estuvo inscrita en el ciclo escolar pasado (2019-2020) y 2.5 millones (8%) son inscritos que no participaron en el sistema educativo en el ciclo escolar 2019-2020.<\/p>\n<p>Con informaci\u00f3n de SUN<\/p>\n<\/div>\n","protected":false},"excerpt":{"rendered":"<p>Inegi: 435 mil ni\u00f1os y j\u00f3venes dejaron la escuela debido al COVID-19 Por Redacci\u00f3n QP&#8230;<\/p>\n","protected":false},"author":2,"featured_media":77730,"comment_status":"open","ping_status":"open","sticky":false,"template":"","format":"standard","meta":{"_monsterinsights_skip_tracking":false,"_monsterinsights_sitenote_active":false,"_monsterinsights_sitenote_note":"","_monsterinsights_sitenote_category":0,"footnotes":""},"categories":[2],"tags":[],"class_list":["post-77727","post","type-post","status-publish","format-standard","has-post-thumbnail","hentry","category-noticias"],"yoast_head":"<!-- This site is optimized with the Yoast SEO plugin v27.3 - https:\/\/yoast.com\/product\/yoast-seo-wordpress\/ -->\n<title>Inegi: 435 mil ni\u00f1os y j\u00f3venes dejaron la escuela debido al COVID-19 -<\/title>\n<meta name=\"robots\" content=\"index, follow, max-snippet:-1, max-image-preview:large, max-video-preview:-1\" \/>\n<link rel=\"canonical\" href=\"https:\/\/quehacerpolitico.mx\/?p=77727\" \/>\n<meta property=\"og:locale\" content=\"es_MX\" \/>\n<meta property=\"og:type\" content=\"article\" \/>\n<meta property=\"og:title\" content=\"Inegi: 435 mil ni\u00f1os y j\u00f3venes dejaron la escuela debido al COVID-19 -\" \/>\n<meta property=\"og:description\" content=\"Inegi: 435 mil ni\u00f1os y j\u00f3venes dejaron la escuela debido al COVID-19 Por Redacci\u00f3n QP...\" \/>\n<meta property=\"og:url\" content=\"https:\/\/quehacerpolitico.mx\/?p=77727\" \/>\n<meta property=\"article:published_time\" content=\"2021-03-24T00:08:22+00:00\" \/>\n<meta property=\"og:image\" content=\"https:\/\/quehacerpolitico.mx\/wp-content\/uploads\/2021\/03\/8D7DEC79-18FA-4794-BDD3-0680B1733B3E.jpeg\" \/>\n\t<meta property=\"og:image:width\" content=\"678\" \/>\n\t<meta property=\"og:image:height\" content=\"452\" \/>\n\t<meta property=\"og:image:type\" content=\"image\/jpeg\" \/>\n<meta name=\"author\" content=\"Redacci\u00f3n QP\" \/>\n<meta name=\"twitter:card\" content=\"summary_large_image\" \/>\n<meta name=\"twitter:label1\" content=\"Escrito por\" \/>\n\t<meta name=\"twitter:data1\" content=\"Redacci\u00f3n QP\" \/>\n\t<meta name=\"twitter:label2\" content=\"Tiempo de lectura\" \/>\n\t<meta name=\"twitter:data2\" content=\"2 minutos\" \/>\n<script type=\"application\/ld+json\" class=\"yoast-schema-graph\">{\"@context\":\"https:\\\/\\\/schema.org\",\"@graph\":[{\"@type\":\"Article\",\"@id\":\"https:\\\/\\\/quehacerpolitico.mx\\\/?p=77727#article\",\"isPartOf\":{\"@id\":\"https:\\\/\\\/quehacerpolitico.mx\\\/?p=77727\"},\"author\":{\"name\":\"Redacci\u00f3n QP\",\"@id\":\"https:\\\/\\\/quehacerpolitico.mx\\\/#\\\/schema\\\/person\\\/496d8ad2d1d3f8036101dca7ee39e585\"},\"headline\":\"Inegi: 435 mil ni\u00f1os y j\u00f3venes dejaron la escuela debido al COVID-19\",\"datePublished\":\"2021-03-24T00:08:22+00:00\",\"mainEntityOfPage\":{\"@id\":\"https:\\\/\\\/quehacerpolitico.mx\\\/?p=77727\"},\"wordCount\":338,\"commentCount\":0,\"image\":{\"@id\":\"https:\\\/\\\/quehacerpolitico.mx\\\/?p=77727#primaryimage\"},\"thumbnailUrl\":\"https:\\\/\\\/quehacerpolitico.mx\\\/wp-content\\\/uploads\\\/2021\\\/03\\\/8D7DEC79-18FA-4794-BDD3-0680B1733B3E.jpeg\",\"articleSection\":[\"Noticias\"],\"inLanguage\":\"es\",\"potentialAction\":[{\"@type\":\"CommentAction\",\"name\":\"Comment\",\"target\":[\"https:\\\/\\\/quehacerpolitico.mx\\\/?p=77727#respond\"]}]},{\"@type\":\"WebPage\",\"@id\":\"https:\\\/\\\/quehacerpolitico.mx\\\/?p=77727\",\"url\":\"https:\\\/\\\/quehacerpolitico.mx\\\/?p=77727\",\"name\":\"Inegi: 435 mil ni\u00f1os y j\u00f3venes dejaron la escuela debido al COVID-19 -\",\"isPartOf\":{\"@id\":\"https:\\\/\\\/quehacerpolitico.mx\\\/#website\"},\"primaryImageOfPage\":{\"@id\":\"https:\\\/\\\/quehacerpolitico.mx\\\/?p=77727#primaryimage\"},\"image\":{\"@id\":\"https:\\\/\\\/quehacerpolitico.mx\\\/?p=77727#primaryimage\"},\"thumbnailUrl\":\"https:\\\/\\\/quehacerpolitico.mx\\\/wp-content\\\/uploads\\\/2021\\\/03\\\/8D7DEC79-18FA-4794-BDD3-0680B1733B3E.jpeg\",\"datePublished\":\"2021-03-24T00:08:22+00:00\",\"author\":{\"@id\":\"https:\\\/\\\/quehacerpolitico.mx\\\/#\\\/schema\\\/person\\\/496d8ad2d1d3f8036101dca7ee39e585\"},\"breadcrumb\":{\"@id\":\"https:\\\/\\\/quehacerpolitico.mx\\\/?p=77727#breadcrumb\"},\"inLanguage\":\"es\",\"potentialAction\":[{\"@type\":\"ReadAction\",\"target\":[\"https:\\\/\\\/quehacerpolitico.mx\\\/?p=77727\"]}]},{\"@type\":\"ImageObject\",\"inLanguage\":\"es\",\"@id\":\"https:\\\/\\\/quehacerpolitico.mx\\\/?p=77727#primaryimage\",\"url\":\"https:\\\/\\\/quehacerpolitico.mx\\\/wp-content\\\/uploads\\\/2021\\\/03\\\/8D7DEC79-18FA-4794-BDD3-0680B1733B3E.jpeg\",\"contentUrl\":\"https:\\\/\\\/quehacerpolitico.mx\\\/wp-content\\\/uploads\\\/2021\\\/03\\\/8D7DEC79-18FA-4794-BDD3-0680B1733B3E.jpeg\",\"width\":678,\"height\":452},{\"@type\":\"BreadcrumbList\",\"@id\":\"https:\\\/\\\/quehacerpolitico.mx\\\/?p=77727#breadcrumb\",\"itemListElement\":[{\"@type\":\"ListItem\",\"position\":1,\"name\":\"Inicio\",\"item\":\"https:\\\/\\\/quehacerpolitico.mx\\\/\"},{\"@type\":\"ListItem\",\"position\":2,\"name\":\"Inegi: 435 mil ni\u00f1os y j\u00f3venes dejaron la escuela debido al COVID-19\"}]},{\"@type\":\"WebSite\",\"@id\":\"https:\\\/\\\/quehacerpolitico.mx\\\/#website\",\"url\":\"https:\\\/\\\/quehacerpolitico.mx\\\/\",\"name\":\"\",\"description\":\"\",\"potentialAction\":[{\"@type\":\"SearchAction\",\"target\":{\"@type\":\"EntryPoint\",\"urlTemplate\":\"https:\\\/\\\/quehacerpolitico.mx\\\/?s={search_term_string}\"},\"query-input\":{\"@type\":\"PropertyValueSpecification\",\"valueRequired\":true,\"valueName\":\"search_term_string\"}}],\"inLanguage\":\"es\"},{\"@type\":\"Person\",\"@id\":\"https:\\\/\\\/quehacerpolitico.mx\\\/#\\\/schema\\\/person\\\/496d8ad2d1d3f8036101dca7ee39e585\",\"name\":\"Redacci\u00f3n QP\",\"image\":{\"@type\":\"ImageObject\",\"inLanguage\":\"es\",\"@id\":\"https:\\\/\\\/secure.gravatar.com\\\/avatar\\\/c7164ed6fdec453195284ad24a5ae5b6e1eed2b848477fa2a4787ba9adf39a41?s=96&d=mm&r=g\",\"url\":\"https:\\\/\\\/secure.gravatar.com\\\/avatar\\\/c7164ed6fdec453195284ad24a5ae5b6e1eed2b848477fa2a4787ba9adf39a41?s=96&d=mm&r=g\",\"contentUrl\":\"https:\\\/\\\/secure.gravatar.com\\\/avatar\\\/c7164ed6fdec453195284ad24a5ae5b6e1eed2b848477fa2a4787ba9adf39a41?s=96&d=mm&r=g\",\"caption\":\"Redacci\u00f3n QP\"},\"url\":\"https:\\\/\\\/quehacerpolitico.mx\\\/?author=2\"}]}<\/script>\n<!-- \/ Yoast SEO plugin. -->","yoast_head_json":{"title":"Inegi: 435 mil ni\u00f1os y j\u00f3venes dejaron la escuela debido al COVID-19 -","robots":{"index":"index","follow":"follow","max-snippet":"max-snippet:-1","max-image-preview":"max-image-preview:large","max-video-preview":"max-video-preview:-1"},"canonical":"https:\/\/quehacerpolitico.mx\/?p=77727","og_locale":"es_MX","og_type":"article","og_title":"Inegi: 435 mil ni\u00f1os y j\u00f3venes dejaron la escuela debido al COVID-19 -","og_description":"Inegi: 435 mil ni\u00f1os y j\u00f3venes dejaron la escuela debido al COVID-19 Por Redacci\u00f3n QP...","og_url":"https:\/\/quehacerpolitico.mx\/?p=77727","article_published_time":"2021-03-24T00:08:22+00:00","og_image":[{"width":678,"height":452,"url":"https:\/\/quehacerpolitico.mx\/wp-content\/uploads\/2021\/03\/8D7DEC79-18FA-4794-BDD3-0680B1733B3E.jpeg","type":"image\/jpeg"}],"author":"Redacci\u00f3n QP","twitter_card":"summary_large_image","twitter_misc":{"Escrito por":"Redacci\u00f3n QP","Tiempo de lectura":"2 minutos"},"schema":{"@context":"https:\/\/schema.org","@graph":[{"@type":"Article","@id":"https:\/\/quehacerpolitico.mx\/?p=77727#article","isPartOf":{"@id":"https:\/\/quehacerpolitico.mx\/?p=77727"},"author":{"name":"Redacci\u00f3n QP","@id":"https:\/\/quehacerpolitico.mx\/#\/schema\/person\/496d8ad2d1d3f8036101dca7ee39e585"},"headline":"Inegi: 435 mil ni\u00f1os y j\u00f3venes dejaron la escuela debido al COVID-19","datePublished":"2021-03-24T00:08:22+00:00","mainEntityOfPage":{"@id":"https:\/\/quehacerpolitico.mx\/?p=77727"},"wordCount":338,"commentCount":0,"image":{"@id":"https:\/\/quehacerpolitico.mx\/?p=77727#primaryimage"},"thumbnailUrl":"https:\/\/quehacerpolitico.mx\/wp-content\/uploads\/2021\/03\/8D7DEC79-18FA-4794-BDD3-0680B1733B3E.jpeg","articleSection":["Noticias"],"inLanguage":"es","potentialAction":[{"@type":"CommentAction","name":"Comment","target":["https:\/\/quehacerpolitico.mx\/?p=77727#respond"]}]},{"@type":"WebPage","@id":"https:\/\/quehacerpolitico.mx\/?p=77727","url":"https:\/\/quehacerpolitico.mx\/?p=77727","name":"Inegi: 435 mil ni\u00f1os y j\u00f3venes dejaron la escuela debido al COVID-19 -","isPartOf":{"@id":"https:\/\/quehacerpolitico.mx\/#website"},"primaryImageOfPage":{"@id":"https:\/\/quehacerpolitico.mx\/?p=77727#primaryimage"},"image":{"@id":"https:\/\/quehacerpolitico.mx\/?p=77727#primaryimage"},"thumbnailUrl":"https:\/\/quehacerpolitico.mx\/wp-content\/uploads\/2021\/03\/8D7DEC79-18FA-4794-BDD3-0680B1733B3E.jpeg","datePublished":"2021-03-24T00:08:22+00:00","author":{"@id":"https:\/\/quehacerpolitico.mx\/#\/schema\/person\/496d8ad2d1d3f8036101dca7ee39e585"},"breadcrumb":{"@id":"https:\/\/quehacerpolitico.mx\/?p=77727#breadcrumb"},"inLanguage":"es","potentialAction":[{"@type":"ReadAction","target":["https:\/\/quehacerpolitico.mx\/?p=77727"]}]},{"@type":"ImageObject","inLanguage":"es","@id":"https:\/\/quehacerpolitico.mx\/?p=77727#primaryimage","url":"https:\/\/quehacerpolitico.mx\/wp-content\/uploads\/2021\/03\/8D7DEC79-18FA-4794-BDD3-0680B1733B3E.jpeg","contentUrl":"https:\/\/quehacerpolitico.mx\/wp-content\/uploads\/2021\/03\/8D7DEC79-18FA-4794-BDD3-0680B1733B3E.jpeg","width":678,"height":452},{"@type":"BreadcrumbList","@id":"https:\/\/quehacerpolitico.mx\/?p=77727#breadcrumb","itemListElement":[{"@type":"ListItem","position":1,"name":"Inicio","item":"https:\/\/quehacerpolitico.mx\/"},{"@type":"ListItem","position":2,"name":"Inegi: 435 mil ni\u00f1os y j\u00f3venes dejaron la escuela debido al COVID-19"}]},{"@type":"WebSite","@id":"https:\/\/quehacerpolitico.mx\/#website","url":"https:\/\/quehacerpolitico.mx\/","name":"","description":"","potentialAction":[{"@type":"SearchAction","target":{"@type":"EntryPoint","urlTemplate":"https:\/\/quehacerpolitico.mx\/?s={search_term_string}"},"query-input":{"@type":"PropertyValueSpecification","valueRequired":true,"valueName":"search_term_string"}}],"inLanguage":"es"},{"@type":"Person","@id":"https:\/\/quehacerpolitico.mx\/#\/schema\/person\/496d8ad2d1d3f8036101dca7ee39e585","name":"Redacci\u00f3n QP","image":{"@type":"ImageObject","inLanguage":"es","@id":"https:\/\/secure.gravatar.com\/avatar\/c7164ed6fdec453195284ad24a5ae5b6e1eed2b848477fa2a4787ba9adf39a41?s=96&d=mm&r=g","url":"https:\/\/secure.gravatar.com\/avatar\/c7164ed6fdec453195284ad24a5ae5b6e1eed2b848477fa2a4787ba9adf39a41?s=96&d=mm&r=g","contentUrl":"https:\/\/secure.gravatar.com\/avatar\/c7164ed6fdec453195284ad24a5ae5b6e1eed2b848477fa2a4787ba9adf39a41?s=96&d=mm&r=g","caption":"Redacci\u00f3n QP"},"url":"https:\/\/quehacerpolitico.mx\/?author=2"}]}},"featured_image_urls":{"full":["https:\/\/quehacerpolitico.mx\/wp-content\/uploads\/2021\/03\/8D7DEC79-18FA-4794-BDD3-0680B1733B3E.jpeg",678,452,false],"thumbnail":["https:\/\/quehacerpolitico.mx\/wp-content\/uploads\/2021\/03\/8D7DEC79-18FA-4794-BDD3-0680B1733B3E-150x150.jpeg",150,150,true],"medium":["https:\/\/quehacerpolitico.mx\/wp-content\/uploads\/2021\/03\/8D7DEC79-18FA-4794-BDD3-0680B1733B3E-300x200.jpeg",300,200,true],"medium_large":["https:\/\/quehacerpolitico.mx\/wp-content\/uploads\/2021\/03\/8D7DEC79-18FA-4794-BDD3-0680B1733B3E.jpeg",640,427,false],"large":["https:\/\/quehacerpolitico.mx\/wp-content\/uploads\/2021\/03\/8D7DEC79-18FA-4794-BDD3-0680B1733B3E.jpeg",640,427,false],"1536x1536":["https:\/\/quehacerpolitico.mx\/wp-content\/uploads\/2021\/03\/8D7DEC79-18FA-4794-BDD3-0680B1733B3E.jpeg",678,452,false],"2048x2048":["https:\/\/quehacerpolitico.mx\/wp-content\/uploads\/2021\/03\/8D7DEC79-18FA-4794-BDD3-0680B1733B3E.jpeg",678,452,false],"covernews-featured":["https:\/\/quehacerpolitico.mx\/wp-content\/uploads\/2021\/03\/8D7DEC79-18FA-4794-BDD3-0680B1733B3E.jpeg",678,452,false],"covernews-medium":["https:\/\/quehacerpolitico.mx\/wp-content\/uploads\/2021\/03\/8D7DEC79-18FA-4794-BDD3-0680B1733B3E.jpeg",510,340,false]},"author_info":{"display_name":"Redacci\u00f3n QP","author_link":"https:\/\/quehacerpolitico.mx\/?author=2"},"category_info":"<a href=\"https:\/\/quehacerpolitico.mx\/?cat=2\" rel=\"category\">Noticias<\/a>","tag_info":"Noticias","comment_count":"0","_links":{"self":[{"href":"https:\/\/quehacerpolitico.mx\/index.php?rest_route=\/wp\/v2\/posts\/77727","targetHints":{"allow":["GET"]}}],"collection":[{"href":"https:\/\/quehacerpolitico.mx\/index.php?rest_route=\/wp\/v2\/posts"}],"about":[{"href":"https:\/\/quehacerpolitico.mx\/index.php?rest_route=\/wp\/v2\/types\/post"}],"author":[{"embeddable":true,"href":"https:\/\/quehacerpolitico.mx\/index.php?rest_route=\/wp\/v2\/users\/2"}],"replies":[{"embeddable":true,"href":"https:\/\/quehacerpolitico.mx\/index.php?rest_route=%2Fwp%2Fv2%2Fcomments&post=77727"}],"version-history":[{"count":0,"href":"https:\/\/quehacerpolitico.mx\/index.php?rest_route=\/wp\/v2\/posts\/77727\/revisions"}],"wp:featuredmedia":[{"embeddable":true,"href":"https:\/\/quehacerpolitico.mx\/index.php?rest_route=\/wp\/v2\/media\/77730"}],"wp:attachment":[{"href":"https:\/\/quehacerpolitico.mx\/index.php?rest_route=%2Fwp%2Fv2%2Fmedia&parent=77727"}],"wp:term":[{"taxonomy":"category","embeddable":true,"href":"https:\/\/quehacerpolitico.mx\/index.php?rest_route=%2Fwp%2Fv2%2Fcategories&post=77727"},{"taxonomy":"post_tag","embeddable":true,"href":"https:\/\/quehacerpolitico.mx\/index.php?rest_route=%2Fwp%2Fv2%2Ftags&post=77727"}],"curies":[{"name":"wp","href":"https:\/\/api.w.org\/{rel}","templated":true}]}}