{"id":77721,"date":"2021-03-23T23:44:43","date_gmt":"2021-03-23T23:44:43","guid":{"rendered":"https:\/\/quehacerpolitico.mx\/?p=77721"},"modified":"2021-03-23T23:44:43","modified_gmt":"2021-03-23T23:44:43","slug":"samuel-garcia-la-vuelve-hacer-canta-refrito-musical-de-mc-para-su-campana-en-nuevo-leon","status":"publish","type":"post","link":"https:\/\/quehacerpolitico.mx\/?p=77721","title":{"rendered":"Samuel Garc\u00eda la vuelve hacer canta refrito musical de MC para su campa\u00f1a en Nuevo Le\u00f3n"},"content":{"rendered":"<h1 class=\"news-title\">Samuel Garc\u00eda la vuelve hacer canta refrito musical de MC para su campa\u00f1a en Nuevo Le\u00f3n<br \/>\nPor Redacci\u00f3n QP<\/h1>\n<p>No es la primera ocasi\u00f3n en que Samuel Garc\u00eda desata la pol\u00e9mica en las redes sociales por mostrarse en situaciones poco ortodoxas de la pol\u00edtica<\/p>\n<p>Samuel Garc\u00eda Sep\u00falveda, candidato a gobernador de Nuevo Le\u00f3n, particip\u00f3 en un spot\u00a0publicitario\u00a0de su partido, Movimiento Ciudadano (MC), y <strong>retom\u00f3 una canci\u00f3n de la elecci\u00f3n anterior<\/strong> para augurar un mejor futuro para su estado con la llegada de su partido pol\u00edtico.<\/p>\n<p><iframe loading=\"lazy\" title=\"El Movimiento Naranja del Nuevo Le\u00f3n - Samuel Garc\u00eda\" width=\"640\" height=\"360\" src=\"https:\/\/www.youtube.com\/embed\/hiwXlbt_vLA?feature=oembed\" frameborder=\"0\" allow=\"accelerometer; autoplay; clipboard-write; encrypted-media; gyroscope; picture-in-picture; web-share\" referrerpolicy=\"strict-origin-when-cross-origin\" allowfullscreen><\/iframe><\/p>\n<div id=\"div-pos-2\">Acompa\u00f1ado del candidato a la alcald\u00eda de Monterrey, Luis Donaldo Colosio Riojas, con qui\u00e9n resolvi\u00f3 una confrontaci\u00f3n pol\u00edtica del pasado y que ahora forma parte de su f\u00f3rmula electoral; de su esposa, la influencer Mariana Rodr\u00edguez y del ni\u00f1o wix\u00e1rika (huichol) Yuawi Jos\u00e9 de Jes\u00fas L\u00f3pez Carillo que populariz\u00f3 en 2017 la canci\u00f3n de &#8220;movimiento naranja, el futuro est\u00e1 en tus manos, Samuel Garc\u00eda <strong>canta, baila y hace pantomimas mientras se\u00f1ala a los &#8220;mentirosos del viejo Le\u00f3n&#8221;<\/strong>, mientras portad una playera de la Seleccion Mexicana de Futbol con su nombre en el reverso.<\/div>\n<p>No es la primera ocasi\u00f3n en que Samuel Garc\u00eda desata la pol\u00e9mica en las redes sociales por mostrarse en situaciones poco ortodoxas de la pol\u00edtica. Junto a su esposa, ha desatado controversias por sus \u201cbromas machistas\u201d, hacer diferencias sociales y econ\u00f3micas entre las regiones del pa\u00eds, acusar de \u201chacke\u00f3\u201d\u00a0tras renunciar a su partido y arremeter contra Colosio Riojas, confundir un centro para ni\u00f1os con un refugio de animales, tras asegurar que conoce gente que vive con un &#8220;sueldito de 50 mil pesos\u201d compartir foto colectiva portando cubrebocas con Photoshop, entre otras an\u00e9cdotas que lo hacen m\u00e1s conocido por sus pol\u00e9micas que por su propuesta pol\u00edtica.<\/p>\n<blockquote class=\"twitter-tweet\" data-width=\"550\" data-dnt=\"true\">\n<p lang=\"es\" dir=\"ltr\">S\u00ed yo lo vi, usted tambi\u00e9n&#8230;\ud83d\udc47 <a href=\"https:\/\/t.co\/3GYo66OhWk\">pic.twitter.com\/3GYo66OhWk<\/a><\/p>\n<p>&mdash; Ra\u00fal Ram\u00edrez.eth (@isopixel) <a href=\"https:\/\/twitter.com\/isopixel\/status\/1374221850109153281?ref_src=twsrc%5Etfw\">March 23, 2021<\/a><\/p><\/blockquote>\n<p><script async src=\"https:\/\/platform.twitter.com\/widgets.js\" charset=\"utf-8\"><\/script><\/p>\n<p>Samuel Garc\u00eda asegura en la descripci\u00f3n de su video: &#8220;Bailemos y cantemos, con la esperanza de construir un futuro juntos, con el valor para recuperar la grandeza que nos arrebataron y con la alegr\u00eda de saber que somos m\u00e1s los buenos&#8221;.<\/p>\n<p>La participaci\u00f3n del ex senador ha sido compartida y criticada por usuarios en redes sociales.<\/p>\n","protected":false},"excerpt":{"rendered":"<p>Samuel Garc\u00eda la vuelve hacer canta refrito musical de MC para su campa\u00f1a en Nuevo&#8230;<\/p>\n","protected":false},"author":2,"featured_media":77725,"comment_status":"open","ping_status":"open","sticky":false,"template":"","format":"standard","meta":{"_monsterinsights_skip_tracking":false,"_monsterinsights_sitenote_active":false,"_monsterinsights_sitenote_note":"","_monsterinsights_sitenote_category":0,"footnotes":""},"categories":[2],"tags":[],"class_list":["post-77721","post","type-post","status-publish","format-standard","has-post-thumbnail","hentry","category-noticias"],"yoast_head":"<!-- This site is optimized with the Yoast SEO plugin v27.3 - https:\/\/yoast.com\/product\/yoast-seo-wordpress\/ -->\n<title>Samuel Garc\u00eda la vuelve hacer canta refrito musical de MC para su campa\u00f1a en Nuevo Le\u00f3n -<\/title>\n<meta name=\"robots\" content=\"index, follow, max-snippet:-1, max-image-preview:large, max-video-preview:-1\" \/>\n<link rel=\"canonical\" href=\"https:\/\/quehacerpolitico.mx\/?p=77721\" \/>\n<meta property=\"og:locale\" content=\"es_MX\" \/>\n<meta property=\"og:type\" content=\"article\" \/>\n<meta property=\"og:title\" content=\"Samuel Garc\u00eda la vuelve hacer canta refrito musical de MC para su campa\u00f1a en Nuevo Le\u00f3n -\" \/>\n<meta property=\"og:description\" content=\"Samuel Garc\u00eda la vuelve hacer canta refrito musical de MC para su campa\u00f1a en Nuevo...\" \/>\n<meta property=\"og:url\" content=\"https:\/\/quehacerpolitico.mx\/?p=77721\" \/>\n<meta property=\"article:published_time\" content=\"2021-03-23T23:44:43+00:00\" \/>\n<meta property=\"og:image\" content=\"https:\/\/quehacerpolitico.mx\/wp-content\/uploads\/2021\/03\/0501758E-69D2-40D4-96D6-B8871AC1147D.jpeg\" \/>\n\t<meta property=\"og:image:width\" content=\"1242\" \/>\n\t<meta property=\"og:image:height\" content=\"694\" \/>\n\t<meta property=\"og:image:type\" content=\"image\/jpeg\" \/>\n<meta name=\"author\" content=\"Redacci\u00f3n QP\" \/>\n<meta name=\"twitter:card\" content=\"summary_large_image\" \/>\n<meta name=\"twitter:label1\" content=\"Escrito por\" \/>\n\t<meta name=\"twitter:data1\" content=\"Redacci\u00f3n QP\" \/>\n\t<meta name=\"twitter:label2\" content=\"Tiempo de lectura\" \/>\n\t<meta name=\"twitter:data2\" content=\"2 minutos\" \/>\n<script type=\"application\/ld+json\" class=\"yoast-schema-graph\">{\"@context\":\"https:\\\/\\\/schema.org\",\"@graph\":[{\"@type\":\"Article\",\"@id\":\"https:\\\/\\\/quehacerpolitico.mx\\\/?p=77721#article\",\"isPartOf\":{\"@id\":\"https:\\\/\\\/quehacerpolitico.mx\\\/?p=77721\"},\"author\":{\"name\":\"Redacci\u00f3n QP\",\"@id\":\"https:\\\/\\\/quehacerpolitico.mx\\\/#\\\/schema\\\/person\\\/496d8ad2d1d3f8036101dca7ee39e585\"},\"headline\":\"Samuel Garc\u00eda la vuelve hacer canta refrito musical de MC para su campa\u00f1a en Nuevo Le\u00f3n\",\"datePublished\":\"2021-03-23T23:44:43+00:00\",\"mainEntityOfPage\":{\"@id\":\"https:\\\/\\\/quehacerpolitico.mx\\\/?p=77721\"},\"wordCount\":415,\"commentCount\":0,\"image\":{\"@id\":\"https:\\\/\\\/quehacerpolitico.mx\\\/?p=77721#primaryimage\"},\"thumbnailUrl\":\"https:\\\/\\\/quehacerpolitico.mx\\\/wp-content\\\/uploads\\\/2021\\\/03\\\/0501758E-69D2-40D4-96D6-B8871AC1147D.jpeg\",\"articleSection\":[\"Noticias\"],\"inLanguage\":\"es\",\"potentialAction\":[{\"@type\":\"CommentAction\",\"name\":\"Comment\",\"target\":[\"https:\\\/\\\/quehacerpolitico.mx\\\/?p=77721#respond\"]}]},{\"@type\":\"WebPage\",\"@id\":\"https:\\\/\\\/quehacerpolitico.mx\\\/?p=77721\",\"url\":\"https:\\\/\\\/quehacerpolitico.mx\\\/?p=77721\",\"name\":\"Samuel Garc\u00eda la vuelve hacer canta refrito musical de MC para su campa\u00f1a en Nuevo Le\u00f3n -\",\"isPartOf\":{\"@id\":\"https:\\\/\\\/quehacerpolitico.mx\\\/#website\"},\"primaryImageOfPage\":{\"@id\":\"https:\\\/\\\/quehacerpolitico.mx\\\/?p=77721#primaryimage\"},\"image\":{\"@id\":\"https:\\\/\\\/quehacerpolitico.mx\\\/?p=77721#primaryimage\"},\"thumbnailUrl\":\"https:\\\/\\\/quehacerpolitico.mx\\\/wp-content\\\/uploads\\\/2021\\\/03\\\/0501758E-69D2-40D4-96D6-B8871AC1147D.jpeg\",\"datePublished\":\"2021-03-23T23:44:43+00:00\",\"author\":{\"@id\":\"https:\\\/\\\/quehacerpolitico.mx\\\/#\\\/schema\\\/person\\\/496d8ad2d1d3f8036101dca7ee39e585\"},\"breadcrumb\":{\"@id\":\"https:\\\/\\\/quehacerpolitico.mx\\\/?p=77721#breadcrumb\"},\"inLanguage\":\"es\",\"potentialAction\":[{\"@type\":\"ReadAction\",\"target\":[\"https:\\\/\\\/quehacerpolitico.mx\\\/?p=77721\"]}]},{\"@type\":\"ImageObject\",\"inLanguage\":\"es\",\"@id\":\"https:\\\/\\\/quehacerpolitico.mx\\\/?p=77721#primaryimage\",\"url\":\"https:\\\/\\\/quehacerpolitico.mx\\\/wp-content\\\/uploads\\\/2021\\\/03\\\/0501758E-69D2-40D4-96D6-B8871AC1147D.jpeg\",\"contentUrl\":\"https:\\\/\\\/quehacerpolitico.mx\\\/wp-content\\\/uploads\\\/2021\\\/03\\\/0501758E-69D2-40D4-96D6-B8871AC1147D.jpeg\",\"width\":1242,\"height\":694},{\"@type\":\"BreadcrumbList\",\"@id\":\"https:\\\/\\\/quehacerpolitico.mx\\\/?p=77721#breadcrumb\",\"itemListElement\":[{\"@type\":\"ListItem\",\"position\":1,\"name\":\"Inicio\",\"item\":\"https:\\\/\\\/quehacerpolitico.mx\\\/\"},{\"@type\":\"ListItem\",\"position\":2,\"name\":\"Samuel Garc\u00eda la vuelve hacer canta refrito musical de MC para su campa\u00f1a en Nuevo Le\u00f3n\"}]},{\"@type\":\"WebSite\",\"@id\":\"https:\\\/\\\/quehacerpolitico.mx\\\/#website\",\"url\":\"https:\\\/\\\/quehacerpolitico.mx\\\/\",\"name\":\"\",\"description\":\"\",\"potentialAction\":[{\"@type\":\"SearchAction\",\"target\":{\"@type\":\"EntryPoint\",\"urlTemplate\":\"https:\\\/\\\/quehacerpolitico.mx\\\/?s={search_term_string}\"},\"query-input\":{\"@type\":\"PropertyValueSpecification\",\"valueRequired\":true,\"valueName\":\"search_term_string\"}}],\"inLanguage\":\"es\"},{\"@type\":\"Person\",\"@id\":\"https:\\\/\\\/quehacerpolitico.mx\\\/#\\\/schema\\\/person\\\/496d8ad2d1d3f8036101dca7ee39e585\",\"name\":\"Redacci\u00f3n QP\",\"image\":{\"@type\":\"ImageObject\",\"inLanguage\":\"es\",\"@id\":\"https:\\\/\\\/secure.gravatar.com\\\/avatar\\\/c7164ed6fdec453195284ad24a5ae5b6e1eed2b848477fa2a4787ba9adf39a41?s=96&d=mm&r=g\",\"url\":\"https:\\\/\\\/secure.gravatar.com\\\/avatar\\\/c7164ed6fdec453195284ad24a5ae5b6e1eed2b848477fa2a4787ba9adf39a41?s=96&d=mm&r=g\",\"contentUrl\":\"https:\\\/\\\/secure.gravatar.com\\\/avatar\\\/c7164ed6fdec453195284ad24a5ae5b6e1eed2b848477fa2a4787ba9adf39a41?s=96&d=mm&r=g\",\"caption\":\"Redacci\u00f3n QP\"},\"url\":\"https:\\\/\\\/quehacerpolitico.mx\\\/?author=2\"}]}<\/script>\n<!-- \/ Yoast SEO plugin. -->","yoast_head_json":{"title":"Samuel Garc\u00eda la vuelve hacer canta refrito musical de MC para su campa\u00f1a en Nuevo Le\u00f3n -","robots":{"index":"index","follow":"follow","max-snippet":"max-snippet:-1","max-image-preview":"max-image-preview:large","max-video-preview":"max-video-preview:-1"},"canonical":"https:\/\/quehacerpolitico.mx\/?p=77721","og_locale":"es_MX","og_type":"article","og_title":"Samuel Garc\u00eda la vuelve hacer canta refrito musical de MC para su campa\u00f1a en Nuevo Le\u00f3n -","og_description":"Samuel Garc\u00eda la vuelve hacer canta refrito musical de MC para su campa\u00f1a en Nuevo...","og_url":"https:\/\/quehacerpolitico.mx\/?p=77721","article_published_time":"2021-03-23T23:44:43+00:00","og_image":[{"width":1242,"height":694,"url":"https:\/\/quehacerpolitico.mx\/wp-content\/uploads\/2021\/03\/0501758E-69D2-40D4-96D6-B8871AC1147D.jpeg","type":"image\/jpeg"}],"author":"Redacci\u00f3n QP","twitter_card":"summary_large_image","twitter_misc":{"Escrito por":"Redacci\u00f3n QP","Tiempo de lectura":"2 minutos"},"schema":{"@context":"https:\/\/schema.org","@graph":[{"@type":"Article","@id":"https:\/\/quehacerpolitico.mx\/?p=77721#article","isPartOf":{"@id":"https:\/\/quehacerpolitico.mx\/?p=77721"},"author":{"name":"Redacci\u00f3n QP","@id":"https:\/\/quehacerpolitico.mx\/#\/schema\/person\/496d8ad2d1d3f8036101dca7ee39e585"},"headline":"Samuel Garc\u00eda la vuelve hacer canta refrito musical de MC para su campa\u00f1a en Nuevo Le\u00f3n","datePublished":"2021-03-23T23:44:43+00:00","mainEntityOfPage":{"@id":"https:\/\/quehacerpolitico.mx\/?p=77721"},"wordCount":415,"commentCount":0,"image":{"@id":"https:\/\/quehacerpolitico.mx\/?p=77721#primaryimage"},"thumbnailUrl":"https:\/\/quehacerpolitico.mx\/wp-content\/uploads\/2021\/03\/0501758E-69D2-40D4-96D6-B8871AC1147D.jpeg","articleSection":["Noticias"],"inLanguage":"es","potentialAction":[{"@type":"CommentAction","name":"Comment","target":["https:\/\/quehacerpolitico.mx\/?p=77721#respond"]}]},{"@type":"WebPage","@id":"https:\/\/quehacerpolitico.mx\/?p=77721","url":"https:\/\/quehacerpolitico.mx\/?p=77721","name":"Samuel Garc\u00eda la vuelve hacer canta refrito musical de MC para su campa\u00f1a en Nuevo Le\u00f3n -","isPartOf":{"@id":"https:\/\/quehacerpolitico.mx\/#website"},"primaryImageOfPage":{"@id":"https:\/\/quehacerpolitico.mx\/?p=77721#primaryimage"},"image":{"@id":"https:\/\/quehacerpolitico.mx\/?p=77721#primaryimage"},"thumbnailUrl":"https:\/\/quehacerpolitico.mx\/wp-content\/uploads\/2021\/03\/0501758E-69D2-40D4-96D6-B8871AC1147D.jpeg","datePublished":"2021-03-23T23:44:43+00:00","author":{"@id":"https:\/\/quehacerpolitico.mx\/#\/schema\/person\/496d8ad2d1d3f8036101dca7ee39e585"},"breadcrumb":{"@id":"https:\/\/quehacerpolitico.mx\/?p=77721#breadcrumb"},"inLanguage":"es","potentialAction":[{"@type":"ReadAction","target":["https:\/\/quehacerpolitico.mx\/?p=77721"]}]},{"@type":"ImageObject","inLanguage":"es","@id":"https:\/\/quehacerpolitico.mx\/?p=77721#primaryimage","url":"https:\/\/quehacerpolitico.mx\/wp-content\/uploads\/2021\/03\/0501758E-69D2-40D4-96D6-B8871AC1147D.jpeg","contentUrl":"https:\/\/quehacerpolitico.mx\/wp-content\/uploads\/2021\/03\/0501758E-69D2-40D4-96D6-B8871AC1147D.jpeg","width":1242,"height":694},{"@type":"BreadcrumbList","@id":"https:\/\/quehacerpolitico.mx\/?p=77721#breadcrumb","itemListElement":[{"@type":"ListItem","position":1,"name":"Inicio","item":"https:\/\/quehacerpolitico.mx\/"},{"@type":"ListItem","position":2,"name":"Samuel Garc\u00eda la vuelve hacer canta refrito musical de MC para su campa\u00f1a en Nuevo Le\u00f3n"}]},{"@type":"WebSite","@id":"https:\/\/quehacerpolitico.mx\/#website","url":"https:\/\/quehacerpolitico.mx\/","name":"","description":"","potentialAction":[{"@type":"SearchAction","target":{"@type":"EntryPoint","urlTemplate":"https:\/\/quehacerpolitico.mx\/?s={search_term_string}"},"query-input":{"@type":"PropertyValueSpecification","valueRequired":true,"valueName":"search_term_string"}}],"inLanguage":"es"},{"@type":"Person","@id":"https:\/\/quehacerpolitico.mx\/#\/schema\/person\/496d8ad2d1d3f8036101dca7ee39e585","name":"Redacci\u00f3n QP","image":{"@type":"ImageObject","inLanguage":"es","@id":"https:\/\/secure.gravatar.com\/avatar\/c7164ed6fdec453195284ad24a5ae5b6e1eed2b848477fa2a4787ba9adf39a41?s=96&d=mm&r=g","url":"https:\/\/secure.gravatar.com\/avatar\/c7164ed6fdec453195284ad24a5ae5b6e1eed2b848477fa2a4787ba9adf39a41?s=96&d=mm&r=g","contentUrl":"https:\/\/secure.gravatar.com\/avatar\/c7164ed6fdec453195284ad24a5ae5b6e1eed2b848477fa2a4787ba9adf39a41?s=96&d=mm&r=g","caption":"Redacci\u00f3n QP"},"url":"https:\/\/quehacerpolitico.mx\/?author=2"}]}},"featured_image_urls":{"full":["https:\/\/quehacerpolitico.mx\/wp-content\/uploads\/2021\/03\/0501758E-69D2-40D4-96D6-B8871AC1147D.jpeg",1242,694,false],"thumbnail":["https:\/\/quehacerpolitico.mx\/wp-content\/uploads\/2021\/03\/0501758E-69D2-40D4-96D6-B8871AC1147D-150x150.jpeg",150,150,true],"medium":["https:\/\/quehacerpolitico.mx\/wp-content\/uploads\/2021\/03\/0501758E-69D2-40D4-96D6-B8871AC1147D-300x168.jpeg",300,168,true],"medium_large":["https:\/\/quehacerpolitico.mx\/wp-content\/uploads\/2021\/03\/0501758E-69D2-40D4-96D6-B8871AC1147D-768x429.jpeg",640,358,true],"large":["https:\/\/quehacerpolitico.mx\/wp-content\/uploads\/2021\/03\/0501758E-69D2-40D4-96D6-B8871AC1147D-1024x572.jpeg",640,358,true],"1536x1536":["https:\/\/quehacerpolitico.mx\/wp-content\/uploads\/2021\/03\/0501758E-69D2-40D4-96D6-B8871AC1147D.jpeg",1242,694,false],"2048x2048":["https:\/\/quehacerpolitico.mx\/wp-content\/uploads\/2021\/03\/0501758E-69D2-40D4-96D6-B8871AC1147D.jpeg",1242,694,false],"covernews-featured":["https:\/\/quehacerpolitico.mx\/wp-content\/uploads\/2021\/03\/0501758E-69D2-40D4-96D6-B8871AC1147D.jpeg",1024,572,false],"covernews-medium":["https:\/\/quehacerpolitico.mx\/wp-content\/uploads\/2021\/03\/0501758E-69D2-40D4-96D6-B8871AC1147D.jpeg",540,302,false]},"author_info":{"display_name":"Redacci\u00f3n QP","author_link":"https:\/\/quehacerpolitico.mx\/?author=2"},"category_info":"<a href=\"https:\/\/quehacerpolitico.mx\/?cat=2\" rel=\"category\">Noticias<\/a>","tag_info":"Noticias","comment_count":"0","_links":{"self":[{"href":"https:\/\/quehacerpolitico.mx\/index.php?rest_route=\/wp\/v2\/posts\/77721","targetHints":{"allow":["GET"]}}],"collection":[{"href":"https:\/\/quehacerpolitico.mx\/index.php?rest_route=\/wp\/v2\/posts"}],"about":[{"href":"https:\/\/quehacerpolitico.mx\/index.php?rest_route=\/wp\/v2\/types\/post"}],"author":[{"embeddable":true,"href":"https:\/\/quehacerpolitico.mx\/index.php?rest_route=\/wp\/v2\/users\/2"}],"replies":[{"embeddable":true,"href":"https:\/\/quehacerpolitico.mx\/index.php?rest_route=%2Fwp%2Fv2%2Fcomments&post=77721"}],"version-history":[{"count":0,"href":"https:\/\/quehacerpolitico.mx\/index.php?rest_route=\/wp\/v2\/posts\/77721\/revisions"}],"wp:featuredmedia":[{"embeddable":true,"href":"https:\/\/quehacerpolitico.mx\/index.php?rest_route=\/wp\/v2\/media\/77725"}],"wp:attachment":[{"href":"https:\/\/quehacerpolitico.mx\/index.php?rest_route=%2Fwp%2Fv2%2Fmedia&parent=77721"}],"wp:term":[{"taxonomy":"category","embeddable":true,"href":"https:\/\/quehacerpolitico.mx\/index.php?rest_route=%2Fwp%2Fv2%2Fcategories&post=77721"},{"taxonomy":"post_tag","embeddable":true,"href":"https:\/\/quehacerpolitico.mx\/index.php?rest_route=%2Fwp%2Fv2%2Ftags&post=77721"}],"curies":[{"name":"wp","href":"https:\/\/api.w.org\/{rel}","templated":true}]}}