{"id":77715,"date":"2021-03-23T17:40:55","date_gmt":"2021-03-23T17:40:55","guid":{"rendered":"https:\/\/quehacerpolitico.mx\/?p=77715"},"modified":"2021-03-23T17:40:55","modified_gmt":"2021-03-23T17:40:55","slug":"habra-1-5-millones-de-vacunas-covid-19-de-cansino-envasadas-en-mexico-por-semana-amlo","status":"publish","type":"post","link":"https:\/\/quehacerpolitico.mx\/?p=77715","title":{"rendered":"Habr\u00e1 1.5 millones de vacunas COVID-19 de CanSino envasadas en M\u00e9xico por semana: AMLO"},"content":{"rendered":"<h1>Habr\u00e1 1.5 millones de vacunas COVID-19 de CanSino envasadas en M\u00e9xico por semana: AMLO<br \/>\nPor Redacci\u00f3n QP<\/h1>\n<p>El presidente se\u00f1al\u00f3 que se va avanzando bien en la vacunaci\u00f3n contra COVID-19 y que los resultados son buenos<\/p>\n<p>El presidente de M\u00e9xico, Andres Manuel L\u00f3pez Obrador,\u00a0explic\u00f3 este martes 23 de marzo de 2021 que se contar\u00e1 con un mill\u00f3n 500 mil vacunas COVID-19\u00a0de CanSino por semana, envasadas en nuestro pa\u00eds.<\/p>\n<blockquote><p>\u201cSe autoriz\u00f3 ya un primer lote de cerca de 1 mill\u00f3n de vacunas <strong>CanSino<\/strong>, que es de un dosis, envasada en M\u00e9xico y vamos a tener 1 mill\u00f3n 500 mil por semana, ya la planta nos va a garantizar abasto suficiente, m\u00e1s las vacunas que est\u00e1n llegando\u201d, manifest\u00f3 en su conferencia matutina desde Palacio Nacional.<\/p><\/blockquote>\n<p>El presidente se\u00f1al\u00f3 que se va avanzando bien en la vacunaci\u00f3n contra <strong>COVID-19<\/strong> y que los resultados son buenos. Asegur\u00f3 que se tiene garantizado el abasto de vacunas y que \u00e9stas no faltar\u00e1n.<\/p>\n<p><iframe loading=\"lazy\" title=\"AMLO garantiza que habr\u00e1 suficientes vacunas para todos los mexicanos\" width=\"640\" height=\"360\" src=\"https:\/\/www.youtube.com\/embed\/xln1nEGz_BY?feature=oembed\" frameborder=\"0\" allow=\"accelerometer; autoplay; clipboard-write; encrypted-media; gyroscope; picture-in-picture; web-share\" referrerpolicy=\"strict-origin-when-cross-origin\" allowfullscreen><\/iframe><\/p>\n<blockquote><p>\u201cVamos a tener vacunas suficientes y vamos a aplicar cada vez m\u00e1s vacunas. Lo m\u00e1s dif\u00edcil era conseguirlas, ya se tienen vacunas, incluso vacunas que se est\u00e1n envasando en M\u00e9xico, que ya est\u00e1n por aplicarse\u201d, enfatiz\u00f3.<\/p><\/blockquote>\n<p>L\u00f3pez Obrador insisti\u00f3 en que todo ha salido bien y en que las vacunas no se han echado a perder a pesar de que algunas requieren refrigeraci\u00f3n especial.<\/p>\n<p>Destac\u00f3 la manera en c\u00f3mo se ha manejado la distribuci\u00f3n de las vacunas y la log\u00edstica.<\/p>\n<p><em>Con informaci\u00f3n de Presidencia de la Rep\u00fablica<\/em><\/p>\n","protected":false},"excerpt":{"rendered":"<p>Habr\u00e1 1.5 millones de vacunas COVID-19 de CanSino envasadas en M\u00e9xico por semana: AMLO Por&#8230;<\/p>\n","protected":false},"author":2,"featured_media":77718,"comment_status":"open","ping_status":"open","sticky":false,"template":"","format":"standard","meta":{"_monsterinsights_skip_tracking":false,"_monsterinsights_sitenote_active":false,"_monsterinsights_sitenote_note":"","_monsterinsights_sitenote_category":0,"footnotes":""},"categories":[2],"tags":[],"class_list":["post-77715","post","type-post","status-publish","format-standard","has-post-thumbnail","hentry","category-noticias"],"yoast_head":"<!-- This site is optimized with the Yoast SEO plugin v27.3 - https:\/\/yoast.com\/product\/yoast-seo-wordpress\/ -->\n<title>Habr\u00e1 1.5 millones de vacunas COVID-19 de CanSino envasadas en M\u00e9xico por semana: AMLO -<\/title>\n<meta name=\"robots\" content=\"index, follow, max-snippet:-1, max-image-preview:large, max-video-preview:-1\" \/>\n<link rel=\"canonical\" href=\"https:\/\/quehacerpolitico.mx\/?p=77715\" \/>\n<meta property=\"og:locale\" content=\"es_MX\" \/>\n<meta property=\"og:type\" content=\"article\" \/>\n<meta property=\"og:title\" content=\"Habr\u00e1 1.5 millones de vacunas COVID-19 de CanSino envasadas en M\u00e9xico por semana: AMLO -\" \/>\n<meta property=\"og:description\" content=\"Habr\u00e1 1.5 millones de vacunas COVID-19 de CanSino envasadas en M\u00e9xico por semana: AMLO Por...\" \/>\n<meta property=\"og:url\" content=\"https:\/\/quehacerpolitico.mx\/?p=77715\" \/>\n<meta property=\"article:published_time\" content=\"2021-03-23T17:40:55+00:00\" \/>\n<meta property=\"og:image\" content=\"https:\/\/quehacerpolitico.mx\/wp-content\/uploads\/2021\/03\/8D285CEE-E81C-40F2-BF1E-F32B56B17ADD.jpeg\" \/>\n\t<meta property=\"og:image:width\" content=\"1242\" \/>\n\t<meta property=\"og:image:height\" content=\"679\" \/>\n\t<meta property=\"og:image:type\" content=\"image\/jpeg\" \/>\n<meta name=\"author\" content=\"Redacci\u00f3n QP\" \/>\n<meta name=\"twitter:card\" content=\"summary_large_image\" \/>\n<meta name=\"twitter:label1\" content=\"Escrito por\" \/>\n\t<meta name=\"twitter:data1\" content=\"Redacci\u00f3n QP\" \/>\n\t<meta name=\"twitter:label2\" content=\"Tiempo de lectura\" \/>\n\t<meta name=\"twitter:data2\" content=\"1 minuto\" \/>\n<script type=\"application\/ld+json\" class=\"yoast-schema-graph\">{\"@context\":\"https:\\\/\\\/schema.org\",\"@graph\":[{\"@type\":\"Article\",\"@id\":\"https:\\\/\\\/quehacerpolitico.mx\\\/?p=77715#article\",\"isPartOf\":{\"@id\":\"https:\\\/\\\/quehacerpolitico.mx\\\/?p=77715\"},\"author\":{\"name\":\"Redacci\u00f3n QP\",\"@id\":\"https:\\\/\\\/quehacerpolitico.mx\\\/#\\\/schema\\\/person\\\/496d8ad2d1d3f8036101dca7ee39e585\"},\"headline\":\"Habr\u00e1 1.5 millones de vacunas COVID-19 de CanSino envasadas en M\u00e9xico por semana: AMLO\",\"datePublished\":\"2021-03-23T17:40:55+00:00\",\"mainEntityOfPage\":{\"@id\":\"https:\\\/\\\/quehacerpolitico.mx\\\/?p=77715\"},\"wordCount\":287,\"commentCount\":0,\"image\":{\"@id\":\"https:\\\/\\\/quehacerpolitico.mx\\\/?p=77715#primaryimage\"},\"thumbnailUrl\":\"https:\\\/\\\/quehacerpolitico.mx\\\/wp-content\\\/uploads\\\/2021\\\/03\\\/8D285CEE-E81C-40F2-BF1E-F32B56B17ADD.jpeg\",\"articleSection\":[\"Noticias\"],\"inLanguage\":\"es\",\"potentialAction\":[{\"@type\":\"CommentAction\",\"name\":\"Comment\",\"target\":[\"https:\\\/\\\/quehacerpolitico.mx\\\/?p=77715#respond\"]}]},{\"@type\":\"WebPage\",\"@id\":\"https:\\\/\\\/quehacerpolitico.mx\\\/?p=77715\",\"url\":\"https:\\\/\\\/quehacerpolitico.mx\\\/?p=77715\",\"name\":\"Habr\u00e1 1.5 millones de vacunas COVID-19 de CanSino envasadas en M\u00e9xico por semana: AMLO -\",\"isPartOf\":{\"@id\":\"https:\\\/\\\/quehacerpolitico.mx\\\/#website\"},\"primaryImageOfPage\":{\"@id\":\"https:\\\/\\\/quehacerpolitico.mx\\\/?p=77715#primaryimage\"},\"image\":{\"@id\":\"https:\\\/\\\/quehacerpolitico.mx\\\/?p=77715#primaryimage\"},\"thumbnailUrl\":\"https:\\\/\\\/quehacerpolitico.mx\\\/wp-content\\\/uploads\\\/2021\\\/03\\\/8D285CEE-E81C-40F2-BF1E-F32B56B17ADD.jpeg\",\"datePublished\":\"2021-03-23T17:40:55+00:00\",\"author\":{\"@id\":\"https:\\\/\\\/quehacerpolitico.mx\\\/#\\\/schema\\\/person\\\/496d8ad2d1d3f8036101dca7ee39e585\"},\"breadcrumb\":{\"@id\":\"https:\\\/\\\/quehacerpolitico.mx\\\/?p=77715#breadcrumb\"},\"inLanguage\":\"es\",\"potentialAction\":[{\"@type\":\"ReadAction\",\"target\":[\"https:\\\/\\\/quehacerpolitico.mx\\\/?p=77715\"]}]},{\"@type\":\"ImageObject\",\"inLanguage\":\"es\",\"@id\":\"https:\\\/\\\/quehacerpolitico.mx\\\/?p=77715#primaryimage\",\"url\":\"https:\\\/\\\/quehacerpolitico.mx\\\/wp-content\\\/uploads\\\/2021\\\/03\\\/8D285CEE-E81C-40F2-BF1E-F32B56B17ADD.jpeg\",\"contentUrl\":\"https:\\\/\\\/quehacerpolitico.mx\\\/wp-content\\\/uploads\\\/2021\\\/03\\\/8D285CEE-E81C-40F2-BF1E-F32B56B17ADD.jpeg\",\"width\":1242,\"height\":679},{\"@type\":\"BreadcrumbList\",\"@id\":\"https:\\\/\\\/quehacerpolitico.mx\\\/?p=77715#breadcrumb\",\"itemListElement\":[{\"@type\":\"ListItem\",\"position\":1,\"name\":\"Inicio\",\"item\":\"https:\\\/\\\/quehacerpolitico.mx\\\/\"},{\"@type\":\"ListItem\",\"position\":2,\"name\":\"Habr\u00e1 1.5 millones de vacunas COVID-19 de CanSino envasadas en M\u00e9xico por semana: AMLO\"}]},{\"@type\":\"WebSite\",\"@id\":\"https:\\\/\\\/quehacerpolitico.mx\\\/#website\",\"url\":\"https:\\\/\\\/quehacerpolitico.mx\\\/\",\"name\":\"\",\"description\":\"\",\"potentialAction\":[{\"@type\":\"SearchAction\",\"target\":{\"@type\":\"EntryPoint\",\"urlTemplate\":\"https:\\\/\\\/quehacerpolitico.mx\\\/?s={search_term_string}\"},\"query-input\":{\"@type\":\"PropertyValueSpecification\",\"valueRequired\":true,\"valueName\":\"search_term_string\"}}],\"inLanguage\":\"es\"},{\"@type\":\"Person\",\"@id\":\"https:\\\/\\\/quehacerpolitico.mx\\\/#\\\/schema\\\/person\\\/496d8ad2d1d3f8036101dca7ee39e585\",\"name\":\"Redacci\u00f3n QP\",\"image\":{\"@type\":\"ImageObject\",\"inLanguage\":\"es\",\"@id\":\"https:\\\/\\\/secure.gravatar.com\\\/avatar\\\/c7164ed6fdec453195284ad24a5ae5b6e1eed2b848477fa2a4787ba9adf39a41?s=96&d=mm&r=g\",\"url\":\"https:\\\/\\\/secure.gravatar.com\\\/avatar\\\/c7164ed6fdec453195284ad24a5ae5b6e1eed2b848477fa2a4787ba9adf39a41?s=96&d=mm&r=g\",\"contentUrl\":\"https:\\\/\\\/secure.gravatar.com\\\/avatar\\\/c7164ed6fdec453195284ad24a5ae5b6e1eed2b848477fa2a4787ba9adf39a41?s=96&d=mm&r=g\",\"caption\":\"Redacci\u00f3n QP\"},\"url\":\"https:\\\/\\\/quehacerpolitico.mx\\\/?author=2\"}]}<\/script>\n<!-- \/ Yoast SEO plugin. -->","yoast_head_json":{"title":"Habr\u00e1 1.5 millones de vacunas COVID-19 de CanSino envasadas en M\u00e9xico por semana: AMLO -","robots":{"index":"index","follow":"follow","max-snippet":"max-snippet:-1","max-image-preview":"max-image-preview:large","max-video-preview":"max-video-preview:-1"},"canonical":"https:\/\/quehacerpolitico.mx\/?p=77715","og_locale":"es_MX","og_type":"article","og_title":"Habr\u00e1 1.5 millones de vacunas COVID-19 de CanSino envasadas en M\u00e9xico por semana: AMLO -","og_description":"Habr\u00e1 1.5 millones de vacunas COVID-19 de CanSino envasadas en M\u00e9xico por semana: AMLO Por...","og_url":"https:\/\/quehacerpolitico.mx\/?p=77715","article_published_time":"2021-03-23T17:40:55+00:00","og_image":[{"width":1242,"height":679,"url":"https:\/\/quehacerpolitico.mx\/wp-content\/uploads\/2021\/03\/8D285CEE-E81C-40F2-BF1E-F32B56B17ADD.jpeg","type":"image\/jpeg"}],"author":"Redacci\u00f3n QP","twitter_card":"summary_large_image","twitter_misc":{"Escrito por":"Redacci\u00f3n QP","Tiempo de lectura":"1 minuto"},"schema":{"@context":"https:\/\/schema.org","@graph":[{"@type":"Article","@id":"https:\/\/quehacerpolitico.mx\/?p=77715#article","isPartOf":{"@id":"https:\/\/quehacerpolitico.mx\/?p=77715"},"author":{"name":"Redacci\u00f3n QP","@id":"https:\/\/quehacerpolitico.mx\/#\/schema\/person\/496d8ad2d1d3f8036101dca7ee39e585"},"headline":"Habr\u00e1 1.5 millones de vacunas COVID-19 de CanSino envasadas en M\u00e9xico por semana: AMLO","datePublished":"2021-03-23T17:40:55+00:00","mainEntityOfPage":{"@id":"https:\/\/quehacerpolitico.mx\/?p=77715"},"wordCount":287,"commentCount":0,"image":{"@id":"https:\/\/quehacerpolitico.mx\/?p=77715#primaryimage"},"thumbnailUrl":"https:\/\/quehacerpolitico.mx\/wp-content\/uploads\/2021\/03\/8D285CEE-E81C-40F2-BF1E-F32B56B17ADD.jpeg","articleSection":["Noticias"],"inLanguage":"es","potentialAction":[{"@type":"CommentAction","name":"Comment","target":["https:\/\/quehacerpolitico.mx\/?p=77715#respond"]}]},{"@type":"WebPage","@id":"https:\/\/quehacerpolitico.mx\/?p=77715","url":"https:\/\/quehacerpolitico.mx\/?p=77715","name":"Habr\u00e1 1.5 millones de vacunas COVID-19 de CanSino envasadas en M\u00e9xico por semana: AMLO -","isPartOf":{"@id":"https:\/\/quehacerpolitico.mx\/#website"},"primaryImageOfPage":{"@id":"https:\/\/quehacerpolitico.mx\/?p=77715#primaryimage"},"image":{"@id":"https:\/\/quehacerpolitico.mx\/?p=77715#primaryimage"},"thumbnailUrl":"https:\/\/quehacerpolitico.mx\/wp-content\/uploads\/2021\/03\/8D285CEE-E81C-40F2-BF1E-F32B56B17ADD.jpeg","datePublished":"2021-03-23T17:40:55+00:00","author":{"@id":"https:\/\/quehacerpolitico.mx\/#\/schema\/person\/496d8ad2d1d3f8036101dca7ee39e585"},"breadcrumb":{"@id":"https:\/\/quehacerpolitico.mx\/?p=77715#breadcrumb"},"inLanguage":"es","potentialAction":[{"@type":"ReadAction","target":["https:\/\/quehacerpolitico.mx\/?p=77715"]}]},{"@type":"ImageObject","inLanguage":"es","@id":"https:\/\/quehacerpolitico.mx\/?p=77715#primaryimage","url":"https:\/\/quehacerpolitico.mx\/wp-content\/uploads\/2021\/03\/8D285CEE-E81C-40F2-BF1E-F32B56B17ADD.jpeg","contentUrl":"https:\/\/quehacerpolitico.mx\/wp-content\/uploads\/2021\/03\/8D285CEE-E81C-40F2-BF1E-F32B56B17ADD.jpeg","width":1242,"height":679},{"@type":"BreadcrumbList","@id":"https:\/\/quehacerpolitico.mx\/?p=77715#breadcrumb","itemListElement":[{"@type":"ListItem","position":1,"name":"Inicio","item":"https:\/\/quehacerpolitico.mx\/"},{"@type":"ListItem","position":2,"name":"Habr\u00e1 1.5 millones de vacunas COVID-19 de CanSino envasadas en M\u00e9xico por semana: AMLO"}]},{"@type":"WebSite","@id":"https:\/\/quehacerpolitico.mx\/#website","url":"https:\/\/quehacerpolitico.mx\/","name":"","description":"","potentialAction":[{"@type":"SearchAction","target":{"@type":"EntryPoint","urlTemplate":"https:\/\/quehacerpolitico.mx\/?s={search_term_string}"},"query-input":{"@type":"PropertyValueSpecification","valueRequired":true,"valueName":"search_term_string"}}],"inLanguage":"es"},{"@type":"Person","@id":"https:\/\/quehacerpolitico.mx\/#\/schema\/person\/496d8ad2d1d3f8036101dca7ee39e585","name":"Redacci\u00f3n QP","image":{"@type":"ImageObject","inLanguage":"es","@id":"https:\/\/secure.gravatar.com\/avatar\/c7164ed6fdec453195284ad24a5ae5b6e1eed2b848477fa2a4787ba9adf39a41?s=96&d=mm&r=g","url":"https:\/\/secure.gravatar.com\/avatar\/c7164ed6fdec453195284ad24a5ae5b6e1eed2b848477fa2a4787ba9adf39a41?s=96&d=mm&r=g","contentUrl":"https:\/\/secure.gravatar.com\/avatar\/c7164ed6fdec453195284ad24a5ae5b6e1eed2b848477fa2a4787ba9adf39a41?s=96&d=mm&r=g","caption":"Redacci\u00f3n QP"},"url":"https:\/\/quehacerpolitico.mx\/?author=2"}]}},"featured_image_urls":{"full":["https:\/\/quehacerpolitico.mx\/wp-content\/uploads\/2021\/03\/8D285CEE-E81C-40F2-BF1E-F32B56B17ADD.jpeg",1242,679,false],"thumbnail":["https:\/\/quehacerpolitico.mx\/wp-content\/uploads\/2021\/03\/8D285CEE-E81C-40F2-BF1E-F32B56B17ADD-150x150.jpeg",150,150,true],"medium":["https:\/\/quehacerpolitico.mx\/wp-content\/uploads\/2021\/03\/8D285CEE-E81C-40F2-BF1E-F32B56B17ADD-300x164.jpeg",300,164,true],"medium_large":["https:\/\/quehacerpolitico.mx\/wp-content\/uploads\/2021\/03\/8D285CEE-E81C-40F2-BF1E-F32B56B17ADD-768x420.jpeg",640,350,true],"large":["https:\/\/quehacerpolitico.mx\/wp-content\/uploads\/2021\/03\/8D285CEE-E81C-40F2-BF1E-F32B56B17ADD-1024x560.jpeg",640,350,true],"1536x1536":["https:\/\/quehacerpolitico.mx\/wp-content\/uploads\/2021\/03\/8D285CEE-E81C-40F2-BF1E-F32B56B17ADD.jpeg",1242,679,false],"2048x2048":["https:\/\/quehacerpolitico.mx\/wp-content\/uploads\/2021\/03\/8D285CEE-E81C-40F2-BF1E-F32B56B17ADD.jpeg",1242,679,false],"covernews-featured":["https:\/\/quehacerpolitico.mx\/wp-content\/uploads\/2021\/03\/8D285CEE-E81C-40F2-BF1E-F32B56B17ADD.jpeg",1024,560,false],"covernews-medium":["https:\/\/quehacerpolitico.mx\/wp-content\/uploads\/2021\/03\/8D285CEE-E81C-40F2-BF1E-F32B56B17ADD.jpeg",540,295,false]},"author_info":{"display_name":"Redacci\u00f3n QP","author_link":"https:\/\/quehacerpolitico.mx\/?author=2"},"category_info":"<a href=\"https:\/\/quehacerpolitico.mx\/?cat=2\" rel=\"category\">Noticias<\/a>","tag_info":"Noticias","comment_count":"0","_links":{"self":[{"href":"https:\/\/quehacerpolitico.mx\/index.php?rest_route=\/wp\/v2\/posts\/77715","targetHints":{"allow":["GET"]}}],"collection":[{"href":"https:\/\/quehacerpolitico.mx\/index.php?rest_route=\/wp\/v2\/posts"}],"about":[{"href":"https:\/\/quehacerpolitico.mx\/index.php?rest_route=\/wp\/v2\/types\/post"}],"author":[{"embeddable":true,"href":"https:\/\/quehacerpolitico.mx\/index.php?rest_route=\/wp\/v2\/users\/2"}],"replies":[{"embeddable":true,"href":"https:\/\/quehacerpolitico.mx\/index.php?rest_route=%2Fwp%2Fv2%2Fcomments&post=77715"}],"version-history":[{"count":0,"href":"https:\/\/quehacerpolitico.mx\/index.php?rest_route=\/wp\/v2\/posts\/77715\/revisions"}],"wp:featuredmedia":[{"embeddable":true,"href":"https:\/\/quehacerpolitico.mx\/index.php?rest_route=\/wp\/v2\/media\/77718"}],"wp:attachment":[{"href":"https:\/\/quehacerpolitico.mx\/index.php?rest_route=%2Fwp%2Fv2%2Fmedia&parent=77715"}],"wp:term":[{"taxonomy":"category","embeddable":true,"href":"https:\/\/quehacerpolitico.mx\/index.php?rest_route=%2Fwp%2Fv2%2Fcategories&post=77715"},{"taxonomy":"post_tag","embeddable":true,"href":"https:\/\/quehacerpolitico.mx\/index.php?rest_route=%2Fwp%2Fv2%2Ftags&post=77715"}],"curies":[{"name":"wp","href":"https:\/\/api.w.org\/{rel}","templated":true}]}}