{"id":7764,"date":"2018-10-26T03:46:43","date_gmt":"2018-10-26T03:46:43","guid":{"rendered":"http:\/\/quehacerpolitico.mx\/conmemoraran-dia-de-muertos-2018-en-distintos-puntos-de-la-cdmx\/"},"modified":"2018-10-26T03:46:43","modified_gmt":"2018-10-26T03:46:43","slug":"conmemoraran-dia-de-muertos-2018-en-distintos-puntos-de-la-cdmx","status":"publish","type":"post","link":"https:\/\/quehacerpolitico.mx\/?p=7764","title":{"rendered":"CONMEMORAR\u00c1N D\u00cdA DE MUERTOS 2018 EN DISTINTOS PUNTOS DE LA CDMX"},"content":{"rendered":"<h3 class=\"post-title entry-title\">CONMEMORAR\u00c1N D\u00cdA DE MUERTOS 2018 EN DISTINTOS PUNTOS DE LA CDMX<\/h3>\n<p>Por Nancy Leticia Herrera Guerrero<\/p>\n<p class=\"yiv7883460342MsoNormal\">La Celebraci\u00f3n del D\u00eda de Muertos 2018 habitar\u00e1 en distintos espacios de la Ciudad de M\u00e9xico con actividades preparadas para festejar una de las mayores tradiciones arraigadas en la cultura popular mexicana que comenzar\u00e1n el s\u00e1bado 27 de octubre con el Desfile y la Gran Ofrenda del Z\u00f3calo (vigente hasta el 4 de noviembre).<\/p>\n<p class=\"yiv7883460342MsoNormal\">En medio de un ambiente festivo, pero tambi\u00e9n de conmemoraci\u00f3n el Desfile y la Gran Ofrenda se realizan por tercer a\u00f1o consecutivo en la capital del pa\u00eds, instaurados por decreto en 2016. Esta edici\u00f3n girar\u00e1 en torno al tema Migraciones, como homenaje a las personas que han perdido la vida en su b\u00fasqueda de mejores oportunidades.<\/p>\n<p class=\"yiv7883460342MsoNormal\">La oferta cultural, art\u00edstica y tur\u00edstica en torno a la tradici\u00f3n declarada en 2003 Patrimonio Cultural Inmaterial de la Humanidad por la Organizaci\u00f3n de las Naciones Unidas para la Educaci\u00f3n, la Ciencia y la Cultura (UNESCO) se enriquecer\u00e1 en la CDMX con la diversidad de expresiones que preparan alrededor de 30 recintos, entre instituciones, museos y centros culturales.<\/p>\n<p class=\"yiv7883460342MsoNormal\">Para el disfrute de los habitantes y visitantes de la Ciudad de M\u00e9xico, la F\u00e1brica de Artes y Oficios (FARO) de Oriente celebrar\u00e1 a los Fieles Difuntos con el Festival Mictl\u00e1n, que re\u00fane m\u00fasica, danza y teatro. Tambi\u00e9n habr\u00e1 actividades en los FAROS de Arag\u00f3n, Indios Verdes, Tl\u00e1huac y Milpa Alta-Miacatl\u00e1n.<\/p>\n<p><span lang=\"X-NONE\">\u00a0<\/span><span lang=\"X-NONE\">A la tradicional Noche de Museos, que se realiza el \u00faltimo mi\u00e9rcoles de cada mes, el 31 de octubre diversos recintos tendr\u00e1n actividades especiales, como el Museo Nacional de la Revoluci\u00f3n que abrir\u00e1 la exposici\u00f3n\u00a0<i>Calaveras del D\u00eda de Muertos<\/i>, del artista Julio Ferr\u00e1, y ofrecer\u00e1 la visita guida &#8220;El \u00e1nimo de la Revoluci\u00f3n&#8221;.<\/span><\/p>\n<p><span lang=\"X-NONE\">Altares tradicionales, concursos de disfraces de catrinas, talleres de tzompantli y conciertos, entre otras actividades, se efectuar\u00e1n en espacios\u00a0<\/span><span lang=\"X-NONE\">como el Museo de la Ciudad de M\u00e9xico, el Museo del Estanquillo, el Museo de Arte Popular, el Centro Cultural Ollin Yoliztli y el Antiguo Colegio de San Ildefonso<\/span><\/p>\n<p class=\"yiv7883460342MsoNormal\">Entre las actividades en el espacio p\u00fablico destaca\u00a0el concierto de la cantante mexicana Eugenia Le\u00f3n que ofrecer\u00e1 el concierto de gala el viernes 2 de noviembre, a las 19:00 horas, en el Monumento a la Revoluci\u00f3n.<\/p>\n<p class=\"yiv7883460342MsoNormal\"><span lang=\"ES\">Todas las actividades de la\u00a0<b>Celebraci\u00f3n de Muertos 2018<\/b>\u00a0est\u00e1n disponibles en el<b>\u00a0<\/b>micrositio<b><\/b><\/span><span lang=\"ES\"><a href=\"http:\/\/www.cultura.cdmx.gob.mx\/celebraciondemuertos\" target=\"_blank\" rel=\"nofollow noopener\"><b>www.cultura.cdmx.gob.mx\/celebraciondemuertos<\/b><\/a><\/span><span id=\"yMail_cursorElementTracker_1540513829254\" lang=\"ES\">. S\u00edgala en redes sociales (Twitter y Facebook) con el hashtag\u00a0<b>#Celebraci\u00f3nDeMuertos<\/b>.<\/span><\/p>\n","protected":false},"excerpt":{"rendered":"<p>CONMEMORAR\u00c1N D\u00cdA DE MUERTOS 2018 EN DISTINTOS PUNTOS DE LA CDMX<br \/>\nPor Nancy Leticia Herrera Guerrero<\/p>\n","protected":false},"author":2,"featured_media":7763,"comment_status":"open","ping_status":"open","sticky":false,"template":"","format":"standard","meta":{"_monsterinsights_skip_tracking":false,"_monsterinsights_sitenote_active":false,"_monsterinsights_sitenote_note":"","_monsterinsights_sitenote_category":0,"footnotes":""},"categories":[55],"tags":[],"class_list":["post-7764","post","type-post","status-publish","format-standard","has-post-thumbnail","hentry","category-cdmx"],"yoast_head":"<!-- This site is optimized with the Yoast SEO plugin v27.3 - https:\/\/yoast.com\/product\/yoast-seo-wordpress\/ -->\n<title>CONMEMORAR\u00c1N D\u00cdA DE MUERTOS 2018 EN DISTINTOS PUNTOS DE LA CDMX -<\/title>\n<meta name=\"robots\" content=\"index, follow, max-snippet:-1, max-image-preview:large, max-video-preview:-1\" \/>\n<link rel=\"canonical\" href=\"https:\/\/quehacerpolitico.mx\/?p=7764\" \/>\n<meta property=\"og:locale\" content=\"es_MX\" \/>\n<meta property=\"og:type\" content=\"article\" \/>\n<meta property=\"og:title\" content=\"CONMEMORAR\u00c1N D\u00cdA DE MUERTOS 2018 EN DISTINTOS PUNTOS DE LA CDMX -\" \/>\n<meta property=\"og:description\" content=\"CONMEMORAR\u00c1N D\u00cdA DE MUERTOS 2018 EN DISTINTOS PUNTOS DE LA CDMX Por Nancy Leticia Herrera Guerrero\" \/>\n<meta property=\"og:url\" content=\"https:\/\/quehacerpolitico.mx\/?p=7764\" \/>\n<meta property=\"article:published_time\" content=\"2018-10-26T03:46:43+00:00\" \/>\n<meta name=\"author\" content=\"Redacci\u00f3n QP\" \/>\n<meta name=\"twitter:card\" content=\"summary_large_image\" \/>\n<meta name=\"twitter:label1\" content=\"Escrito por\" \/>\n\t<meta name=\"twitter:data1\" content=\"Redacci\u00f3n QP\" \/>\n\t<meta name=\"twitter:label2\" content=\"Tiempo de lectura\" \/>\n\t<meta name=\"twitter:data2\" content=\"2 minutos\" \/>\n<script type=\"application\/ld+json\" class=\"yoast-schema-graph\">{\"@context\":\"https:\\\/\\\/schema.org\",\"@graph\":[{\"@type\":\"Article\",\"@id\":\"https:\\\/\\\/quehacerpolitico.mx\\\/?p=7764#article\",\"isPartOf\":{\"@id\":\"https:\\\/\\\/quehacerpolitico.mx\\\/?p=7764\"},\"author\":{\"name\":\"Redacci\u00f3n QP\",\"@id\":\"https:\\\/\\\/quehacerpolitico.mx\\\/#\\\/schema\\\/person\\\/496d8ad2d1d3f8036101dca7ee39e585\"},\"headline\":\"CONMEMORAR\u00c1N D\u00cdA DE MUERTOS 2018 EN DISTINTOS PUNTOS DE LA CDMX\",\"datePublished\":\"2018-10-26T03:46:43+00:00\",\"mainEntityOfPage\":{\"@id\":\"https:\\\/\\\/quehacerpolitico.mx\\\/?p=7764\"},\"wordCount\":449,\"commentCount\":0,\"image\":{\"@id\":\"https:\\\/\\\/quehacerpolitico.mx\\\/?p=7764#primaryimage\"},\"thumbnailUrl\":\"\",\"articleSection\":[\"CDMX\"],\"inLanguage\":\"es\",\"potentialAction\":[{\"@type\":\"CommentAction\",\"name\":\"Comment\",\"target\":[\"https:\\\/\\\/quehacerpolitico.mx\\\/?p=7764#respond\"]}]},{\"@type\":\"WebPage\",\"@id\":\"https:\\\/\\\/quehacerpolitico.mx\\\/?p=7764\",\"url\":\"https:\\\/\\\/quehacerpolitico.mx\\\/?p=7764\",\"name\":\"CONMEMORAR\u00c1N D\u00cdA DE MUERTOS 2018 EN DISTINTOS PUNTOS DE LA CDMX -\",\"isPartOf\":{\"@id\":\"https:\\\/\\\/quehacerpolitico.mx\\\/#website\"},\"primaryImageOfPage\":{\"@id\":\"https:\\\/\\\/quehacerpolitico.mx\\\/?p=7764#primaryimage\"},\"image\":{\"@id\":\"https:\\\/\\\/quehacerpolitico.mx\\\/?p=7764#primaryimage\"},\"thumbnailUrl\":\"\",\"datePublished\":\"2018-10-26T03:46:43+00:00\",\"author\":{\"@id\":\"https:\\\/\\\/quehacerpolitico.mx\\\/#\\\/schema\\\/person\\\/496d8ad2d1d3f8036101dca7ee39e585\"},\"breadcrumb\":{\"@id\":\"https:\\\/\\\/quehacerpolitico.mx\\\/?p=7764#breadcrumb\"},\"inLanguage\":\"es\",\"potentialAction\":[{\"@type\":\"ReadAction\",\"target\":[\"https:\\\/\\\/quehacerpolitico.mx\\\/?p=7764\"]}]},{\"@type\":\"ImageObject\",\"inLanguage\":\"es\",\"@id\":\"https:\\\/\\\/quehacerpolitico.mx\\\/?p=7764#primaryimage\",\"url\":\"\",\"contentUrl\":\"\"},{\"@type\":\"BreadcrumbList\",\"@id\":\"https:\\\/\\\/quehacerpolitico.mx\\\/?p=7764#breadcrumb\",\"itemListElement\":[{\"@type\":\"ListItem\",\"position\":1,\"name\":\"Inicio\",\"item\":\"https:\\\/\\\/quehacerpolitico.mx\\\/\"},{\"@type\":\"ListItem\",\"position\":2,\"name\":\"CONMEMORAR\u00c1N D\u00cdA DE MUERTOS 2018 EN DISTINTOS PUNTOS DE LA CDMX\"}]},{\"@type\":\"WebSite\",\"@id\":\"https:\\\/\\\/quehacerpolitico.mx\\\/#website\",\"url\":\"https:\\\/\\\/quehacerpolitico.mx\\\/\",\"name\":\"\",\"description\":\"\",\"potentialAction\":[{\"@type\":\"SearchAction\",\"target\":{\"@type\":\"EntryPoint\",\"urlTemplate\":\"https:\\\/\\\/quehacerpolitico.mx\\\/?s={search_term_string}\"},\"query-input\":{\"@type\":\"PropertyValueSpecification\",\"valueRequired\":true,\"valueName\":\"search_term_string\"}}],\"inLanguage\":\"es\"},{\"@type\":\"Person\",\"@id\":\"https:\\\/\\\/quehacerpolitico.mx\\\/#\\\/schema\\\/person\\\/496d8ad2d1d3f8036101dca7ee39e585\",\"name\":\"Redacci\u00f3n QP\",\"image\":{\"@type\":\"ImageObject\",\"inLanguage\":\"es\",\"@id\":\"https:\\\/\\\/secure.gravatar.com\\\/avatar\\\/c7164ed6fdec453195284ad24a5ae5b6e1eed2b848477fa2a4787ba9adf39a41?s=96&d=mm&r=g\",\"url\":\"https:\\\/\\\/secure.gravatar.com\\\/avatar\\\/c7164ed6fdec453195284ad24a5ae5b6e1eed2b848477fa2a4787ba9adf39a41?s=96&d=mm&r=g\",\"contentUrl\":\"https:\\\/\\\/secure.gravatar.com\\\/avatar\\\/c7164ed6fdec453195284ad24a5ae5b6e1eed2b848477fa2a4787ba9adf39a41?s=96&d=mm&r=g\",\"caption\":\"Redacci\u00f3n QP\"},\"url\":\"https:\\\/\\\/quehacerpolitico.mx\\\/?author=2\"}]}<\/script>\n<!-- \/ Yoast SEO plugin. -->","yoast_head_json":{"title":"CONMEMORAR\u00c1N D\u00cdA DE MUERTOS 2018 EN DISTINTOS PUNTOS DE LA CDMX -","robots":{"index":"index","follow":"follow","max-snippet":"max-snippet:-1","max-image-preview":"max-image-preview:large","max-video-preview":"max-video-preview:-1"},"canonical":"https:\/\/quehacerpolitico.mx\/?p=7764","og_locale":"es_MX","og_type":"article","og_title":"CONMEMORAR\u00c1N D\u00cdA DE MUERTOS 2018 EN DISTINTOS PUNTOS DE LA CDMX -","og_description":"CONMEMORAR\u00c1N D\u00cdA DE MUERTOS 2018 EN DISTINTOS PUNTOS DE LA CDMX Por Nancy Leticia Herrera Guerrero","og_url":"https:\/\/quehacerpolitico.mx\/?p=7764","article_published_time":"2018-10-26T03:46:43+00:00","author":"Redacci\u00f3n QP","twitter_card":"summary_large_image","twitter_misc":{"Escrito por":"Redacci\u00f3n QP","Tiempo de lectura":"2 minutos"},"schema":{"@context":"https:\/\/schema.org","@graph":[{"@type":"Article","@id":"https:\/\/quehacerpolitico.mx\/?p=7764#article","isPartOf":{"@id":"https:\/\/quehacerpolitico.mx\/?p=7764"},"author":{"name":"Redacci\u00f3n QP","@id":"https:\/\/quehacerpolitico.mx\/#\/schema\/person\/496d8ad2d1d3f8036101dca7ee39e585"},"headline":"CONMEMORAR\u00c1N D\u00cdA DE MUERTOS 2018 EN DISTINTOS PUNTOS DE LA CDMX","datePublished":"2018-10-26T03:46:43+00:00","mainEntityOfPage":{"@id":"https:\/\/quehacerpolitico.mx\/?p=7764"},"wordCount":449,"commentCount":0,"image":{"@id":"https:\/\/quehacerpolitico.mx\/?p=7764#primaryimage"},"thumbnailUrl":"","articleSection":["CDMX"],"inLanguage":"es","potentialAction":[{"@type":"CommentAction","name":"Comment","target":["https:\/\/quehacerpolitico.mx\/?p=7764#respond"]}]},{"@type":"WebPage","@id":"https:\/\/quehacerpolitico.mx\/?p=7764","url":"https:\/\/quehacerpolitico.mx\/?p=7764","name":"CONMEMORAR\u00c1N D\u00cdA DE MUERTOS 2018 EN DISTINTOS PUNTOS DE LA CDMX -","isPartOf":{"@id":"https:\/\/quehacerpolitico.mx\/#website"},"primaryImageOfPage":{"@id":"https:\/\/quehacerpolitico.mx\/?p=7764#primaryimage"},"image":{"@id":"https:\/\/quehacerpolitico.mx\/?p=7764#primaryimage"},"thumbnailUrl":"","datePublished":"2018-10-26T03:46:43+00:00","author":{"@id":"https:\/\/quehacerpolitico.mx\/#\/schema\/person\/496d8ad2d1d3f8036101dca7ee39e585"},"breadcrumb":{"@id":"https:\/\/quehacerpolitico.mx\/?p=7764#breadcrumb"},"inLanguage":"es","potentialAction":[{"@type":"ReadAction","target":["https:\/\/quehacerpolitico.mx\/?p=7764"]}]},{"@type":"ImageObject","inLanguage":"es","@id":"https:\/\/quehacerpolitico.mx\/?p=7764#primaryimage","url":"","contentUrl":""},{"@type":"BreadcrumbList","@id":"https:\/\/quehacerpolitico.mx\/?p=7764#breadcrumb","itemListElement":[{"@type":"ListItem","position":1,"name":"Inicio","item":"https:\/\/quehacerpolitico.mx\/"},{"@type":"ListItem","position":2,"name":"CONMEMORAR\u00c1N D\u00cdA DE MUERTOS 2018 EN DISTINTOS PUNTOS DE LA CDMX"}]},{"@type":"WebSite","@id":"https:\/\/quehacerpolitico.mx\/#website","url":"https:\/\/quehacerpolitico.mx\/","name":"","description":"","potentialAction":[{"@type":"SearchAction","target":{"@type":"EntryPoint","urlTemplate":"https:\/\/quehacerpolitico.mx\/?s={search_term_string}"},"query-input":{"@type":"PropertyValueSpecification","valueRequired":true,"valueName":"search_term_string"}}],"inLanguage":"es"},{"@type":"Person","@id":"https:\/\/quehacerpolitico.mx\/#\/schema\/person\/496d8ad2d1d3f8036101dca7ee39e585","name":"Redacci\u00f3n QP","image":{"@type":"ImageObject","inLanguage":"es","@id":"https:\/\/secure.gravatar.com\/avatar\/c7164ed6fdec453195284ad24a5ae5b6e1eed2b848477fa2a4787ba9adf39a41?s=96&d=mm&r=g","url":"https:\/\/secure.gravatar.com\/avatar\/c7164ed6fdec453195284ad24a5ae5b6e1eed2b848477fa2a4787ba9adf39a41?s=96&d=mm&r=g","contentUrl":"https:\/\/secure.gravatar.com\/avatar\/c7164ed6fdec453195284ad24a5ae5b6e1eed2b848477fa2a4787ba9adf39a41?s=96&d=mm&r=g","caption":"Redacci\u00f3n QP"},"url":"https:\/\/quehacerpolitico.mx\/?author=2"}]}},"featured_image_urls":{"full":"","thumbnail":"","medium":"","medium_large":"","large":"","1536x1536":"","2048x2048":"","covernews-featured":"","covernews-medium":""},"author_info":{"display_name":"Redacci\u00f3n QP","author_link":"https:\/\/quehacerpolitico.mx\/?author=2"},"category_info":"<a href=\"https:\/\/quehacerpolitico.mx\/?cat=55\" rel=\"category\">CDMX<\/a>","tag_info":"CDMX","comment_count":"0","_links":{"self":[{"href":"https:\/\/quehacerpolitico.mx\/index.php?rest_route=\/wp\/v2\/posts\/7764","targetHints":{"allow":["GET"]}}],"collection":[{"href":"https:\/\/quehacerpolitico.mx\/index.php?rest_route=\/wp\/v2\/posts"}],"about":[{"href":"https:\/\/quehacerpolitico.mx\/index.php?rest_route=\/wp\/v2\/types\/post"}],"author":[{"embeddable":true,"href":"https:\/\/quehacerpolitico.mx\/index.php?rest_route=\/wp\/v2\/users\/2"}],"replies":[{"embeddable":true,"href":"https:\/\/quehacerpolitico.mx\/index.php?rest_route=%2Fwp%2Fv2%2Fcomments&post=7764"}],"version-history":[{"count":0,"href":"https:\/\/quehacerpolitico.mx\/index.php?rest_route=\/wp\/v2\/posts\/7764\/revisions"}],"wp:featuredmedia":[{"embeddable":true,"href":"https:\/\/quehacerpolitico.mx\/index.php?rest_route=\/"}],"wp:attachment":[{"href":"https:\/\/quehacerpolitico.mx\/index.php?rest_route=%2Fwp%2Fv2%2Fmedia&parent=7764"}],"wp:term":[{"taxonomy":"category","embeddable":true,"href":"https:\/\/quehacerpolitico.mx\/index.php?rest_route=%2Fwp%2Fv2%2Fcategories&post=7764"},{"taxonomy":"post_tag","embeddable":true,"href":"https:\/\/quehacerpolitico.mx\/index.php?rest_route=%2Fwp%2Fv2%2Ftags&post=7764"}],"curies":[{"name":"wp","href":"https:\/\/api.w.org\/{rel}","templated":true}]}}