{"id":7762,"date":"2018-10-26T03:39:21","date_gmt":"2018-10-26T03:39:21","guid":{"rendered":"http:\/\/quehacerpolitico.mx\/tunden-en-redes-a-priista-que-demuestra-consulta-amanada-sobre-naim\/"},"modified":"2018-10-26T03:39:21","modified_gmt":"2018-10-26T03:39:21","slug":"tunden-en-redes-a-priista-que-demuestra-consulta-amanada-sobre-naim","status":"publish","type":"post","link":"https:\/\/quehacerpolitico.mx\/?p=7762","title":{"rendered":"Tunden en redes a priista que demuestra consulta ama\u00f1ada sobre NAIM"},"content":{"rendered":"<h2 class=\"genTitle\">Tunden en redes a priista que demuestra consulta ama\u00f1ada sobre NAIM<\/h2>\n<p>Por Redacci\u00f3n QP<\/p>\n<p>Cristi\u00e1n M\u00fa\u00f1oz, un joven<strong> priista<\/strong> de<strong> Aguascalientes<\/strong>, fue criticado en las <strong>redes sociales<\/strong> por publicar en<strong><em> twitter<\/em><\/strong>que vot\u00f3 cuatro veces en la<strong> consulta ciudadana<\/strong> sobre el <strong>Nuevo Aeropuerto Internacional de la Ciudad de M\u00e9xico (NAIM).<\/strong><\/p>\n<p>M\u00fa\u00f1oz public\u00f3 en la plataforma varias fotograf\u00edas donde sostiene diferentes boletas con los n\u00fameros marcados del uno al cuatro, con lo que demostr\u00f3 las veces\u00a0 vot\u00f3 en distintas casillas.<\/p>\n<p>https:\/\/twitter.com\/pollomunoz\/status\/1055491675643092995?s=21<\/p>\n<p>Al parecer el chico s\u00f3lo quiso demostrar a las personas que la consulta es un fraude, afirmando con iron\u00eda que \u2018no sab\u00eda porque dec\u00edan que est\u00e1 ama\u00f1ada, si el ya vot\u00f3 tres veces\u2019, pero los <strong>internautas<\/strong> no compartieron el mismo punto de vista.<\/p>\n<p>Este acto enfureci\u00f3 a los usuarios de las redes sociales, quienes lo criticaron con fuertes acusaciones de<strong> \u2018t\u00edpico priista deshonesto\u2019<\/strong> y dem\u00e1s comentarios de la misma \u00edndole, por lo que Mu\u00f1oz sali\u00f3 a defenderse.<\/p>\n<p><img loading=\"lazy\" decoding=\"async\" class=\"alignnone wp-image-258230\" src=\"https:\/\/elbigdata.mx\/wp-content\/uploads\/2018\/10\/tweet.png\" sizes=\"auto, (max-width: 610px) 100vw, 610px\" srcset=\"https:\/\/elbigdata.mx\/wp-content\/uploads\/2018\/10\/tweet.png 708w, https:\/\/elbigdata.mx\/wp-content\/uploads\/2018\/10\/tweet-300x89.png 300w\" alt=\"\" width=\"610\" height=\"181\" \/><\/p>\n<blockquote>\n<p>\u201cNo amigos, no soy tramposo. Tendr\u00eda que ser muy est\u00fapido para querer hacer trampa y yo mismo subir la evidencia. Muchos no entienden o no quieren entender el punto de lo que hice\u2026 estamos jodidos\u201d declar\u00f3 en su cuenta de <strong>twitter.<\/strong><\/p>\n<\/blockquote>\n<p><img loading=\"lazy\" decoding=\"async\" class=\"alignnone wp-image-258233\" src=\"https:\/\/elbigdata.mx\/wp-content\/uploads\/2018\/10\/tweet-2.png\" sizes=\"auto, (max-width: 632px) 100vw, 632px\" srcset=\"https:\/\/elbigdata.mx\/wp-content\/uploads\/2018\/10\/tweet-2.png 711w, https:\/\/elbigdata.mx\/wp-content\/uploads\/2018\/10\/tweet-2-300x80.png 300w\" alt=\"\" width=\"632\" height=\"168\" \/><\/p>\n<h2>Otos casos<\/h2>\n<p>Esto es debido a que el primer d\u00eda de la consulta tuvo una serie de irregularidades en donde los votantes denunciaron que la<strong> plataforma digital<\/strong> en donde se registra la participaci\u00f3n, es deficiente.<\/p>\n<p>Este no es el \u00fanico caso en donde un mexicano vot\u00f3 m\u00e1s de una vez, incluso reporteros de E<strong>l Gran Diario de M\u00e9xico<\/strong> y <strong>Vanguardia<\/strong> comprobaron la mala administraci\u00f3n en las zonas de votaci\u00f3n, participando m\u00e1s de una vez.<\/p>\n<p>El proceso para la consulta es llegar con la credencial de elector, que se registra en una<strong> aplicaci\u00f3n en l\u00ednea<\/strong>, que deber\u00eda servir de filtro, para saber si la persona ya hab\u00eda emitido su sufragio con anterioridad.<\/p>\n<p>Luego como en cualquier <strong>votaci\u00f3n<\/strong> regular los responsables de la casilla colocan tinta con un coj\u00edn en el dedo pulgar, pero los ciudadanos informaron que se puede borrar incluso con agua y jab\u00f3n.<\/p>\n<p>Las <strong>autoridades<\/strong> no salieron para aclarar sobre lo que pasar\u00e1 con los votos \u2018duplicados\u2019 o si habr\u00e1 alguna manera de evitar este hecho.<\/p>\n<blockquote class=\"twitter-tweet\" data-width=\"550\" data-dnt=\"true\">\n<p lang=\"es\" dir=\"ltr\">\u00bfLa <a href=\"https:\/\/twitter.com\/hashtag\/ConsultaNAIM?src=hash&amp;ref_src=twsrc%5Etfw\">#ConsultaNAIM<\/a> se vio alterada por las personas que votaron dos o hasta tres veces?<\/p>\n<p>Esto dice <a href=\"https:\/\/twitter.com\/hashtag\/AMLO?src=hash&amp;ref_src=twsrc%5Etfw\">#AMLO<\/a> al salir de su casa de campa\u00f1a<\/p>\n<p>La informaci\u00f3n con <a href=\"https:\/\/twitter.com\/azucenau?ref_src=twsrc%5Etfw\">@azucenau<\/a> <a href=\"https:\/\/twitter.com\/hashtag\/AzucenaxMILENIO?src=hash&amp;ref_src=twsrc%5Etfw\">#AzucenaxMILENIO<\/a>  <a href=\"https:\/\/t.co\/yc2FQpd42i\">https:\/\/t.co\/yc2FQpd42i<\/a> <a href=\"https:\/\/t.co\/fcuX2N0nT4\">pic.twitter.com\/fcuX2N0nT4<\/a><\/p>\n<p>&mdash; Milenio (@Milenio) <a href=\"https:\/\/twitter.com\/Milenio\/status\/1055649348866977793?ref_src=twsrc%5Etfw\">October 26, 2018<\/a><\/p><\/blockquote>\n<p><script async src=\"https:\/\/platform.twitter.com\/widgets.js\" charset=\"utf-8\"><\/script><\/p>\n","protected":false},"excerpt":{"rendered":"<p>Tunden en redes a priista que demuestra consulta ama\u00f1ada sobre NAIM<br \/>\nPor Redacci\u00f3n QP<\/p>\n","protected":false},"author":2,"featured_media":7761,"comment_status":"open","ping_status":"open","sticky":false,"template":"","format":"standard","meta":{"_monsterinsights_skip_tracking":false,"_monsterinsights_sitenote_active":false,"_monsterinsights_sitenote_note":"","_monsterinsights_sitenote_category":0,"footnotes":""},"categories":[2],"tags":[],"class_list":["post-7762","post","type-post","status-publish","format-standard","has-post-thumbnail","hentry","category-noticias"],"yoast_head":"<!-- This site is optimized with the Yoast SEO plugin v27.3 - https:\/\/yoast.com\/product\/yoast-seo-wordpress\/ -->\n<title>Tunden en redes a priista que demuestra consulta ama\u00f1ada sobre NAIM -<\/title>\n<meta name=\"robots\" content=\"index, follow, max-snippet:-1, max-image-preview:large, max-video-preview:-1\" \/>\n<link rel=\"canonical\" href=\"https:\/\/quehacerpolitico.mx\/?p=7762\" \/>\n<meta property=\"og:locale\" content=\"es_MX\" \/>\n<meta property=\"og:type\" content=\"article\" \/>\n<meta property=\"og:title\" content=\"Tunden en redes a priista que demuestra consulta ama\u00f1ada sobre NAIM -\" \/>\n<meta property=\"og:description\" content=\"Tunden en redes a priista que demuestra consulta ama\u00f1ada sobre NAIM Por Redacci\u00f3n QP\" \/>\n<meta property=\"og:url\" content=\"https:\/\/quehacerpolitico.mx\/?p=7762\" \/>\n<meta property=\"article:published_time\" content=\"2018-10-26T03:39:21+00:00\" \/>\n<meta name=\"author\" content=\"Redacci\u00f3n QP\" \/>\n<meta name=\"twitter:card\" content=\"summary_large_image\" \/>\n<meta name=\"twitter:label1\" content=\"Escrito por\" \/>\n\t<meta name=\"twitter:data1\" content=\"Redacci\u00f3n QP\" \/>\n\t<meta name=\"twitter:label2\" content=\"Tiempo de lectura\" \/>\n\t<meta name=\"twitter:data2\" content=\"2 minutos\" \/>\n<script type=\"application\/ld+json\" class=\"yoast-schema-graph\">{\"@context\":\"https:\\\/\\\/schema.org\",\"@graph\":[{\"@type\":\"Article\",\"@id\":\"https:\\\/\\\/quehacerpolitico.mx\\\/?p=7762#article\",\"isPartOf\":{\"@id\":\"https:\\\/\\\/quehacerpolitico.mx\\\/?p=7762\"},\"author\":{\"name\":\"Redacci\u00f3n QP\",\"@id\":\"https:\\\/\\\/quehacerpolitico.mx\\\/#\\\/schema\\\/person\\\/496d8ad2d1d3f8036101dca7ee39e585\"},\"headline\":\"Tunden en redes a priista que demuestra consulta ama\u00f1ada sobre NAIM\",\"datePublished\":\"2018-10-26T03:39:21+00:00\",\"mainEntityOfPage\":{\"@id\":\"https:\\\/\\\/quehacerpolitico.mx\\\/?p=7762\"},\"wordCount\":420,\"commentCount\":0,\"image\":{\"@id\":\"https:\\\/\\\/quehacerpolitico.mx\\\/?p=7762#primaryimage\"},\"thumbnailUrl\":\"\",\"articleSection\":[\"Noticias\"],\"inLanguage\":\"es\",\"potentialAction\":[{\"@type\":\"CommentAction\",\"name\":\"Comment\",\"target\":[\"https:\\\/\\\/quehacerpolitico.mx\\\/?p=7762#respond\"]}]},{\"@type\":\"WebPage\",\"@id\":\"https:\\\/\\\/quehacerpolitico.mx\\\/?p=7762\",\"url\":\"https:\\\/\\\/quehacerpolitico.mx\\\/?p=7762\",\"name\":\"Tunden en redes a priista que demuestra consulta ama\u00f1ada sobre NAIM -\",\"isPartOf\":{\"@id\":\"https:\\\/\\\/quehacerpolitico.mx\\\/#website\"},\"primaryImageOfPage\":{\"@id\":\"https:\\\/\\\/quehacerpolitico.mx\\\/?p=7762#primaryimage\"},\"image\":{\"@id\":\"https:\\\/\\\/quehacerpolitico.mx\\\/?p=7762#primaryimage\"},\"thumbnailUrl\":\"\",\"datePublished\":\"2018-10-26T03:39:21+00:00\",\"author\":{\"@id\":\"https:\\\/\\\/quehacerpolitico.mx\\\/#\\\/schema\\\/person\\\/496d8ad2d1d3f8036101dca7ee39e585\"},\"breadcrumb\":{\"@id\":\"https:\\\/\\\/quehacerpolitico.mx\\\/?p=7762#breadcrumb\"},\"inLanguage\":\"es\",\"potentialAction\":[{\"@type\":\"ReadAction\",\"target\":[\"https:\\\/\\\/quehacerpolitico.mx\\\/?p=7762\"]}]},{\"@type\":\"ImageObject\",\"inLanguage\":\"es\",\"@id\":\"https:\\\/\\\/quehacerpolitico.mx\\\/?p=7762#primaryimage\",\"url\":\"\",\"contentUrl\":\"\"},{\"@type\":\"BreadcrumbList\",\"@id\":\"https:\\\/\\\/quehacerpolitico.mx\\\/?p=7762#breadcrumb\",\"itemListElement\":[{\"@type\":\"ListItem\",\"position\":1,\"name\":\"Inicio\",\"item\":\"https:\\\/\\\/quehacerpolitico.mx\\\/\"},{\"@type\":\"ListItem\",\"position\":2,\"name\":\"Tunden en redes a priista que demuestra consulta ama\u00f1ada sobre NAIM\"}]},{\"@type\":\"WebSite\",\"@id\":\"https:\\\/\\\/quehacerpolitico.mx\\\/#website\",\"url\":\"https:\\\/\\\/quehacerpolitico.mx\\\/\",\"name\":\"\",\"description\":\"\",\"potentialAction\":[{\"@type\":\"SearchAction\",\"target\":{\"@type\":\"EntryPoint\",\"urlTemplate\":\"https:\\\/\\\/quehacerpolitico.mx\\\/?s={search_term_string}\"},\"query-input\":{\"@type\":\"PropertyValueSpecification\",\"valueRequired\":true,\"valueName\":\"search_term_string\"}}],\"inLanguage\":\"es\"},{\"@type\":\"Person\",\"@id\":\"https:\\\/\\\/quehacerpolitico.mx\\\/#\\\/schema\\\/person\\\/496d8ad2d1d3f8036101dca7ee39e585\",\"name\":\"Redacci\u00f3n QP\",\"image\":{\"@type\":\"ImageObject\",\"inLanguage\":\"es\",\"@id\":\"https:\\\/\\\/secure.gravatar.com\\\/avatar\\\/c7164ed6fdec453195284ad24a5ae5b6e1eed2b848477fa2a4787ba9adf39a41?s=96&d=mm&r=g\",\"url\":\"https:\\\/\\\/secure.gravatar.com\\\/avatar\\\/c7164ed6fdec453195284ad24a5ae5b6e1eed2b848477fa2a4787ba9adf39a41?s=96&d=mm&r=g\",\"contentUrl\":\"https:\\\/\\\/secure.gravatar.com\\\/avatar\\\/c7164ed6fdec453195284ad24a5ae5b6e1eed2b848477fa2a4787ba9adf39a41?s=96&d=mm&r=g\",\"caption\":\"Redacci\u00f3n QP\"},\"url\":\"https:\\\/\\\/quehacerpolitico.mx\\\/?author=2\"}]}<\/script>\n<!-- \/ Yoast SEO plugin. -->","yoast_head_json":{"title":"Tunden en redes a priista que demuestra consulta ama\u00f1ada sobre NAIM -","robots":{"index":"index","follow":"follow","max-snippet":"max-snippet:-1","max-image-preview":"max-image-preview:large","max-video-preview":"max-video-preview:-1"},"canonical":"https:\/\/quehacerpolitico.mx\/?p=7762","og_locale":"es_MX","og_type":"article","og_title":"Tunden en redes a priista que demuestra consulta ama\u00f1ada sobre NAIM -","og_description":"Tunden en redes a priista que demuestra consulta ama\u00f1ada sobre NAIM Por Redacci\u00f3n QP","og_url":"https:\/\/quehacerpolitico.mx\/?p=7762","article_published_time":"2018-10-26T03:39:21+00:00","author":"Redacci\u00f3n QP","twitter_card":"summary_large_image","twitter_misc":{"Escrito por":"Redacci\u00f3n QP","Tiempo de lectura":"2 minutos"},"schema":{"@context":"https:\/\/schema.org","@graph":[{"@type":"Article","@id":"https:\/\/quehacerpolitico.mx\/?p=7762#article","isPartOf":{"@id":"https:\/\/quehacerpolitico.mx\/?p=7762"},"author":{"name":"Redacci\u00f3n QP","@id":"https:\/\/quehacerpolitico.mx\/#\/schema\/person\/496d8ad2d1d3f8036101dca7ee39e585"},"headline":"Tunden en redes a priista que demuestra consulta ama\u00f1ada sobre NAIM","datePublished":"2018-10-26T03:39:21+00:00","mainEntityOfPage":{"@id":"https:\/\/quehacerpolitico.mx\/?p=7762"},"wordCount":420,"commentCount":0,"image":{"@id":"https:\/\/quehacerpolitico.mx\/?p=7762#primaryimage"},"thumbnailUrl":"","articleSection":["Noticias"],"inLanguage":"es","potentialAction":[{"@type":"CommentAction","name":"Comment","target":["https:\/\/quehacerpolitico.mx\/?p=7762#respond"]}]},{"@type":"WebPage","@id":"https:\/\/quehacerpolitico.mx\/?p=7762","url":"https:\/\/quehacerpolitico.mx\/?p=7762","name":"Tunden en redes a priista que demuestra consulta ama\u00f1ada sobre NAIM -","isPartOf":{"@id":"https:\/\/quehacerpolitico.mx\/#website"},"primaryImageOfPage":{"@id":"https:\/\/quehacerpolitico.mx\/?p=7762#primaryimage"},"image":{"@id":"https:\/\/quehacerpolitico.mx\/?p=7762#primaryimage"},"thumbnailUrl":"","datePublished":"2018-10-26T03:39:21+00:00","author":{"@id":"https:\/\/quehacerpolitico.mx\/#\/schema\/person\/496d8ad2d1d3f8036101dca7ee39e585"},"breadcrumb":{"@id":"https:\/\/quehacerpolitico.mx\/?p=7762#breadcrumb"},"inLanguage":"es","potentialAction":[{"@type":"ReadAction","target":["https:\/\/quehacerpolitico.mx\/?p=7762"]}]},{"@type":"ImageObject","inLanguage":"es","@id":"https:\/\/quehacerpolitico.mx\/?p=7762#primaryimage","url":"","contentUrl":""},{"@type":"BreadcrumbList","@id":"https:\/\/quehacerpolitico.mx\/?p=7762#breadcrumb","itemListElement":[{"@type":"ListItem","position":1,"name":"Inicio","item":"https:\/\/quehacerpolitico.mx\/"},{"@type":"ListItem","position":2,"name":"Tunden en redes a priista que demuestra consulta ama\u00f1ada sobre NAIM"}]},{"@type":"WebSite","@id":"https:\/\/quehacerpolitico.mx\/#website","url":"https:\/\/quehacerpolitico.mx\/","name":"","description":"","potentialAction":[{"@type":"SearchAction","target":{"@type":"EntryPoint","urlTemplate":"https:\/\/quehacerpolitico.mx\/?s={search_term_string}"},"query-input":{"@type":"PropertyValueSpecification","valueRequired":true,"valueName":"search_term_string"}}],"inLanguage":"es"},{"@type":"Person","@id":"https:\/\/quehacerpolitico.mx\/#\/schema\/person\/496d8ad2d1d3f8036101dca7ee39e585","name":"Redacci\u00f3n QP","image":{"@type":"ImageObject","inLanguage":"es","@id":"https:\/\/secure.gravatar.com\/avatar\/c7164ed6fdec453195284ad24a5ae5b6e1eed2b848477fa2a4787ba9adf39a41?s=96&d=mm&r=g","url":"https:\/\/secure.gravatar.com\/avatar\/c7164ed6fdec453195284ad24a5ae5b6e1eed2b848477fa2a4787ba9adf39a41?s=96&d=mm&r=g","contentUrl":"https:\/\/secure.gravatar.com\/avatar\/c7164ed6fdec453195284ad24a5ae5b6e1eed2b848477fa2a4787ba9adf39a41?s=96&d=mm&r=g","caption":"Redacci\u00f3n QP"},"url":"https:\/\/quehacerpolitico.mx\/?author=2"}]}},"featured_image_urls":{"full":"","thumbnail":"","medium":"","medium_large":"","large":"","1536x1536":"","2048x2048":"","covernews-featured":"","covernews-medium":""},"author_info":{"display_name":"Redacci\u00f3n QP","author_link":"https:\/\/quehacerpolitico.mx\/?author=2"},"category_info":"<a href=\"https:\/\/quehacerpolitico.mx\/?cat=2\" rel=\"category\">Noticias<\/a>","tag_info":"Noticias","comment_count":"0","_links":{"self":[{"href":"https:\/\/quehacerpolitico.mx\/index.php?rest_route=\/wp\/v2\/posts\/7762","targetHints":{"allow":["GET"]}}],"collection":[{"href":"https:\/\/quehacerpolitico.mx\/index.php?rest_route=\/wp\/v2\/posts"}],"about":[{"href":"https:\/\/quehacerpolitico.mx\/index.php?rest_route=\/wp\/v2\/types\/post"}],"author":[{"embeddable":true,"href":"https:\/\/quehacerpolitico.mx\/index.php?rest_route=\/wp\/v2\/users\/2"}],"replies":[{"embeddable":true,"href":"https:\/\/quehacerpolitico.mx\/index.php?rest_route=%2Fwp%2Fv2%2Fcomments&post=7762"}],"version-history":[{"count":0,"href":"https:\/\/quehacerpolitico.mx\/index.php?rest_route=\/wp\/v2\/posts\/7762\/revisions"}],"wp:featuredmedia":[{"embeddable":true,"href":"https:\/\/quehacerpolitico.mx\/index.php?rest_route=\/"}],"wp:attachment":[{"href":"https:\/\/quehacerpolitico.mx\/index.php?rest_route=%2Fwp%2Fv2%2Fmedia&parent=7762"}],"wp:term":[{"taxonomy":"category","embeddable":true,"href":"https:\/\/quehacerpolitico.mx\/index.php?rest_route=%2Fwp%2Fv2%2Fcategories&post=7762"},{"taxonomy":"post_tag","embeddable":true,"href":"https:\/\/quehacerpolitico.mx\/index.php?rest_route=%2Fwp%2Fv2%2Ftags&post=7762"}],"curies":[{"name":"wp","href":"https:\/\/api.w.org\/{rel}","templated":true}]}}