{"id":7756,"date":"2018-10-26T03:22:28","date_gmt":"2018-10-26T03:22:28","guid":{"rendered":"http:\/\/quehacerpolitico.mx\/captan-a-jose-angel-gurria-votando-en-consulta-del-naim\/"},"modified":"2018-10-26T03:22:28","modified_gmt":"2018-10-26T03:22:28","slug":"captan-a-jose-angel-gurria-votando-en-consulta-del-naim","status":"publish","type":"post","link":"https:\/\/quehacerpolitico.mx\/?p=7756","title":{"rendered":"Captan a Jos\u00e9 \u00c1ngel Gurr\u00eda votando en consulta del NAIM"},"content":{"rendered":"<h2 class=\"genTitle\">Captan a Jos\u00e9 \u00c1ngel Gurr\u00eda votando en consulta del NAIM<\/h2>\n<p>Por Redacci\u00f3n QP<\/p>\n<p>Durante la ma\u00f1ana de hoy Jos\u00e9 \u00c1ngel Gurr\u00eda, Secretario General de la OCDE, fue captado mientras votaba en la consulta sobre el Nuevo Aeropuerto de la Ciudad de M\u00e9xico (NAIM).<\/p>\n<p>La consulta, en la que se busca que la ciudadan\u00eda elija la mejor opci\u00f3n para la construcci\u00f3n del NAIM, se lleva a cabo este d\u00eda 25 al 28 de octubre.<\/p>\n<p><img loading=\"lazy\" decoding=\"async\" class=\"aligncenter wp-image-258180 size-full\" src=\"https:\/\/elbigdata.mx\/wp-content\/uploads\/2018\/10\/jose_angel_gurria_1.jpg\" sizes=\"auto, (max-width: 1040px) 100vw, 1040px\" srcset=\"https:\/\/elbigdata.mx\/wp-content\/uploads\/2018\/10\/jose_angel_gurria_1.jpg 1040w, https:\/\/elbigdata.mx\/wp-content\/uploads\/2018\/10\/jose_angel_gurria_1-300x225.jpg 300w, https:\/\/elbigdata.mx\/wp-content\/uploads\/2018\/10\/jose_angel_gurria_1-768x576.jpg 768w, https:\/\/elbigdata.mx\/wp-content\/uploads\/2018\/10\/jose_angel_gurria_1-1024x768.jpg 1024w\" alt=\"\" width=\"1040\" height=\"780\" \/><\/p>\n<p>El titular de la Organizaci\u00f3n para la Cooperaci\u00f3n y el Desarrollo indic\u00f3 ayer que el mundo tiene los ojos puestos en M\u00e9xico.<\/p>\n<blockquote>\n<p>\u201cSi hay 7 mil 600 millones de d\u00f3lares en manos de inversionistas de todo el mundo, por supuesto que les interesa lo que pase con el nuevo aeropuerto\u201d, dijo.<\/p>\n<\/blockquote>\n<p><img loading=\"lazy\" decoding=\"async\" class=\"alignnone size-large wp-image-258181\" src=\"https:\/\/elbigdata.mx\/wp-content\/uploads\/2018\/10\/jose_angel_gurria_3-576x1024.jpg\" sizes=\"auto, (max-width: 576px) 100vw, 576px\" srcset=\"https:\/\/elbigdata.mx\/wp-content\/uploads\/2018\/10\/jose_angel_gurria_3-576x1024.jpg 576w, https:\/\/elbigdata.mx\/wp-content\/uploads\/2018\/10\/jose_angel_gurria_3-169x300.jpg 169w, https:\/\/elbigdata.mx\/wp-content\/uploads\/2018\/10\/jose_angel_gurria_3.jpg 648w\" alt=\"\" width=\"576\" height=\"1024\" \/><\/p>\n<p>Desde ayer, Gurr\u00eda descart\u00f3 la posibilidad de enfrentar un escenario catastr\u00f3fico en caso de la cancelaci\u00f3n del proyecto de Texcoco.<\/p>\n<p>Gurr\u00eda destac\u00f3 \u201clos inversionistas no dieron su dinero para hacer un aeropuerto sino para hacer ese aeropuerto\u201d.<\/p>\n<p><img loading=\"lazy\" decoding=\"async\" class=\"alignnone size-large wp-image-258183\" src=\"https:\/\/elbigdata.mx\/wp-content\/uploads\/2018\/10\/jose_angel_gurria_4-1024x768.jpg\" sizes=\"auto, (max-width: 1024px) 100vw, 1024px\" srcset=\"https:\/\/elbigdata.mx\/wp-content\/uploads\/2018\/10\/jose_angel_gurria_4-1024x768.jpg 1024w, https:\/\/elbigdata.mx\/wp-content\/uploads\/2018\/10\/jose_angel_gurria_4-300x225.jpg 300w, https:\/\/elbigdata.mx\/wp-content\/uploads\/2018\/10\/jose_angel_gurria_4-768x576.jpg 768w, https:\/\/elbigdata.mx\/wp-content\/uploads\/2018\/10\/jose_angel_gurria_4.jpg 1040w\" alt=\"\" width=\"1024\" height=\"768\" \/><\/p>\n<p>Tambi\u00e9n refiri\u00f3 que la decisi\u00f3n de los ciudadanos en torno al NAIM debe hacerse con base en argumentos financieros, t\u00e9cnicos y pol\u00edticos.<\/p>\n<p>Gurr\u00eda defendi\u00f3 el proceso de licitaci\u00f3n, el cual seg\u00fan \u00e9l fue totalmente transparente.<\/p>\n","protected":false},"excerpt":{"rendered":"<p>Captan a Jos\u00e9 \u00c1ngel Gurr\u00eda votando en consulta del NAIM<br \/>\nPor Redacci\u00f3n QP<\/p>\n","protected":false},"author":2,"featured_media":7755,"comment_status":"open","ping_status":"open","sticky":false,"template":"","format":"standard","meta":{"_monsterinsights_skip_tracking":false,"_monsterinsights_sitenote_active":false,"_monsterinsights_sitenote_note":"","_monsterinsights_sitenote_category":0,"footnotes":""},"categories":[2],"tags":[],"class_list":["post-7756","post","type-post","status-publish","format-standard","has-post-thumbnail","hentry","category-noticias"],"yoast_head":"<!-- This site is optimized with the Yoast SEO plugin v27.3 - https:\/\/yoast.com\/product\/yoast-seo-wordpress\/ -->\n<title>Captan a Jos\u00e9 \u00c1ngel Gurr\u00eda votando en consulta del NAIM -<\/title>\n<meta name=\"robots\" content=\"index, follow, max-snippet:-1, max-image-preview:large, max-video-preview:-1\" \/>\n<link rel=\"canonical\" href=\"https:\/\/quehacerpolitico.mx\/?p=7756\" \/>\n<meta property=\"og:locale\" content=\"es_MX\" \/>\n<meta property=\"og:type\" content=\"article\" \/>\n<meta property=\"og:title\" content=\"Captan a Jos\u00e9 \u00c1ngel Gurr\u00eda votando en consulta del NAIM -\" \/>\n<meta property=\"og:description\" content=\"Captan a Jos\u00e9 \u00c1ngel Gurr\u00eda votando en consulta del NAIM Por Redacci\u00f3n QP\" \/>\n<meta property=\"og:url\" content=\"https:\/\/quehacerpolitico.mx\/?p=7756\" \/>\n<meta property=\"article:published_time\" content=\"2018-10-26T03:22:28+00:00\" \/>\n<meta name=\"author\" content=\"Redacci\u00f3n QP\" \/>\n<meta name=\"twitter:card\" content=\"summary_large_image\" \/>\n<meta name=\"twitter:label1\" content=\"Escrito por\" \/>\n\t<meta name=\"twitter:data1\" content=\"Redacci\u00f3n QP\" \/>\n\t<meta name=\"twitter:label2\" content=\"Tiempo de lectura\" \/>\n\t<meta name=\"twitter:data2\" content=\"1 minuto\" \/>\n<script type=\"application\/ld+json\" class=\"yoast-schema-graph\">{\"@context\":\"https:\\\/\\\/schema.org\",\"@graph\":[{\"@type\":\"Article\",\"@id\":\"https:\\\/\\\/quehacerpolitico.mx\\\/?p=7756#article\",\"isPartOf\":{\"@id\":\"https:\\\/\\\/quehacerpolitico.mx\\\/?p=7756\"},\"author\":{\"name\":\"Redacci\u00f3n QP\",\"@id\":\"https:\\\/\\\/quehacerpolitico.mx\\\/#\\\/schema\\\/person\\\/496d8ad2d1d3f8036101dca7ee39e585\"},\"headline\":\"Captan a Jos\u00e9 \u00c1ngel Gurr\u00eda votando en consulta del NAIM\",\"datePublished\":\"2018-10-26T03:22:28+00:00\",\"mainEntityOfPage\":{\"@id\":\"https:\\\/\\\/quehacerpolitico.mx\\\/?p=7756\"},\"wordCount\":227,\"commentCount\":0,\"image\":{\"@id\":\"https:\\\/\\\/quehacerpolitico.mx\\\/?p=7756#primaryimage\"},\"thumbnailUrl\":\"\",\"articleSection\":[\"Noticias\"],\"inLanguage\":\"es\",\"potentialAction\":[{\"@type\":\"CommentAction\",\"name\":\"Comment\",\"target\":[\"https:\\\/\\\/quehacerpolitico.mx\\\/?p=7756#respond\"]}]},{\"@type\":\"WebPage\",\"@id\":\"https:\\\/\\\/quehacerpolitico.mx\\\/?p=7756\",\"url\":\"https:\\\/\\\/quehacerpolitico.mx\\\/?p=7756\",\"name\":\"Captan a Jos\u00e9 \u00c1ngel Gurr\u00eda votando en consulta del NAIM -\",\"isPartOf\":{\"@id\":\"https:\\\/\\\/quehacerpolitico.mx\\\/#website\"},\"primaryImageOfPage\":{\"@id\":\"https:\\\/\\\/quehacerpolitico.mx\\\/?p=7756#primaryimage\"},\"image\":{\"@id\":\"https:\\\/\\\/quehacerpolitico.mx\\\/?p=7756#primaryimage\"},\"thumbnailUrl\":\"\",\"datePublished\":\"2018-10-26T03:22:28+00:00\",\"author\":{\"@id\":\"https:\\\/\\\/quehacerpolitico.mx\\\/#\\\/schema\\\/person\\\/496d8ad2d1d3f8036101dca7ee39e585\"},\"breadcrumb\":{\"@id\":\"https:\\\/\\\/quehacerpolitico.mx\\\/?p=7756#breadcrumb\"},\"inLanguage\":\"es\",\"potentialAction\":[{\"@type\":\"ReadAction\",\"target\":[\"https:\\\/\\\/quehacerpolitico.mx\\\/?p=7756\"]}]},{\"@type\":\"ImageObject\",\"inLanguage\":\"es\",\"@id\":\"https:\\\/\\\/quehacerpolitico.mx\\\/?p=7756#primaryimage\",\"url\":\"\",\"contentUrl\":\"\"},{\"@type\":\"BreadcrumbList\",\"@id\":\"https:\\\/\\\/quehacerpolitico.mx\\\/?p=7756#breadcrumb\",\"itemListElement\":[{\"@type\":\"ListItem\",\"position\":1,\"name\":\"Inicio\",\"item\":\"https:\\\/\\\/quehacerpolitico.mx\\\/\"},{\"@type\":\"ListItem\",\"position\":2,\"name\":\"Captan a Jos\u00e9 \u00c1ngel Gurr\u00eda votando en consulta del NAIM\"}]},{\"@type\":\"WebSite\",\"@id\":\"https:\\\/\\\/quehacerpolitico.mx\\\/#website\",\"url\":\"https:\\\/\\\/quehacerpolitico.mx\\\/\",\"name\":\"\",\"description\":\"\",\"potentialAction\":[{\"@type\":\"SearchAction\",\"target\":{\"@type\":\"EntryPoint\",\"urlTemplate\":\"https:\\\/\\\/quehacerpolitico.mx\\\/?s={search_term_string}\"},\"query-input\":{\"@type\":\"PropertyValueSpecification\",\"valueRequired\":true,\"valueName\":\"search_term_string\"}}],\"inLanguage\":\"es\"},{\"@type\":\"Person\",\"@id\":\"https:\\\/\\\/quehacerpolitico.mx\\\/#\\\/schema\\\/person\\\/496d8ad2d1d3f8036101dca7ee39e585\",\"name\":\"Redacci\u00f3n QP\",\"image\":{\"@type\":\"ImageObject\",\"inLanguage\":\"es\",\"@id\":\"https:\\\/\\\/secure.gravatar.com\\\/avatar\\\/c7164ed6fdec453195284ad24a5ae5b6e1eed2b848477fa2a4787ba9adf39a41?s=96&d=mm&r=g\",\"url\":\"https:\\\/\\\/secure.gravatar.com\\\/avatar\\\/c7164ed6fdec453195284ad24a5ae5b6e1eed2b848477fa2a4787ba9adf39a41?s=96&d=mm&r=g\",\"contentUrl\":\"https:\\\/\\\/secure.gravatar.com\\\/avatar\\\/c7164ed6fdec453195284ad24a5ae5b6e1eed2b848477fa2a4787ba9adf39a41?s=96&d=mm&r=g\",\"caption\":\"Redacci\u00f3n QP\"},\"url\":\"https:\\\/\\\/quehacerpolitico.mx\\\/?author=2\"}]}<\/script>\n<!-- \/ Yoast SEO plugin. -->","yoast_head_json":{"title":"Captan a Jos\u00e9 \u00c1ngel Gurr\u00eda votando en consulta del NAIM -","robots":{"index":"index","follow":"follow","max-snippet":"max-snippet:-1","max-image-preview":"max-image-preview:large","max-video-preview":"max-video-preview:-1"},"canonical":"https:\/\/quehacerpolitico.mx\/?p=7756","og_locale":"es_MX","og_type":"article","og_title":"Captan a Jos\u00e9 \u00c1ngel Gurr\u00eda votando en consulta del NAIM -","og_description":"Captan a Jos\u00e9 \u00c1ngel Gurr\u00eda votando en consulta del NAIM Por Redacci\u00f3n QP","og_url":"https:\/\/quehacerpolitico.mx\/?p=7756","article_published_time":"2018-10-26T03:22:28+00:00","author":"Redacci\u00f3n QP","twitter_card":"summary_large_image","twitter_misc":{"Escrito por":"Redacci\u00f3n QP","Tiempo de lectura":"1 minuto"},"schema":{"@context":"https:\/\/schema.org","@graph":[{"@type":"Article","@id":"https:\/\/quehacerpolitico.mx\/?p=7756#article","isPartOf":{"@id":"https:\/\/quehacerpolitico.mx\/?p=7756"},"author":{"name":"Redacci\u00f3n QP","@id":"https:\/\/quehacerpolitico.mx\/#\/schema\/person\/496d8ad2d1d3f8036101dca7ee39e585"},"headline":"Captan a Jos\u00e9 \u00c1ngel Gurr\u00eda votando en consulta del NAIM","datePublished":"2018-10-26T03:22:28+00:00","mainEntityOfPage":{"@id":"https:\/\/quehacerpolitico.mx\/?p=7756"},"wordCount":227,"commentCount":0,"image":{"@id":"https:\/\/quehacerpolitico.mx\/?p=7756#primaryimage"},"thumbnailUrl":"","articleSection":["Noticias"],"inLanguage":"es","potentialAction":[{"@type":"CommentAction","name":"Comment","target":["https:\/\/quehacerpolitico.mx\/?p=7756#respond"]}]},{"@type":"WebPage","@id":"https:\/\/quehacerpolitico.mx\/?p=7756","url":"https:\/\/quehacerpolitico.mx\/?p=7756","name":"Captan a Jos\u00e9 \u00c1ngel Gurr\u00eda votando en consulta del NAIM -","isPartOf":{"@id":"https:\/\/quehacerpolitico.mx\/#website"},"primaryImageOfPage":{"@id":"https:\/\/quehacerpolitico.mx\/?p=7756#primaryimage"},"image":{"@id":"https:\/\/quehacerpolitico.mx\/?p=7756#primaryimage"},"thumbnailUrl":"","datePublished":"2018-10-26T03:22:28+00:00","author":{"@id":"https:\/\/quehacerpolitico.mx\/#\/schema\/person\/496d8ad2d1d3f8036101dca7ee39e585"},"breadcrumb":{"@id":"https:\/\/quehacerpolitico.mx\/?p=7756#breadcrumb"},"inLanguage":"es","potentialAction":[{"@type":"ReadAction","target":["https:\/\/quehacerpolitico.mx\/?p=7756"]}]},{"@type":"ImageObject","inLanguage":"es","@id":"https:\/\/quehacerpolitico.mx\/?p=7756#primaryimage","url":"","contentUrl":""},{"@type":"BreadcrumbList","@id":"https:\/\/quehacerpolitico.mx\/?p=7756#breadcrumb","itemListElement":[{"@type":"ListItem","position":1,"name":"Inicio","item":"https:\/\/quehacerpolitico.mx\/"},{"@type":"ListItem","position":2,"name":"Captan a Jos\u00e9 \u00c1ngel Gurr\u00eda votando en consulta del NAIM"}]},{"@type":"WebSite","@id":"https:\/\/quehacerpolitico.mx\/#website","url":"https:\/\/quehacerpolitico.mx\/","name":"","description":"","potentialAction":[{"@type":"SearchAction","target":{"@type":"EntryPoint","urlTemplate":"https:\/\/quehacerpolitico.mx\/?s={search_term_string}"},"query-input":{"@type":"PropertyValueSpecification","valueRequired":true,"valueName":"search_term_string"}}],"inLanguage":"es"},{"@type":"Person","@id":"https:\/\/quehacerpolitico.mx\/#\/schema\/person\/496d8ad2d1d3f8036101dca7ee39e585","name":"Redacci\u00f3n QP","image":{"@type":"ImageObject","inLanguage":"es","@id":"https:\/\/secure.gravatar.com\/avatar\/c7164ed6fdec453195284ad24a5ae5b6e1eed2b848477fa2a4787ba9adf39a41?s=96&d=mm&r=g","url":"https:\/\/secure.gravatar.com\/avatar\/c7164ed6fdec453195284ad24a5ae5b6e1eed2b848477fa2a4787ba9adf39a41?s=96&d=mm&r=g","contentUrl":"https:\/\/secure.gravatar.com\/avatar\/c7164ed6fdec453195284ad24a5ae5b6e1eed2b848477fa2a4787ba9adf39a41?s=96&d=mm&r=g","caption":"Redacci\u00f3n QP"},"url":"https:\/\/quehacerpolitico.mx\/?author=2"}]}},"featured_image_urls":{"full":"","thumbnail":"","medium":"","medium_large":"","large":"","1536x1536":"","2048x2048":"","covernews-featured":"","covernews-medium":""},"author_info":{"display_name":"Redacci\u00f3n QP","author_link":"https:\/\/quehacerpolitico.mx\/?author=2"},"category_info":"<a href=\"https:\/\/quehacerpolitico.mx\/?cat=2\" rel=\"category\">Noticias<\/a>","tag_info":"Noticias","comment_count":"0","_links":{"self":[{"href":"https:\/\/quehacerpolitico.mx\/index.php?rest_route=\/wp\/v2\/posts\/7756","targetHints":{"allow":["GET"]}}],"collection":[{"href":"https:\/\/quehacerpolitico.mx\/index.php?rest_route=\/wp\/v2\/posts"}],"about":[{"href":"https:\/\/quehacerpolitico.mx\/index.php?rest_route=\/wp\/v2\/types\/post"}],"author":[{"embeddable":true,"href":"https:\/\/quehacerpolitico.mx\/index.php?rest_route=\/wp\/v2\/users\/2"}],"replies":[{"embeddable":true,"href":"https:\/\/quehacerpolitico.mx\/index.php?rest_route=%2Fwp%2Fv2%2Fcomments&post=7756"}],"version-history":[{"count":0,"href":"https:\/\/quehacerpolitico.mx\/index.php?rest_route=\/wp\/v2\/posts\/7756\/revisions"}],"wp:featuredmedia":[{"embeddable":true,"href":"https:\/\/quehacerpolitico.mx\/index.php?rest_route=\/"}],"wp:attachment":[{"href":"https:\/\/quehacerpolitico.mx\/index.php?rest_route=%2Fwp%2Fv2%2Fmedia&parent=7756"}],"wp:term":[{"taxonomy":"category","embeddable":true,"href":"https:\/\/quehacerpolitico.mx\/index.php?rest_route=%2Fwp%2Fv2%2Fcategories&post=7756"},{"taxonomy":"post_tag","embeddable":true,"href":"https:\/\/quehacerpolitico.mx\/index.php?rest_route=%2Fwp%2Fv2%2Ftags&post=7756"}],"curies":[{"name":"wp","href":"https:\/\/api.w.org\/{rel}","templated":true}]}}