{"id":7754,"date":"2018-10-26T03:17:53","date_gmt":"2018-10-26T03:17:53","guid":{"rendered":"http:\/\/quehacerpolitico.mx\/organos-electorales-federales-se-preparan-ante-recortes-en-presupuestos-de-2019\/"},"modified":"2018-10-26T03:17:53","modified_gmt":"2018-10-26T03:17:53","slug":"organos-electorales-federales-se-preparan-ante-recortes-en-presupuestos-de-2019","status":"publish","type":"post","link":"https:\/\/quehacerpolitico.mx\/?p=7754","title":{"rendered":"\u00d3rganos electorales federales se preparan ante recortes en presupuestos de 2019"},"content":{"rendered":"<h2 class=\"genTitle\">\u00d3rganos electorales federales se preparan ante recortes en presupuestos de 2019<\/h2>\n<p>Por Redacci\u00f3n QP<\/p>\n<p>Los titulares del INE,<b> Lorenzo C\u00f3dova<\/b>, y del TEPJF, <b>Janine Ot\u00e1lora<\/b>, coincidieron que ambas instancias deber\u00e1n adaptarse a los presupuestos que recibir\u00e1n en 2019.<\/p>\n<p>La titular del Tribunal Electoral del Poder Judicial de la Federaci\u00f3n (<b>TEPJF<\/b>) indic\u00f3 que se prev\u00e9 una reducci\u00f3n de 12% de su presupuesto para el a\u00f1o pr\u00f3ximo.<\/p>\n<p>Refiri\u00f3 que el ajuste implicar\u00e1 realizar una solicitud aproximada por <b>dos mil 300 millones de pesos<\/b>.<\/p>\n<p>tras participar en la inauguraci\u00f3n de la Conferencia de la Uni\u00f3n Interamericana de Organismos Electorales, resalt\u00f3 que este ajuste en el<b> TEPJF <\/b>representa la aportaci\u00f3n del ente a la nueva <b>pol\u00edtica de austeridad.<\/b><\/p>\n<p>Sin embargo, al ser cuestionada sobre la propuesta de Morena para reducir los salarios del Poder Judicial, record\u00f3 que los <b>art\u00edculos 94 y 115 constitucionales<\/b>precisan que no puede haber <b>una reducci\u00f3n salarial durante el encargo<\/b>.<\/p>\n<p>De acuerdo con el tabulador salarial del <b>Tribunal Electoral<\/b>, los magistrados electorales perciben ingresos mensuales de<b> 392 mil 543.07 pesos<\/b>.<\/p>\n<h2>INE tambi\u00e9n se prepara<\/h2>\n<p>A su vez, el presidente del INE afirm\u00f3 que <b>el \u00f3rgano electoral<\/b> construye el presupuesto que ejercer\u00e1 el pr\u00f3ximo a\u00f1o, que ser\u00e1 el <b>m\u00e1s bajo en su historia<\/b>.<\/p>\n<p>Asegur\u00f3 que de ning\u00fan modo <b>el instituto incumplir\u00e1 con sus obligaciones<\/b> con los ciudadanos.<\/p>\n<blockquote>\n<p>\u201cLe corresponde al INE, en ejercicio de su autonom\u00eda, determinar d\u00f3nde y c\u00f3mo se asimilan los recortes presupuestarios\u201d, indic\u00f3.<\/p>\n<p>\u201cSe est\u00e1 trabajando para presentar el que ser\u00e1 el presupuesto m\u00e1s bajo en la historia del INE, sin que esto ponga en riesgo su operaci\u00f3n\u201d, dijo.<\/p>\n<\/blockquote>\n<p>Apunt\u00f3 que se pedir\u00e1 un presupuesto ajustado<b>\u00a0que permita que el mayor n\u00famero de recursos destinados<\/b> a combatir los grandes problemas nacionales.<\/p>\n<p>Esto sin que este ejercicio de racionalidad presupuestal <b>ponga en riesgo la protecci\u00f3n de los derechos de la ciudadan\u00eda<\/b>.<\/p>\n<p>A\u00f1adi\u00f3 que, gracias al trabajo de este organismo, <b>todos los mexicanos tenemos credencial para votar gratuita.<\/b><\/p>\n<p>Pues record\u00f3 que es un requisito para ejercer un derecho y no se puede cobrar y eso implica <b>alg\u00fan costo de operaci\u00f3n para su expedici\u00f3n<\/b>.<\/p>\n<p>Expuso que tambi\u00e9n hay gastos de operaci\u00f3n para el<b>resguardo de la base de datos m\u00e1s importantes del pa\u00eds.<\/b><\/p>\n<p>Indic\u00f3 que nunca ha habido filtraciones y hay un costo para poder hacer de esa base de datos un insumo de beneficio p\u00fablico.<\/p>\n<p>Durante el evento, ambos funcionarios <b>asumieron la presidencia compartida de la UNIORE<\/b>, que tendr\u00e1n durante un periodo de dos a\u00f1os.<\/p>\n","protected":false},"excerpt":{"rendered":"<p>\u00d3rganos electorales federales se preparan ante recortes en presupuestos de 2019<br \/>\nPor Redacci\u00f3n QP<\/p>\n","protected":false},"author":2,"featured_media":7753,"comment_status":"open","ping_status":"open","sticky":false,"template":"","format":"standard","meta":{"_monsterinsights_skip_tracking":false,"_monsterinsights_sitenote_active":false,"_monsterinsights_sitenote_note":"","_monsterinsights_sitenote_category":0,"footnotes":""},"categories":[2],"tags":[],"class_list":["post-7754","post","type-post","status-publish","format-standard","has-post-thumbnail","hentry","category-noticias"],"yoast_head":"<!-- This site is optimized with the Yoast SEO plugin v27.3 - https:\/\/yoast.com\/product\/yoast-seo-wordpress\/ -->\n<title>\u00d3rganos electorales federales se preparan ante recortes en presupuestos de 2019 -<\/title>\n<meta name=\"robots\" content=\"index, follow, max-snippet:-1, max-image-preview:large, max-video-preview:-1\" \/>\n<link rel=\"canonical\" href=\"https:\/\/quehacerpolitico.mx\/?p=7754\" \/>\n<meta property=\"og:locale\" content=\"es_MX\" \/>\n<meta property=\"og:type\" content=\"article\" \/>\n<meta property=\"og:title\" content=\"\u00d3rganos electorales federales se preparan ante recortes en presupuestos de 2019 -\" \/>\n<meta property=\"og:description\" content=\"\u00d3rganos electorales federales se preparan ante recortes en presupuestos de 2019 Por Redacci\u00f3n QP\" \/>\n<meta property=\"og:url\" content=\"https:\/\/quehacerpolitico.mx\/?p=7754\" \/>\n<meta property=\"article:published_time\" content=\"2018-10-26T03:17:53+00:00\" \/>\n<meta name=\"author\" content=\"Redacci\u00f3n QP\" \/>\n<meta name=\"twitter:card\" content=\"summary_large_image\" \/>\n<meta name=\"twitter:label1\" content=\"Escrito por\" \/>\n\t<meta name=\"twitter:data1\" content=\"Redacci\u00f3n QP\" \/>\n\t<meta name=\"twitter:label2\" content=\"Tiempo de lectura\" \/>\n\t<meta name=\"twitter:data2\" content=\"2 minutos\" \/>\n<script type=\"application\/ld+json\" class=\"yoast-schema-graph\">{\"@context\":\"https:\\\/\\\/schema.org\",\"@graph\":[{\"@type\":\"Article\",\"@id\":\"https:\\\/\\\/quehacerpolitico.mx\\\/?p=7754#article\",\"isPartOf\":{\"@id\":\"https:\\\/\\\/quehacerpolitico.mx\\\/?p=7754\"},\"author\":{\"name\":\"Redacci\u00f3n QP\",\"@id\":\"https:\\\/\\\/quehacerpolitico.mx\\\/#\\\/schema\\\/person\\\/496d8ad2d1d3f8036101dca7ee39e585\"},\"headline\":\"\u00d3rganos electorales federales se preparan ante recortes en presupuestos de 2019\",\"datePublished\":\"2018-10-26T03:17:53+00:00\",\"mainEntityOfPage\":{\"@id\":\"https:\\\/\\\/quehacerpolitico.mx\\\/?p=7754\"},\"wordCount\":444,\"commentCount\":0,\"image\":{\"@id\":\"https:\\\/\\\/quehacerpolitico.mx\\\/?p=7754#primaryimage\"},\"thumbnailUrl\":\"\",\"articleSection\":[\"Noticias\"],\"inLanguage\":\"es\",\"potentialAction\":[{\"@type\":\"CommentAction\",\"name\":\"Comment\",\"target\":[\"https:\\\/\\\/quehacerpolitico.mx\\\/?p=7754#respond\"]}]},{\"@type\":\"WebPage\",\"@id\":\"https:\\\/\\\/quehacerpolitico.mx\\\/?p=7754\",\"url\":\"https:\\\/\\\/quehacerpolitico.mx\\\/?p=7754\",\"name\":\"\u00d3rganos electorales federales se preparan ante recortes en presupuestos de 2019 -\",\"isPartOf\":{\"@id\":\"https:\\\/\\\/quehacerpolitico.mx\\\/#website\"},\"primaryImageOfPage\":{\"@id\":\"https:\\\/\\\/quehacerpolitico.mx\\\/?p=7754#primaryimage\"},\"image\":{\"@id\":\"https:\\\/\\\/quehacerpolitico.mx\\\/?p=7754#primaryimage\"},\"thumbnailUrl\":\"\",\"datePublished\":\"2018-10-26T03:17:53+00:00\",\"author\":{\"@id\":\"https:\\\/\\\/quehacerpolitico.mx\\\/#\\\/schema\\\/person\\\/496d8ad2d1d3f8036101dca7ee39e585\"},\"breadcrumb\":{\"@id\":\"https:\\\/\\\/quehacerpolitico.mx\\\/?p=7754#breadcrumb\"},\"inLanguage\":\"es\",\"potentialAction\":[{\"@type\":\"ReadAction\",\"target\":[\"https:\\\/\\\/quehacerpolitico.mx\\\/?p=7754\"]}]},{\"@type\":\"ImageObject\",\"inLanguage\":\"es\",\"@id\":\"https:\\\/\\\/quehacerpolitico.mx\\\/?p=7754#primaryimage\",\"url\":\"\",\"contentUrl\":\"\"},{\"@type\":\"BreadcrumbList\",\"@id\":\"https:\\\/\\\/quehacerpolitico.mx\\\/?p=7754#breadcrumb\",\"itemListElement\":[{\"@type\":\"ListItem\",\"position\":1,\"name\":\"Inicio\",\"item\":\"https:\\\/\\\/quehacerpolitico.mx\\\/\"},{\"@type\":\"ListItem\",\"position\":2,\"name\":\"\u00d3rganos electorales federales se preparan ante recortes en presupuestos de 2019\"}]},{\"@type\":\"WebSite\",\"@id\":\"https:\\\/\\\/quehacerpolitico.mx\\\/#website\",\"url\":\"https:\\\/\\\/quehacerpolitico.mx\\\/\",\"name\":\"\",\"description\":\"\",\"potentialAction\":[{\"@type\":\"SearchAction\",\"target\":{\"@type\":\"EntryPoint\",\"urlTemplate\":\"https:\\\/\\\/quehacerpolitico.mx\\\/?s={search_term_string}\"},\"query-input\":{\"@type\":\"PropertyValueSpecification\",\"valueRequired\":true,\"valueName\":\"search_term_string\"}}],\"inLanguage\":\"es\"},{\"@type\":\"Person\",\"@id\":\"https:\\\/\\\/quehacerpolitico.mx\\\/#\\\/schema\\\/person\\\/496d8ad2d1d3f8036101dca7ee39e585\",\"name\":\"Redacci\u00f3n QP\",\"image\":{\"@type\":\"ImageObject\",\"inLanguage\":\"es\",\"@id\":\"https:\\\/\\\/secure.gravatar.com\\\/avatar\\\/c7164ed6fdec453195284ad24a5ae5b6e1eed2b848477fa2a4787ba9adf39a41?s=96&d=mm&r=g\",\"url\":\"https:\\\/\\\/secure.gravatar.com\\\/avatar\\\/c7164ed6fdec453195284ad24a5ae5b6e1eed2b848477fa2a4787ba9adf39a41?s=96&d=mm&r=g\",\"contentUrl\":\"https:\\\/\\\/secure.gravatar.com\\\/avatar\\\/c7164ed6fdec453195284ad24a5ae5b6e1eed2b848477fa2a4787ba9adf39a41?s=96&d=mm&r=g\",\"caption\":\"Redacci\u00f3n QP\"},\"url\":\"https:\\\/\\\/quehacerpolitico.mx\\\/?author=2\"}]}<\/script>\n<!-- \/ Yoast SEO plugin. -->","yoast_head_json":{"title":"\u00d3rganos electorales federales se preparan ante recortes en presupuestos de 2019 -","robots":{"index":"index","follow":"follow","max-snippet":"max-snippet:-1","max-image-preview":"max-image-preview:large","max-video-preview":"max-video-preview:-1"},"canonical":"https:\/\/quehacerpolitico.mx\/?p=7754","og_locale":"es_MX","og_type":"article","og_title":"\u00d3rganos electorales federales se preparan ante recortes en presupuestos de 2019 -","og_description":"\u00d3rganos electorales federales se preparan ante recortes en presupuestos de 2019 Por Redacci\u00f3n QP","og_url":"https:\/\/quehacerpolitico.mx\/?p=7754","article_published_time":"2018-10-26T03:17:53+00:00","author":"Redacci\u00f3n QP","twitter_card":"summary_large_image","twitter_misc":{"Escrito por":"Redacci\u00f3n QP","Tiempo de lectura":"2 minutos"},"schema":{"@context":"https:\/\/schema.org","@graph":[{"@type":"Article","@id":"https:\/\/quehacerpolitico.mx\/?p=7754#article","isPartOf":{"@id":"https:\/\/quehacerpolitico.mx\/?p=7754"},"author":{"name":"Redacci\u00f3n QP","@id":"https:\/\/quehacerpolitico.mx\/#\/schema\/person\/496d8ad2d1d3f8036101dca7ee39e585"},"headline":"\u00d3rganos electorales federales se preparan ante recortes en presupuestos de 2019","datePublished":"2018-10-26T03:17:53+00:00","mainEntityOfPage":{"@id":"https:\/\/quehacerpolitico.mx\/?p=7754"},"wordCount":444,"commentCount":0,"image":{"@id":"https:\/\/quehacerpolitico.mx\/?p=7754#primaryimage"},"thumbnailUrl":"","articleSection":["Noticias"],"inLanguage":"es","potentialAction":[{"@type":"CommentAction","name":"Comment","target":["https:\/\/quehacerpolitico.mx\/?p=7754#respond"]}]},{"@type":"WebPage","@id":"https:\/\/quehacerpolitico.mx\/?p=7754","url":"https:\/\/quehacerpolitico.mx\/?p=7754","name":"\u00d3rganos electorales federales se preparan ante recortes en presupuestos de 2019 -","isPartOf":{"@id":"https:\/\/quehacerpolitico.mx\/#website"},"primaryImageOfPage":{"@id":"https:\/\/quehacerpolitico.mx\/?p=7754#primaryimage"},"image":{"@id":"https:\/\/quehacerpolitico.mx\/?p=7754#primaryimage"},"thumbnailUrl":"","datePublished":"2018-10-26T03:17:53+00:00","author":{"@id":"https:\/\/quehacerpolitico.mx\/#\/schema\/person\/496d8ad2d1d3f8036101dca7ee39e585"},"breadcrumb":{"@id":"https:\/\/quehacerpolitico.mx\/?p=7754#breadcrumb"},"inLanguage":"es","potentialAction":[{"@type":"ReadAction","target":["https:\/\/quehacerpolitico.mx\/?p=7754"]}]},{"@type":"ImageObject","inLanguage":"es","@id":"https:\/\/quehacerpolitico.mx\/?p=7754#primaryimage","url":"","contentUrl":""},{"@type":"BreadcrumbList","@id":"https:\/\/quehacerpolitico.mx\/?p=7754#breadcrumb","itemListElement":[{"@type":"ListItem","position":1,"name":"Inicio","item":"https:\/\/quehacerpolitico.mx\/"},{"@type":"ListItem","position":2,"name":"\u00d3rganos electorales federales se preparan ante recortes en presupuestos de 2019"}]},{"@type":"WebSite","@id":"https:\/\/quehacerpolitico.mx\/#website","url":"https:\/\/quehacerpolitico.mx\/","name":"","description":"","potentialAction":[{"@type":"SearchAction","target":{"@type":"EntryPoint","urlTemplate":"https:\/\/quehacerpolitico.mx\/?s={search_term_string}"},"query-input":{"@type":"PropertyValueSpecification","valueRequired":true,"valueName":"search_term_string"}}],"inLanguage":"es"},{"@type":"Person","@id":"https:\/\/quehacerpolitico.mx\/#\/schema\/person\/496d8ad2d1d3f8036101dca7ee39e585","name":"Redacci\u00f3n QP","image":{"@type":"ImageObject","inLanguage":"es","@id":"https:\/\/secure.gravatar.com\/avatar\/c7164ed6fdec453195284ad24a5ae5b6e1eed2b848477fa2a4787ba9adf39a41?s=96&d=mm&r=g","url":"https:\/\/secure.gravatar.com\/avatar\/c7164ed6fdec453195284ad24a5ae5b6e1eed2b848477fa2a4787ba9adf39a41?s=96&d=mm&r=g","contentUrl":"https:\/\/secure.gravatar.com\/avatar\/c7164ed6fdec453195284ad24a5ae5b6e1eed2b848477fa2a4787ba9adf39a41?s=96&d=mm&r=g","caption":"Redacci\u00f3n QP"},"url":"https:\/\/quehacerpolitico.mx\/?author=2"}]}},"featured_image_urls":{"full":"","thumbnail":"","medium":"","medium_large":"","large":"","1536x1536":"","2048x2048":"","covernews-featured":"","covernews-medium":""},"author_info":{"display_name":"Redacci\u00f3n QP","author_link":"https:\/\/quehacerpolitico.mx\/?author=2"},"category_info":"<a href=\"https:\/\/quehacerpolitico.mx\/?cat=2\" rel=\"category\">Noticias<\/a>","tag_info":"Noticias","comment_count":"0","_links":{"self":[{"href":"https:\/\/quehacerpolitico.mx\/index.php?rest_route=\/wp\/v2\/posts\/7754","targetHints":{"allow":["GET"]}}],"collection":[{"href":"https:\/\/quehacerpolitico.mx\/index.php?rest_route=\/wp\/v2\/posts"}],"about":[{"href":"https:\/\/quehacerpolitico.mx\/index.php?rest_route=\/wp\/v2\/types\/post"}],"author":[{"embeddable":true,"href":"https:\/\/quehacerpolitico.mx\/index.php?rest_route=\/wp\/v2\/users\/2"}],"replies":[{"embeddable":true,"href":"https:\/\/quehacerpolitico.mx\/index.php?rest_route=%2Fwp%2Fv2%2Fcomments&post=7754"}],"version-history":[{"count":0,"href":"https:\/\/quehacerpolitico.mx\/index.php?rest_route=\/wp\/v2\/posts\/7754\/revisions"}],"wp:featuredmedia":[{"embeddable":true,"href":"https:\/\/quehacerpolitico.mx\/index.php?rest_route=\/"}],"wp:attachment":[{"href":"https:\/\/quehacerpolitico.mx\/index.php?rest_route=%2Fwp%2Fv2%2Fmedia&parent=7754"}],"wp:term":[{"taxonomy":"category","embeddable":true,"href":"https:\/\/quehacerpolitico.mx\/index.php?rest_route=%2Fwp%2Fv2%2Fcategories&post=7754"},{"taxonomy":"post_tag","embeddable":true,"href":"https:\/\/quehacerpolitico.mx\/index.php?rest_route=%2Fwp%2Fv2%2Ftags&post=7754"}],"curies":[{"name":"wp","href":"https:\/\/api.w.org\/{rel}","templated":true}]}}