{"id":7752,"date":"2018-10-26T03:13:14","date_gmt":"2018-10-26T03:13:14","guid":{"rendered":"http:\/\/quehacerpolitico.mx\/fotos-pena-nieto-aparece-con-herida-en-la-frente\/"},"modified":"2018-10-26T03:13:14","modified_gmt":"2018-10-26T03:13:14","slug":"fotos-pena-nieto-aparece-con-herida-en-la-frente","status":"publish","type":"post","link":"https:\/\/quehacerpolitico.mx\/?p=7752","title":{"rendered":"[FOTOS] Pe\u00f1a Nieto aparece con herida en la frente"},"content":{"rendered":"<h2 class=\"genTitle\">[FOTOS] Pe\u00f1a Nieto aparece con herida en la frente<\/h2>\n<p>Por Redacci\u00f3n QP<\/p>\n<p>El Presidente, Enrique Pe\u00f1a Nieto, apareci\u00f3 con una herida en la frente.<\/p>\n<p>Durante los actos a los que acudi\u00f3 el mandatario se le observ\u00f3 un golpe con dos vendoletes en la sien derecha.<\/p>\n<div id=\"Tidok_Master_IA_1108484616_9438\">\n<div id=\"video11084846162045974182\" data-cedato-used=\"used\">\n<div id=\"__cedato_root_container\" class=\" __cedato_root_container __cedato_mobile\">\n<div class=\" __cedato_content_container\">Pe\u00f1a Nieto tambi\u00e9n ten\u00eda dos raspones en la zona de la patilla, un poco m\u00e1s abajo de las lesiones m\u00e1s vistosas.<\/div>\n<\/div>\n<\/div>\n<\/div>\n<p>En la frente, del lado izquierdo, tambi\u00e9n mostraba algunos golpes o raspones.<\/p>\n<p>Pe\u00f1a acudi\u00f3 a supervisar las obras del Emisor Poniente.<\/p>\n<p>Tambi\u00e9n entreg\u00f3 \u00a0el T\u00fanel del Canal General y<img loading=\"lazy\" decoding=\"async\" class=\"alignnone size-full wp-image-258137\" src=\"https:\/\/elbigdata.mx\/wp-content\/uploads\/2018\/10\/44843791_200375640755686_5226599698831245312_n.jpg\" sizes=\"auto, (max-width: 960px) 100vw, 960px\" srcset=\"https:\/\/elbigdata.mx\/wp-content\/uploads\/2018\/10\/44843791_200375640755686_5226599698831245312_n.jpg 960w, https:\/\/elbigdata.mx\/wp-content\/uploads\/2018\/10\/44843791_200375640755686_5226599698831245312_n-300x258.jpg 300w, https:\/\/elbigdata.mx\/wp-content\/uploads\/2018\/10\/44843791_200375640755686_5226599698831245312_n-768x659.jpg 768w\" alt=\"\" width=\"960\" height=\"824\" \/>el Embovedamiento del R\u00edo de los Remedios.<\/p>\n<p>Seg\u00fan indic\u00f3 la oficina de Presidencia el mandatario se golpe\u00f3 con una puerta.<\/p>\n<p>Hasta el momento, varios usuarios de redes sociales que preguntaron sobre sus heridas no obtuvieron respuesta.<\/p>\n<p><img loading=\"lazy\" decoding=\"async\" class=\"alignnone size-full wp-image-258139\" src=\"https:\/\/elbigdata.mx\/wp-content\/uploads\/2018\/10\/44853565_287422445437230_4279270311519584256_n.jpg\" sizes=\"auto, (max-width: 1822px) 100vw, 1822px\" srcset=\"https:\/\/elbigdata.mx\/wp-content\/uploads\/2018\/10\/44853565_287422445437230_4279270311519584256_n.jpg 1822w, https:\/\/elbigdata.mx\/wp-content\/uploads\/2018\/10\/44853565_287422445437230_4279270311519584256_n-300x218.jpg 300w, https:\/\/elbigdata.mx\/wp-content\/uploads\/2018\/10\/44853565_287422445437230_4279270311519584256_n-768x557.jpg 768w, https:\/\/elbigdata.mx\/wp-content\/uploads\/2018\/10\/44853565_287422445437230_4279270311519584256_n-1024x742.jpg 1024w\" alt=\"\" width=\"1822\" height=\"1321\" \/><\/p>\n","protected":false},"excerpt":{"rendered":"<p>[FOTOS] Pe\u00f1a Nieto aparece con herida en la frente<br \/>\nPor Redacci\u00f3n QP<\/p>\n","protected":false},"author":2,"featured_media":7751,"comment_status":"open","ping_status":"open","sticky":false,"template":"","format":"standard","meta":{"_monsterinsights_skip_tracking":false,"_monsterinsights_sitenote_active":false,"_monsterinsights_sitenote_note":"","_monsterinsights_sitenote_category":0,"footnotes":""},"categories":[2],"tags":[],"class_list":["post-7752","post","type-post","status-publish","format-standard","has-post-thumbnail","hentry","category-noticias"],"yoast_head":"<!-- This site is optimized with the Yoast SEO plugin v27.3 - https:\/\/yoast.com\/product\/yoast-seo-wordpress\/ -->\n<title>[FOTOS] Pe\u00f1a Nieto aparece con herida en la frente -<\/title>\n<meta name=\"robots\" content=\"index, follow, max-snippet:-1, max-image-preview:large, max-video-preview:-1\" \/>\n<link rel=\"canonical\" href=\"https:\/\/quehacerpolitico.mx\/?p=7752\" \/>\n<meta property=\"og:locale\" content=\"es_MX\" \/>\n<meta property=\"og:type\" content=\"article\" \/>\n<meta property=\"og:title\" content=\"[FOTOS] Pe\u00f1a Nieto aparece con herida en la frente -\" \/>\n<meta property=\"og:description\" content=\"[FOTOS] Pe\u00f1a Nieto aparece con herida en la frente Por Redacci\u00f3n QP\" \/>\n<meta property=\"og:url\" content=\"https:\/\/quehacerpolitico.mx\/?p=7752\" \/>\n<meta property=\"article:published_time\" content=\"2018-10-26T03:13:14+00:00\" \/>\n<meta name=\"author\" content=\"Redacci\u00f3n QP\" \/>\n<meta name=\"twitter:card\" content=\"summary_large_image\" \/>\n<meta name=\"twitter:label1\" content=\"Escrito por\" \/>\n\t<meta name=\"twitter:data1\" content=\"Redacci\u00f3n QP\" \/>\n\t<meta name=\"twitter:label2\" content=\"Tiempo de lectura\" \/>\n\t<meta name=\"twitter:data2\" content=\"1 minuto\" \/>\n<script type=\"application\/ld+json\" class=\"yoast-schema-graph\">{\"@context\":\"https:\\\/\\\/schema.org\",\"@graph\":[{\"@type\":\"Article\",\"@id\":\"https:\\\/\\\/quehacerpolitico.mx\\\/?p=7752#article\",\"isPartOf\":{\"@id\":\"https:\\\/\\\/quehacerpolitico.mx\\\/?p=7752\"},\"author\":{\"name\":\"Redacci\u00f3n QP\",\"@id\":\"https:\\\/\\\/quehacerpolitico.mx\\\/#\\\/schema\\\/person\\\/496d8ad2d1d3f8036101dca7ee39e585\"},\"headline\":\"[FOTOS] Pe\u00f1a Nieto aparece con herida en la frente\",\"datePublished\":\"2018-10-26T03:13:14+00:00\",\"mainEntityOfPage\":{\"@id\":\"https:\\\/\\\/quehacerpolitico.mx\\\/?p=7752\"},\"wordCount\":154,\"commentCount\":0,\"image\":{\"@id\":\"https:\\\/\\\/quehacerpolitico.mx\\\/?p=7752#primaryimage\"},\"thumbnailUrl\":\"\",\"articleSection\":[\"Noticias\"],\"inLanguage\":\"es\",\"potentialAction\":[{\"@type\":\"CommentAction\",\"name\":\"Comment\",\"target\":[\"https:\\\/\\\/quehacerpolitico.mx\\\/?p=7752#respond\"]}]},{\"@type\":\"WebPage\",\"@id\":\"https:\\\/\\\/quehacerpolitico.mx\\\/?p=7752\",\"url\":\"https:\\\/\\\/quehacerpolitico.mx\\\/?p=7752\",\"name\":\"[FOTOS] Pe\u00f1a Nieto aparece con herida en la frente -\",\"isPartOf\":{\"@id\":\"https:\\\/\\\/quehacerpolitico.mx\\\/#website\"},\"primaryImageOfPage\":{\"@id\":\"https:\\\/\\\/quehacerpolitico.mx\\\/?p=7752#primaryimage\"},\"image\":{\"@id\":\"https:\\\/\\\/quehacerpolitico.mx\\\/?p=7752#primaryimage\"},\"thumbnailUrl\":\"\",\"datePublished\":\"2018-10-26T03:13:14+00:00\",\"author\":{\"@id\":\"https:\\\/\\\/quehacerpolitico.mx\\\/#\\\/schema\\\/person\\\/496d8ad2d1d3f8036101dca7ee39e585\"},\"breadcrumb\":{\"@id\":\"https:\\\/\\\/quehacerpolitico.mx\\\/?p=7752#breadcrumb\"},\"inLanguage\":\"es\",\"potentialAction\":[{\"@type\":\"ReadAction\",\"target\":[\"https:\\\/\\\/quehacerpolitico.mx\\\/?p=7752\"]}]},{\"@type\":\"ImageObject\",\"inLanguage\":\"es\",\"@id\":\"https:\\\/\\\/quehacerpolitico.mx\\\/?p=7752#primaryimage\",\"url\":\"\",\"contentUrl\":\"\"},{\"@type\":\"BreadcrumbList\",\"@id\":\"https:\\\/\\\/quehacerpolitico.mx\\\/?p=7752#breadcrumb\",\"itemListElement\":[{\"@type\":\"ListItem\",\"position\":1,\"name\":\"Inicio\",\"item\":\"https:\\\/\\\/quehacerpolitico.mx\\\/\"},{\"@type\":\"ListItem\",\"position\":2,\"name\":\"[FOTOS] Pe\u00f1a Nieto aparece con herida en la frente\"}]},{\"@type\":\"WebSite\",\"@id\":\"https:\\\/\\\/quehacerpolitico.mx\\\/#website\",\"url\":\"https:\\\/\\\/quehacerpolitico.mx\\\/\",\"name\":\"\",\"description\":\"\",\"potentialAction\":[{\"@type\":\"SearchAction\",\"target\":{\"@type\":\"EntryPoint\",\"urlTemplate\":\"https:\\\/\\\/quehacerpolitico.mx\\\/?s={search_term_string}\"},\"query-input\":{\"@type\":\"PropertyValueSpecification\",\"valueRequired\":true,\"valueName\":\"search_term_string\"}}],\"inLanguage\":\"es\"},{\"@type\":\"Person\",\"@id\":\"https:\\\/\\\/quehacerpolitico.mx\\\/#\\\/schema\\\/person\\\/496d8ad2d1d3f8036101dca7ee39e585\",\"name\":\"Redacci\u00f3n QP\",\"image\":{\"@type\":\"ImageObject\",\"inLanguage\":\"es\",\"@id\":\"https:\\\/\\\/secure.gravatar.com\\\/avatar\\\/c7164ed6fdec453195284ad24a5ae5b6e1eed2b848477fa2a4787ba9adf39a41?s=96&d=mm&r=g\",\"url\":\"https:\\\/\\\/secure.gravatar.com\\\/avatar\\\/c7164ed6fdec453195284ad24a5ae5b6e1eed2b848477fa2a4787ba9adf39a41?s=96&d=mm&r=g\",\"contentUrl\":\"https:\\\/\\\/secure.gravatar.com\\\/avatar\\\/c7164ed6fdec453195284ad24a5ae5b6e1eed2b848477fa2a4787ba9adf39a41?s=96&d=mm&r=g\",\"caption\":\"Redacci\u00f3n QP\"},\"url\":\"https:\\\/\\\/quehacerpolitico.mx\\\/?author=2\"}]}<\/script>\n<!-- \/ Yoast SEO plugin. -->","yoast_head_json":{"title":"[FOTOS] Pe\u00f1a Nieto aparece con herida en la frente -","robots":{"index":"index","follow":"follow","max-snippet":"max-snippet:-1","max-image-preview":"max-image-preview:large","max-video-preview":"max-video-preview:-1"},"canonical":"https:\/\/quehacerpolitico.mx\/?p=7752","og_locale":"es_MX","og_type":"article","og_title":"[FOTOS] Pe\u00f1a Nieto aparece con herida en la frente -","og_description":"[FOTOS] Pe\u00f1a Nieto aparece con herida en la frente Por Redacci\u00f3n QP","og_url":"https:\/\/quehacerpolitico.mx\/?p=7752","article_published_time":"2018-10-26T03:13:14+00:00","author":"Redacci\u00f3n QP","twitter_card":"summary_large_image","twitter_misc":{"Escrito por":"Redacci\u00f3n QP","Tiempo de lectura":"1 minuto"},"schema":{"@context":"https:\/\/schema.org","@graph":[{"@type":"Article","@id":"https:\/\/quehacerpolitico.mx\/?p=7752#article","isPartOf":{"@id":"https:\/\/quehacerpolitico.mx\/?p=7752"},"author":{"name":"Redacci\u00f3n QP","@id":"https:\/\/quehacerpolitico.mx\/#\/schema\/person\/496d8ad2d1d3f8036101dca7ee39e585"},"headline":"[FOTOS] Pe\u00f1a Nieto aparece con herida en la frente","datePublished":"2018-10-26T03:13:14+00:00","mainEntityOfPage":{"@id":"https:\/\/quehacerpolitico.mx\/?p=7752"},"wordCount":154,"commentCount":0,"image":{"@id":"https:\/\/quehacerpolitico.mx\/?p=7752#primaryimage"},"thumbnailUrl":"","articleSection":["Noticias"],"inLanguage":"es","potentialAction":[{"@type":"CommentAction","name":"Comment","target":["https:\/\/quehacerpolitico.mx\/?p=7752#respond"]}]},{"@type":"WebPage","@id":"https:\/\/quehacerpolitico.mx\/?p=7752","url":"https:\/\/quehacerpolitico.mx\/?p=7752","name":"[FOTOS] Pe\u00f1a Nieto aparece con herida en la frente -","isPartOf":{"@id":"https:\/\/quehacerpolitico.mx\/#website"},"primaryImageOfPage":{"@id":"https:\/\/quehacerpolitico.mx\/?p=7752#primaryimage"},"image":{"@id":"https:\/\/quehacerpolitico.mx\/?p=7752#primaryimage"},"thumbnailUrl":"","datePublished":"2018-10-26T03:13:14+00:00","author":{"@id":"https:\/\/quehacerpolitico.mx\/#\/schema\/person\/496d8ad2d1d3f8036101dca7ee39e585"},"breadcrumb":{"@id":"https:\/\/quehacerpolitico.mx\/?p=7752#breadcrumb"},"inLanguage":"es","potentialAction":[{"@type":"ReadAction","target":["https:\/\/quehacerpolitico.mx\/?p=7752"]}]},{"@type":"ImageObject","inLanguage":"es","@id":"https:\/\/quehacerpolitico.mx\/?p=7752#primaryimage","url":"","contentUrl":""},{"@type":"BreadcrumbList","@id":"https:\/\/quehacerpolitico.mx\/?p=7752#breadcrumb","itemListElement":[{"@type":"ListItem","position":1,"name":"Inicio","item":"https:\/\/quehacerpolitico.mx\/"},{"@type":"ListItem","position":2,"name":"[FOTOS] Pe\u00f1a Nieto aparece con herida en la frente"}]},{"@type":"WebSite","@id":"https:\/\/quehacerpolitico.mx\/#website","url":"https:\/\/quehacerpolitico.mx\/","name":"","description":"","potentialAction":[{"@type":"SearchAction","target":{"@type":"EntryPoint","urlTemplate":"https:\/\/quehacerpolitico.mx\/?s={search_term_string}"},"query-input":{"@type":"PropertyValueSpecification","valueRequired":true,"valueName":"search_term_string"}}],"inLanguage":"es"},{"@type":"Person","@id":"https:\/\/quehacerpolitico.mx\/#\/schema\/person\/496d8ad2d1d3f8036101dca7ee39e585","name":"Redacci\u00f3n QP","image":{"@type":"ImageObject","inLanguage":"es","@id":"https:\/\/secure.gravatar.com\/avatar\/c7164ed6fdec453195284ad24a5ae5b6e1eed2b848477fa2a4787ba9adf39a41?s=96&d=mm&r=g","url":"https:\/\/secure.gravatar.com\/avatar\/c7164ed6fdec453195284ad24a5ae5b6e1eed2b848477fa2a4787ba9adf39a41?s=96&d=mm&r=g","contentUrl":"https:\/\/secure.gravatar.com\/avatar\/c7164ed6fdec453195284ad24a5ae5b6e1eed2b848477fa2a4787ba9adf39a41?s=96&d=mm&r=g","caption":"Redacci\u00f3n QP"},"url":"https:\/\/quehacerpolitico.mx\/?author=2"}]}},"featured_image_urls":{"full":"","thumbnail":"","medium":"","medium_large":"","large":"","1536x1536":"","2048x2048":"","covernews-featured":"","covernews-medium":""},"author_info":{"display_name":"Redacci\u00f3n QP","author_link":"https:\/\/quehacerpolitico.mx\/?author=2"},"category_info":"<a href=\"https:\/\/quehacerpolitico.mx\/?cat=2\" rel=\"category\">Noticias<\/a>","tag_info":"Noticias","comment_count":"0","_links":{"self":[{"href":"https:\/\/quehacerpolitico.mx\/index.php?rest_route=\/wp\/v2\/posts\/7752","targetHints":{"allow":["GET"]}}],"collection":[{"href":"https:\/\/quehacerpolitico.mx\/index.php?rest_route=\/wp\/v2\/posts"}],"about":[{"href":"https:\/\/quehacerpolitico.mx\/index.php?rest_route=\/wp\/v2\/types\/post"}],"author":[{"embeddable":true,"href":"https:\/\/quehacerpolitico.mx\/index.php?rest_route=\/wp\/v2\/users\/2"}],"replies":[{"embeddable":true,"href":"https:\/\/quehacerpolitico.mx\/index.php?rest_route=%2Fwp%2Fv2%2Fcomments&post=7752"}],"version-history":[{"count":0,"href":"https:\/\/quehacerpolitico.mx\/index.php?rest_route=\/wp\/v2\/posts\/7752\/revisions"}],"wp:featuredmedia":[{"embeddable":true,"href":"https:\/\/quehacerpolitico.mx\/index.php?rest_route=\/"}],"wp:attachment":[{"href":"https:\/\/quehacerpolitico.mx\/index.php?rest_route=%2Fwp%2Fv2%2Fmedia&parent=7752"}],"wp:term":[{"taxonomy":"category","embeddable":true,"href":"https:\/\/quehacerpolitico.mx\/index.php?rest_route=%2Fwp%2Fv2%2Fcategories&post=7752"},{"taxonomy":"post_tag","embeddable":true,"href":"https:\/\/quehacerpolitico.mx\/index.php?rest_route=%2Fwp%2Fv2%2Ftags&post=7752"}],"curies":[{"name":"wp","href":"https:\/\/api.w.org\/{rel}","templated":true}]}}