{"id":7750,"date":"2018-10-26T01:25:38","date_gmt":"2018-10-26T01:25:38","guid":{"rendered":"http:\/\/quehacerpolitico.mx\/alcaldias-nancy-leticia-herrera-guerrero-con-jornada-integral-alcaldia-cuauhtemoc-atiende-a-vecinos-afectados-por-incendio-en-fabrica-en-colonia-atlampa\/"},"modified":"2018-10-26T01:25:38","modified_gmt":"2018-10-26T01:25:38","slug":"alcaldias-nancy-leticia-herrera-guerrero-con-jornada-integral-alcaldia-cuauhtemoc-atiende-a-vecinos-afectados-por-incendio-en-fabrica-en-colonia-atlampa","status":"publish","type":"post","link":"https:\/\/quehacerpolitico.mx\/?p=7750","title":{"rendered":"Alcald\u00edas\/\/\/Nancy Leticia Herrera Guerrero\/\/\/Con jornada integral Alcald\u00eda Cuauht\u00e9moc atiende a vecinos afectados por incendio en f\u00e1brica en colonia Atlampa"},"content":{"rendered":"<p><span class=\"s2\"><span class=\"bumpedFont15\">Con <\/span><\/span><span class=\"s2\"><span class=\"bumpedFont15\">jornada integral <\/span><\/span><span class=\"s2\"><span class=\"bumpedFont15\">Alcald\u00eda Cuauht\u00e9moc <\/span><\/span><span class=\"s2\"><span class=\"bumpedFont15\">atien<\/span><\/span><span class=\"s2\"><span class=\"bumpedFont15\">d<\/span><\/span><span class=\"s2\"><span class=\"bumpedFont15\">e a <\/span><\/span><span class=\"s2\"><span class=\"bumpedFont15\">vecinos afectados por incendio<\/span><\/span><span class=\"s2\"><span class=\"bumpedFont15\"> en f\u00e1brica en colonia <\/span><\/span><span class=\"s2\"><span class=\"bumpedFont15\">Atlampa<\/span><\/span><\/p>\n<p>Por Nancy Leticia Herrera Guerrero<\/p>\n<div class=\"s6\"><span class=\"s5\">\u2022 <\/span><span class=\"s2\"><span class=\"bumpedFont15\">Diferentes \u00e1reas de la Alcald\u00eda<\/span><\/span> <span class=\"s2\"><span class=\"bumpedFont15\">brindaron<\/span><\/span><span class=\"s2\"><span class=\"bumpedFont15\">asesor\u00eda y acompa\u00f1amiento<\/span><\/span> <span class=\"s2\"><span class=\"bumpedFont15\">legal<\/span><\/span><span class=\"s2\"><span class=\"bumpedFont15\"> a vecinos de Atlampa<\/span><\/span><\/div>\n<div class=\"s6\"><span class=\"s5\">\u2022 <\/span><span class=\"s2\"><span class=\"bumpedFont15\">La direcci\u00f3n de Desarrollo y Bienestar inform\u00f3 que la<\/span><\/span><span class=\"s2\"><span class=\"bumpedFont15\"> Preparatoria Popular Fresno contin\u00faa habilitada como albergue para los vecinos afectados<\/span><\/span><\/div>\n<p class=\"s7\">\u00a0<\/p>\n<p class=\"s7\"><span class=\"s8\"><span class=\"bumpedFont15\">La Alcald\u00eda a trav\u00e9s de la Direcci\u00f3n de Obras; Desarrollo y Bienestar; Seguridad y Protecci\u00f3n Civil y Servicios Urbanos llev\u00f3 a cabo una jornada de atenci\u00f3n para los vecinos que resultaron afectados <\/span><\/span><span class=\"s8\"><span class=\"bumpedFont15\">por el incendio de la f\u00e1brica del alcohol \u201cAlcoholes y Melazas de M\u00e9xico S.A. de C.V.\u201d, ubicada en el Callej\u00f3n del Ca\u00f1o, en la colonia Atlampa.<\/span><\/span><\/p>\n<p class=\"s7\"><span class=\"s8\"><span class=\"bumpedFont15\">Durante la jornada, <\/span><\/span><span class=\"s8\"><span class=\"bumpedFont15\">las \u00e1reas de obras y protecci\u00f3n civil<\/span><\/span><span class=\"s8\"><span class=\"bumpedFont15\"> reali<\/span><\/span><span class=\"s8\"><span class=\"bumpedFont15\">zaron <\/span><\/span><span class=\"s8\"><span class=\"bumpedFont15\">un dictamen del inmueble a trav\u00e9s de<\/span><\/span><span class=\"s8\"><span class=\"bumpedFont15\">l <\/span><\/span><span class=\"s8\"><span class=\"bumpedFont15\">Director Responsable de Obra (DRO) de la Alcald\u00eda, en el cual se inform\u00f3 que fueron trece los departamentos afectados en cuanto a acabados, instalaciones el\u00e9ctricas y sanitarias.<\/span><\/span><\/p>\n<p class=\"s7\"><span class=\"s8\"><span class=\"bumpedFont15\">Por su parte la<\/span><\/span> <span class=\"s8\"><span class=\"bumpedFont15\">dependencia de Desarrollo y Bienestar reiter\u00f3 que <\/span><\/span><span class=\"s8\"><span class=\"bumpedFont15\">la Preparatoria Popular Fresno contin\u00faa habilitada como albergue para los vecinos afectados<\/span><\/span><span class=\"s8\"><span class=\"bumpedFont15\">que quieran acudir<\/span><\/span><span class=\"s8\"><span class=\"bumpedFont15\">, y del acompa\u00f1amiento que les brindar\u00e1 durante el proceso legal<\/span><\/span><span class=\"s8\"><span class=\"bumpedFont15\">. Asimismo, brind\u00f3 apoyo psicol\u00f3gico y m\u00e9dico a todos los vecinos del predio, no solo los due\u00f1os de los departamentos perjudicados.<\/span><\/span><\/p>\n<p class=\"s7\"><span class=\"s8\"><span class=\"bumpedFont15\">Adem\u00e1s, por parte <\/span><\/span><span class=\"s8\"><span class=\"bumpedFont15\">de la Direcci\u00f3n de Servicios Urbanos se llev\u00f3 a cabo una jornada de recolecci\u00f3n de triques, en la que se recolectaron electrodom\u00e9sticos inservibles que obstru\u00edan el paso en caso de emergencia. Tambi\u00e9n, realiz\u00f3 poda de \u00e1rboles con la intenci\u00f3n de liberar la visi\u00f3n de la c\u00e1mara del C5, as\u00ed como mantenimiento de luminarias para seguridad de los vecinos del callej\u00f3n.<\/span><\/span><\/p>\n","protected":false},"excerpt":{"rendered":"<p>Con jornada integral Alcald\u00eda Cuauht\u00e9moc atiende a vecinos afectados por incendio en f\u00e1brica en colonia Atlampa<br \/>\nPor Nancy Leticia Herrera Guerrero<\/p>\n","protected":false},"author":2,"featured_media":7749,"comment_status":"open","ping_status":"open","sticky":false,"template":"","format":"standard","meta":{"_monsterinsights_skip_tracking":false,"_monsterinsights_sitenote_active":false,"_monsterinsights_sitenote_note":"","_monsterinsights_sitenote_category":0,"footnotes":""},"categories":[55],"tags":[],"class_list":["post-7750","post","type-post","status-publish","format-standard","has-post-thumbnail","hentry","category-cdmx"],"yoast_head":"<!-- This site is optimized with the Yoast SEO plugin v27.3 - https:\/\/yoast.com\/product\/yoast-seo-wordpress\/ -->\n<title>Alcald\u00edas\/\/\/Nancy Leticia Herrera Guerrero\/\/\/Con jornada integral Alcald\u00eda Cuauht\u00e9moc atiende a vecinos afectados por incendio en f\u00e1brica en colonia Atlampa -<\/title>\n<meta name=\"robots\" content=\"index, follow, max-snippet:-1, max-image-preview:large, max-video-preview:-1\" \/>\n<link rel=\"canonical\" href=\"https:\/\/quehacerpolitico.mx\/?p=7750\" \/>\n<meta property=\"og:locale\" content=\"es_MX\" \/>\n<meta property=\"og:type\" content=\"article\" \/>\n<meta property=\"og:title\" content=\"Alcald\u00edas\/\/\/Nancy Leticia Herrera Guerrero\/\/\/Con jornada integral Alcald\u00eda Cuauht\u00e9moc atiende a vecinos afectados por incendio en f\u00e1brica en colonia Atlampa -\" \/>\n<meta property=\"og:description\" content=\"Con jornada integral Alcald\u00eda Cuauht\u00e9moc atiende a vecinos afectados por incendio en f\u00e1brica en colonia Atlampa Por Nancy Leticia Herrera Guerrero\" \/>\n<meta property=\"og:url\" content=\"https:\/\/quehacerpolitico.mx\/?p=7750\" \/>\n<meta property=\"article:published_time\" content=\"2018-10-26T01:25:38+00:00\" \/>\n<meta name=\"author\" content=\"Redacci\u00f3n QP\" \/>\n<meta name=\"twitter:card\" content=\"summary_large_image\" \/>\n<meta name=\"twitter:label1\" content=\"Escrito por\" \/>\n\t<meta name=\"twitter:data1\" content=\"Redacci\u00f3n QP\" \/>\n\t<meta name=\"twitter:label2\" content=\"Tiempo de lectura\" \/>\n\t<meta name=\"twitter:data2\" content=\"2 minutos\" \/>\n<script type=\"application\/ld+json\" class=\"yoast-schema-graph\">{\"@context\":\"https:\\\/\\\/schema.org\",\"@graph\":[{\"@type\":\"Article\",\"@id\":\"https:\\\/\\\/quehacerpolitico.mx\\\/?p=7750#article\",\"isPartOf\":{\"@id\":\"https:\\\/\\\/quehacerpolitico.mx\\\/?p=7750\"},\"author\":{\"name\":\"Redacci\u00f3n QP\",\"@id\":\"https:\\\/\\\/quehacerpolitico.mx\\\/#\\\/schema\\\/person\\\/496d8ad2d1d3f8036101dca7ee39e585\"},\"headline\":\"Alcald\u00edas\\\/\\\/\\\/Nancy Leticia Herrera Guerrero\\\/\\\/\\\/Con jornada integral Alcald\u00eda Cuauht\u00e9moc atiende a vecinos afectados por incendio en f\u00e1brica en colonia Atlampa\",\"datePublished\":\"2018-10-26T01:25:38+00:00\",\"mainEntityOfPage\":{\"@id\":\"https:\\\/\\\/quehacerpolitico.mx\\\/?p=7750\"},\"wordCount\":344,\"commentCount\":0,\"image\":{\"@id\":\"https:\\\/\\\/quehacerpolitico.mx\\\/?p=7750#primaryimage\"},\"thumbnailUrl\":\"\",\"articleSection\":[\"CDMX\"],\"inLanguage\":\"es\",\"potentialAction\":[{\"@type\":\"CommentAction\",\"name\":\"Comment\",\"target\":[\"https:\\\/\\\/quehacerpolitico.mx\\\/?p=7750#respond\"]}]},{\"@type\":\"WebPage\",\"@id\":\"https:\\\/\\\/quehacerpolitico.mx\\\/?p=7750\",\"url\":\"https:\\\/\\\/quehacerpolitico.mx\\\/?p=7750\",\"name\":\"Alcald\u00edas\\\/\\\/\\\/Nancy Leticia Herrera Guerrero\\\/\\\/\\\/Con jornada integral Alcald\u00eda Cuauht\u00e9moc atiende a vecinos afectados por incendio en f\u00e1brica en colonia Atlampa -\",\"isPartOf\":{\"@id\":\"https:\\\/\\\/quehacerpolitico.mx\\\/#website\"},\"primaryImageOfPage\":{\"@id\":\"https:\\\/\\\/quehacerpolitico.mx\\\/?p=7750#primaryimage\"},\"image\":{\"@id\":\"https:\\\/\\\/quehacerpolitico.mx\\\/?p=7750#primaryimage\"},\"thumbnailUrl\":\"\",\"datePublished\":\"2018-10-26T01:25:38+00:00\",\"author\":{\"@id\":\"https:\\\/\\\/quehacerpolitico.mx\\\/#\\\/schema\\\/person\\\/496d8ad2d1d3f8036101dca7ee39e585\"},\"breadcrumb\":{\"@id\":\"https:\\\/\\\/quehacerpolitico.mx\\\/?p=7750#breadcrumb\"},\"inLanguage\":\"es\",\"potentialAction\":[{\"@type\":\"ReadAction\",\"target\":[\"https:\\\/\\\/quehacerpolitico.mx\\\/?p=7750\"]}]},{\"@type\":\"ImageObject\",\"inLanguage\":\"es\",\"@id\":\"https:\\\/\\\/quehacerpolitico.mx\\\/?p=7750#primaryimage\",\"url\":\"\",\"contentUrl\":\"\"},{\"@type\":\"BreadcrumbList\",\"@id\":\"https:\\\/\\\/quehacerpolitico.mx\\\/?p=7750#breadcrumb\",\"itemListElement\":[{\"@type\":\"ListItem\",\"position\":1,\"name\":\"Inicio\",\"item\":\"https:\\\/\\\/quehacerpolitico.mx\\\/\"},{\"@type\":\"ListItem\",\"position\":2,\"name\":\"Alcald\u00edas\\\/\\\/\\\/Nancy Leticia Herrera Guerrero\\\/\\\/\\\/Con jornada integral Alcald\u00eda Cuauht\u00e9moc atiende a vecinos afectados por incendio en f\u00e1brica en colonia Atlampa\"}]},{\"@type\":\"WebSite\",\"@id\":\"https:\\\/\\\/quehacerpolitico.mx\\\/#website\",\"url\":\"https:\\\/\\\/quehacerpolitico.mx\\\/\",\"name\":\"\",\"description\":\"\",\"potentialAction\":[{\"@type\":\"SearchAction\",\"target\":{\"@type\":\"EntryPoint\",\"urlTemplate\":\"https:\\\/\\\/quehacerpolitico.mx\\\/?s={search_term_string}\"},\"query-input\":{\"@type\":\"PropertyValueSpecification\",\"valueRequired\":true,\"valueName\":\"search_term_string\"}}],\"inLanguage\":\"es\"},{\"@type\":\"Person\",\"@id\":\"https:\\\/\\\/quehacerpolitico.mx\\\/#\\\/schema\\\/person\\\/496d8ad2d1d3f8036101dca7ee39e585\",\"name\":\"Redacci\u00f3n QP\",\"image\":{\"@type\":\"ImageObject\",\"inLanguage\":\"es\",\"@id\":\"https:\\\/\\\/secure.gravatar.com\\\/avatar\\\/c7164ed6fdec453195284ad24a5ae5b6e1eed2b848477fa2a4787ba9adf39a41?s=96&d=mm&r=g\",\"url\":\"https:\\\/\\\/secure.gravatar.com\\\/avatar\\\/c7164ed6fdec453195284ad24a5ae5b6e1eed2b848477fa2a4787ba9adf39a41?s=96&d=mm&r=g\",\"contentUrl\":\"https:\\\/\\\/secure.gravatar.com\\\/avatar\\\/c7164ed6fdec453195284ad24a5ae5b6e1eed2b848477fa2a4787ba9adf39a41?s=96&d=mm&r=g\",\"caption\":\"Redacci\u00f3n QP\"},\"url\":\"https:\\\/\\\/quehacerpolitico.mx\\\/?author=2\"}]}<\/script>\n<!-- \/ Yoast SEO plugin. -->","yoast_head_json":{"title":"Alcald\u00edas\/\/\/Nancy Leticia Herrera Guerrero\/\/\/Con jornada integral Alcald\u00eda Cuauht\u00e9moc atiende a vecinos afectados por incendio en f\u00e1brica en colonia Atlampa -","robots":{"index":"index","follow":"follow","max-snippet":"max-snippet:-1","max-image-preview":"max-image-preview:large","max-video-preview":"max-video-preview:-1"},"canonical":"https:\/\/quehacerpolitico.mx\/?p=7750","og_locale":"es_MX","og_type":"article","og_title":"Alcald\u00edas\/\/\/Nancy Leticia Herrera Guerrero\/\/\/Con jornada integral Alcald\u00eda Cuauht\u00e9moc atiende a vecinos afectados por incendio en f\u00e1brica en colonia Atlampa -","og_description":"Con jornada integral Alcald\u00eda Cuauht\u00e9moc atiende a vecinos afectados por incendio en f\u00e1brica en colonia Atlampa Por Nancy Leticia Herrera Guerrero","og_url":"https:\/\/quehacerpolitico.mx\/?p=7750","article_published_time":"2018-10-26T01:25:38+00:00","author":"Redacci\u00f3n QP","twitter_card":"summary_large_image","twitter_misc":{"Escrito por":"Redacci\u00f3n QP","Tiempo de lectura":"2 minutos"},"schema":{"@context":"https:\/\/schema.org","@graph":[{"@type":"Article","@id":"https:\/\/quehacerpolitico.mx\/?p=7750#article","isPartOf":{"@id":"https:\/\/quehacerpolitico.mx\/?p=7750"},"author":{"name":"Redacci\u00f3n QP","@id":"https:\/\/quehacerpolitico.mx\/#\/schema\/person\/496d8ad2d1d3f8036101dca7ee39e585"},"headline":"Alcald\u00edas\/\/\/Nancy Leticia Herrera Guerrero\/\/\/Con jornada integral Alcald\u00eda Cuauht\u00e9moc atiende a vecinos afectados por incendio en f\u00e1brica en colonia Atlampa","datePublished":"2018-10-26T01:25:38+00:00","mainEntityOfPage":{"@id":"https:\/\/quehacerpolitico.mx\/?p=7750"},"wordCount":344,"commentCount":0,"image":{"@id":"https:\/\/quehacerpolitico.mx\/?p=7750#primaryimage"},"thumbnailUrl":"","articleSection":["CDMX"],"inLanguage":"es","potentialAction":[{"@type":"CommentAction","name":"Comment","target":["https:\/\/quehacerpolitico.mx\/?p=7750#respond"]}]},{"@type":"WebPage","@id":"https:\/\/quehacerpolitico.mx\/?p=7750","url":"https:\/\/quehacerpolitico.mx\/?p=7750","name":"Alcald\u00edas\/\/\/Nancy Leticia Herrera Guerrero\/\/\/Con jornada integral Alcald\u00eda Cuauht\u00e9moc atiende a vecinos afectados por incendio en f\u00e1brica en colonia Atlampa -","isPartOf":{"@id":"https:\/\/quehacerpolitico.mx\/#website"},"primaryImageOfPage":{"@id":"https:\/\/quehacerpolitico.mx\/?p=7750#primaryimage"},"image":{"@id":"https:\/\/quehacerpolitico.mx\/?p=7750#primaryimage"},"thumbnailUrl":"","datePublished":"2018-10-26T01:25:38+00:00","author":{"@id":"https:\/\/quehacerpolitico.mx\/#\/schema\/person\/496d8ad2d1d3f8036101dca7ee39e585"},"breadcrumb":{"@id":"https:\/\/quehacerpolitico.mx\/?p=7750#breadcrumb"},"inLanguage":"es","potentialAction":[{"@type":"ReadAction","target":["https:\/\/quehacerpolitico.mx\/?p=7750"]}]},{"@type":"ImageObject","inLanguage":"es","@id":"https:\/\/quehacerpolitico.mx\/?p=7750#primaryimage","url":"","contentUrl":""},{"@type":"BreadcrumbList","@id":"https:\/\/quehacerpolitico.mx\/?p=7750#breadcrumb","itemListElement":[{"@type":"ListItem","position":1,"name":"Inicio","item":"https:\/\/quehacerpolitico.mx\/"},{"@type":"ListItem","position":2,"name":"Alcald\u00edas\/\/\/Nancy Leticia Herrera Guerrero\/\/\/Con jornada integral Alcald\u00eda Cuauht\u00e9moc atiende a vecinos afectados por incendio en f\u00e1brica en colonia Atlampa"}]},{"@type":"WebSite","@id":"https:\/\/quehacerpolitico.mx\/#website","url":"https:\/\/quehacerpolitico.mx\/","name":"","description":"","potentialAction":[{"@type":"SearchAction","target":{"@type":"EntryPoint","urlTemplate":"https:\/\/quehacerpolitico.mx\/?s={search_term_string}"},"query-input":{"@type":"PropertyValueSpecification","valueRequired":true,"valueName":"search_term_string"}}],"inLanguage":"es"},{"@type":"Person","@id":"https:\/\/quehacerpolitico.mx\/#\/schema\/person\/496d8ad2d1d3f8036101dca7ee39e585","name":"Redacci\u00f3n QP","image":{"@type":"ImageObject","inLanguage":"es","@id":"https:\/\/secure.gravatar.com\/avatar\/c7164ed6fdec453195284ad24a5ae5b6e1eed2b848477fa2a4787ba9adf39a41?s=96&d=mm&r=g","url":"https:\/\/secure.gravatar.com\/avatar\/c7164ed6fdec453195284ad24a5ae5b6e1eed2b848477fa2a4787ba9adf39a41?s=96&d=mm&r=g","contentUrl":"https:\/\/secure.gravatar.com\/avatar\/c7164ed6fdec453195284ad24a5ae5b6e1eed2b848477fa2a4787ba9adf39a41?s=96&d=mm&r=g","caption":"Redacci\u00f3n QP"},"url":"https:\/\/quehacerpolitico.mx\/?author=2"}]}},"featured_image_urls":{"full":"","thumbnail":"","medium":"","medium_large":"","large":"","1536x1536":"","2048x2048":"","covernews-featured":"","covernews-medium":""},"author_info":{"display_name":"Redacci\u00f3n QP","author_link":"https:\/\/quehacerpolitico.mx\/?author=2"},"category_info":"<a href=\"https:\/\/quehacerpolitico.mx\/?cat=55\" rel=\"category\">CDMX<\/a>","tag_info":"CDMX","comment_count":"0","_links":{"self":[{"href":"https:\/\/quehacerpolitico.mx\/index.php?rest_route=\/wp\/v2\/posts\/7750","targetHints":{"allow":["GET"]}}],"collection":[{"href":"https:\/\/quehacerpolitico.mx\/index.php?rest_route=\/wp\/v2\/posts"}],"about":[{"href":"https:\/\/quehacerpolitico.mx\/index.php?rest_route=\/wp\/v2\/types\/post"}],"author":[{"embeddable":true,"href":"https:\/\/quehacerpolitico.mx\/index.php?rest_route=\/wp\/v2\/users\/2"}],"replies":[{"embeddable":true,"href":"https:\/\/quehacerpolitico.mx\/index.php?rest_route=%2Fwp%2Fv2%2Fcomments&post=7750"}],"version-history":[{"count":0,"href":"https:\/\/quehacerpolitico.mx\/index.php?rest_route=\/wp\/v2\/posts\/7750\/revisions"}],"wp:featuredmedia":[{"embeddable":true,"href":"https:\/\/quehacerpolitico.mx\/index.php?rest_route=\/"}],"wp:attachment":[{"href":"https:\/\/quehacerpolitico.mx\/index.php?rest_route=%2Fwp%2Fv2%2Fmedia&parent=7750"}],"wp:term":[{"taxonomy":"category","embeddable":true,"href":"https:\/\/quehacerpolitico.mx\/index.php?rest_route=%2Fwp%2Fv2%2Fcategories&post=7750"},{"taxonomy":"post_tag","embeddable":true,"href":"https:\/\/quehacerpolitico.mx\/index.php?rest_route=%2Fwp%2Fv2%2Ftags&post=7750"}],"curies":[{"name":"wp","href":"https:\/\/api.w.org\/{rel}","templated":true}]}}