{"id":7748,"date":"2018-10-25T22:40:54","date_gmt":"2018-10-25T22:40:54","guid":{"rendered":"http:\/\/quehacerpolitico.mx\/inviable-funcionamiento-simultaneo-de-aicm-y-santa-lucia-ruiz-esparza\/"},"modified":"2018-10-25T22:40:54","modified_gmt":"2018-10-25T22:40:54","slug":"inviable-funcionamiento-simultaneo-de-aicm-y-santa-lucia-ruiz-esparza","status":"publish","type":"post","link":"https:\/\/quehacerpolitico.mx\/?p=7748","title":{"rendered":"Inviable funcionamiento simult\u00e1neo de AICM y Santa Luc\u00eda: Ruiz Esparza"},"content":{"rendered":"<h2 class=\"genTitle\">Inviable funcionamiento simult\u00e1neo de AICM y Santa Luc\u00eda: Ruiz Esparza<\/h2>\n<p>Por Redacci\u00f3n QP<\/p>\n<p>El secretario de Comunicaciones y Transportes, Gerardo Ruiz Esparza, afirm\u00f3 que es imposible la operaci\u00f3n simult\u00e1nea del <b>Aeropuerto Internacional de la Ciudad de M\u00e9xico y la base a\u00e9rea de Santa Luc\u00eda<\/b>.<\/p>\n<p>Insisti\u00f3 en que cancelar el proyecto del Nuevo Aeropuerto Internacional de M\u00e9xico en Texcoco afectar\u00e1 econ\u00f3micamente a <b>307 empresas<\/b>, 90% de las cuales son mexicanas.<\/p>\n<p>Durante su comparecencia ante el Pleno de la C\u00e1mara de Diputados con motivo del <b>VI Informe de Gobierno<\/b>, declar\u00f3 que el proyecto del Nuevo Aeropuerto Internacional de M\u00e9xico avanza.<\/p>\n<p>Precis\u00f3 que hasta el momento se han <b>invertido 100 mil millones de pesos <\/b>y se han contratado <b>175 mil millones de pesos<\/b>, por lo que se cuenta con recursos para cubrir las necesidades financieras de <b>2018, 2019<\/b> y el primer semestre de 2020.<\/p>\n<blockquote>\n<p>\u201cEn el NAIM trabajan 307 empresas, de las cuales 90 por ciento son mexicanas que aportan beneficios sociales como la generaci\u00f3n de m\u00e1s de 45 mil empleos con una proyecci\u00f3n de 60 mil al t\u00e9rmino del a\u00f1o\u201d, enfatiz\u00f3.<\/p>\n<\/blockquote>\n<blockquote>\n<p>\u201cSe ha beneficiado de manera directa a 17 mil personas a trav\u00e9s del programa de empleo temporal. Se calcula que en toda la etapa de construcci\u00f3n se generar\u00e1n un total de 160 mil empleos y en su m\u00e1xima etapa de operaci\u00f3n 450 mil\u201d, coment\u00f3.<\/p>\n<\/blockquote>\n<p>La comparecencia efectu\u00f3 justo el d\u00eda del arranque de la <b>consulta<\/b> que el equipo de <b>Andr\u00e9s Manuel L\u00f3pez Obrador<\/b> abri\u00f3 en torno al aeropuerto.<\/p>\n<h2>Gobierno ha enfrentado retos y riesgos<\/h2>\n<p>Ruiz Esparza, por otro lado, tambi\u00e9n afirm\u00f3 que en el <b>Gobierno federal <\/b>se han enfrentado retos y riesgos inherentes a la construcci\u00f3n de obras de gran <b>magnitud y trascendencia<\/b>.<\/p>\n<p>Se\u00f1al\u00f3 que se han tratado de resolver con responsabilidad y cit\u00f3 el caso del<b> Paso Expr\u00e9s de Cuernavaca<\/b>.<\/p>\n<p>Ante ello entreg\u00f3 a la <b>C\u00e1mara de Diputados<\/b> un informe sobre las acciones realizadas luego del socav\u00f3n, la informaci\u00f3n <b>rendida a la opini\u00f3n p\u00fablica<\/b>, la atenci\u00f3n a los familiares de las v\u00edctimas.<\/p>\n<p>Adem\u00e1s de la <b>ayuda a los vecinos<\/b>, la reparaci\u00f3n del tramo de 36 metros afectado, la justificaci\u00f3n del <b>costo total del proyecto<\/b> y el resultado del dictamen emitido por peritos <b>t\u00e9cnicos independiente<\/b>.\u00a0<\/p>\n","protected":false},"excerpt":{"rendered":"<p>Inviable funcionamiento simult\u00e1neo de AICM y Santa Luc\u00eda: Ruiz Esparza<br \/>\nPor Redacci\u00f3n QP<\/p>\n","protected":false},"author":2,"featured_media":7747,"comment_status":"open","ping_status":"open","sticky":false,"template":"","format":"standard","meta":{"_monsterinsights_skip_tracking":false,"_monsterinsights_sitenote_active":false,"_monsterinsights_sitenote_note":"","_monsterinsights_sitenote_category":0,"footnotes":""},"categories":[2],"tags":[],"class_list":["post-7748","post","type-post","status-publish","format-standard","has-post-thumbnail","hentry","category-noticias"],"yoast_head":"<!-- This site is optimized with the Yoast SEO plugin v27.3 - https:\/\/yoast.com\/product\/yoast-seo-wordpress\/ -->\n<title>Inviable funcionamiento simult\u00e1neo de AICM y Santa Luc\u00eda: Ruiz Esparza -<\/title>\n<meta name=\"robots\" content=\"index, follow, max-snippet:-1, max-image-preview:large, max-video-preview:-1\" \/>\n<link rel=\"canonical\" href=\"https:\/\/quehacerpolitico.mx\/?p=7748\" \/>\n<meta property=\"og:locale\" content=\"es_MX\" \/>\n<meta property=\"og:type\" content=\"article\" \/>\n<meta property=\"og:title\" content=\"Inviable funcionamiento simult\u00e1neo de AICM y Santa Luc\u00eda: Ruiz Esparza -\" \/>\n<meta property=\"og:description\" content=\"Inviable funcionamiento simult\u00e1neo de AICM y Santa Luc\u00eda: Ruiz Esparza Por Redacci\u00f3n QP\" \/>\n<meta property=\"og:url\" content=\"https:\/\/quehacerpolitico.mx\/?p=7748\" \/>\n<meta property=\"article:published_time\" content=\"2018-10-25T22:40:54+00:00\" \/>\n<meta name=\"author\" content=\"Redacci\u00f3n QP\" \/>\n<meta name=\"twitter:card\" content=\"summary_large_image\" \/>\n<meta name=\"twitter:label1\" content=\"Escrito por\" \/>\n\t<meta name=\"twitter:data1\" content=\"Redacci\u00f3n QP\" \/>\n\t<meta name=\"twitter:label2\" content=\"Tiempo de lectura\" \/>\n\t<meta name=\"twitter:data2\" content=\"2 minutos\" \/>\n<script type=\"application\/ld+json\" class=\"yoast-schema-graph\">{\"@context\":\"https:\\\/\\\/schema.org\",\"@graph\":[{\"@type\":\"Article\",\"@id\":\"https:\\\/\\\/quehacerpolitico.mx\\\/?p=7748#article\",\"isPartOf\":{\"@id\":\"https:\\\/\\\/quehacerpolitico.mx\\\/?p=7748\"},\"author\":{\"name\":\"Redacci\u00f3n QP\",\"@id\":\"https:\\\/\\\/quehacerpolitico.mx\\\/#\\\/schema\\\/person\\\/496d8ad2d1d3f8036101dca7ee39e585\"},\"headline\":\"Inviable funcionamiento simult\u00e1neo de AICM y Santa Luc\u00eda: Ruiz Esparza\",\"datePublished\":\"2018-10-25T22:40:54+00:00\",\"mainEntityOfPage\":{\"@id\":\"https:\\\/\\\/quehacerpolitico.mx\\\/?p=7748\"},\"wordCount\":401,\"commentCount\":0,\"image\":{\"@id\":\"https:\\\/\\\/quehacerpolitico.mx\\\/?p=7748#primaryimage\"},\"thumbnailUrl\":\"\",\"articleSection\":[\"Noticias\"],\"inLanguage\":\"es\",\"potentialAction\":[{\"@type\":\"CommentAction\",\"name\":\"Comment\",\"target\":[\"https:\\\/\\\/quehacerpolitico.mx\\\/?p=7748#respond\"]}]},{\"@type\":\"WebPage\",\"@id\":\"https:\\\/\\\/quehacerpolitico.mx\\\/?p=7748\",\"url\":\"https:\\\/\\\/quehacerpolitico.mx\\\/?p=7748\",\"name\":\"Inviable funcionamiento simult\u00e1neo de AICM y Santa Luc\u00eda: Ruiz Esparza -\",\"isPartOf\":{\"@id\":\"https:\\\/\\\/quehacerpolitico.mx\\\/#website\"},\"primaryImageOfPage\":{\"@id\":\"https:\\\/\\\/quehacerpolitico.mx\\\/?p=7748#primaryimage\"},\"image\":{\"@id\":\"https:\\\/\\\/quehacerpolitico.mx\\\/?p=7748#primaryimage\"},\"thumbnailUrl\":\"\",\"datePublished\":\"2018-10-25T22:40:54+00:00\",\"author\":{\"@id\":\"https:\\\/\\\/quehacerpolitico.mx\\\/#\\\/schema\\\/person\\\/496d8ad2d1d3f8036101dca7ee39e585\"},\"breadcrumb\":{\"@id\":\"https:\\\/\\\/quehacerpolitico.mx\\\/?p=7748#breadcrumb\"},\"inLanguage\":\"es\",\"potentialAction\":[{\"@type\":\"ReadAction\",\"target\":[\"https:\\\/\\\/quehacerpolitico.mx\\\/?p=7748\"]}]},{\"@type\":\"ImageObject\",\"inLanguage\":\"es\",\"@id\":\"https:\\\/\\\/quehacerpolitico.mx\\\/?p=7748#primaryimage\",\"url\":\"\",\"contentUrl\":\"\"},{\"@type\":\"BreadcrumbList\",\"@id\":\"https:\\\/\\\/quehacerpolitico.mx\\\/?p=7748#breadcrumb\",\"itemListElement\":[{\"@type\":\"ListItem\",\"position\":1,\"name\":\"Inicio\",\"item\":\"https:\\\/\\\/quehacerpolitico.mx\\\/\"},{\"@type\":\"ListItem\",\"position\":2,\"name\":\"Inviable funcionamiento simult\u00e1neo de AICM y Santa Luc\u00eda: Ruiz Esparza\"}]},{\"@type\":\"WebSite\",\"@id\":\"https:\\\/\\\/quehacerpolitico.mx\\\/#website\",\"url\":\"https:\\\/\\\/quehacerpolitico.mx\\\/\",\"name\":\"\",\"description\":\"\",\"potentialAction\":[{\"@type\":\"SearchAction\",\"target\":{\"@type\":\"EntryPoint\",\"urlTemplate\":\"https:\\\/\\\/quehacerpolitico.mx\\\/?s={search_term_string}\"},\"query-input\":{\"@type\":\"PropertyValueSpecification\",\"valueRequired\":true,\"valueName\":\"search_term_string\"}}],\"inLanguage\":\"es\"},{\"@type\":\"Person\",\"@id\":\"https:\\\/\\\/quehacerpolitico.mx\\\/#\\\/schema\\\/person\\\/496d8ad2d1d3f8036101dca7ee39e585\",\"name\":\"Redacci\u00f3n QP\",\"image\":{\"@type\":\"ImageObject\",\"inLanguage\":\"es\",\"@id\":\"https:\\\/\\\/secure.gravatar.com\\\/avatar\\\/c7164ed6fdec453195284ad24a5ae5b6e1eed2b848477fa2a4787ba9adf39a41?s=96&d=mm&r=g\",\"url\":\"https:\\\/\\\/secure.gravatar.com\\\/avatar\\\/c7164ed6fdec453195284ad24a5ae5b6e1eed2b848477fa2a4787ba9adf39a41?s=96&d=mm&r=g\",\"contentUrl\":\"https:\\\/\\\/secure.gravatar.com\\\/avatar\\\/c7164ed6fdec453195284ad24a5ae5b6e1eed2b848477fa2a4787ba9adf39a41?s=96&d=mm&r=g\",\"caption\":\"Redacci\u00f3n QP\"},\"url\":\"https:\\\/\\\/quehacerpolitico.mx\\\/?author=2\"}]}<\/script>\n<!-- \/ Yoast SEO plugin. -->","yoast_head_json":{"title":"Inviable funcionamiento simult\u00e1neo de AICM y Santa Luc\u00eda: Ruiz Esparza -","robots":{"index":"index","follow":"follow","max-snippet":"max-snippet:-1","max-image-preview":"max-image-preview:large","max-video-preview":"max-video-preview:-1"},"canonical":"https:\/\/quehacerpolitico.mx\/?p=7748","og_locale":"es_MX","og_type":"article","og_title":"Inviable funcionamiento simult\u00e1neo de AICM y Santa Luc\u00eda: Ruiz Esparza -","og_description":"Inviable funcionamiento simult\u00e1neo de AICM y Santa Luc\u00eda: Ruiz Esparza Por Redacci\u00f3n QP","og_url":"https:\/\/quehacerpolitico.mx\/?p=7748","article_published_time":"2018-10-25T22:40:54+00:00","author":"Redacci\u00f3n QP","twitter_card":"summary_large_image","twitter_misc":{"Escrito por":"Redacci\u00f3n QP","Tiempo de lectura":"2 minutos"},"schema":{"@context":"https:\/\/schema.org","@graph":[{"@type":"Article","@id":"https:\/\/quehacerpolitico.mx\/?p=7748#article","isPartOf":{"@id":"https:\/\/quehacerpolitico.mx\/?p=7748"},"author":{"name":"Redacci\u00f3n QP","@id":"https:\/\/quehacerpolitico.mx\/#\/schema\/person\/496d8ad2d1d3f8036101dca7ee39e585"},"headline":"Inviable funcionamiento simult\u00e1neo de AICM y Santa Luc\u00eda: Ruiz Esparza","datePublished":"2018-10-25T22:40:54+00:00","mainEntityOfPage":{"@id":"https:\/\/quehacerpolitico.mx\/?p=7748"},"wordCount":401,"commentCount":0,"image":{"@id":"https:\/\/quehacerpolitico.mx\/?p=7748#primaryimage"},"thumbnailUrl":"","articleSection":["Noticias"],"inLanguage":"es","potentialAction":[{"@type":"CommentAction","name":"Comment","target":["https:\/\/quehacerpolitico.mx\/?p=7748#respond"]}]},{"@type":"WebPage","@id":"https:\/\/quehacerpolitico.mx\/?p=7748","url":"https:\/\/quehacerpolitico.mx\/?p=7748","name":"Inviable funcionamiento simult\u00e1neo de AICM y Santa Luc\u00eda: Ruiz Esparza -","isPartOf":{"@id":"https:\/\/quehacerpolitico.mx\/#website"},"primaryImageOfPage":{"@id":"https:\/\/quehacerpolitico.mx\/?p=7748#primaryimage"},"image":{"@id":"https:\/\/quehacerpolitico.mx\/?p=7748#primaryimage"},"thumbnailUrl":"","datePublished":"2018-10-25T22:40:54+00:00","author":{"@id":"https:\/\/quehacerpolitico.mx\/#\/schema\/person\/496d8ad2d1d3f8036101dca7ee39e585"},"breadcrumb":{"@id":"https:\/\/quehacerpolitico.mx\/?p=7748#breadcrumb"},"inLanguage":"es","potentialAction":[{"@type":"ReadAction","target":["https:\/\/quehacerpolitico.mx\/?p=7748"]}]},{"@type":"ImageObject","inLanguage":"es","@id":"https:\/\/quehacerpolitico.mx\/?p=7748#primaryimage","url":"","contentUrl":""},{"@type":"BreadcrumbList","@id":"https:\/\/quehacerpolitico.mx\/?p=7748#breadcrumb","itemListElement":[{"@type":"ListItem","position":1,"name":"Inicio","item":"https:\/\/quehacerpolitico.mx\/"},{"@type":"ListItem","position":2,"name":"Inviable funcionamiento simult\u00e1neo de AICM y Santa Luc\u00eda: Ruiz Esparza"}]},{"@type":"WebSite","@id":"https:\/\/quehacerpolitico.mx\/#website","url":"https:\/\/quehacerpolitico.mx\/","name":"","description":"","potentialAction":[{"@type":"SearchAction","target":{"@type":"EntryPoint","urlTemplate":"https:\/\/quehacerpolitico.mx\/?s={search_term_string}"},"query-input":{"@type":"PropertyValueSpecification","valueRequired":true,"valueName":"search_term_string"}}],"inLanguage":"es"},{"@type":"Person","@id":"https:\/\/quehacerpolitico.mx\/#\/schema\/person\/496d8ad2d1d3f8036101dca7ee39e585","name":"Redacci\u00f3n QP","image":{"@type":"ImageObject","inLanguage":"es","@id":"https:\/\/secure.gravatar.com\/avatar\/c7164ed6fdec453195284ad24a5ae5b6e1eed2b848477fa2a4787ba9adf39a41?s=96&d=mm&r=g","url":"https:\/\/secure.gravatar.com\/avatar\/c7164ed6fdec453195284ad24a5ae5b6e1eed2b848477fa2a4787ba9adf39a41?s=96&d=mm&r=g","contentUrl":"https:\/\/secure.gravatar.com\/avatar\/c7164ed6fdec453195284ad24a5ae5b6e1eed2b848477fa2a4787ba9adf39a41?s=96&d=mm&r=g","caption":"Redacci\u00f3n QP"},"url":"https:\/\/quehacerpolitico.mx\/?author=2"}]}},"featured_image_urls":{"full":"","thumbnail":"","medium":"","medium_large":"","large":"","1536x1536":"","2048x2048":"","covernews-featured":"","covernews-medium":""},"author_info":{"display_name":"Redacci\u00f3n QP","author_link":"https:\/\/quehacerpolitico.mx\/?author=2"},"category_info":"<a href=\"https:\/\/quehacerpolitico.mx\/?cat=2\" rel=\"category\">Noticias<\/a>","tag_info":"Noticias","comment_count":"0","_links":{"self":[{"href":"https:\/\/quehacerpolitico.mx\/index.php?rest_route=\/wp\/v2\/posts\/7748","targetHints":{"allow":["GET"]}}],"collection":[{"href":"https:\/\/quehacerpolitico.mx\/index.php?rest_route=\/wp\/v2\/posts"}],"about":[{"href":"https:\/\/quehacerpolitico.mx\/index.php?rest_route=\/wp\/v2\/types\/post"}],"author":[{"embeddable":true,"href":"https:\/\/quehacerpolitico.mx\/index.php?rest_route=\/wp\/v2\/users\/2"}],"replies":[{"embeddable":true,"href":"https:\/\/quehacerpolitico.mx\/index.php?rest_route=%2Fwp%2Fv2%2Fcomments&post=7748"}],"version-history":[{"count":0,"href":"https:\/\/quehacerpolitico.mx\/index.php?rest_route=\/wp\/v2\/posts\/7748\/revisions"}],"wp:featuredmedia":[{"embeddable":true,"href":"https:\/\/quehacerpolitico.mx\/index.php?rest_route=\/"}],"wp:attachment":[{"href":"https:\/\/quehacerpolitico.mx\/index.php?rest_route=%2Fwp%2Fv2%2Fmedia&parent=7748"}],"wp:term":[{"taxonomy":"category","embeddable":true,"href":"https:\/\/quehacerpolitico.mx\/index.php?rest_route=%2Fwp%2Fv2%2Fcategories&post=7748"},{"taxonomy":"post_tag","embeddable":true,"href":"https:\/\/quehacerpolitico.mx\/index.php?rest_route=%2Fwp%2Fv2%2Ftags&post=7748"}],"curies":[{"name":"wp","href":"https:\/\/api.w.org\/{rel}","templated":true}]}}