{"id":7746,"date":"2018-10-25T22:03:59","date_gmt":"2018-10-25T22:03:59","guid":{"rendered":"http:\/\/quehacerpolitico.mx\/vote-a-favor-del-mejor-proyecto-para-la-cdmx-sheinbaum\/"},"modified":"2018-10-25T22:03:59","modified_gmt":"2018-10-25T22:03:59","slug":"vote-a-favor-del-mejor-proyecto-para-la-cdmx-sheinbaum","status":"publish","type":"post","link":"https:\/\/quehacerpolitico.mx\/?p=7746","title":{"rendered":"Vot\u00e9 a favor del mejor proyecto para la CDMX: Sheinbaum"},"content":{"rendered":"<h2 class=\"genTitle\">Vot\u00e9 a favor del mejor proyecto para la CDMX: Sheinbaum<\/h2>\n<p>Por Redacci\u00f3n QP<\/p>\n<p>La jefa de Gobierno electa, <b>Claudia Sheinbaum,<\/b> emiti\u00f3 su voto para la consulta que decidir\u00e1 el proyecto ganador para albergar la sede del Nuevo Aeropuerto Internacional de la Ciudad de M\u00e9xico (<b>NAICM<\/b>).<\/p>\n<p>Despu\u00e9s de su voto en la casilla de la <b>Alameda del Sur<\/b>, dijo que su sufragio fue a favor \u201cdel mejor proyecto para la Ciudad de M\u00e9xico\u201d, lo que dej\u00f3 entrever su apoyo al proyecto de Santa Luc\u00eda que tambi\u00e9n <b>conserva el actual aeropuerto<\/b>.<\/p>\n<blockquote>\n<p>\u201cEmit\u00ed mi opini\u00f3n para lo que considero que es mejor para la Ciudad de M\u00e9xico, pues ya me han escuchado varias veces, pero como jefa de gobierno electa me toca opinar sobre lo que considero mejor para la ciudad\u201d, se\u00f1al\u00f3.<\/p>\n<\/blockquote>\n<h2>Se reunir\u00e1 con AMLO tras consulta<\/h2>\n<p>Respecto a sus planes para la ciudad en caso de que gane el <strong>proyecto de Santa Luc\u00eda<\/strong>, dijo que esperar\u00e1 a los resultados de la consulta para reunirse con el presidente electo, <strong>Andr\u00e9s Manuel L\u00f3pez Obrador<\/strong>, y discutir lo pertinente.<\/p>\n<blockquote>\n<p>\u201cVamos a esperar el resultado de la consulta y a partir de ah\u00ed nuestra participaci\u00f3n junto con el Gobierno Federal, si se cierra el aeropuerto actual \u2013que tardar\u00eda seis a\u00f1os- c\u00f3mo se har\u00eda y que, tenemos tiempo para hacerlo\u201d, agreg\u00f3.<\/p>\n<\/blockquote>\n<p>Descart\u00f3 que se trate de una consulta tendenciosa o ama\u00f1ada, por lo que invit\u00f3 a la poblaci\u00f3n a participar en la consulta que recibir\u00e1 votaciones hasta el \u00a028 de octubre.<\/p>\n<blockquote>\n<p>\u201cQue participen como se ha dicho, es mucho mejor que haya democracia participativa, que participe la gente en la decisi\u00f3n a que sea solo una persona la que haga la decisi\u00f3n\u201d, finaliz\u00f3.<\/p>\n<\/blockquote>\n<p>Este jueves inici\u00f3 la\u00a0<strong>consulta<\/strong>\u00a0<strong>ciudadana<\/strong>\u00a0para decidir si el Nuevo Aeropuerto Internacional de M\u00e9xico (<strong>NAIM<\/strong>) continuar\u00e1 en\u00a0<strong>Texcoco<\/strong>\u00a0o si, de lo contrario, se realizar\u00e1 en la Base A\u00e9rea de\u00a0<strong>Santa Luc\u00eda.<\/strong><\/p>\n","protected":false},"excerpt":{"rendered":"<p>Vot\u00e9 a favor del mejor proyecto para la CDMX: Sheinbaum<br \/>\nPor Redacci\u00f3n QP<\/p>\n","protected":false},"author":2,"featured_media":7745,"comment_status":"open","ping_status":"open","sticky":false,"template":"","format":"standard","meta":{"_monsterinsights_skip_tracking":false,"_monsterinsights_sitenote_active":false,"_monsterinsights_sitenote_note":"","_monsterinsights_sitenote_category":0,"footnotes":""},"categories":[55],"tags":[],"class_list":["post-7746","post","type-post","status-publish","format-standard","has-post-thumbnail","hentry","category-cdmx"],"yoast_head":"<!-- This site is optimized with the Yoast SEO plugin v27.3 - https:\/\/yoast.com\/product\/yoast-seo-wordpress\/ -->\n<title>Vot\u00e9 a favor del mejor proyecto para la CDMX: Sheinbaum -<\/title>\n<meta name=\"robots\" content=\"index, follow, max-snippet:-1, max-image-preview:large, max-video-preview:-1\" \/>\n<link rel=\"canonical\" href=\"https:\/\/quehacerpolitico.mx\/?p=7746\" \/>\n<meta property=\"og:locale\" content=\"es_MX\" \/>\n<meta property=\"og:type\" content=\"article\" \/>\n<meta property=\"og:title\" content=\"Vot\u00e9 a favor del mejor proyecto para la CDMX: Sheinbaum -\" \/>\n<meta property=\"og:description\" content=\"Vot\u00e9 a favor del mejor proyecto para la CDMX: Sheinbaum Por Redacci\u00f3n QP\" \/>\n<meta property=\"og:url\" content=\"https:\/\/quehacerpolitico.mx\/?p=7746\" \/>\n<meta property=\"article:published_time\" content=\"2018-10-25T22:03:59+00:00\" \/>\n<meta name=\"author\" content=\"Redacci\u00f3n QP\" \/>\n<meta name=\"twitter:card\" content=\"summary_large_image\" \/>\n<meta name=\"twitter:label1\" content=\"Escrito por\" \/>\n\t<meta name=\"twitter:data1\" content=\"Redacci\u00f3n QP\" \/>\n\t<meta name=\"twitter:label2\" content=\"Tiempo de lectura\" \/>\n\t<meta name=\"twitter:data2\" content=\"2 minutos\" \/>\n<script type=\"application\/ld+json\" class=\"yoast-schema-graph\">{\"@context\":\"https:\\\/\\\/schema.org\",\"@graph\":[{\"@type\":\"Article\",\"@id\":\"https:\\\/\\\/quehacerpolitico.mx\\\/?p=7746#article\",\"isPartOf\":{\"@id\":\"https:\\\/\\\/quehacerpolitico.mx\\\/?p=7746\"},\"author\":{\"name\":\"Redacci\u00f3n QP\",\"@id\":\"https:\\\/\\\/quehacerpolitico.mx\\\/#\\\/schema\\\/person\\\/496d8ad2d1d3f8036101dca7ee39e585\"},\"headline\":\"Vot\u00e9 a favor del mejor proyecto para la CDMX: Sheinbaum\",\"datePublished\":\"2018-10-25T22:03:59+00:00\",\"mainEntityOfPage\":{\"@id\":\"https:\\\/\\\/quehacerpolitico.mx\\\/?p=7746\"},\"wordCount\":343,\"commentCount\":0,\"image\":{\"@id\":\"https:\\\/\\\/quehacerpolitico.mx\\\/?p=7746#primaryimage\"},\"thumbnailUrl\":\"\",\"articleSection\":[\"CDMX\"],\"inLanguage\":\"es\",\"potentialAction\":[{\"@type\":\"CommentAction\",\"name\":\"Comment\",\"target\":[\"https:\\\/\\\/quehacerpolitico.mx\\\/?p=7746#respond\"]}]},{\"@type\":\"WebPage\",\"@id\":\"https:\\\/\\\/quehacerpolitico.mx\\\/?p=7746\",\"url\":\"https:\\\/\\\/quehacerpolitico.mx\\\/?p=7746\",\"name\":\"Vot\u00e9 a favor del mejor proyecto para la CDMX: Sheinbaum -\",\"isPartOf\":{\"@id\":\"https:\\\/\\\/quehacerpolitico.mx\\\/#website\"},\"primaryImageOfPage\":{\"@id\":\"https:\\\/\\\/quehacerpolitico.mx\\\/?p=7746#primaryimage\"},\"image\":{\"@id\":\"https:\\\/\\\/quehacerpolitico.mx\\\/?p=7746#primaryimage\"},\"thumbnailUrl\":\"\",\"datePublished\":\"2018-10-25T22:03:59+00:00\",\"author\":{\"@id\":\"https:\\\/\\\/quehacerpolitico.mx\\\/#\\\/schema\\\/person\\\/496d8ad2d1d3f8036101dca7ee39e585\"},\"breadcrumb\":{\"@id\":\"https:\\\/\\\/quehacerpolitico.mx\\\/?p=7746#breadcrumb\"},\"inLanguage\":\"es\",\"potentialAction\":[{\"@type\":\"ReadAction\",\"target\":[\"https:\\\/\\\/quehacerpolitico.mx\\\/?p=7746\"]}]},{\"@type\":\"ImageObject\",\"inLanguage\":\"es\",\"@id\":\"https:\\\/\\\/quehacerpolitico.mx\\\/?p=7746#primaryimage\",\"url\":\"\",\"contentUrl\":\"\"},{\"@type\":\"BreadcrumbList\",\"@id\":\"https:\\\/\\\/quehacerpolitico.mx\\\/?p=7746#breadcrumb\",\"itemListElement\":[{\"@type\":\"ListItem\",\"position\":1,\"name\":\"Inicio\",\"item\":\"https:\\\/\\\/quehacerpolitico.mx\\\/\"},{\"@type\":\"ListItem\",\"position\":2,\"name\":\"Vot\u00e9 a favor del mejor proyecto para la CDMX: Sheinbaum\"}]},{\"@type\":\"WebSite\",\"@id\":\"https:\\\/\\\/quehacerpolitico.mx\\\/#website\",\"url\":\"https:\\\/\\\/quehacerpolitico.mx\\\/\",\"name\":\"\",\"description\":\"\",\"potentialAction\":[{\"@type\":\"SearchAction\",\"target\":{\"@type\":\"EntryPoint\",\"urlTemplate\":\"https:\\\/\\\/quehacerpolitico.mx\\\/?s={search_term_string}\"},\"query-input\":{\"@type\":\"PropertyValueSpecification\",\"valueRequired\":true,\"valueName\":\"search_term_string\"}}],\"inLanguage\":\"es\"},{\"@type\":\"Person\",\"@id\":\"https:\\\/\\\/quehacerpolitico.mx\\\/#\\\/schema\\\/person\\\/496d8ad2d1d3f8036101dca7ee39e585\",\"name\":\"Redacci\u00f3n QP\",\"image\":{\"@type\":\"ImageObject\",\"inLanguage\":\"es\",\"@id\":\"https:\\\/\\\/secure.gravatar.com\\\/avatar\\\/c7164ed6fdec453195284ad24a5ae5b6e1eed2b848477fa2a4787ba9adf39a41?s=96&d=mm&r=g\",\"url\":\"https:\\\/\\\/secure.gravatar.com\\\/avatar\\\/c7164ed6fdec453195284ad24a5ae5b6e1eed2b848477fa2a4787ba9adf39a41?s=96&d=mm&r=g\",\"contentUrl\":\"https:\\\/\\\/secure.gravatar.com\\\/avatar\\\/c7164ed6fdec453195284ad24a5ae5b6e1eed2b848477fa2a4787ba9adf39a41?s=96&d=mm&r=g\",\"caption\":\"Redacci\u00f3n QP\"},\"url\":\"https:\\\/\\\/quehacerpolitico.mx\\\/?author=2\"}]}<\/script>\n<!-- \/ Yoast SEO plugin. -->","yoast_head_json":{"title":"Vot\u00e9 a favor del mejor proyecto para la CDMX: Sheinbaum -","robots":{"index":"index","follow":"follow","max-snippet":"max-snippet:-1","max-image-preview":"max-image-preview:large","max-video-preview":"max-video-preview:-1"},"canonical":"https:\/\/quehacerpolitico.mx\/?p=7746","og_locale":"es_MX","og_type":"article","og_title":"Vot\u00e9 a favor del mejor proyecto para la CDMX: Sheinbaum -","og_description":"Vot\u00e9 a favor del mejor proyecto para la CDMX: Sheinbaum Por Redacci\u00f3n QP","og_url":"https:\/\/quehacerpolitico.mx\/?p=7746","article_published_time":"2018-10-25T22:03:59+00:00","author":"Redacci\u00f3n QP","twitter_card":"summary_large_image","twitter_misc":{"Escrito por":"Redacci\u00f3n QP","Tiempo de lectura":"2 minutos"},"schema":{"@context":"https:\/\/schema.org","@graph":[{"@type":"Article","@id":"https:\/\/quehacerpolitico.mx\/?p=7746#article","isPartOf":{"@id":"https:\/\/quehacerpolitico.mx\/?p=7746"},"author":{"name":"Redacci\u00f3n QP","@id":"https:\/\/quehacerpolitico.mx\/#\/schema\/person\/496d8ad2d1d3f8036101dca7ee39e585"},"headline":"Vot\u00e9 a favor del mejor proyecto para la CDMX: Sheinbaum","datePublished":"2018-10-25T22:03:59+00:00","mainEntityOfPage":{"@id":"https:\/\/quehacerpolitico.mx\/?p=7746"},"wordCount":343,"commentCount":0,"image":{"@id":"https:\/\/quehacerpolitico.mx\/?p=7746#primaryimage"},"thumbnailUrl":"","articleSection":["CDMX"],"inLanguage":"es","potentialAction":[{"@type":"CommentAction","name":"Comment","target":["https:\/\/quehacerpolitico.mx\/?p=7746#respond"]}]},{"@type":"WebPage","@id":"https:\/\/quehacerpolitico.mx\/?p=7746","url":"https:\/\/quehacerpolitico.mx\/?p=7746","name":"Vot\u00e9 a favor del mejor proyecto para la CDMX: Sheinbaum -","isPartOf":{"@id":"https:\/\/quehacerpolitico.mx\/#website"},"primaryImageOfPage":{"@id":"https:\/\/quehacerpolitico.mx\/?p=7746#primaryimage"},"image":{"@id":"https:\/\/quehacerpolitico.mx\/?p=7746#primaryimage"},"thumbnailUrl":"","datePublished":"2018-10-25T22:03:59+00:00","author":{"@id":"https:\/\/quehacerpolitico.mx\/#\/schema\/person\/496d8ad2d1d3f8036101dca7ee39e585"},"breadcrumb":{"@id":"https:\/\/quehacerpolitico.mx\/?p=7746#breadcrumb"},"inLanguage":"es","potentialAction":[{"@type":"ReadAction","target":["https:\/\/quehacerpolitico.mx\/?p=7746"]}]},{"@type":"ImageObject","inLanguage":"es","@id":"https:\/\/quehacerpolitico.mx\/?p=7746#primaryimage","url":"","contentUrl":""},{"@type":"BreadcrumbList","@id":"https:\/\/quehacerpolitico.mx\/?p=7746#breadcrumb","itemListElement":[{"@type":"ListItem","position":1,"name":"Inicio","item":"https:\/\/quehacerpolitico.mx\/"},{"@type":"ListItem","position":2,"name":"Vot\u00e9 a favor del mejor proyecto para la CDMX: Sheinbaum"}]},{"@type":"WebSite","@id":"https:\/\/quehacerpolitico.mx\/#website","url":"https:\/\/quehacerpolitico.mx\/","name":"","description":"","potentialAction":[{"@type":"SearchAction","target":{"@type":"EntryPoint","urlTemplate":"https:\/\/quehacerpolitico.mx\/?s={search_term_string}"},"query-input":{"@type":"PropertyValueSpecification","valueRequired":true,"valueName":"search_term_string"}}],"inLanguage":"es"},{"@type":"Person","@id":"https:\/\/quehacerpolitico.mx\/#\/schema\/person\/496d8ad2d1d3f8036101dca7ee39e585","name":"Redacci\u00f3n QP","image":{"@type":"ImageObject","inLanguage":"es","@id":"https:\/\/secure.gravatar.com\/avatar\/c7164ed6fdec453195284ad24a5ae5b6e1eed2b848477fa2a4787ba9adf39a41?s=96&d=mm&r=g","url":"https:\/\/secure.gravatar.com\/avatar\/c7164ed6fdec453195284ad24a5ae5b6e1eed2b848477fa2a4787ba9adf39a41?s=96&d=mm&r=g","contentUrl":"https:\/\/secure.gravatar.com\/avatar\/c7164ed6fdec453195284ad24a5ae5b6e1eed2b848477fa2a4787ba9adf39a41?s=96&d=mm&r=g","caption":"Redacci\u00f3n QP"},"url":"https:\/\/quehacerpolitico.mx\/?author=2"}]}},"featured_image_urls":{"full":"","thumbnail":"","medium":"","medium_large":"","large":"","1536x1536":"","2048x2048":"","covernews-featured":"","covernews-medium":""},"author_info":{"display_name":"Redacci\u00f3n QP","author_link":"https:\/\/quehacerpolitico.mx\/?author=2"},"category_info":"<a href=\"https:\/\/quehacerpolitico.mx\/?cat=55\" rel=\"category\">CDMX<\/a>","tag_info":"CDMX","comment_count":"0","_links":{"self":[{"href":"https:\/\/quehacerpolitico.mx\/index.php?rest_route=\/wp\/v2\/posts\/7746","targetHints":{"allow":["GET"]}}],"collection":[{"href":"https:\/\/quehacerpolitico.mx\/index.php?rest_route=\/wp\/v2\/posts"}],"about":[{"href":"https:\/\/quehacerpolitico.mx\/index.php?rest_route=\/wp\/v2\/types\/post"}],"author":[{"embeddable":true,"href":"https:\/\/quehacerpolitico.mx\/index.php?rest_route=\/wp\/v2\/users\/2"}],"replies":[{"embeddable":true,"href":"https:\/\/quehacerpolitico.mx\/index.php?rest_route=%2Fwp%2Fv2%2Fcomments&post=7746"}],"version-history":[{"count":0,"href":"https:\/\/quehacerpolitico.mx\/index.php?rest_route=\/wp\/v2\/posts\/7746\/revisions"}],"wp:featuredmedia":[{"embeddable":true,"href":"https:\/\/quehacerpolitico.mx\/index.php?rest_route=\/"}],"wp:attachment":[{"href":"https:\/\/quehacerpolitico.mx\/index.php?rest_route=%2Fwp%2Fv2%2Fmedia&parent=7746"}],"wp:term":[{"taxonomy":"category","embeddable":true,"href":"https:\/\/quehacerpolitico.mx\/index.php?rest_route=%2Fwp%2Fv2%2Fcategories&post=7746"},{"taxonomy":"post_tag","embeddable":true,"href":"https:\/\/quehacerpolitico.mx\/index.php?rest_route=%2Fwp%2Fv2%2Ftags&post=7746"}],"curies":[{"name":"wp","href":"https:\/\/api.w.org\/{rel}","templated":true}]}}