{"id":7728,"date":"2018-10-25T19:19:59","date_gmt":"2018-10-25T19:19:59","guid":{"rendered":"http:\/\/quehacerpolitico.mx\/mexicanos-participan-en-la-consultanaim-pese-a-fallas-el-gobierno-de-epn-defiende-el-proyecto-con-un-video\/"},"modified":"2018-10-25T19:19:59","modified_gmt":"2018-10-25T19:19:59","slug":"mexicanos-participan-en-la-consultanaim-pese-a-fallas-el-gobierno-de-epn-defiende-el-proyecto-con-un-video","status":"publish","type":"post","link":"https:\/\/quehacerpolitico.mx\/?p=7728","title":{"rendered":"Mexicanos participan en la #ConsultaNAIM pese a fallas; el Gobierno de EPN defiende el proyecto con un VIDEO"},"content":{"rendered":"<h1>Mexicanos participan en la #ConsultaNAIM pese a fallas; el Gobierno de EPN defiende el proyecto con un VIDEO<\/h1>\n<p>Por Nancy Leticia Herrera Guerrero\u00a0<\/p>\n<p>Este jueves arranc\u00f3 la <strong>Consulta Popular<\/strong> sobre el futuro del Nuevo Aeropuerto Internacional de M\u00e9xico (<strong>NAIM<\/strong>). Hasta el momento, todas las casillas se han instalado en el pa\u00eds. Usuarios de redes sociales han reportado desde lentitud en la instalaci\u00f3n de las mesas de votaci\u00f3n, fallas en la aplicaci\u00f3n para registrar los datos de los votantes y hasta factibilidad para votar en varias ocasiones.<\/p>\n<p>Se prev\u00e9 que durante cuatro d\u00edas los mexicanos acudan a <strong>votar<\/strong> en las mil 73 urnas que se ubican en las principales plazas p\u00fablicas de 538 municipios del pa\u00eds. Las mesas de votaci\u00f3n abrieron a las 8 de la ma\u00f1ana y cerrar\u00e1n a las 6 de la tarde.<\/p>\n<p><iframe loading=\"lazy\" title=\"Fallas en la aplicaci\u00f3n y boletas duplicadas en la consulta del NAIM\" width=\"640\" height=\"360\" src=\"https:\/\/www.youtube.com\/embed\/XZ0FOnV5S48?feature=oembed\" frameborder=\"0\" allow=\"accelerometer; autoplay; clipboard-write; encrypted-media; gyroscope; picture-in-picture; web-share\" referrerpolicy=\"strict-origin-when-cross-origin\" allowfullscreen><\/iframe><\/p>\n<p>En la Ciudad de M\u00e9xico, ya se instalaron las casillas de la\u00a0Glorieta de Insurgentes, Insurgentes y Reforma, cerca del Senado de la Rep\u00fablica, en la Alcald\u00eda de Cuauht\u00e9moc; el Parque\u00a0Cuitl\u00e1huac, en Iztapalapa; la de Jard\u00edn Hidalgo en Azcapotzalco; as\u00ed como la de la explanada de Tlalpan, a donde este ma\u00f1ana acudi\u00f3 el Presidente electo, Andr\u00e9s Manuel L\u00f3pez Obrador a emitir su voto. En Texcoco y Metepec, en el Estado de M\u00e9xico, la gente tambi\u00e9n ya acude a la mesa de votaci\u00f3n.<\/p>\n<blockquote class=\"twitter-tweet\" data-width=\"550\" data-dnt=\"true\">\n<p lang=\"es\" dir=\"ltr\">Ya emit\u00ed mi voto en la consulta sobre el aeropuerto de la Ciudad de M\u00e9xico. Mi opini\u00f3n fue a favor del sistema Ciudad de M\u00e9xico-Santa Luc\u00eda-Toluca. <a href=\"https:\/\/t.co\/Ekf0tTBzB2\">pic.twitter.com\/Ekf0tTBzB2<\/a><\/p>\n<p>&mdash; Mart\u00ed Batres (@martibatres) <a href=\"https:\/\/twitter.com\/martibatres\/status\/1055466566765236224?ref_src=twsrc%5Etfw\">October 25, 2018<\/a><\/p><\/blockquote>\n<p><script async src=\"https:\/\/platform.twitter.com\/widgets.js\" charset=\"utf-8\"><\/script><\/p>\n<div id=\"attachment_3489122\" class=\"wp-caption alignnone\"><img loading=\"lazy\" decoding=\"async\" class=\"size-full wp-image-3489122\" src=\"http:\/\/www.sinembargo.mx\/wp-content\/uploads\/2018\/10\/votos.jpeg\" sizes=\"auto, (max-width: 700px) 100vw, 700px\" srcset=\"http:\/\/www.sinembargo.mx\/wp-content\/uploads\/2018\/10\/votos.jpeg 700w, http:\/\/www.sinembargo.mx\/wp-content\/uploads\/2018\/10\/votos-300x195.jpeg 300w\" alt=\"\" width=\"700\" height=\"454\" \/><\/p>\n<p class=\"wp-caption-text\">Los votos sobre la consulta. Foto: Artemio Guerra Baz, Cuartoscuro.<\/p>\n<\/div>\n<p><strong>USUARIOS REPORTAN FALLAS<\/strong><\/p>\n<p>En redes sociales, usuarios han reportado fallas en la aplicaci\u00f3n que registra los datos de los participantes e impide que una persona pueda votar m\u00e1s de una ocasi\u00f3n. Incluso, un joven difundi\u00f3 una foto en la que muestra que ha votado por lo menos en cuatro ocasiones en el mismo n\u00famero de sitios.<\/p>\n<p>El ejercicio de votos m\u00faltiples ha sido replicado por varios medios. Incluso el diario Reforma comprob\u00f3 que la tinta que colocan tras votar, se borra mediante agua y jab\u00f3n.<\/p>\n<div id=\"attachment_3489185\" class=\"wp-caption alignnone\"><img loading=\"lazy\" decoding=\"async\" class=\"size-full wp-image-3489185\" src=\"http:\/\/www.sinembargo.mx\/wp-content\/uploads\/2018\/10\/votomultiple.jpg\" sizes=\"auto, (max-width: 700px) 100vw, 700px\" srcset=\"http:\/\/www.sinembargo.mx\/wp-content\/uploads\/2018\/10\/votomultiple.jpg 700w, http:\/\/www.sinembargo.mx\/wp-content\/uploads\/2018\/10\/votomultiple-249x300.jpg 249w\" alt=\"\" width=\"700\" height=\"844\" \/><\/p>\n<p class=\"wp-caption-text\">Usuario vota hasta cuatro veces. Foto: Especial.<\/p>\n<\/div>\n<p>En sitios como Puebla informaron que las casillas se instalaron despu\u00e9s de las 08:00 horas; mientras otras personas cuestionaron a los responsables de las mesas de informaci\u00f3n sobre qu\u00e9 pasar\u00eda con sus datos personales.<\/p>\n<p><strong>AFLUENCIA EN EDOMEX<\/strong><\/p>\n<p>En el Estado de M\u00e9xico se reporta la instalaci\u00f3n de todas las casillas, as\u00ed como el inicio de la afluencia de las personas. En Toluca se abrieron 9 casillas; mientras en Metepec, la Presidenta municipal inform\u00f3 que las casillas se instalaron a las 8:00 horas.<\/p>\n<div id=\"attachment_3489120\" class=\"wp-caption alignnone\"><img loading=\"lazy\" decoding=\"async\" class=\"size-full wp-image-3489120\" src=\"http:\/\/www.sinembargo.mx\/wp-content\/uploads\/2018\/10\/app_votos.jpeg\" sizes=\"auto, (max-width: 700px) 100vw, 700px\" srcset=\"http:\/\/www.sinembargo.mx\/wp-content\/uploads\/2018\/10\/app_votos.jpeg 700w, http:\/\/www.sinembargo.mx\/wp-content\/uploads\/2018\/10\/app_votos-300x201.jpeg 300w\" alt=\"\" width=\"700\" height=\"469\" \/><\/p>\n<p class=\"wp-caption-text\">Los datos de los participantes se suben a una app para garantizar que no se vote en dos o m\u00e1s ocasiones. Foto: Artemio Guerra Baz, Cuartoscuro.<\/p>\n<\/div>\n<p>En San Salvador Atenco, una de las zonas afectadas por la construcci\u00f3n del NAIM y que en 2001-2002 se opuso al proyecto propuesto por el entonces Presidente Vicente Fox, la mesa de consulta fue colocada despu\u00e9s de las 8:00 horas en la explana municipal del municipio.<\/p>\n<p>Ah\u00ed se contar\u00e1 con 11 mil boletas en las que los ciudadanos podr\u00e1n ejercer su voto, con s\u00f3lo presentar su credencial para votar. Representantes de la casilla expresaron que se descartan problemas en la zona y s\u00ed una importante afluencia de participantes.<\/p>\n<p>Reportes locales se\u00f1alan que el actual Presidente de Atenco, Andr\u00e9s Ruiz M\u00e9ndez, del Partido Revolucionario Institucional (PRI), vot\u00f3 por continuar con el proyecto del NAIM y anunci\u00f3 una marcha a favor del proyecto.<\/p>\n<p>Mientras el futuro Alcalde de Atenco, Porfirio Hugo Reyes, del Movimiento de Regeneraci\u00f3n Nacional (Morena) vot\u00f3 por construir las dos pistas en la Base A\u00e9rea de Santa Luc\u00eda.<\/p>\n<div id=\"attachment_3489222\" class=\"wp-caption alignnone\"><img loading=\"lazy\" decoding=\"async\" class=\"size-full wp-image-3489222\" src=\"http:\/\/www.sinembargo.mx\/wp-content\/uploads\/2018\/10\/consulta2.jpg\" sizes=\"auto, (max-width: 700px) 100vw, 700px\" srcset=\"http:\/\/www.sinembargo.mx\/wp-content\/uploads\/2018\/10\/consulta2.jpg 700w, http:\/\/www.sinembargo.mx\/wp-content\/uploads\/2018\/10\/consulta2-300x225.jpg 300w\" alt=\"\" width=\"700\" height=\"525\" \/><\/p>\n<p class=\"wp-caption-text\">Foto: Twitter, @GabyGamboa_S.<\/p>\n<\/div>\n<p><strong>PUEBLA, POCA PARTICIPACI\u00d3N<\/strong><\/p>\n<p>Con retrasos de hasta una hora se instalaron las mesas de votaci\u00f3n sobre la consulta. En la entidad, la gente podr\u00e1 votar en alguna de las 130 casillas colocadas en la misma cantidad de municipios.<\/p>\n<p>En la capital poblana, la Alcaldesa Claudia Rivera Vivanco particip\u00f3 en la consulta ciudadana sobre el Nuevo Aeropuerto de la Ciudad de M\u00e9xico y vot\u00f3 en contra de la continuidad del proyecto que el Gobierno federal construye en Texcoco.<\/p>\n<p>Cerca de las 9 de la ma\u00f1ana, la militante de Morena acudi\u00f3 a la mesa de votaci\u00f3n instalada en el Z\u00f3calo de Puebla.<\/p>\n<p>Ante medios de comunicaci\u00f3n tach\u00f3 la boleta y eligi\u00f3 la opci\u00f3n 1 que dice \u201creacondicionar el actual aeropuerto de la Ciudad de M\u00e9xico y el de Toluca y construir dos pistas en la base a\u00e9rea Santa Luc\u00eda\u201d.<\/p>\n<p>Mientras en Quintana Roo se reporta la instalaci\u00f3n completa de las casillas, as\u00ed como una ligera afluencia de participantes.<\/p>\n<p>En Colima se report\u00f3 la instalaci\u00f3n de cuatro urnas en la capital del estado y los municipios de Tecom\u00e1n, Manzanillo y Villa de \u00c1lvarez.<\/p>\n<div id=\"attachment_3489213\" class=\"wp-caption alignnone\"><img loading=\"lazy\" decoding=\"async\" class=\"size-full wp-image-3489213\" src=\"http:\/\/www.sinembargo.mx\/wp-content\/uploads\/2018\/10\/consultanaim.jpg\" sizes=\"auto, (max-width: 700px) 100vw, 700px\" srcset=\"http:\/\/www.sinembargo.mx\/wp-content\/uploads\/2018\/10\/consultanaim.jpg 700w, http:\/\/www.sinembargo.mx\/wp-content\/uploads\/2018\/10\/consultanaim-300x200.jpg 300w\" alt=\"\" width=\"700\" height=\"466\" \/><\/p>\n<p class=\"wp-caption-text\">La consulta se lleva a cabo desde el jueves 25 de octubre hasta el domingo 28. Foto: L\u00f3pez Obrador.<\/p>\n<\/div>\n<p><strong>P\u00c1GINA DE CONSULTA SE CAE<\/strong><\/p>\n<p>Esta ma\u00f1ana tambi\u00e9n se ha reportado que la p\u00e1gina mexicodecide.com, donde las personas pod\u00edan consultar la informaci\u00f3n disponible sobre las dos opciones, as\u00ed como consultar la posici\u00f3n de las casillas, se encuentra fuera de servicio.<\/p>\n<div id=\"attachment_3489090\" class=\"wp-caption alignnone\"><img loading=\"lazy\" decoding=\"async\" class=\"size-full wp-image-3489090\" src=\"http:\/\/www.sinembargo.mx\/wp-content\/uploads\/2018\/10\/629e541d-fbff-4c6e-bf5e-29e4fcb511c1.jpg\" sizes=\"auto, (max-width: 700px) 100vw, 700px\" srcset=\"http:\/\/www.sinembargo.mx\/wp-content\/uploads\/2018\/10\/629e541d-fbff-4c6e-bf5e-29e4fcb511c1.jpg 700w, http:\/\/www.sinembargo.mx\/wp-content\/uploads\/2018\/10\/629e541d-fbff-4c6e-bf5e-29e4fcb511c1-300x150.jpg 300w\" alt=\"\" width=\"700\" height=\"349\" \/><\/p>\n<p class=\"wp-caption-text\">La p\u00e1gina mexicodecide.com presenta problemas para ingresar al sitio. Foto: Especial.<\/p>\n<\/div>\n<p>Tras ello, el futuro vocero del Gobierno de L\u00f3pez Obrador, Jes\u00fas Ram\u00edrez, dijo que el sitio estaba bajo ataque y comparti\u00f3 una serie de im\u00e1genes en las que mostr\u00f3 el lugar de ubicaci\u00f3n de algunas casillas.<\/p>\n<p>Mientras en la p\u00e1gina de <a href=\"https:\/\/www.facebook.com\/pg\/mexicodecide.com.mx\/photos\/?tab=album&amp;album_id=1875370389197700&amp;__xts__%5B0%5D=68.ARBwmZWVKf03ukaPAu0AK0vPBGGh3Ro2Q_LEO3nZYZ0D24g2T-xWqnIV7NDmLl7mvBLXHd4qfKMIUTO_VbaP_hJIgQrmO3wjIiWXMQygBtJ7pgP7mHi0NuX7t6slB-ZnM0ZPEt4NQyrtQwceeBpcA3MboZOZMnBJzV24aX4HVDB2LSf-DNeuIwfMfso2grV7c5wLWZ8E5AU&amp;__tn__=-UC-R\" target=\"_blank\" rel=\"noopener\"><strong>Facebook M\u00e9xico Decide<\/strong><\/a>, los organizadores de la consulta colocaron las ubicaciones de las casillas en cada uno de los estados del pa\u00eds.<\/p>\n<p><img loading=\"lazy\" decoding=\"async\" class=\"alignnone size-full wp-image-3489209\" src=\"http:\/\/www.sinembargo.mx\/wp-content\/uploads\/2018\/10\/cdmx.jpg\" sizes=\"auto, (max-width: 700px) 100vw, 700px\" srcset=\"http:\/\/www.sinembargo.mx\/wp-content\/uploads\/2018\/10\/cdmx.jpg 700w, http:\/\/www.sinembargo.mx\/wp-content\/uploads\/2018\/10\/cdmx-300x232.jpg 300w\" alt=\"\" width=\"700\" height=\"541\" \/><img loading=\"lazy\" decoding=\"async\" class=\"alignnone size-full wp-image-3489210\" src=\"http:\/\/www.sinembargo.mx\/wp-content\/uploads\/2018\/10\/edomex.jpg\" sizes=\"auto, (max-width: 700px) 100vw, 700px\" srcset=\"http:\/\/www.sinembargo.mx\/wp-content\/uploads\/2018\/10\/edomex.jpg 700w, http:\/\/www.sinembargo.mx\/wp-content\/uploads\/2018\/10\/edomex-300x232.jpg 300w\" alt=\"\" width=\"700\" height=\"541\" \/><\/p>\n<p>Durante cuatro d\u00edas a partir de hoy jueves, la ciudadan\u00eda votar\u00e1 a la pregunta de si contin\u00faa con la construcci\u00f3n del nuevo aeropuerto o si se modernizan el actual y el de la ciudad de Toluca -a dos horas de distancia- mientras se construyen dos nuevas pistas en una base militar que quedar\u00eda para uso comercial.<\/p>\n<p>El intento anterior de construir un aeropuerto, en San Salvador Atenco, para sustituir al existente en la capital mexicana fue cancelado por la oposici\u00f3n local.<\/p>\n<p>En Texcoco, el lugar del nuevo aeropuerto, los trabajos contin\u00faan a toda marcha. Se prev\u00e9 que las obras terminen hacia finales de 2021, aunque los representantes del Gobierno electo aseguran que la fecha se retrasar\u00eda hasta el 2024.<\/p>\n<p>Las obras eran un hervidero de actividad en una ma\u00f1ana reciente. Quince de los 21 enormes \u201cembudos\u201d que soportar\u00e1n la terminal se estaban construyendo bajo m\u00e1s de una docena de gr\u00faas. Un ej\u00e9rcito de herreros coloc\u00f3 barras de refuerzo para el centro de transporte terrestre cerca de la terminal.<\/p>\n<p>Dos pisos de la torre de control se levantan en el centro de un terreno de m\u00e1s de 4 mil 856 hect\u00e1reas, m\u00e1s de seis veces m\u00e1s grande que el aer\u00f3dromo actual.<\/p>\n<p>Como gran parte de la Ciudad de M\u00e9xico, el nuevo aeropuerto se est\u00e1 construyendo sobre el lecho de un antiguo lago. Esta zona en concreto no tiene agua desde hace d\u00e9cadas, pero el terreno est\u00e1 blando y h\u00famedo. Se necesitaron amplios preparativos para compactar la tierra -aproximadamente dos metros- y sacar el agua como de una esponja. Las bombas llevan el agua a una reserva al otro lado de la carretera 24 horas al d\u00eda.<\/p>\n<p><strong>\u00bf\u2026Y EL GOBIERNO DE EPN?<\/strong><\/p>\n<p>A trav\u00e9s de su cuenta de Twitter, el Gobierno de Enrique Pe\u00f1a Nieto comparti\u00f3 un video en el que expres\u00f3 su apoy\u00f3 al NAIM. En el tuit destacaron que el proyecto tiene m\u00e1s de 20 a\u00f1os de estudios realizados por organismos nacionales e internacionales.<\/p>\n<blockquote class=\"twitter-tweet\" data-width=\"550\" data-dnt=\"true\">\n<p lang=\"es\" dir=\"ltr\">M\u00e1s de 20 a\u00f1os de estudios realizados por organismos nacionales e internacionales avalan la construcci\u00f3n del <a href=\"https:\/\/twitter.com\/NvoAeropuertoMX?ref_src=twsrc%5Etfw\">@NvoAeropuertoMx<\/a> <a href=\"https:\/\/twitter.com\/hashtag\/NAIM?src=hash&amp;ref_src=twsrc%5Etfw\">#NAIM<\/a> \u2708\ufe0f\ud83d\udeeb\ud83c\uddf2\ud83c\uddfd <a href=\"https:\/\/t.co\/xJbAxEEqzq\">pic.twitter.com\/xJbAxEEqzq<\/a><\/p>\n<p>&mdash; gob.mx (@gobmx) <a href=\"https:\/\/twitter.com\/gobmx\/status\/1055487797941944320?ref_src=twsrc%5Etfw\">October 25, 2018<\/a><\/p><\/blockquote>\n<p><script async src=\"https:\/\/platform.twitter.com\/widgets.js\" charset=\"utf-8\"><\/script><\/p>\n<p>A la defensa del proyecto de Texcoco se sum\u00f3 la Secretar\u00eda de Comunicaciones y Transportes que, a trav\u00e9s de su cuenta de Twitter, tambi\u00e9n comparti\u00f3 un video en el que expresa que el NAIM se convertir\u00e1 en el HUB m\u00e1s importante de Am\u00e9rica Latina.<\/p>\n<p>Tambi\u00e9n aprovech\u00f3 para destacar la defensa que Gerardo Ruiz Esparza realiz\u00f3 del proyecto, durante su comparecencia en la C\u00e1mara de Diputados.<\/p>\n<blockquote class=\"twitter-tweet\" data-width=\"550\" data-dnt=\"true\">\n<p lang=\"es\" dir=\"ltr\">\ud83d\udd34<a href=\"https:\/\/twitter.com\/hashtag\/ComparecenciaSCT?src=hash&amp;ref_src=twsrc%5Etfw\">#ComparecenciaSCT<\/a> <a href=\"https:\/\/twitter.com\/hashtag\/DatosNAIM?src=hash&amp;ref_src=twsrc%5Etfw\">#DatosNAIM<\/a>\ud83d\udeeb\ud83c\uddf2\ud83c\uddfd<br \/>\u2705Inversi\u00f3n de 100 mil mdp<br \/>\u2705Trabajan en la obra 307 empresas, de las cuales 90% son mexicanas <br \/>\u270545 mil empleos generados, con una proyecci\u00f3n de 60 mil al t\u00e9rmino del a\u00f1o <br \/>\u270517 mil personas beneficiadas de manera directa a trav\u00e9s del <a href=\"https:\/\/twitter.com\/hashtag\/PET?src=hash&amp;ref_src=twsrc%5Etfw\">#PET<\/a> <a href=\"https:\/\/t.co\/KHE9FD0rdA\">pic.twitter.com\/KHE9FD0rdA<\/a><\/p>\n<p>&mdash; SICT M\u00e9xico (@SICTmx) <a href=\"https:\/\/twitter.com\/SICTmx\/status\/1055526326088749058?ref_src=twsrc%5Etfw\">October 25, 2018<\/a><\/p><\/blockquote>\n<p><script async src=\"https:\/\/platform.twitter.com\/widgets.js\" charset=\"utf-8\"><\/script><\/p>\n<p><em>Con informaci\u00f3n de AP y Peri\u00f3dico Central<\/em><\/p>\n","protected":false},"excerpt":{"rendered":"<p>Mexicanos participan en la #ConsultaNAIM pese a fallas; el Gobierno de EPN defiende el proyecto con un VIDEO<br \/>\nPor Nancy Leticia Herrera Guerrero<\/p>\n","protected":false},"author":2,"featured_media":7727,"comment_status":"open","ping_status":"open","sticky":false,"template":"","format":"standard","meta":{"_monsterinsights_skip_tracking":false,"_monsterinsights_sitenote_active":false,"_monsterinsights_sitenote_note":"","_monsterinsights_sitenote_category":0,"footnotes":""},"categories":[2],"tags":[],"class_list":["post-7728","post","type-post","status-publish","format-standard","has-post-thumbnail","hentry","category-noticias"],"yoast_head":"<!-- This site is optimized with the Yoast SEO plugin v27.3 - https:\/\/yoast.com\/product\/yoast-seo-wordpress\/ -->\n<title>Mexicanos participan en la #ConsultaNAIM pese a fallas; el Gobierno de EPN defiende el proyecto con un VIDEO -<\/title>\n<meta name=\"robots\" content=\"index, follow, max-snippet:-1, max-image-preview:large, max-video-preview:-1\" \/>\n<link rel=\"canonical\" href=\"https:\/\/quehacerpolitico.mx\/?p=7728\" \/>\n<meta property=\"og:locale\" content=\"es_MX\" \/>\n<meta property=\"og:type\" content=\"article\" \/>\n<meta property=\"og:title\" content=\"Mexicanos participan en la #ConsultaNAIM pese a fallas; el Gobierno de EPN defiende el proyecto con un VIDEO -\" \/>\n<meta property=\"og:description\" content=\"Mexicanos participan en la #ConsultaNAIM pese a fallas; el Gobierno de EPN defiende el proyecto con un VIDEO Por Nancy Leticia Herrera Guerrero\" \/>\n<meta property=\"og:url\" content=\"https:\/\/quehacerpolitico.mx\/?p=7728\" \/>\n<meta property=\"article:published_time\" content=\"2018-10-25T19:19:59+00:00\" \/>\n<meta name=\"author\" content=\"Redacci\u00f3n QP\" \/>\n<meta name=\"twitter:card\" content=\"summary_large_image\" \/>\n<meta name=\"twitter:label1\" content=\"Escrito por\" \/>\n\t<meta name=\"twitter:data1\" content=\"Redacci\u00f3n QP\" \/>\n\t<meta name=\"twitter:label2\" content=\"Tiempo de lectura\" \/>\n\t<meta name=\"twitter:data2\" content=\"7 minutos\" \/>\n<script type=\"application\/ld+json\" class=\"yoast-schema-graph\">{\"@context\":\"https:\\\/\\\/schema.org\",\"@graph\":[{\"@type\":\"Article\",\"@id\":\"https:\\\/\\\/quehacerpolitico.mx\\\/?p=7728#article\",\"isPartOf\":{\"@id\":\"https:\\\/\\\/quehacerpolitico.mx\\\/?p=7728\"},\"author\":{\"name\":\"Redacci\u00f3n QP\",\"@id\":\"https:\\\/\\\/quehacerpolitico.mx\\\/#\\\/schema\\\/person\\\/496d8ad2d1d3f8036101dca7ee39e585\"},\"headline\":\"Mexicanos participan en la #ConsultaNAIM pese a fallas; el Gobierno de EPN defiende el proyecto con un VIDEO\",\"datePublished\":\"2018-10-25T19:19:59+00:00\",\"mainEntityOfPage\":{\"@id\":\"https:\\\/\\\/quehacerpolitico.mx\\\/?p=7728\"},\"wordCount\":1424,\"commentCount\":0,\"image\":{\"@id\":\"https:\\\/\\\/quehacerpolitico.mx\\\/?p=7728#primaryimage\"},\"thumbnailUrl\":\"\",\"articleSection\":[\"Noticias\"],\"inLanguage\":\"es\",\"potentialAction\":[{\"@type\":\"CommentAction\",\"name\":\"Comment\",\"target\":[\"https:\\\/\\\/quehacerpolitico.mx\\\/?p=7728#respond\"]}]},{\"@type\":\"WebPage\",\"@id\":\"https:\\\/\\\/quehacerpolitico.mx\\\/?p=7728\",\"url\":\"https:\\\/\\\/quehacerpolitico.mx\\\/?p=7728\",\"name\":\"Mexicanos participan en la #ConsultaNAIM pese a fallas; el Gobierno de EPN defiende el proyecto con un VIDEO -\",\"isPartOf\":{\"@id\":\"https:\\\/\\\/quehacerpolitico.mx\\\/#website\"},\"primaryImageOfPage\":{\"@id\":\"https:\\\/\\\/quehacerpolitico.mx\\\/?p=7728#primaryimage\"},\"image\":{\"@id\":\"https:\\\/\\\/quehacerpolitico.mx\\\/?p=7728#primaryimage\"},\"thumbnailUrl\":\"\",\"datePublished\":\"2018-10-25T19:19:59+00:00\",\"author\":{\"@id\":\"https:\\\/\\\/quehacerpolitico.mx\\\/#\\\/schema\\\/person\\\/496d8ad2d1d3f8036101dca7ee39e585\"},\"breadcrumb\":{\"@id\":\"https:\\\/\\\/quehacerpolitico.mx\\\/?p=7728#breadcrumb\"},\"inLanguage\":\"es\",\"potentialAction\":[{\"@type\":\"ReadAction\",\"target\":[\"https:\\\/\\\/quehacerpolitico.mx\\\/?p=7728\"]}]},{\"@type\":\"ImageObject\",\"inLanguage\":\"es\",\"@id\":\"https:\\\/\\\/quehacerpolitico.mx\\\/?p=7728#primaryimage\",\"url\":\"\",\"contentUrl\":\"\"},{\"@type\":\"BreadcrumbList\",\"@id\":\"https:\\\/\\\/quehacerpolitico.mx\\\/?p=7728#breadcrumb\",\"itemListElement\":[{\"@type\":\"ListItem\",\"position\":1,\"name\":\"Inicio\",\"item\":\"https:\\\/\\\/quehacerpolitico.mx\\\/\"},{\"@type\":\"ListItem\",\"position\":2,\"name\":\"Mexicanos participan en la #ConsultaNAIM pese a fallas; el Gobierno de EPN defiende el proyecto con un VIDEO\"}]},{\"@type\":\"WebSite\",\"@id\":\"https:\\\/\\\/quehacerpolitico.mx\\\/#website\",\"url\":\"https:\\\/\\\/quehacerpolitico.mx\\\/\",\"name\":\"\",\"description\":\"\",\"potentialAction\":[{\"@type\":\"SearchAction\",\"target\":{\"@type\":\"EntryPoint\",\"urlTemplate\":\"https:\\\/\\\/quehacerpolitico.mx\\\/?s={search_term_string}\"},\"query-input\":{\"@type\":\"PropertyValueSpecification\",\"valueRequired\":true,\"valueName\":\"search_term_string\"}}],\"inLanguage\":\"es\"},{\"@type\":\"Person\",\"@id\":\"https:\\\/\\\/quehacerpolitico.mx\\\/#\\\/schema\\\/person\\\/496d8ad2d1d3f8036101dca7ee39e585\",\"name\":\"Redacci\u00f3n QP\",\"image\":{\"@type\":\"ImageObject\",\"inLanguage\":\"es\",\"@id\":\"https:\\\/\\\/secure.gravatar.com\\\/avatar\\\/c7164ed6fdec453195284ad24a5ae5b6e1eed2b848477fa2a4787ba9adf39a41?s=96&d=mm&r=g\",\"url\":\"https:\\\/\\\/secure.gravatar.com\\\/avatar\\\/c7164ed6fdec453195284ad24a5ae5b6e1eed2b848477fa2a4787ba9adf39a41?s=96&d=mm&r=g\",\"contentUrl\":\"https:\\\/\\\/secure.gravatar.com\\\/avatar\\\/c7164ed6fdec453195284ad24a5ae5b6e1eed2b848477fa2a4787ba9adf39a41?s=96&d=mm&r=g\",\"caption\":\"Redacci\u00f3n QP\"},\"url\":\"https:\\\/\\\/quehacerpolitico.mx\\\/?author=2\"}]}<\/script>\n<!-- \/ Yoast SEO plugin. -->","yoast_head_json":{"title":"Mexicanos participan en la #ConsultaNAIM pese a fallas; el Gobierno de EPN defiende el proyecto con un VIDEO -","robots":{"index":"index","follow":"follow","max-snippet":"max-snippet:-1","max-image-preview":"max-image-preview:large","max-video-preview":"max-video-preview:-1"},"canonical":"https:\/\/quehacerpolitico.mx\/?p=7728","og_locale":"es_MX","og_type":"article","og_title":"Mexicanos participan en la #ConsultaNAIM pese a fallas; el Gobierno de EPN defiende el proyecto con un VIDEO -","og_description":"Mexicanos participan en la #ConsultaNAIM pese a fallas; el Gobierno de EPN defiende el proyecto con un VIDEO Por Nancy Leticia Herrera Guerrero","og_url":"https:\/\/quehacerpolitico.mx\/?p=7728","article_published_time":"2018-10-25T19:19:59+00:00","author":"Redacci\u00f3n QP","twitter_card":"summary_large_image","twitter_misc":{"Escrito por":"Redacci\u00f3n QP","Tiempo de lectura":"7 minutos"},"schema":{"@context":"https:\/\/schema.org","@graph":[{"@type":"Article","@id":"https:\/\/quehacerpolitico.mx\/?p=7728#article","isPartOf":{"@id":"https:\/\/quehacerpolitico.mx\/?p=7728"},"author":{"name":"Redacci\u00f3n QP","@id":"https:\/\/quehacerpolitico.mx\/#\/schema\/person\/496d8ad2d1d3f8036101dca7ee39e585"},"headline":"Mexicanos participan en la #ConsultaNAIM pese a fallas; el Gobierno de EPN defiende el proyecto con un VIDEO","datePublished":"2018-10-25T19:19:59+00:00","mainEntityOfPage":{"@id":"https:\/\/quehacerpolitico.mx\/?p=7728"},"wordCount":1424,"commentCount":0,"image":{"@id":"https:\/\/quehacerpolitico.mx\/?p=7728#primaryimage"},"thumbnailUrl":"","articleSection":["Noticias"],"inLanguage":"es","potentialAction":[{"@type":"CommentAction","name":"Comment","target":["https:\/\/quehacerpolitico.mx\/?p=7728#respond"]}]},{"@type":"WebPage","@id":"https:\/\/quehacerpolitico.mx\/?p=7728","url":"https:\/\/quehacerpolitico.mx\/?p=7728","name":"Mexicanos participan en la #ConsultaNAIM pese a fallas; el Gobierno de EPN defiende el proyecto con un VIDEO -","isPartOf":{"@id":"https:\/\/quehacerpolitico.mx\/#website"},"primaryImageOfPage":{"@id":"https:\/\/quehacerpolitico.mx\/?p=7728#primaryimage"},"image":{"@id":"https:\/\/quehacerpolitico.mx\/?p=7728#primaryimage"},"thumbnailUrl":"","datePublished":"2018-10-25T19:19:59+00:00","author":{"@id":"https:\/\/quehacerpolitico.mx\/#\/schema\/person\/496d8ad2d1d3f8036101dca7ee39e585"},"breadcrumb":{"@id":"https:\/\/quehacerpolitico.mx\/?p=7728#breadcrumb"},"inLanguage":"es","potentialAction":[{"@type":"ReadAction","target":["https:\/\/quehacerpolitico.mx\/?p=7728"]}]},{"@type":"ImageObject","inLanguage":"es","@id":"https:\/\/quehacerpolitico.mx\/?p=7728#primaryimage","url":"","contentUrl":""},{"@type":"BreadcrumbList","@id":"https:\/\/quehacerpolitico.mx\/?p=7728#breadcrumb","itemListElement":[{"@type":"ListItem","position":1,"name":"Inicio","item":"https:\/\/quehacerpolitico.mx\/"},{"@type":"ListItem","position":2,"name":"Mexicanos participan en la #ConsultaNAIM pese a fallas; el Gobierno de EPN defiende el proyecto con un VIDEO"}]},{"@type":"WebSite","@id":"https:\/\/quehacerpolitico.mx\/#website","url":"https:\/\/quehacerpolitico.mx\/","name":"","description":"","potentialAction":[{"@type":"SearchAction","target":{"@type":"EntryPoint","urlTemplate":"https:\/\/quehacerpolitico.mx\/?s={search_term_string}"},"query-input":{"@type":"PropertyValueSpecification","valueRequired":true,"valueName":"search_term_string"}}],"inLanguage":"es"},{"@type":"Person","@id":"https:\/\/quehacerpolitico.mx\/#\/schema\/person\/496d8ad2d1d3f8036101dca7ee39e585","name":"Redacci\u00f3n QP","image":{"@type":"ImageObject","inLanguage":"es","@id":"https:\/\/secure.gravatar.com\/avatar\/c7164ed6fdec453195284ad24a5ae5b6e1eed2b848477fa2a4787ba9adf39a41?s=96&d=mm&r=g","url":"https:\/\/secure.gravatar.com\/avatar\/c7164ed6fdec453195284ad24a5ae5b6e1eed2b848477fa2a4787ba9adf39a41?s=96&d=mm&r=g","contentUrl":"https:\/\/secure.gravatar.com\/avatar\/c7164ed6fdec453195284ad24a5ae5b6e1eed2b848477fa2a4787ba9adf39a41?s=96&d=mm&r=g","caption":"Redacci\u00f3n QP"},"url":"https:\/\/quehacerpolitico.mx\/?author=2"}]}},"featured_image_urls":{"full":"","thumbnail":"","medium":"","medium_large":"","large":"","1536x1536":"","2048x2048":"","covernews-featured":"","covernews-medium":""},"author_info":{"display_name":"Redacci\u00f3n QP","author_link":"https:\/\/quehacerpolitico.mx\/?author=2"},"category_info":"<a href=\"https:\/\/quehacerpolitico.mx\/?cat=2\" rel=\"category\">Noticias<\/a>","tag_info":"Noticias","comment_count":"0","_links":{"self":[{"href":"https:\/\/quehacerpolitico.mx\/index.php?rest_route=\/wp\/v2\/posts\/7728","targetHints":{"allow":["GET"]}}],"collection":[{"href":"https:\/\/quehacerpolitico.mx\/index.php?rest_route=\/wp\/v2\/posts"}],"about":[{"href":"https:\/\/quehacerpolitico.mx\/index.php?rest_route=\/wp\/v2\/types\/post"}],"author":[{"embeddable":true,"href":"https:\/\/quehacerpolitico.mx\/index.php?rest_route=\/wp\/v2\/users\/2"}],"replies":[{"embeddable":true,"href":"https:\/\/quehacerpolitico.mx\/index.php?rest_route=%2Fwp%2Fv2%2Fcomments&post=7728"}],"version-history":[{"count":0,"href":"https:\/\/quehacerpolitico.mx\/index.php?rest_route=\/wp\/v2\/posts\/7728\/revisions"}],"wp:featuredmedia":[{"embeddable":true,"href":"https:\/\/quehacerpolitico.mx\/index.php?rest_route=\/"}],"wp:attachment":[{"href":"https:\/\/quehacerpolitico.mx\/index.php?rest_route=%2Fwp%2Fv2%2Fmedia&parent=7728"}],"wp:term":[{"taxonomy":"category","embeddable":true,"href":"https:\/\/quehacerpolitico.mx\/index.php?rest_route=%2Fwp%2Fv2%2Fcategories&post=7728"},{"taxonomy":"post_tag","embeddable":true,"href":"https:\/\/quehacerpolitico.mx\/index.php?rest_route=%2Fwp%2Fv2%2Ftags&post=7728"}],"curies":[{"name":"wp","href":"https:\/\/api.w.org\/{rel}","templated":true}]}}