{"id":7726,"date":"2018-10-25T18:54:30","date_gmt":"2018-10-25T18:54:30","guid":{"rendered":"http:\/\/quehacerpolitico.mx\/eu-preve-despliegue-de-800-militares-en-su-frontera-con-mexico-mientras-avanzan-2-caravanas-de-migrantes\/"},"modified":"2018-10-25T18:54:30","modified_gmt":"2018-10-25T18:54:30","slug":"eu-preve-despliegue-de-800-militares-en-su-frontera-con-mexico-mientras-avanzan-2-caravanas-de-migrantes","status":"publish","type":"post","link":"https:\/\/quehacerpolitico.mx\/?p=7726","title":{"rendered":"EU prev\u00e9 despliegue de 800 militares en su frontera con M\u00e9xico, mientras avanzan 2 caravanas de migrantes"},"content":{"rendered":"<h1>EU prev\u00e9 despliegue de 800 militares en su frontera con M\u00e9xico, mientras avanzan 2 caravanas de migrantes<\/h1>\n<p>Por Redacci\u00f3n QP<\/p>\n<p>Mientras <strong>dos caravanas<\/strong> de <strong>migrantes<\/strong> avanzan, una por M\u00e9xico y otra en Guatemala, con la intenci\u00f3n de llegar a Estados Unidos, se prev\u00e9 que el Secretario de Defensa de ese pa\u00eds firme en las pr\u00f3ximas horas una orden de <strong>enviar 800 efectivos militares<\/strong> o m\u00e1s para reforzar la seguridad en su <strong>frontera<\/strong> sur, inform\u00f3 un funcionario el jueves.<\/p>\n<p>El Secretario Jim Mattis estar\u00eda respondiendo a un pedido del Presidente Donald Trump, de \u201csacar a los militares\u201d para enfrentar lo que considera es una emergencia nacional en la frontera con M\u00e9xico.<\/p>\n<p>De acuerdo con un cable de <em>AP<\/em>, el funcionario habl\u00f3 bajo la condici\u00f3n de anonimato porque faltaban detalles por definir.<\/p>\n<p>Las fuerzas adicionales proveer\u00e1n lo que un funcionario llam\u00f3 apoyo log\u00edstico a la Patrulla Fronteriza, con veh\u00edculos, carpas y equipo. Unos 2 mil efectivos de la Guardia Nacional ya se encuentran en la frontera de acuerdo con disposiciones anteriores del Pent\u00e1gono.<\/p>\n<p>Por la ma\u00f1ana, el Presidente Trump dijo en Twitter que llevar\u00eda a los militares a la frontera con M\u00e9xico.<\/p>\n<blockquote class=\"twitter-tweet\" data-width=\"550\" data-dnt=\"true\">\n<p lang=\"en\" dir=\"ltr\">Brandon Judd of the National Border Patrol Council is right when he says on <a href=\"https:\/\/twitter.com\/foxandfriends?ref_src=twsrc%5Etfw\">@foxandfriends<\/a> that the Democrat inspired laws make it tough for us to stop people at the Border. MUST BE CHANDED, but I am bringing out the military for this National Emergency. They will be stopped!<\/p>\n<p>&mdash; Donald J. Trump (@realDonaldTrump) <a href=\"https:\/\/twitter.com\/realDonaldTrump\/status\/1055414972635926528?ref_src=twsrc%5Etfw\">October 25, 2018<\/a><\/p><\/blockquote>\n<p><script async src=\"https:\/\/platform.twitter.com\/widgets.js\" charset=\"utf-8\"><\/script><\/p>\n<p>El tuit se conoce mientras una caravana de miles de migrantes centroamericanos contin\u00faa su marcha a trav\u00e9s de M\u00e9xico hacia la deseada, pero a\u00fan distante, frontera con Estados Unidos. Mientras, una segunda caravana, de unas mil 500 personas, est\u00e1 atravesando Guatemala dispersa en varios grupos que tambi\u00e9n tiene a Estados Unidos como destino final.<\/p>\n<p>Los culpables son los dem\u00f3cratas, cuyas leyes dificultan frenar a la gente en la frontera, dijo Trump, y a\u00f1adi\u00f3 que quienes intenten entrar a Estados Unidos \u201c\u00a1ser\u00e1n frenados!\u201d.<\/p>\n<p>Trump tuite\u00f3 el lunes que hab\u00eda alertado a los militares sobre una \u201cEmergia (sic) Nacional\u201d, pero el Pent\u00e1gono dijo que no hab\u00eda recibido \u00f3rdenes de enviar efectivos a ocuparse de la seguridad fronteriza.<\/p>\n<p>En un acto el mi\u00e9rcoles por la noche en Wisconsin, Trump dijo que los militares estaban \u201cpreparados\u201d.<\/p>\n<p><strong>LA CARAVANA AVANZA HACIA PIJIJIAPAN<\/strong><\/p>\n<p>En punto de las 4:00 de la ma\u00f1ana de este jueves, la Caravana Migrante retom\u00f3 su camino por el estado de Chiapas rumbo al municipio de Pijijiapan.<\/p>\n<p>Al igual que el d\u00eda de ayer, los integrantes de la Caravana salieron de Mapastepec de madrugada para evitar, al menos por unas horas, caminar bajo los sofocantes rayos del sol.<\/p>\n<p>Este d\u00eda, la Caravana recorrer\u00e1 alrededor de 43 kil\u00f3metros y a diferencia de d\u00edas pasados los participantes est\u00e1n tomando el transporte p\u00fablico, el cual les cobra 30 pesos por persona.<\/p>\n<div id=\"attachment_3489156\" class=\"wp-caption alignnone\"><img loading=\"lazy\" decoding=\"async\" class=\"size-full wp-image-3489156\" src=\"http:\/\/www.sinembargo.mx\/wp-content\/uploads\/2018\/10\/segundacaravana.jpg\" sizes=\"auto, (max-width: 700px) 100vw, 700px\" srcset=\"http:\/\/www.sinembargo.mx\/wp-content\/uploads\/2018\/10\/segundacaravana.jpg 700w, http:\/\/www.sinembargo.mx\/wp-content\/uploads\/2018\/10\/segundacaravana-300x200.jpg 300w\" alt=\"\" width=\"700\" height=\"467\" \/><\/p>\n<p class=\"wp-caption-text\">La segunda caravana de migrantes hondure\u00f1os que atraviesa Guatemala retoma su recorrido. Foto: EFE<\/p>\n<\/div>\n<p><strong>SEGUNDA CARAVANA AVANZA POR GUATEMALA<\/strong><\/p>\n<p>Un grupo de unos 250 migrantes hondure\u00f1os sali\u00f3 hoy de un albergue de Ciudad de Guatemala con direcci\u00f3n a M\u00e9xico, el primer paso para llegar a su destino final, Estados Unidos.<\/p>\n<p>Este grupo, que pertenece a la segunda caravana de unos mil 500 hondure\u00f1os que intenta atravesar el territorio guatemalteco, sali\u00f3 este jueves de la Casa del Migrante de la zona 1 de la capital despu\u00e9s de desayunar.<\/p>\n<p>El director de este centro, el padre Mauro Verzeletti, asegur\u00f3 el pasado martes que del 16 al 23 de octubre, solo siete d\u00edas, hab\u00edan recibido y brindado atenci\u00f3n m\u00e9dica, psicol\u00f3gica, de hospedaje y alimentaria a m\u00e1s de 11 mil migrantes.<\/p>\n<p>Esta segunda caravana est\u00e1 atravesando Guatemala dispersa en varios grupos que tambi\u00e9n tiene a Estados Unidos como destino final.<\/p>\n<p><strong>MIGRANTES LUCHAN CONTRA ENFERMEDADES Y CANSANCIO\u00a0<\/strong><\/p>\n<p>Poco a poco, las enfermedades, el miedo y el acoso policial est\u00e1n mermando la Caravana de Migrantes que viaja por M\u00e9xico\u00a0y muchos de los entre 4 mil y 5 mil que acamparon durante la noche bajo lonas de pl\u00e1stico en una ciudad del sur de M\u00e9xico se quejaron de agotamiento.<\/p>\n<blockquote>\n<p>\u201cSiento un dolor en el est\u00f3mago. (\u2026) No s\u00e9 si es por el hambre\u201d, relata a <em>Efe<\/em> Alvin mientras se toca un lado del vientre.<\/p>\n<\/blockquote>\n<p>El hondure\u00f1o, con 18 a\u00f1os reci\u00e9n cumplidos, lleva sandalias y un pa\u00f1uelo en la cabeza y fue atendido en medio de la carretera, bajo un sol y una humedad que se incrustan en la piel.<\/p>\n<blockquote>\n<p>\u201cLo que se ha atendido hasta el momento son ampollas de pie, hongos, infecciones estomacales, dolores de cabeza, deshidrataci\u00f3n severa, moderada y leve\u201d, explica a Efe Jos\u00e9 Antonio, param\u00e9dico de la Cruz Roja.<\/p>\n<\/blockquote>\n<div id=\"attachment_3489052\" class=\"wp-caption alignnone\"><img loading=\"lazy\" decoding=\"async\" class=\"wp-image-3489052 size-full\" src=\"http:\/\/www.sinembargo.mx\/wp-content\/uploads\/2018\/10\/caravana-2-1.jpg\" sizes=\"auto, (max-width: 700px) 100vw, 700px\" srcset=\"http:\/\/www.sinembargo.mx\/wp-content\/uploads\/2018\/10\/caravana-2-1.jpg 700w, http:\/\/www.sinembargo.mx\/wp-content\/uploads\/2018\/10\/caravana-2-1-300x200.jpg 300w\" alt=\"\" width=\"700\" height=\"467\" \/><\/p>\n<p class=\"wp-caption-text\">Un grupo de migrantes descansa en un campamento improvisado levantado por la caravana de migrantes que viaja hacia Estados Unidos, en Mapastepec. Foto: AP<\/p>\n<\/div>\n<p>Los peligros en la carretera son varios. Adem\u00e1s del inclemente sol y el agotador andar. Los camiones pueden arrollarlos o los mismos migrantes pueden caer cuando se suben en ellos para avanzar m\u00e1s f\u00e1cilmente, como ya ocurri\u00f3 el lunes con un muchacho hondure\u00f1o que falleci\u00f3.<\/p>\n<p>En casos extremos, una deshidrataci\u00f3n o una infecci\u00f3n mal curada tambi\u00e9n puede matarlos, agrega el voluntario.<\/p>\n<p>En Mapastepec, en el suroriental estado de Chiapas, varias unidades m\u00e9dicas atendieron a los migrantes. De acuerdo con el Sistema para el Desarrollo Integral de la Familia (DIF) del municipio, se mont\u00f3 un hospital temporal con 22 m\u00e9dicos y 15 param\u00e9dicos, adem\u00e1s de una unidad m\u00f3vil.<\/p>\n<p>Jes\u00fas Ruiz, director del DIF de la ciudad, explic\u00f3 a <em>Efe<\/em> que se tuvieron que realizar dos hospitalizaciones. Uno de los pacientes sigue ingresado por inflamaci\u00f3n de h\u00edgado y el rostro con fuertes quemaduras debido al sol, los cambios de temperatura y la intermitente lluvia.<\/p>\n<p>Toda la comida, prendas viejas, agua y medicamentos que se da a los migrantes son donaciones privadas, de grupos religiosos o funcionarios locales que empatizan con ellos.<\/p>\n<p>Con Informaci\u00f3n de AP\/EFE<\/p>\n","protected":false},"excerpt":{"rendered":"<p>EU prev\u00e9 despliegue de 800 militares en su frontera con M\u00e9xico, mientras avanzan 2 caravanas de migrantes<br \/>\nPor Redacci\u00f3n QP<\/p>\n","protected":false},"author":2,"featured_media":7725,"comment_status":"open","ping_status":"open","sticky":false,"template":"","format":"standard","meta":{"_monsterinsights_skip_tracking":false,"_monsterinsights_sitenote_active":false,"_monsterinsights_sitenote_note":"","_monsterinsights_sitenote_category":0,"footnotes":""},"categories":[2],"tags":[],"class_list":["post-7726","post","type-post","status-publish","format-standard","has-post-thumbnail","hentry","category-noticias"],"yoast_head":"<!-- This site is optimized with the Yoast SEO plugin v27.3 - https:\/\/yoast.com\/product\/yoast-seo-wordpress\/ -->\n<title>EU prev\u00e9 despliegue de 800 militares en su frontera con M\u00e9xico, mientras avanzan 2 caravanas de migrantes -<\/title>\n<meta name=\"robots\" content=\"index, follow, max-snippet:-1, max-image-preview:large, max-video-preview:-1\" \/>\n<link rel=\"canonical\" href=\"https:\/\/quehacerpolitico.mx\/?p=7726\" \/>\n<meta property=\"og:locale\" content=\"es_MX\" \/>\n<meta property=\"og:type\" content=\"article\" \/>\n<meta property=\"og:title\" content=\"EU prev\u00e9 despliegue de 800 militares en su frontera con M\u00e9xico, mientras avanzan 2 caravanas de migrantes -\" \/>\n<meta property=\"og:description\" content=\"EU prev\u00e9 despliegue de 800 militares en su frontera con M\u00e9xico, mientras avanzan 2 caravanas de migrantes Por Redacci\u00f3n QP\" \/>\n<meta property=\"og:url\" content=\"https:\/\/quehacerpolitico.mx\/?p=7726\" \/>\n<meta property=\"article:published_time\" content=\"2018-10-25T18:54:30+00:00\" \/>\n<meta name=\"author\" content=\"Redacci\u00f3n QP\" \/>\n<meta name=\"twitter:card\" content=\"summary_large_image\" \/>\n<meta name=\"twitter:label1\" content=\"Escrito por\" \/>\n\t<meta name=\"twitter:data1\" content=\"Redacci\u00f3n QP\" \/>\n\t<meta name=\"twitter:label2\" content=\"Tiempo de lectura\" \/>\n\t<meta name=\"twitter:data2\" content=\"5 minutos\" \/>\n<script type=\"application\/ld+json\" class=\"yoast-schema-graph\">{\"@context\":\"https:\\\/\\\/schema.org\",\"@graph\":[{\"@type\":\"Article\",\"@id\":\"https:\\\/\\\/quehacerpolitico.mx\\\/?p=7726#article\",\"isPartOf\":{\"@id\":\"https:\\\/\\\/quehacerpolitico.mx\\\/?p=7726\"},\"author\":{\"name\":\"Redacci\u00f3n QP\",\"@id\":\"https:\\\/\\\/quehacerpolitico.mx\\\/#\\\/schema\\\/person\\\/496d8ad2d1d3f8036101dca7ee39e585\"},\"headline\":\"EU prev\u00e9 despliegue de 800 militares en su frontera con M\u00e9xico, mientras avanzan 2 caravanas de migrantes\",\"datePublished\":\"2018-10-25T18:54:30+00:00\",\"mainEntityOfPage\":{\"@id\":\"https:\\\/\\\/quehacerpolitico.mx\\\/?p=7726\"},\"wordCount\":997,\"commentCount\":0,\"image\":{\"@id\":\"https:\\\/\\\/quehacerpolitico.mx\\\/?p=7726#primaryimage\"},\"thumbnailUrl\":\"\",\"articleSection\":[\"Noticias\"],\"inLanguage\":\"es\",\"potentialAction\":[{\"@type\":\"CommentAction\",\"name\":\"Comment\",\"target\":[\"https:\\\/\\\/quehacerpolitico.mx\\\/?p=7726#respond\"]}]},{\"@type\":\"WebPage\",\"@id\":\"https:\\\/\\\/quehacerpolitico.mx\\\/?p=7726\",\"url\":\"https:\\\/\\\/quehacerpolitico.mx\\\/?p=7726\",\"name\":\"EU prev\u00e9 despliegue de 800 militares en su frontera con M\u00e9xico, mientras avanzan 2 caravanas de migrantes -\",\"isPartOf\":{\"@id\":\"https:\\\/\\\/quehacerpolitico.mx\\\/#website\"},\"primaryImageOfPage\":{\"@id\":\"https:\\\/\\\/quehacerpolitico.mx\\\/?p=7726#primaryimage\"},\"image\":{\"@id\":\"https:\\\/\\\/quehacerpolitico.mx\\\/?p=7726#primaryimage\"},\"thumbnailUrl\":\"\",\"datePublished\":\"2018-10-25T18:54:30+00:00\",\"author\":{\"@id\":\"https:\\\/\\\/quehacerpolitico.mx\\\/#\\\/schema\\\/person\\\/496d8ad2d1d3f8036101dca7ee39e585\"},\"breadcrumb\":{\"@id\":\"https:\\\/\\\/quehacerpolitico.mx\\\/?p=7726#breadcrumb\"},\"inLanguage\":\"es\",\"potentialAction\":[{\"@type\":\"ReadAction\",\"target\":[\"https:\\\/\\\/quehacerpolitico.mx\\\/?p=7726\"]}]},{\"@type\":\"ImageObject\",\"inLanguage\":\"es\",\"@id\":\"https:\\\/\\\/quehacerpolitico.mx\\\/?p=7726#primaryimage\",\"url\":\"\",\"contentUrl\":\"\"},{\"@type\":\"BreadcrumbList\",\"@id\":\"https:\\\/\\\/quehacerpolitico.mx\\\/?p=7726#breadcrumb\",\"itemListElement\":[{\"@type\":\"ListItem\",\"position\":1,\"name\":\"Inicio\",\"item\":\"https:\\\/\\\/quehacerpolitico.mx\\\/\"},{\"@type\":\"ListItem\",\"position\":2,\"name\":\"EU prev\u00e9 despliegue de 800 militares en su frontera con M\u00e9xico, mientras avanzan 2 caravanas de migrantes\"}]},{\"@type\":\"WebSite\",\"@id\":\"https:\\\/\\\/quehacerpolitico.mx\\\/#website\",\"url\":\"https:\\\/\\\/quehacerpolitico.mx\\\/\",\"name\":\"\",\"description\":\"\",\"potentialAction\":[{\"@type\":\"SearchAction\",\"target\":{\"@type\":\"EntryPoint\",\"urlTemplate\":\"https:\\\/\\\/quehacerpolitico.mx\\\/?s={search_term_string}\"},\"query-input\":{\"@type\":\"PropertyValueSpecification\",\"valueRequired\":true,\"valueName\":\"search_term_string\"}}],\"inLanguage\":\"es\"},{\"@type\":\"Person\",\"@id\":\"https:\\\/\\\/quehacerpolitico.mx\\\/#\\\/schema\\\/person\\\/496d8ad2d1d3f8036101dca7ee39e585\",\"name\":\"Redacci\u00f3n QP\",\"image\":{\"@type\":\"ImageObject\",\"inLanguage\":\"es\",\"@id\":\"https:\\\/\\\/secure.gravatar.com\\\/avatar\\\/c7164ed6fdec453195284ad24a5ae5b6e1eed2b848477fa2a4787ba9adf39a41?s=96&d=mm&r=g\",\"url\":\"https:\\\/\\\/secure.gravatar.com\\\/avatar\\\/c7164ed6fdec453195284ad24a5ae5b6e1eed2b848477fa2a4787ba9adf39a41?s=96&d=mm&r=g\",\"contentUrl\":\"https:\\\/\\\/secure.gravatar.com\\\/avatar\\\/c7164ed6fdec453195284ad24a5ae5b6e1eed2b848477fa2a4787ba9adf39a41?s=96&d=mm&r=g\",\"caption\":\"Redacci\u00f3n QP\"},\"url\":\"https:\\\/\\\/quehacerpolitico.mx\\\/?author=2\"}]}<\/script>\n<!-- \/ Yoast SEO plugin. -->","yoast_head_json":{"title":"EU prev\u00e9 despliegue de 800 militares en su frontera con M\u00e9xico, mientras avanzan 2 caravanas de migrantes -","robots":{"index":"index","follow":"follow","max-snippet":"max-snippet:-1","max-image-preview":"max-image-preview:large","max-video-preview":"max-video-preview:-1"},"canonical":"https:\/\/quehacerpolitico.mx\/?p=7726","og_locale":"es_MX","og_type":"article","og_title":"EU prev\u00e9 despliegue de 800 militares en su frontera con M\u00e9xico, mientras avanzan 2 caravanas de migrantes -","og_description":"EU prev\u00e9 despliegue de 800 militares en su frontera con M\u00e9xico, mientras avanzan 2 caravanas de migrantes Por Redacci\u00f3n QP","og_url":"https:\/\/quehacerpolitico.mx\/?p=7726","article_published_time":"2018-10-25T18:54:30+00:00","author":"Redacci\u00f3n QP","twitter_card":"summary_large_image","twitter_misc":{"Escrito por":"Redacci\u00f3n QP","Tiempo de lectura":"5 minutos"},"schema":{"@context":"https:\/\/schema.org","@graph":[{"@type":"Article","@id":"https:\/\/quehacerpolitico.mx\/?p=7726#article","isPartOf":{"@id":"https:\/\/quehacerpolitico.mx\/?p=7726"},"author":{"name":"Redacci\u00f3n QP","@id":"https:\/\/quehacerpolitico.mx\/#\/schema\/person\/496d8ad2d1d3f8036101dca7ee39e585"},"headline":"EU prev\u00e9 despliegue de 800 militares en su frontera con M\u00e9xico, mientras avanzan 2 caravanas de migrantes","datePublished":"2018-10-25T18:54:30+00:00","mainEntityOfPage":{"@id":"https:\/\/quehacerpolitico.mx\/?p=7726"},"wordCount":997,"commentCount":0,"image":{"@id":"https:\/\/quehacerpolitico.mx\/?p=7726#primaryimage"},"thumbnailUrl":"","articleSection":["Noticias"],"inLanguage":"es","potentialAction":[{"@type":"CommentAction","name":"Comment","target":["https:\/\/quehacerpolitico.mx\/?p=7726#respond"]}]},{"@type":"WebPage","@id":"https:\/\/quehacerpolitico.mx\/?p=7726","url":"https:\/\/quehacerpolitico.mx\/?p=7726","name":"EU prev\u00e9 despliegue de 800 militares en su frontera con M\u00e9xico, mientras avanzan 2 caravanas de migrantes -","isPartOf":{"@id":"https:\/\/quehacerpolitico.mx\/#website"},"primaryImageOfPage":{"@id":"https:\/\/quehacerpolitico.mx\/?p=7726#primaryimage"},"image":{"@id":"https:\/\/quehacerpolitico.mx\/?p=7726#primaryimage"},"thumbnailUrl":"","datePublished":"2018-10-25T18:54:30+00:00","author":{"@id":"https:\/\/quehacerpolitico.mx\/#\/schema\/person\/496d8ad2d1d3f8036101dca7ee39e585"},"breadcrumb":{"@id":"https:\/\/quehacerpolitico.mx\/?p=7726#breadcrumb"},"inLanguage":"es","potentialAction":[{"@type":"ReadAction","target":["https:\/\/quehacerpolitico.mx\/?p=7726"]}]},{"@type":"ImageObject","inLanguage":"es","@id":"https:\/\/quehacerpolitico.mx\/?p=7726#primaryimage","url":"","contentUrl":""},{"@type":"BreadcrumbList","@id":"https:\/\/quehacerpolitico.mx\/?p=7726#breadcrumb","itemListElement":[{"@type":"ListItem","position":1,"name":"Inicio","item":"https:\/\/quehacerpolitico.mx\/"},{"@type":"ListItem","position":2,"name":"EU prev\u00e9 despliegue de 800 militares en su frontera con M\u00e9xico, mientras avanzan 2 caravanas de migrantes"}]},{"@type":"WebSite","@id":"https:\/\/quehacerpolitico.mx\/#website","url":"https:\/\/quehacerpolitico.mx\/","name":"","description":"","potentialAction":[{"@type":"SearchAction","target":{"@type":"EntryPoint","urlTemplate":"https:\/\/quehacerpolitico.mx\/?s={search_term_string}"},"query-input":{"@type":"PropertyValueSpecification","valueRequired":true,"valueName":"search_term_string"}}],"inLanguage":"es"},{"@type":"Person","@id":"https:\/\/quehacerpolitico.mx\/#\/schema\/person\/496d8ad2d1d3f8036101dca7ee39e585","name":"Redacci\u00f3n QP","image":{"@type":"ImageObject","inLanguage":"es","@id":"https:\/\/secure.gravatar.com\/avatar\/c7164ed6fdec453195284ad24a5ae5b6e1eed2b848477fa2a4787ba9adf39a41?s=96&d=mm&r=g","url":"https:\/\/secure.gravatar.com\/avatar\/c7164ed6fdec453195284ad24a5ae5b6e1eed2b848477fa2a4787ba9adf39a41?s=96&d=mm&r=g","contentUrl":"https:\/\/secure.gravatar.com\/avatar\/c7164ed6fdec453195284ad24a5ae5b6e1eed2b848477fa2a4787ba9adf39a41?s=96&d=mm&r=g","caption":"Redacci\u00f3n QP"},"url":"https:\/\/quehacerpolitico.mx\/?author=2"}]}},"featured_image_urls":{"full":"","thumbnail":"","medium":"","medium_large":"","large":"","1536x1536":"","2048x2048":"","covernews-featured":"","covernews-medium":""},"author_info":{"display_name":"Redacci\u00f3n QP","author_link":"https:\/\/quehacerpolitico.mx\/?author=2"},"category_info":"<a href=\"https:\/\/quehacerpolitico.mx\/?cat=2\" rel=\"category\">Noticias<\/a>","tag_info":"Noticias","comment_count":"0","_links":{"self":[{"href":"https:\/\/quehacerpolitico.mx\/index.php?rest_route=\/wp\/v2\/posts\/7726","targetHints":{"allow":["GET"]}}],"collection":[{"href":"https:\/\/quehacerpolitico.mx\/index.php?rest_route=\/wp\/v2\/posts"}],"about":[{"href":"https:\/\/quehacerpolitico.mx\/index.php?rest_route=\/wp\/v2\/types\/post"}],"author":[{"embeddable":true,"href":"https:\/\/quehacerpolitico.mx\/index.php?rest_route=\/wp\/v2\/users\/2"}],"replies":[{"embeddable":true,"href":"https:\/\/quehacerpolitico.mx\/index.php?rest_route=%2Fwp%2Fv2%2Fcomments&post=7726"}],"version-history":[{"count":0,"href":"https:\/\/quehacerpolitico.mx\/index.php?rest_route=\/wp\/v2\/posts\/7726\/revisions"}],"wp:featuredmedia":[{"embeddable":true,"href":"https:\/\/quehacerpolitico.mx\/index.php?rest_route=\/"}],"wp:attachment":[{"href":"https:\/\/quehacerpolitico.mx\/index.php?rest_route=%2Fwp%2Fv2%2Fmedia&parent=7726"}],"wp:term":[{"taxonomy":"category","embeddable":true,"href":"https:\/\/quehacerpolitico.mx\/index.php?rest_route=%2Fwp%2Fv2%2Fcategories&post=7726"},{"taxonomy":"post_tag","embeddable":true,"href":"https:\/\/quehacerpolitico.mx\/index.php?rest_route=%2Fwp%2Fv2%2Ftags&post=7726"}],"curies":[{"name":"wp","href":"https:\/\/api.w.org\/{rel}","templated":true}]}}