{"id":7724,"date":"2018-10-25T18:43:51","date_gmt":"2018-10-25T18:43:51","guid":{"rendered":"http:\/\/quehacerpolitico.mx\/flor-itzel-de-6-anos-desaparecio-hace-dos-dias-en-puebla-la-hallan-muerta-con-un-disparo-en-la-sien\/"},"modified":"2018-10-25T18:43:51","modified_gmt":"2018-10-25T18:43:51","slug":"flor-itzel-de-6-anos-desaparecio-hace-dos-dias-en-puebla-la-hallan-muerta-con-un-disparo-en-la-sien","status":"publish","type":"post","link":"https:\/\/quehacerpolitico.mx\/?p=7724","title":{"rendered":"Flor Itzel, de 6 a\u00f1os, desapareci\u00f3 hace dos d\u00edas en Puebla; la hallan muerta con un disparo en la sien"},"content":{"rendered":"<h1>Flor Itzel, de 6 a\u00f1os, desapareci\u00f3 hace dos d\u00edas en Puebla; la hallan muerta con un disparo en la sien<\/h1>\n<p>Por Redacci\u00f3n QP<\/p>\n<p>La ni\u00f1a <strong>Flor Itzel Cruz Aureles<\/strong>, de <strong>seis a\u00f1os<\/strong> de edad, fue asesinada y su cuerpo encontrado la ma\u00f1ana de este 25 de octubre, al fondo del barranco <strong>Ixhuacatla<\/strong>, perteneciente al municipio Chiconcuautla, municipio de la sierra norte de Puebla.<\/p>\n<p>Por el feminicidio de la ni\u00f1a hay cinco detenidos en la agencia del Ministerio P\u00fablico de Huauchinango, y se abri\u00f3 la carpeta de investigaci\u00f3n n\u00famero 679\/2018.<\/p>\n<p>Versiones preliminares se\u00f1alan que la ni\u00f1a fue encontrada con un disparo en la sien derecha, de acuerdo a los datos de la Polic\u00eda Ministerial en Huauchinango.<\/p>\n<p>El 23 de octubre pasado, la madre de Flor Itzel, la se\u00f1ora Avangelina Aureles Santiago, de 41 a\u00f1os, denunci\u00f3 su desaparici\u00f3n y comenz\u00f3 la b\u00fasqueda de la menor de edad en redes sociales; adem\u00e1s, fue boletinada en la Alerta Amber.<\/p>\n<p>La familia de Flor Itzel es originaria de San Lorenzo Tlaxipehuala, perteneciente al municipio de Chiconcuautla, donde est\u00e1 siendo velada la ni\u00f1a.<\/p>\n<p>Seg\u00fan inform\u00f3 su familia, la menor se encontraba en su casa el martes y no fue a la escuela pues estaba enferma del est\u00f3mago. Sin embargo, en alg\u00fan momento del d\u00eda la dejaron de ver y al buscarla no dieron con ella. Inmediatamente, los vecinos se organizaron en una primera b\u00fasqueda, sin resultados. Fue hasta la madrugada de este jueves cuando localizaron el cad\u00e1ver.<\/p>\n<p>Con Informaci\u00f3n de Peri\u00f3dico Central<\/p>\n","protected":false},"excerpt":{"rendered":"<p>Flor Itzel, de 6 a\u00f1os, desapareci\u00f3 hace dos d\u00edas en Puebla; la hallan muerta con un disparo en la sien<br \/>\nPor Redacci\u00f3n QP<\/p>\n","protected":false},"author":2,"featured_media":7723,"comment_status":"open","ping_status":"open","sticky":false,"template":"","format":"standard","meta":{"_monsterinsights_skip_tracking":false,"_monsterinsights_sitenote_active":false,"_monsterinsights_sitenote_note":"","_monsterinsights_sitenote_category":0,"footnotes":""},"categories":[2],"tags":[],"class_list":["post-7724","post","type-post","status-publish","format-standard","has-post-thumbnail","hentry","category-noticias"],"yoast_head":"<!-- This site is optimized with the Yoast SEO plugin v27.3 - https:\/\/yoast.com\/product\/yoast-seo-wordpress\/ -->\n<title>Flor Itzel, de 6 a\u00f1os, desapareci\u00f3 hace dos d\u00edas en Puebla; la hallan muerta con un disparo en la sien -<\/title>\n<meta name=\"robots\" content=\"index, follow, max-snippet:-1, max-image-preview:large, max-video-preview:-1\" \/>\n<link rel=\"canonical\" href=\"https:\/\/quehacerpolitico.mx\/?p=7724\" \/>\n<meta property=\"og:locale\" content=\"es_MX\" \/>\n<meta property=\"og:type\" content=\"article\" \/>\n<meta property=\"og:title\" content=\"Flor Itzel, de 6 a\u00f1os, desapareci\u00f3 hace dos d\u00edas en Puebla; la hallan muerta con un disparo en la sien -\" \/>\n<meta property=\"og:description\" content=\"Flor Itzel, de 6 a\u00f1os, desapareci\u00f3 hace dos d\u00edas en Puebla; la hallan muerta con un disparo en la sien Por Redacci\u00f3n QP\" \/>\n<meta property=\"og:url\" content=\"https:\/\/quehacerpolitico.mx\/?p=7724\" \/>\n<meta property=\"article:published_time\" content=\"2018-10-25T18:43:51+00:00\" \/>\n<meta name=\"author\" content=\"Redacci\u00f3n QP\" \/>\n<meta name=\"twitter:card\" content=\"summary_large_image\" \/>\n<meta name=\"twitter:label1\" content=\"Escrito por\" \/>\n\t<meta name=\"twitter:data1\" content=\"Redacci\u00f3n QP\" \/>\n\t<meta name=\"twitter:label2\" content=\"Tiempo de lectura\" \/>\n\t<meta name=\"twitter:data2\" content=\"1 minuto\" \/>\n<script type=\"application\/ld+json\" class=\"yoast-schema-graph\">{\"@context\":\"https:\\\/\\\/schema.org\",\"@graph\":[{\"@type\":\"Article\",\"@id\":\"https:\\\/\\\/quehacerpolitico.mx\\\/?p=7724#article\",\"isPartOf\":{\"@id\":\"https:\\\/\\\/quehacerpolitico.mx\\\/?p=7724\"},\"author\":{\"name\":\"Redacci\u00f3n QP\",\"@id\":\"https:\\\/\\\/quehacerpolitico.mx\\\/#\\\/schema\\\/person\\\/496d8ad2d1d3f8036101dca7ee39e585\"},\"headline\":\"Flor Itzel, de 6 a\u00f1os, desapareci\u00f3 hace dos d\u00edas en Puebla; la hallan muerta con un disparo en la sien\",\"datePublished\":\"2018-10-25T18:43:51+00:00\",\"mainEntityOfPage\":{\"@id\":\"https:\\\/\\\/quehacerpolitico.mx\\\/?p=7724\"},\"wordCount\":289,\"commentCount\":0,\"image\":{\"@id\":\"https:\\\/\\\/quehacerpolitico.mx\\\/?p=7724#primaryimage\"},\"thumbnailUrl\":\"\",\"articleSection\":[\"Noticias\"],\"inLanguage\":\"es\",\"potentialAction\":[{\"@type\":\"CommentAction\",\"name\":\"Comment\",\"target\":[\"https:\\\/\\\/quehacerpolitico.mx\\\/?p=7724#respond\"]}]},{\"@type\":\"WebPage\",\"@id\":\"https:\\\/\\\/quehacerpolitico.mx\\\/?p=7724\",\"url\":\"https:\\\/\\\/quehacerpolitico.mx\\\/?p=7724\",\"name\":\"Flor Itzel, de 6 a\u00f1os, desapareci\u00f3 hace dos d\u00edas en Puebla; la hallan muerta con un disparo en la sien -\",\"isPartOf\":{\"@id\":\"https:\\\/\\\/quehacerpolitico.mx\\\/#website\"},\"primaryImageOfPage\":{\"@id\":\"https:\\\/\\\/quehacerpolitico.mx\\\/?p=7724#primaryimage\"},\"image\":{\"@id\":\"https:\\\/\\\/quehacerpolitico.mx\\\/?p=7724#primaryimage\"},\"thumbnailUrl\":\"\",\"datePublished\":\"2018-10-25T18:43:51+00:00\",\"author\":{\"@id\":\"https:\\\/\\\/quehacerpolitico.mx\\\/#\\\/schema\\\/person\\\/496d8ad2d1d3f8036101dca7ee39e585\"},\"breadcrumb\":{\"@id\":\"https:\\\/\\\/quehacerpolitico.mx\\\/?p=7724#breadcrumb\"},\"inLanguage\":\"es\",\"potentialAction\":[{\"@type\":\"ReadAction\",\"target\":[\"https:\\\/\\\/quehacerpolitico.mx\\\/?p=7724\"]}]},{\"@type\":\"ImageObject\",\"inLanguage\":\"es\",\"@id\":\"https:\\\/\\\/quehacerpolitico.mx\\\/?p=7724#primaryimage\",\"url\":\"\",\"contentUrl\":\"\"},{\"@type\":\"BreadcrumbList\",\"@id\":\"https:\\\/\\\/quehacerpolitico.mx\\\/?p=7724#breadcrumb\",\"itemListElement\":[{\"@type\":\"ListItem\",\"position\":1,\"name\":\"Inicio\",\"item\":\"https:\\\/\\\/quehacerpolitico.mx\\\/\"},{\"@type\":\"ListItem\",\"position\":2,\"name\":\"Flor Itzel, de 6 a\u00f1os, desapareci\u00f3 hace dos d\u00edas en Puebla; la hallan muerta con un disparo en la sien\"}]},{\"@type\":\"WebSite\",\"@id\":\"https:\\\/\\\/quehacerpolitico.mx\\\/#website\",\"url\":\"https:\\\/\\\/quehacerpolitico.mx\\\/\",\"name\":\"\",\"description\":\"\",\"potentialAction\":[{\"@type\":\"SearchAction\",\"target\":{\"@type\":\"EntryPoint\",\"urlTemplate\":\"https:\\\/\\\/quehacerpolitico.mx\\\/?s={search_term_string}\"},\"query-input\":{\"@type\":\"PropertyValueSpecification\",\"valueRequired\":true,\"valueName\":\"search_term_string\"}}],\"inLanguage\":\"es\"},{\"@type\":\"Person\",\"@id\":\"https:\\\/\\\/quehacerpolitico.mx\\\/#\\\/schema\\\/person\\\/496d8ad2d1d3f8036101dca7ee39e585\",\"name\":\"Redacci\u00f3n QP\",\"image\":{\"@type\":\"ImageObject\",\"inLanguage\":\"es\",\"@id\":\"https:\\\/\\\/secure.gravatar.com\\\/avatar\\\/c7164ed6fdec453195284ad24a5ae5b6e1eed2b848477fa2a4787ba9adf39a41?s=96&d=mm&r=g\",\"url\":\"https:\\\/\\\/secure.gravatar.com\\\/avatar\\\/c7164ed6fdec453195284ad24a5ae5b6e1eed2b848477fa2a4787ba9adf39a41?s=96&d=mm&r=g\",\"contentUrl\":\"https:\\\/\\\/secure.gravatar.com\\\/avatar\\\/c7164ed6fdec453195284ad24a5ae5b6e1eed2b848477fa2a4787ba9adf39a41?s=96&d=mm&r=g\",\"caption\":\"Redacci\u00f3n QP\"},\"url\":\"https:\\\/\\\/quehacerpolitico.mx\\\/?author=2\"}]}<\/script>\n<!-- \/ Yoast SEO plugin. -->","yoast_head_json":{"title":"Flor Itzel, de 6 a\u00f1os, desapareci\u00f3 hace dos d\u00edas en Puebla; la hallan muerta con un disparo en la sien -","robots":{"index":"index","follow":"follow","max-snippet":"max-snippet:-1","max-image-preview":"max-image-preview:large","max-video-preview":"max-video-preview:-1"},"canonical":"https:\/\/quehacerpolitico.mx\/?p=7724","og_locale":"es_MX","og_type":"article","og_title":"Flor Itzel, de 6 a\u00f1os, desapareci\u00f3 hace dos d\u00edas en Puebla; la hallan muerta con un disparo en la sien -","og_description":"Flor Itzel, de 6 a\u00f1os, desapareci\u00f3 hace dos d\u00edas en Puebla; la hallan muerta con un disparo en la sien Por Redacci\u00f3n QP","og_url":"https:\/\/quehacerpolitico.mx\/?p=7724","article_published_time":"2018-10-25T18:43:51+00:00","author":"Redacci\u00f3n QP","twitter_card":"summary_large_image","twitter_misc":{"Escrito por":"Redacci\u00f3n QP","Tiempo de lectura":"1 minuto"},"schema":{"@context":"https:\/\/schema.org","@graph":[{"@type":"Article","@id":"https:\/\/quehacerpolitico.mx\/?p=7724#article","isPartOf":{"@id":"https:\/\/quehacerpolitico.mx\/?p=7724"},"author":{"name":"Redacci\u00f3n QP","@id":"https:\/\/quehacerpolitico.mx\/#\/schema\/person\/496d8ad2d1d3f8036101dca7ee39e585"},"headline":"Flor Itzel, de 6 a\u00f1os, desapareci\u00f3 hace dos d\u00edas en Puebla; la hallan muerta con un disparo en la sien","datePublished":"2018-10-25T18:43:51+00:00","mainEntityOfPage":{"@id":"https:\/\/quehacerpolitico.mx\/?p=7724"},"wordCount":289,"commentCount":0,"image":{"@id":"https:\/\/quehacerpolitico.mx\/?p=7724#primaryimage"},"thumbnailUrl":"","articleSection":["Noticias"],"inLanguage":"es","potentialAction":[{"@type":"CommentAction","name":"Comment","target":["https:\/\/quehacerpolitico.mx\/?p=7724#respond"]}]},{"@type":"WebPage","@id":"https:\/\/quehacerpolitico.mx\/?p=7724","url":"https:\/\/quehacerpolitico.mx\/?p=7724","name":"Flor Itzel, de 6 a\u00f1os, desapareci\u00f3 hace dos d\u00edas en Puebla; la hallan muerta con un disparo en la sien -","isPartOf":{"@id":"https:\/\/quehacerpolitico.mx\/#website"},"primaryImageOfPage":{"@id":"https:\/\/quehacerpolitico.mx\/?p=7724#primaryimage"},"image":{"@id":"https:\/\/quehacerpolitico.mx\/?p=7724#primaryimage"},"thumbnailUrl":"","datePublished":"2018-10-25T18:43:51+00:00","author":{"@id":"https:\/\/quehacerpolitico.mx\/#\/schema\/person\/496d8ad2d1d3f8036101dca7ee39e585"},"breadcrumb":{"@id":"https:\/\/quehacerpolitico.mx\/?p=7724#breadcrumb"},"inLanguage":"es","potentialAction":[{"@type":"ReadAction","target":["https:\/\/quehacerpolitico.mx\/?p=7724"]}]},{"@type":"ImageObject","inLanguage":"es","@id":"https:\/\/quehacerpolitico.mx\/?p=7724#primaryimage","url":"","contentUrl":""},{"@type":"BreadcrumbList","@id":"https:\/\/quehacerpolitico.mx\/?p=7724#breadcrumb","itemListElement":[{"@type":"ListItem","position":1,"name":"Inicio","item":"https:\/\/quehacerpolitico.mx\/"},{"@type":"ListItem","position":2,"name":"Flor Itzel, de 6 a\u00f1os, desapareci\u00f3 hace dos d\u00edas en Puebla; la hallan muerta con un disparo en la sien"}]},{"@type":"WebSite","@id":"https:\/\/quehacerpolitico.mx\/#website","url":"https:\/\/quehacerpolitico.mx\/","name":"","description":"","potentialAction":[{"@type":"SearchAction","target":{"@type":"EntryPoint","urlTemplate":"https:\/\/quehacerpolitico.mx\/?s={search_term_string}"},"query-input":{"@type":"PropertyValueSpecification","valueRequired":true,"valueName":"search_term_string"}}],"inLanguage":"es"},{"@type":"Person","@id":"https:\/\/quehacerpolitico.mx\/#\/schema\/person\/496d8ad2d1d3f8036101dca7ee39e585","name":"Redacci\u00f3n QP","image":{"@type":"ImageObject","inLanguage":"es","@id":"https:\/\/secure.gravatar.com\/avatar\/c7164ed6fdec453195284ad24a5ae5b6e1eed2b848477fa2a4787ba9adf39a41?s=96&d=mm&r=g","url":"https:\/\/secure.gravatar.com\/avatar\/c7164ed6fdec453195284ad24a5ae5b6e1eed2b848477fa2a4787ba9adf39a41?s=96&d=mm&r=g","contentUrl":"https:\/\/secure.gravatar.com\/avatar\/c7164ed6fdec453195284ad24a5ae5b6e1eed2b848477fa2a4787ba9adf39a41?s=96&d=mm&r=g","caption":"Redacci\u00f3n QP"},"url":"https:\/\/quehacerpolitico.mx\/?author=2"}]}},"featured_image_urls":{"full":"","thumbnail":"","medium":"","medium_large":"","large":"","1536x1536":"","2048x2048":"","covernews-featured":"","covernews-medium":""},"author_info":{"display_name":"Redacci\u00f3n QP","author_link":"https:\/\/quehacerpolitico.mx\/?author=2"},"category_info":"<a href=\"https:\/\/quehacerpolitico.mx\/?cat=2\" rel=\"category\">Noticias<\/a>","tag_info":"Noticias","comment_count":"0","_links":{"self":[{"href":"https:\/\/quehacerpolitico.mx\/index.php?rest_route=\/wp\/v2\/posts\/7724","targetHints":{"allow":["GET"]}}],"collection":[{"href":"https:\/\/quehacerpolitico.mx\/index.php?rest_route=\/wp\/v2\/posts"}],"about":[{"href":"https:\/\/quehacerpolitico.mx\/index.php?rest_route=\/wp\/v2\/types\/post"}],"author":[{"embeddable":true,"href":"https:\/\/quehacerpolitico.mx\/index.php?rest_route=\/wp\/v2\/users\/2"}],"replies":[{"embeddable":true,"href":"https:\/\/quehacerpolitico.mx\/index.php?rest_route=%2Fwp%2Fv2%2Fcomments&post=7724"}],"version-history":[{"count":0,"href":"https:\/\/quehacerpolitico.mx\/index.php?rest_route=\/wp\/v2\/posts\/7724\/revisions"}],"wp:featuredmedia":[{"embeddable":true,"href":"https:\/\/quehacerpolitico.mx\/index.php?rest_route=\/"}],"wp:attachment":[{"href":"https:\/\/quehacerpolitico.mx\/index.php?rest_route=%2Fwp%2Fv2%2Fmedia&parent=7724"}],"wp:term":[{"taxonomy":"category","embeddable":true,"href":"https:\/\/quehacerpolitico.mx\/index.php?rest_route=%2Fwp%2Fv2%2Fcategories&post=7724"},{"taxonomy":"post_tag","embeddable":true,"href":"https:\/\/quehacerpolitico.mx\/index.php?rest_route=%2Fwp%2Fv2%2Ftags&post=7724"}],"curies":[{"name":"wp","href":"https:\/\/api.w.org\/{rel}","templated":true}]}}