{"id":77203,"date":"2021-03-12T03:41:10","date_gmt":"2021-03-12T03:41:10","guid":{"rendered":"https:\/\/quehacerpolitico.mx\/?p=77203"},"modified":"2021-03-12T03:41:10","modified_gmt":"2021-03-12T03:41:10","slug":"hoy-en-mexico-hay-193-mil-142-muertos-y-2-millones-151-mil-028-casos-confirmados-por-covid-19","status":"publish","type":"post","link":"https:\/\/quehacerpolitico.mx\/?p=77203","title":{"rendered":"Hoy en Mexico hay 193 mil 142 muertos y 2 millones 151 mil 028 casos confirmados por COVID-19"},"content":{"rendered":"<h1>Hoy en Mexico hay 193 mil 142 muertos y 2 millones 151 mil 028 casos confirmados por COVID-19<br \/>\nPor Redacci\u00f3n QP<\/h1>\n<p>Las autoridades de Salud dan a conocer que M\u00e9xico ya lleg\u00f3 a los 193 mil 142 muertos por COVID-19<\/p>\n<p>Las autoridades de Salud dan a conocer, la noche del jueves 11 de marzo de 2021, que M\u00e9xico ya lleg\u00f3 a los 193 mil 142 muertos y a los 2 millones 151 mil 028 casos confirmados por COVID-19<\/p>\n<blockquote class=\"twitter-tweet\" data-width=\"550\" data-dnt=\"true\">\n<p lang=\"es\" dir=\"ltr\">Comunicado T\u00e9cnico Diario: Nuevo Coronavirus en el Mundo <a href=\"https:\/\/twitter.com\/hashtag\/COVID19?src=hash&amp;ref_src=twsrc%5Etfw\">#COVID19<\/a> | 11 de marzo de 2021<\/p>\n<p>\u27a1\ufe0f <a href=\"https:\/\/t.co\/IrO31i1rYG\">https:\/\/t.co\/IrO31i1rYG<\/a> <a href=\"https:\/\/t.co\/NbbT49DfWl\">pic.twitter.com\/NbbT49DfWl<\/a><\/p>\n<p>&mdash; SALUD M\u00e9xico (@SSalud_mx) <a href=\"https:\/\/twitter.com\/SSalud_mx\/status\/1370202199901474825?ref_src=twsrc%5Etfw\">March 12, 2021<\/a><\/p><\/blockquote>\n<p><script async src=\"https:\/\/platform.twitter.com\/widgets.js\" charset=\"utf-8\"><\/script><\/p>\n<h2>Casos estimados<\/h2>\n<p>Los casos estimados acumulados ascender\u00edan a a 2 millones 345 mil 863, de los cuales 46 mil 388 seguir\u00edan activos.<\/p>\n<p>Las personas recuperadas ya alcanzaron 1 mill\u00f3n 691 mil 093.<\/p>\n<p>Hasta el momento se han completado 607 mil 589 esquemas de vacunaci\u00f3n contra COVID-19.<\/p>\n<h2>Ocupaci\u00f3n hospitalaria<\/h2>\n<p>La ocupaci\u00f3n de camas de hospitalizaci\u00f3n general y de camas con ventilador es del 27% a nivel nacional.<\/p>\n<p>La ocupaci\u00f3n de camas de hospitalizaci\u00f3n general es del 26% a nivel nacional, al haber disponibles un total de 23 mil 676 camas disponibles de las 32 mil 141 registradas.<\/p>\n<p>Un total de siete estados tienen una ocupaci\u00f3n de camas de hospitalizaci\u00f3n general que van del 30 al 49%, mientras que en 25 la ocupaci\u00f3n es del 30%.<\/p>\n<p>La ocupaci\u00f3n de camas con ventilador es del 29% a nivel nacional, al haber libres un total de 8 mil 022 camas de las 11 mil 371 reportadas.<\/p>\n<p>La ocupaci\u00f3n de camas con ventilador es del 53% en la Ciudad de M\u00e9xico, en siete estados es del 30 al 49%, mientras que en 24 es menor al 30%.<\/p>\n<blockquote class=\"twitter-tweet\" data-width=\"550\" data-dnt=\"true\">\n<p lang=\"es\" dir=\"ltr\">A nivel nacional, 74% de camas de hospitalizaci\u00f3n general est\u00e1n disponibles y 26% ocupadas. En camas con ventiladores, 71% est\u00e1n disponibles y 29% ocupadas. 2\/2 <a href=\"https:\/\/t.co\/4OUnjnwTv1\">pic.twitter.com\/4OUnjnwTv1<\/a><\/p>\n<p>&mdash; Hugo L\u00f3pez-Gatell Ram\u00edrez (@HLGatell) <a href=\"https:\/\/twitter.com\/HLGatell\/status\/1370180732681908228?ref_src=twsrc%5Etfw\">March 12, 2021<\/a><\/p><\/blockquote>\n<p><script async src=\"https:\/\/platform.twitter.com\/widgets.js\" charset=\"utf-8\"><\/script><\/p>\n<h2>Avance de vacunaci\u00f3n en M\u00e9xico<\/h2>\n<p>El jueves 11 de marzo, hasta las 16:00 horas, se aplicaron 208 mil 330 dosis de la vacuna COVID.<\/p>\n<p>Hasta el momento se han aplicado 3 millones 779 mil 969 dosis y un total de 2 mil 304 se han perdido.<\/p>\n<p>M\u00e9xico ha recibido hasta ahora 5 millones 492 mil 375 vacunas, de las cuales 3 millones 222 mil 375 son de Pfizer, 1 mill\u00f3n son de SinoVac, 870 mil son de AstraZeneca y 400 mil son de Sputnik V.<\/p>\n<blockquote class=\"twitter-tweet\" data-width=\"550\" data-dnt=\"true\">\n<p lang=\"es\" dir=\"ltr\">Este 11 de marzo se reportaron 208,330 dosis aplicadas de la vacuna contra <a href=\"https:\/\/twitter.com\/hashtag\/COVID19?src=hash&amp;ref_src=twsrc%5Etfw\">#COVID19<\/a>.<\/p>\n<p>Hasta este d\u00eda suman 3,779,969 dosis aplicadas en M\u00e9xico. <a href=\"https:\/\/t.co\/BJDHmmvx1w\">pic.twitter.com\/BJDHmmvx1w<\/a><\/p>\n<p>&mdash; Hugo L\u00f3pez-Gatell Ram\u00edrez (@HLGatell) <a href=\"https:\/\/twitter.com\/HLGatell\/status\/1370189046530576389?ref_src=twsrc%5Etfw\">March 12, 2021<\/a><\/p><\/blockquote>\n<p><script async src=\"https:\/\/platform.twitter.com\/widgets.js\" charset=\"utf-8\"><\/script><\/p>\n<h2>Avance de vacunaci\u00f3n por sector de la poblaci\u00f3n<\/h2>\n<p><strong>Personal de salud<\/strong><\/p>\n<p>Entre el personal de salud se han aplicado 816 mil 709 primeras dosis y 590 mil 160 segundas dosis.<\/p>\n<p><strong>Adultos mayores<\/strong><\/p>\n<p>Entre los adultos mayores se han aplicado 2 millones 338 mil 208 primeras dosis.<\/p>\n<p><strong>Personal educativo<\/strong><\/p>\n<p>La vacunaci\u00f3n entre el personal educativo de Campeche ya lleg\u00f3 a su fin, al haberse aplicado 17 mil 463 primeras dosis y 17 mil 429 segundas dosis.<\/p>\n<blockquote class=\"twitter-tweet\" data-width=\"550\" data-dnt=\"true\">\n<p lang=\"es\" dir=\"ltr\">Comunicado T\u00e9cnico Diario: Nuevo Coronavirus en el Mundo <a href=\"https:\/\/twitter.com\/hashtag\/COVID19?src=hash&amp;ref_src=twsrc%5Etfw\">#COVID19<\/a> | 11 de marzo de 2021<\/p>\n<p>\u27a1\ufe0f <a href=\"https:\/\/t.co\/IrO31i1rYG\">https:\/\/t.co\/IrO31i1rYG<\/a> <a href=\"https:\/\/t.co\/FceGdL6qQJ\">pic.twitter.com\/FceGdL6qQJ<\/a><\/p>\n<p>&mdash; SALUD M\u00e9xico (@SSalud_mx) <a href=\"https:\/\/twitter.com\/SSalud_mx\/status\/1370196073352941569?ref_src=twsrc%5Etfw\">March 12, 2021<\/a><\/p><\/blockquote>\n<p><script async src=\"https:\/\/platform.twitter.com\/widgets.js\" charset=\"utf-8\"><\/script><\/p>\n<h2>Reacciones graves<\/h2>\n<p>Hasta el momento se han registrado 11 mil 439 reacciones graves, de las cuales 11 mil 030 corresponden a la vacuna Pfizer, 361 a AstraZeneca, 39 a Sputnik V y 9 a SinoVac.<\/p>\n<p>Del total de casos, un total de 71 han sido considerados como graves. Un total de 58 corresponden a la vacuna Pfizer, 11 a AstraZeneca, 1 a SinoVac y 1 a Sputnik V.<\/p>\n<p>De los 71 pacientes con reacci\u00f3n grave, un total de 20 siguen hospitalizados.<\/p>\n<blockquote class=\"twitter-tweet\" data-width=\"550\" data-dnt=\"true\">\n<p lang=\"es\" dir=\"ltr\">Conferencia de Prensa <a href=\"https:\/\/twitter.com\/hashtag\/COVID19?src=hash&amp;ref_src=twsrc%5Etfw\">#COVID19<\/a> | 11 de marzo de 2021 <a href=\"https:\/\/twitter.com\/hashtag\/GraciasPorCuidarnos?src=hash&amp;ref_src=twsrc%5Etfw\">#GraciasPorCuidarnos<\/a> <a href=\"https:\/\/t.co\/GL7khXojwT\">https:\/\/t.co\/GL7khXojwT<\/a><\/p>\n<p>&mdash; SALUD M\u00e9xico (@SSalud_mx) <a href=\"https:\/\/twitter.com\/SSalud_mx\/status\/1370176920114114561?ref_src=twsrc%5Etfw\">March 12, 2021<\/a><\/p><\/blockquote>\n<p><script async src=\"https:\/\/platform.twitter.com\/widgets.js\" charset=\"utf-8\"><\/script><\/p>\n<p>Con informaci\u00f3n de la Secretar\u00eda de Salud<\/p>\n","protected":false},"excerpt":{"rendered":"<p>Hoy en Mexico hay 193 mil 142 muertos y 2 millones 151 mil 028 casos&#8230;<\/p>\n","protected":false},"author":2,"featured_media":77207,"comment_status":"open","ping_status":"open","sticky":false,"template":"","format":"standard","meta":{"_monsterinsights_skip_tracking":false,"_monsterinsights_sitenote_active":false,"_monsterinsights_sitenote_note":"","_monsterinsights_sitenote_category":0,"footnotes":""},"categories":[2],"tags":[],"class_list":["post-77203","post","type-post","status-publish","format-standard","has-post-thumbnail","hentry","category-noticias"],"yoast_head":"<!-- This site is optimized with the Yoast SEO plugin v27.3 - https:\/\/yoast.com\/product\/yoast-seo-wordpress\/ -->\n<title>Hoy en Mexico hay 193 mil 142 muertos y 2 millones 151 mil 028 casos confirmados por COVID-19 -<\/title>\n<meta name=\"robots\" content=\"index, follow, max-snippet:-1, max-image-preview:large, max-video-preview:-1\" \/>\n<link rel=\"canonical\" href=\"https:\/\/quehacerpolitico.mx\/?p=77203\" \/>\n<meta property=\"og:locale\" content=\"es_MX\" \/>\n<meta property=\"og:type\" content=\"article\" \/>\n<meta property=\"og:title\" content=\"Hoy en Mexico hay 193 mil 142 muertos y 2 millones 151 mil 028 casos confirmados por COVID-19 -\" \/>\n<meta property=\"og:description\" content=\"Hoy en Mexico hay 193 mil 142 muertos y 2 millones 151 mil 028 casos...\" \/>\n<meta property=\"og:url\" content=\"https:\/\/quehacerpolitico.mx\/?p=77203\" \/>\n<meta property=\"article:published_time\" content=\"2021-03-12T03:41:10+00:00\" \/>\n<meta property=\"og:image\" content=\"https:\/\/quehacerpolitico.mx\/wp-content\/uploads\/2021\/03\/198D4B04-32EE-40E4-911E-A491111042CC.jpeg\" \/>\n\t<meta property=\"og:image:width\" content=\"1242\" \/>\n\t<meta property=\"og:image:height\" content=\"680\" \/>\n\t<meta property=\"og:image:type\" content=\"image\/jpeg\" \/>\n<meta name=\"author\" content=\"Redacci\u00f3n QP\" \/>\n<meta name=\"twitter:card\" content=\"summary_large_image\" \/>\n<meta name=\"twitter:label1\" content=\"Escrito por\" \/>\n\t<meta name=\"twitter:data1\" content=\"Redacci\u00f3n QP\" \/>\n\t<meta name=\"twitter:label2\" content=\"Tiempo de lectura\" \/>\n\t<meta name=\"twitter:data2\" content=\"2 minutos\" \/>\n<script type=\"application\/ld+json\" class=\"yoast-schema-graph\">{\"@context\":\"https:\\\/\\\/schema.org\",\"@graph\":[{\"@type\":\"Article\",\"@id\":\"https:\\\/\\\/quehacerpolitico.mx\\\/?p=77203#article\",\"isPartOf\":{\"@id\":\"https:\\\/\\\/quehacerpolitico.mx\\\/?p=77203\"},\"author\":{\"name\":\"Redacci\u00f3n QP\",\"@id\":\"https:\\\/\\\/quehacerpolitico.mx\\\/#\\\/schema\\\/person\\\/496d8ad2d1d3f8036101dca7ee39e585\"},\"headline\":\"Hoy en Mexico hay 193 mil 142 muertos y 2 millones 151 mil 028 casos confirmados por COVID-19\",\"datePublished\":\"2021-03-12T03:41:10+00:00\",\"mainEntityOfPage\":{\"@id\":\"https:\\\/\\\/quehacerpolitico.mx\\\/?p=77203\"},\"wordCount\":495,\"commentCount\":0,\"image\":{\"@id\":\"https:\\\/\\\/quehacerpolitico.mx\\\/?p=77203#primaryimage\"},\"thumbnailUrl\":\"https:\\\/\\\/quehacerpolitico.mx\\\/wp-content\\\/uploads\\\/2021\\\/03\\\/198D4B04-32EE-40E4-911E-A491111042CC.jpeg\",\"articleSection\":[\"Noticias\"],\"inLanguage\":\"es\",\"potentialAction\":[{\"@type\":\"CommentAction\",\"name\":\"Comment\",\"target\":[\"https:\\\/\\\/quehacerpolitico.mx\\\/?p=77203#respond\"]}]},{\"@type\":\"WebPage\",\"@id\":\"https:\\\/\\\/quehacerpolitico.mx\\\/?p=77203\",\"url\":\"https:\\\/\\\/quehacerpolitico.mx\\\/?p=77203\",\"name\":\"Hoy en Mexico hay 193 mil 142 muertos y 2 millones 151 mil 028 casos confirmados por COVID-19 -\",\"isPartOf\":{\"@id\":\"https:\\\/\\\/quehacerpolitico.mx\\\/#website\"},\"primaryImageOfPage\":{\"@id\":\"https:\\\/\\\/quehacerpolitico.mx\\\/?p=77203#primaryimage\"},\"image\":{\"@id\":\"https:\\\/\\\/quehacerpolitico.mx\\\/?p=77203#primaryimage\"},\"thumbnailUrl\":\"https:\\\/\\\/quehacerpolitico.mx\\\/wp-content\\\/uploads\\\/2021\\\/03\\\/198D4B04-32EE-40E4-911E-A491111042CC.jpeg\",\"datePublished\":\"2021-03-12T03:41:10+00:00\",\"author\":{\"@id\":\"https:\\\/\\\/quehacerpolitico.mx\\\/#\\\/schema\\\/person\\\/496d8ad2d1d3f8036101dca7ee39e585\"},\"breadcrumb\":{\"@id\":\"https:\\\/\\\/quehacerpolitico.mx\\\/?p=77203#breadcrumb\"},\"inLanguage\":\"es\",\"potentialAction\":[{\"@type\":\"ReadAction\",\"target\":[\"https:\\\/\\\/quehacerpolitico.mx\\\/?p=77203\"]}]},{\"@type\":\"ImageObject\",\"inLanguage\":\"es\",\"@id\":\"https:\\\/\\\/quehacerpolitico.mx\\\/?p=77203#primaryimage\",\"url\":\"https:\\\/\\\/quehacerpolitico.mx\\\/wp-content\\\/uploads\\\/2021\\\/03\\\/198D4B04-32EE-40E4-911E-A491111042CC.jpeg\",\"contentUrl\":\"https:\\\/\\\/quehacerpolitico.mx\\\/wp-content\\\/uploads\\\/2021\\\/03\\\/198D4B04-32EE-40E4-911E-A491111042CC.jpeg\",\"width\":1242,\"height\":680},{\"@type\":\"BreadcrumbList\",\"@id\":\"https:\\\/\\\/quehacerpolitico.mx\\\/?p=77203#breadcrumb\",\"itemListElement\":[{\"@type\":\"ListItem\",\"position\":1,\"name\":\"Inicio\",\"item\":\"https:\\\/\\\/quehacerpolitico.mx\\\/\"},{\"@type\":\"ListItem\",\"position\":2,\"name\":\"Hoy en Mexico hay 193 mil 142 muertos y 2 millones 151 mil 028 casos confirmados por COVID-19\"}]},{\"@type\":\"WebSite\",\"@id\":\"https:\\\/\\\/quehacerpolitico.mx\\\/#website\",\"url\":\"https:\\\/\\\/quehacerpolitico.mx\\\/\",\"name\":\"\",\"description\":\"\",\"potentialAction\":[{\"@type\":\"SearchAction\",\"target\":{\"@type\":\"EntryPoint\",\"urlTemplate\":\"https:\\\/\\\/quehacerpolitico.mx\\\/?s={search_term_string}\"},\"query-input\":{\"@type\":\"PropertyValueSpecification\",\"valueRequired\":true,\"valueName\":\"search_term_string\"}}],\"inLanguage\":\"es\"},{\"@type\":\"Person\",\"@id\":\"https:\\\/\\\/quehacerpolitico.mx\\\/#\\\/schema\\\/person\\\/496d8ad2d1d3f8036101dca7ee39e585\",\"name\":\"Redacci\u00f3n QP\",\"image\":{\"@type\":\"ImageObject\",\"inLanguage\":\"es\",\"@id\":\"https:\\\/\\\/secure.gravatar.com\\\/avatar\\\/c7164ed6fdec453195284ad24a5ae5b6e1eed2b848477fa2a4787ba9adf39a41?s=96&d=mm&r=g\",\"url\":\"https:\\\/\\\/secure.gravatar.com\\\/avatar\\\/c7164ed6fdec453195284ad24a5ae5b6e1eed2b848477fa2a4787ba9adf39a41?s=96&d=mm&r=g\",\"contentUrl\":\"https:\\\/\\\/secure.gravatar.com\\\/avatar\\\/c7164ed6fdec453195284ad24a5ae5b6e1eed2b848477fa2a4787ba9adf39a41?s=96&d=mm&r=g\",\"caption\":\"Redacci\u00f3n QP\"},\"url\":\"https:\\\/\\\/quehacerpolitico.mx\\\/?author=2\"}]}<\/script>\n<!-- \/ Yoast SEO plugin. -->","yoast_head_json":{"title":"Hoy en Mexico hay 193 mil 142 muertos y 2 millones 151 mil 028 casos confirmados por COVID-19 -","robots":{"index":"index","follow":"follow","max-snippet":"max-snippet:-1","max-image-preview":"max-image-preview:large","max-video-preview":"max-video-preview:-1"},"canonical":"https:\/\/quehacerpolitico.mx\/?p=77203","og_locale":"es_MX","og_type":"article","og_title":"Hoy en Mexico hay 193 mil 142 muertos y 2 millones 151 mil 028 casos confirmados por COVID-19 -","og_description":"Hoy en Mexico hay 193 mil 142 muertos y 2 millones 151 mil 028 casos...","og_url":"https:\/\/quehacerpolitico.mx\/?p=77203","article_published_time":"2021-03-12T03:41:10+00:00","og_image":[{"width":1242,"height":680,"url":"https:\/\/quehacerpolitico.mx\/wp-content\/uploads\/2021\/03\/198D4B04-32EE-40E4-911E-A491111042CC.jpeg","type":"image\/jpeg"}],"author":"Redacci\u00f3n QP","twitter_card":"summary_large_image","twitter_misc":{"Escrito por":"Redacci\u00f3n QP","Tiempo de lectura":"2 minutos"},"schema":{"@context":"https:\/\/schema.org","@graph":[{"@type":"Article","@id":"https:\/\/quehacerpolitico.mx\/?p=77203#article","isPartOf":{"@id":"https:\/\/quehacerpolitico.mx\/?p=77203"},"author":{"name":"Redacci\u00f3n QP","@id":"https:\/\/quehacerpolitico.mx\/#\/schema\/person\/496d8ad2d1d3f8036101dca7ee39e585"},"headline":"Hoy en Mexico hay 193 mil 142 muertos y 2 millones 151 mil 028 casos confirmados por COVID-19","datePublished":"2021-03-12T03:41:10+00:00","mainEntityOfPage":{"@id":"https:\/\/quehacerpolitico.mx\/?p=77203"},"wordCount":495,"commentCount":0,"image":{"@id":"https:\/\/quehacerpolitico.mx\/?p=77203#primaryimage"},"thumbnailUrl":"https:\/\/quehacerpolitico.mx\/wp-content\/uploads\/2021\/03\/198D4B04-32EE-40E4-911E-A491111042CC.jpeg","articleSection":["Noticias"],"inLanguage":"es","potentialAction":[{"@type":"CommentAction","name":"Comment","target":["https:\/\/quehacerpolitico.mx\/?p=77203#respond"]}]},{"@type":"WebPage","@id":"https:\/\/quehacerpolitico.mx\/?p=77203","url":"https:\/\/quehacerpolitico.mx\/?p=77203","name":"Hoy en Mexico hay 193 mil 142 muertos y 2 millones 151 mil 028 casos confirmados por COVID-19 -","isPartOf":{"@id":"https:\/\/quehacerpolitico.mx\/#website"},"primaryImageOfPage":{"@id":"https:\/\/quehacerpolitico.mx\/?p=77203#primaryimage"},"image":{"@id":"https:\/\/quehacerpolitico.mx\/?p=77203#primaryimage"},"thumbnailUrl":"https:\/\/quehacerpolitico.mx\/wp-content\/uploads\/2021\/03\/198D4B04-32EE-40E4-911E-A491111042CC.jpeg","datePublished":"2021-03-12T03:41:10+00:00","author":{"@id":"https:\/\/quehacerpolitico.mx\/#\/schema\/person\/496d8ad2d1d3f8036101dca7ee39e585"},"breadcrumb":{"@id":"https:\/\/quehacerpolitico.mx\/?p=77203#breadcrumb"},"inLanguage":"es","potentialAction":[{"@type":"ReadAction","target":["https:\/\/quehacerpolitico.mx\/?p=77203"]}]},{"@type":"ImageObject","inLanguage":"es","@id":"https:\/\/quehacerpolitico.mx\/?p=77203#primaryimage","url":"https:\/\/quehacerpolitico.mx\/wp-content\/uploads\/2021\/03\/198D4B04-32EE-40E4-911E-A491111042CC.jpeg","contentUrl":"https:\/\/quehacerpolitico.mx\/wp-content\/uploads\/2021\/03\/198D4B04-32EE-40E4-911E-A491111042CC.jpeg","width":1242,"height":680},{"@type":"BreadcrumbList","@id":"https:\/\/quehacerpolitico.mx\/?p=77203#breadcrumb","itemListElement":[{"@type":"ListItem","position":1,"name":"Inicio","item":"https:\/\/quehacerpolitico.mx\/"},{"@type":"ListItem","position":2,"name":"Hoy en Mexico hay 193 mil 142 muertos y 2 millones 151 mil 028 casos confirmados por COVID-19"}]},{"@type":"WebSite","@id":"https:\/\/quehacerpolitico.mx\/#website","url":"https:\/\/quehacerpolitico.mx\/","name":"","description":"","potentialAction":[{"@type":"SearchAction","target":{"@type":"EntryPoint","urlTemplate":"https:\/\/quehacerpolitico.mx\/?s={search_term_string}"},"query-input":{"@type":"PropertyValueSpecification","valueRequired":true,"valueName":"search_term_string"}}],"inLanguage":"es"},{"@type":"Person","@id":"https:\/\/quehacerpolitico.mx\/#\/schema\/person\/496d8ad2d1d3f8036101dca7ee39e585","name":"Redacci\u00f3n QP","image":{"@type":"ImageObject","inLanguage":"es","@id":"https:\/\/secure.gravatar.com\/avatar\/c7164ed6fdec453195284ad24a5ae5b6e1eed2b848477fa2a4787ba9adf39a41?s=96&d=mm&r=g","url":"https:\/\/secure.gravatar.com\/avatar\/c7164ed6fdec453195284ad24a5ae5b6e1eed2b848477fa2a4787ba9adf39a41?s=96&d=mm&r=g","contentUrl":"https:\/\/secure.gravatar.com\/avatar\/c7164ed6fdec453195284ad24a5ae5b6e1eed2b848477fa2a4787ba9adf39a41?s=96&d=mm&r=g","caption":"Redacci\u00f3n QP"},"url":"https:\/\/quehacerpolitico.mx\/?author=2"}]}},"featured_image_urls":{"full":["https:\/\/quehacerpolitico.mx\/wp-content\/uploads\/2021\/03\/198D4B04-32EE-40E4-911E-A491111042CC.jpeg",1242,680,false],"thumbnail":["https:\/\/quehacerpolitico.mx\/wp-content\/uploads\/2021\/03\/198D4B04-32EE-40E4-911E-A491111042CC-150x150.jpeg",150,150,true],"medium":["https:\/\/quehacerpolitico.mx\/wp-content\/uploads\/2021\/03\/198D4B04-32EE-40E4-911E-A491111042CC-300x164.jpeg",300,164,true],"medium_large":["https:\/\/quehacerpolitico.mx\/wp-content\/uploads\/2021\/03\/198D4B04-32EE-40E4-911E-A491111042CC-768x420.jpeg",640,350,true],"large":["https:\/\/quehacerpolitico.mx\/wp-content\/uploads\/2021\/03\/198D4B04-32EE-40E4-911E-A491111042CC-1024x561.jpeg",640,351,true],"1536x1536":["https:\/\/quehacerpolitico.mx\/wp-content\/uploads\/2021\/03\/198D4B04-32EE-40E4-911E-A491111042CC.jpeg",1242,680,false],"2048x2048":["https:\/\/quehacerpolitico.mx\/wp-content\/uploads\/2021\/03\/198D4B04-32EE-40E4-911E-A491111042CC.jpeg",1242,680,false],"covernews-featured":["https:\/\/quehacerpolitico.mx\/wp-content\/uploads\/2021\/03\/198D4B04-32EE-40E4-911E-A491111042CC.jpeg",1024,561,false],"covernews-medium":["https:\/\/quehacerpolitico.mx\/wp-content\/uploads\/2021\/03\/198D4B04-32EE-40E4-911E-A491111042CC.jpeg",540,296,false]},"author_info":{"display_name":"Redacci\u00f3n QP","author_link":"https:\/\/quehacerpolitico.mx\/?author=2"},"category_info":"<a href=\"https:\/\/quehacerpolitico.mx\/?cat=2\" rel=\"category\">Noticias<\/a>","tag_info":"Noticias","comment_count":"0","_links":{"self":[{"href":"https:\/\/quehacerpolitico.mx\/index.php?rest_route=\/wp\/v2\/posts\/77203","targetHints":{"allow":["GET"]}}],"collection":[{"href":"https:\/\/quehacerpolitico.mx\/index.php?rest_route=\/wp\/v2\/posts"}],"about":[{"href":"https:\/\/quehacerpolitico.mx\/index.php?rest_route=\/wp\/v2\/types\/post"}],"author":[{"embeddable":true,"href":"https:\/\/quehacerpolitico.mx\/index.php?rest_route=\/wp\/v2\/users\/2"}],"replies":[{"embeddable":true,"href":"https:\/\/quehacerpolitico.mx\/index.php?rest_route=%2Fwp%2Fv2%2Fcomments&post=77203"}],"version-history":[{"count":0,"href":"https:\/\/quehacerpolitico.mx\/index.php?rest_route=\/wp\/v2\/posts\/77203\/revisions"}],"wp:featuredmedia":[{"embeddable":true,"href":"https:\/\/quehacerpolitico.mx\/index.php?rest_route=\/wp\/v2\/media\/77207"}],"wp:attachment":[{"href":"https:\/\/quehacerpolitico.mx\/index.php?rest_route=%2Fwp%2Fv2%2Fmedia&parent=77203"}],"wp:term":[{"taxonomy":"category","embeddable":true,"href":"https:\/\/quehacerpolitico.mx\/index.php?rest_route=%2Fwp%2Fv2%2Fcategories&post=77203"},{"taxonomy":"post_tag","embeddable":true,"href":"https:\/\/quehacerpolitico.mx\/index.php?rest_route=%2Fwp%2Fv2%2Ftags&post=77203"}],"curies":[{"name":"wp","href":"https:\/\/api.w.org\/{rel}","templated":true}]}}