{"id":7716,"date":"2018-10-25T16:50:32","date_gmt":"2018-10-25T16:50:32","guid":{"rendered":"http:\/\/quehacerpolitico.mx\/la-caravana-migrante-retoma-su-camino-y-va-a-pijijiapan-trump-dice-que-mandara-militares-a-la-frontera\/"},"modified":"2018-10-25T16:50:32","modified_gmt":"2018-10-25T16:50:32","slug":"la-caravana-migrante-retoma-su-camino-y-va-a-pijijiapan-trump-dice-que-mandara-militares-a-la-frontera","status":"publish","type":"post","link":"https:\/\/quehacerpolitico.mx\/?p=7716","title":{"rendered":"La Caravana migrante retoma su camino y va a Pijijiapan; Trump dice que mandar\u00e1 militares a la frontera"},"content":{"rendered":"<h1>La Caravana migrante retoma su camino y va a Pijijiapan; Trump dice que mandar\u00e1 militares a la frontera<\/h1>\n<p>Por Redacci\u00f3n QP<\/p>\n<p>En punto de las 4:00 de la ma\u00f1ana la caravana migrante retom\u00f3 su camino por el estado de Chiapas rumbo a Pijijiapan, en el estado de Chiapas. En tanto, el Presidente Donald Trump anunci\u00f3 que enviar\u00e1 militares a la frontera con M\u00e9xico para impedir el paso de las personas que buscan llegar a Estados Unidos.<\/p>\n<p>A trav\u00e9s de su cuenta de Twitter asegur\u00f3 que \u201csacar\u00e1 a los militares\u201d para enfrentar lo que considera es una emergencia nacional en la frontera con M\u00e9xico.<\/p>\n<p>El tuit se conoce mientras una caravana de miles de migrantes centroamericanos continuaba su marcha a trav\u00e9s de M\u00e9xico hacia la deseada, pero a\u00fan distante, frontera con Estados Unidos.<\/p>\n<p>Los culpables son los dem\u00f3cratas, cuyas leyes dificultan frenar a la gente en la frontera, dijo Trump, y a\u00f1adi\u00f3 que quienes intenten entrar a Estados Unidos \u201c\u00a1ser\u00e1n frenados!\u201d.<\/p>\n<blockquote class=\"twitter-tweet\" data-width=\"550\" data-dnt=\"true\">\n<p lang=\"en\" dir=\"ltr\">Brandon Judd of the National Border Patrol Council is right when he says on <a href=\"https:\/\/twitter.com\/foxandfriends?ref_src=twsrc%5Etfw\">@foxandfriends<\/a> that the Democrat inspired laws make it tough for us to stop people at the Border. MUST BE CHANDED, but I am bringing out the military for this National Emergency. They will be stopped!<\/p>\n<p>&mdash; Donald J. Trump (@realDonaldTrump) <a href=\"https:\/\/twitter.com\/realDonaldTrump\/status\/1055414972635926528?ref_src=twsrc%5Etfw\">October 25, 2018<\/a><\/p><\/blockquote>\n<p><script async src=\"https:\/\/platform.twitter.com\/widgets.js\" charset=\"utf-8\"><\/script><\/p>\n<p>Trump tuite\u00f3 el lunes que hab\u00eda alertado a los militares sobre una \u201cEmergia (sic) Nacional\u201d, pero el Pent\u00e1gono dijo que no hab\u00eda recibido \u00f3rdenes de enviar efectivos a ocuparse de la seguridad fronteriza.<\/p>\n<p>En un acto el mi\u00e9rcoles por la noche en Wisconsin, Trump dijo que los militares estaban \u201cpreparados\u201d.<\/p>\n<p>Al igual que el d\u00eda de ayer, los integrantes de la caravana salieron de Mapastepec para evitar caminar bajo los sofocantes rayos del sol.<\/p>\n<p>Este d\u00eda la caravana recorrer\u00e1 alrededor de 43 kil\u00f3metros y a diferencia de d\u00edas pasados los participantes est\u00e1n tomando el transporte p\u00fablico el cual les cobra 30 pesos por persona.<\/p>\n<p>Poco a poco, las <strong>enfermedades<\/strong>, el <strong>miedo<\/strong> y el <strong>acoso policial<\/strong> est\u00e1n mermando la <strong>caravana de migrantes<\/strong> que viaja hacia la frontera de <strong>Estados Unidos<\/strong> y muchos de los entre 4 mil y 5 mil que acamparon durante la noche bajo lonas de pl\u00e1stico en una ciudad del sur de <strong>M\u00e9xico<\/strong> se quejaron de <strong>agotamiento<\/strong>.<\/p>\n<p>El grupo, en el que viajan muchos ni\u00f1os e incluso beb\u00e9s en carritos, ten\u00eda previsto salir de <strong>Mapastepec<\/strong> al amanecer del jueves para recorrer parte de los m\u00e1s de mil 600 kil\u00f3metros que tienen por delante para intentar llegar a suelo estadounidense.<\/p>\n<div id=\"attachment_3489053\" class=\"wp-caption alignnone\"><img loading=\"lazy\" decoding=\"async\" class=\"wp-image-3489053 size-full\" src=\"http:\/\/www.sinembargo.mx\/wp-content\/uploads\/2018\/10\/caravana-1-2.jpg\" sizes=\"auto, (max-width: 700px) 100vw, 700px\" srcset=\"http:\/\/www.sinembargo.mx\/wp-content\/uploads\/2018\/10\/caravana-1-2.jpg 700w, http:\/\/www.sinembargo.mx\/wp-content\/uploads\/2018\/10\/caravana-1-2-300x200.jpg 300w\" alt=\"\" width=\"700\" height=\"467\" \/><\/p>\n<p class=\"wp-caption-text\">Un migrante centroamericano, Cristian, empuja un carrito con sus hijas Karen, de 5 a\u00f1os, y Beiyi, de 4, en su camino hacia Mapastepec. Foto: AP<\/p>\n<\/div>\n<p>\u201cSiento un dolor en el est\u00f3mago. (\u2026) No s\u00e9 si es por el hambre\u201d, relata a Efe Alvin mientras se toca un lado del vientre.<\/p>\n<p>El hondure\u00f1o, con 18 a\u00f1os reci\u00e9n cumplidos, lleva sandalias y un pa\u00f1uelo en la cabeza y est\u00e1 siendo atendido en medio de la carretera, bajo un sol y una humedad que se incrustan en la piel.<\/p>\n<p>\u201cLo que se ha atendido hasta el momento son ampollas de pie, hongos, infecciones estomacales, dolores de cabeza, deshidrataci\u00f3n severa, moderada y leve\u201d, explica a Efe Jos\u00e9 Antonio, param\u00e9dico de la Cruz Roja.<\/p>\n<p>Los peligros en la carretera son varios. Adem\u00e1s del inclemente sol y el agotador andar. Los camiones pueden arrollarlos o los mismos migrantes pueden caer cuando se suben en ellos para avanzar m\u00e1s f\u00e1cilmente, como ya ocurri\u00f3 el lunes con un muchacho hondure\u00f1o que falleci\u00f3.<\/p>\n<p>En casos extremos, una deshidrataci\u00f3n o una infecci\u00f3n mal curada tambi\u00e9n puede matarlos, agrega el voluntario.<\/p>\n<p>En Mapastepec, en el suroriental estado de Chiapas, varias unidades m\u00e9dicas atienden a los migrantes. De acuerdo con el Sistema para el Desarrollo Integral de la Familia (DIF) del municipio, se mont\u00f3 un hospital temporal con 22 m\u00e9dicos y 15 param\u00e9dicos, adem\u00e1s de una unidad m\u00f3vil.<\/p>\n<p>Jes\u00fas Ruiz, director del DIF de la ciudad, explica a Efe que se tuvieron que realizar dos hospitalizaciones. Uno de los pacientes sigue ingresado por inflamaci\u00f3n de h\u00edgado y el rostro con fuertes quemaduras debido al sol, los cambios de temperatura y la intermitente lluvia.<\/p>\n<p>Toda la comida, prendas viejas, agua y medicamentos que se da a los migrantes son donaciones privadas, de grupos religiosos o funcionarios locales que empatizan con ellos.<\/p>\n<p>En la plaza central, unas cinco personas hacen fila frente a la ambulancia de la Secretar\u00eda de Salud, perteneciente al Gobierno estatal.<\/p>\n<p>\u201cMe siento deca\u00edda, siento fiebre y dolor de cuerpo. Ayer empec\u00e9 a sentirme mal\u201d, explica a Efe la salvadore\u00f1a Carmen Rodr\u00edguez, cercana a los 60 a\u00f1os y con la cara empapada en sudor.<\/p>\n<p>Es la primera vez que acudir\u00e1 al m\u00e9dico desde que se subi\u00f3 a esta caravana que pretende llegar a Estados Unidos, una dif\u00edcil traves\u00eda en la que quedan todav\u00eda m\u00e1s de 2.000 kil\u00f3metros.<\/p>\n<p>En esa misma hilera, \u00d3scar Segura apenas puede hablar o comer. Se le hincharon las enc\u00edas, o eso cree, y solo puede tomar l\u00edquidos.<\/p>\n<p>Se muestra, no obstante, optimista: \u201cEsta vez, gracias a Dios, tengo los pies sanos\u201d, relata el joven, que ya intent\u00f3 una vez llegar a Estados Unidos.<\/p>\n<div id=\"attachment_3489052\" class=\"wp-caption alignnone\"><img loading=\"lazy\" decoding=\"async\" class=\"wp-image-3489052 size-full\" src=\"http:\/\/www.sinembargo.mx\/wp-content\/uploads\/2018\/10\/caravana-2-1.jpg\" sizes=\"auto, (max-width: 700px) 100vw, 700px\" srcset=\"http:\/\/www.sinembargo.mx\/wp-content\/uploads\/2018\/10\/caravana-2-1.jpg 700w, http:\/\/www.sinembargo.mx\/wp-content\/uploads\/2018\/10\/caravana-2-1-300x200.jpg 300w\" alt=\"\" width=\"700\" height=\"467\" \/><\/p>\n<p class=\"wp-caption-text\">Un grupo de migrantes descansa en un campamento improvisado levantado por la caravana de migrantes que viaja hacia Estados Unidos, en Mapastepec. Foto: AP<\/p>\n<\/div>\n<p>Dentro, dos doctoras recetan medicinas tras una consulta que dura unos diez minutos. Tienen en la alacena decenas de cajas de medicamentos. Y lo que m\u00e1s proporcionan, explican, son analg\u00e9sicos, antibi\u00f3ticos y pomadas.<\/p>\n<p>\u201cContinuamos para arriba. A ver qu\u00e9 dice el se\u00f1or Jesucristo; solo sabe \u00e9l qu\u00e9 va a pasar. Y a ver qu\u00e9 dice Donald Trump, a ver si nos recibe\u201d, comenta el joven hondure\u00f1o.<\/p>\n<p>En la plaza del pueblo suena una marchosa banda de m\u00fasica regional contratada por el municipio para amenizar la velada.<\/p>\n<p>\u201cComo dice el dicho, las penas con pan son menos\u201d, asegura el director del DIF.<\/p>\n<p>Con Informaci\u00f3n de EFE<\/p>\n","protected":false},"excerpt":{"rendered":"<p>La Caravana migrante retoma su camino y va a Pijijiapan; Trump dice que mandar\u00e1 militares a la frontera<br \/>\nPor Redacci\u00f3n QP<\/p>\n","protected":false},"author":2,"featured_media":7715,"comment_status":"open","ping_status":"open","sticky":false,"template":"","format":"standard","meta":{"_monsterinsights_skip_tracking":false,"_monsterinsights_sitenote_active":false,"_monsterinsights_sitenote_note":"","_monsterinsights_sitenote_category":0,"footnotes":""},"categories":[2],"tags":[],"class_list":["post-7716","post","type-post","status-publish","format-standard","has-post-thumbnail","hentry","category-noticias"],"yoast_head":"<!-- This site is optimized with the Yoast SEO plugin v27.3 - https:\/\/yoast.com\/product\/yoast-seo-wordpress\/ -->\n<title>La Caravana migrante retoma su camino y va a Pijijiapan; Trump dice que mandar\u00e1 militares a la frontera -<\/title>\n<meta name=\"robots\" content=\"index, follow, max-snippet:-1, max-image-preview:large, max-video-preview:-1\" \/>\n<link rel=\"canonical\" href=\"https:\/\/quehacerpolitico.mx\/?p=7716\" \/>\n<meta property=\"og:locale\" content=\"es_MX\" \/>\n<meta property=\"og:type\" content=\"article\" \/>\n<meta property=\"og:title\" content=\"La Caravana migrante retoma su camino y va a Pijijiapan; Trump dice que mandar\u00e1 militares a la frontera -\" \/>\n<meta property=\"og:description\" content=\"La Caravana migrante retoma su camino y va a Pijijiapan; Trump dice que mandar\u00e1 militares a la frontera Por Redacci\u00f3n QP\" \/>\n<meta property=\"og:url\" content=\"https:\/\/quehacerpolitico.mx\/?p=7716\" \/>\n<meta property=\"article:published_time\" content=\"2018-10-25T16:50:32+00:00\" \/>\n<meta name=\"author\" content=\"Redacci\u00f3n QP\" \/>\n<meta name=\"twitter:card\" content=\"summary_large_image\" \/>\n<meta name=\"twitter:label1\" content=\"Escrito por\" \/>\n\t<meta name=\"twitter:data1\" content=\"Redacci\u00f3n QP\" \/>\n\t<meta name=\"twitter:label2\" content=\"Tiempo de lectura\" \/>\n\t<meta name=\"twitter:data2\" content=\"5 minutos\" \/>\n<script type=\"application\/ld+json\" class=\"yoast-schema-graph\">{\"@context\":\"https:\\\/\\\/schema.org\",\"@graph\":[{\"@type\":\"Article\",\"@id\":\"https:\\\/\\\/quehacerpolitico.mx\\\/?p=7716#article\",\"isPartOf\":{\"@id\":\"https:\\\/\\\/quehacerpolitico.mx\\\/?p=7716\"},\"author\":{\"name\":\"Redacci\u00f3n QP\",\"@id\":\"https:\\\/\\\/quehacerpolitico.mx\\\/#\\\/schema\\\/person\\\/496d8ad2d1d3f8036101dca7ee39e585\"},\"headline\":\"La Caravana migrante retoma su camino y va a Pijijiapan; Trump dice que mandar\u00e1 militares a la frontera\",\"datePublished\":\"2018-10-25T16:50:32+00:00\",\"mainEntityOfPage\":{\"@id\":\"https:\\\/\\\/quehacerpolitico.mx\\\/?p=7716\"},\"wordCount\":1008,\"commentCount\":0,\"image\":{\"@id\":\"https:\\\/\\\/quehacerpolitico.mx\\\/?p=7716#primaryimage\"},\"thumbnailUrl\":\"\",\"articleSection\":[\"Noticias\"],\"inLanguage\":\"es\",\"potentialAction\":[{\"@type\":\"CommentAction\",\"name\":\"Comment\",\"target\":[\"https:\\\/\\\/quehacerpolitico.mx\\\/?p=7716#respond\"]}]},{\"@type\":\"WebPage\",\"@id\":\"https:\\\/\\\/quehacerpolitico.mx\\\/?p=7716\",\"url\":\"https:\\\/\\\/quehacerpolitico.mx\\\/?p=7716\",\"name\":\"La Caravana migrante retoma su camino y va a Pijijiapan; Trump dice que mandar\u00e1 militares a la frontera -\",\"isPartOf\":{\"@id\":\"https:\\\/\\\/quehacerpolitico.mx\\\/#website\"},\"primaryImageOfPage\":{\"@id\":\"https:\\\/\\\/quehacerpolitico.mx\\\/?p=7716#primaryimage\"},\"image\":{\"@id\":\"https:\\\/\\\/quehacerpolitico.mx\\\/?p=7716#primaryimage\"},\"thumbnailUrl\":\"\",\"datePublished\":\"2018-10-25T16:50:32+00:00\",\"author\":{\"@id\":\"https:\\\/\\\/quehacerpolitico.mx\\\/#\\\/schema\\\/person\\\/496d8ad2d1d3f8036101dca7ee39e585\"},\"breadcrumb\":{\"@id\":\"https:\\\/\\\/quehacerpolitico.mx\\\/?p=7716#breadcrumb\"},\"inLanguage\":\"es\",\"potentialAction\":[{\"@type\":\"ReadAction\",\"target\":[\"https:\\\/\\\/quehacerpolitico.mx\\\/?p=7716\"]}]},{\"@type\":\"ImageObject\",\"inLanguage\":\"es\",\"@id\":\"https:\\\/\\\/quehacerpolitico.mx\\\/?p=7716#primaryimage\",\"url\":\"\",\"contentUrl\":\"\"},{\"@type\":\"BreadcrumbList\",\"@id\":\"https:\\\/\\\/quehacerpolitico.mx\\\/?p=7716#breadcrumb\",\"itemListElement\":[{\"@type\":\"ListItem\",\"position\":1,\"name\":\"Inicio\",\"item\":\"https:\\\/\\\/quehacerpolitico.mx\\\/\"},{\"@type\":\"ListItem\",\"position\":2,\"name\":\"La Caravana migrante retoma su camino y va a Pijijiapan; Trump dice que mandar\u00e1 militares a la frontera\"}]},{\"@type\":\"WebSite\",\"@id\":\"https:\\\/\\\/quehacerpolitico.mx\\\/#website\",\"url\":\"https:\\\/\\\/quehacerpolitico.mx\\\/\",\"name\":\"\",\"description\":\"\",\"potentialAction\":[{\"@type\":\"SearchAction\",\"target\":{\"@type\":\"EntryPoint\",\"urlTemplate\":\"https:\\\/\\\/quehacerpolitico.mx\\\/?s={search_term_string}\"},\"query-input\":{\"@type\":\"PropertyValueSpecification\",\"valueRequired\":true,\"valueName\":\"search_term_string\"}}],\"inLanguage\":\"es\"},{\"@type\":\"Person\",\"@id\":\"https:\\\/\\\/quehacerpolitico.mx\\\/#\\\/schema\\\/person\\\/496d8ad2d1d3f8036101dca7ee39e585\",\"name\":\"Redacci\u00f3n QP\",\"image\":{\"@type\":\"ImageObject\",\"inLanguage\":\"es\",\"@id\":\"https:\\\/\\\/secure.gravatar.com\\\/avatar\\\/c7164ed6fdec453195284ad24a5ae5b6e1eed2b848477fa2a4787ba9adf39a41?s=96&d=mm&r=g\",\"url\":\"https:\\\/\\\/secure.gravatar.com\\\/avatar\\\/c7164ed6fdec453195284ad24a5ae5b6e1eed2b848477fa2a4787ba9adf39a41?s=96&d=mm&r=g\",\"contentUrl\":\"https:\\\/\\\/secure.gravatar.com\\\/avatar\\\/c7164ed6fdec453195284ad24a5ae5b6e1eed2b848477fa2a4787ba9adf39a41?s=96&d=mm&r=g\",\"caption\":\"Redacci\u00f3n QP\"},\"url\":\"https:\\\/\\\/quehacerpolitico.mx\\\/?author=2\"}]}<\/script>\n<!-- \/ Yoast SEO plugin. -->","yoast_head_json":{"title":"La Caravana migrante retoma su camino y va a Pijijiapan; Trump dice que mandar\u00e1 militares a la frontera -","robots":{"index":"index","follow":"follow","max-snippet":"max-snippet:-1","max-image-preview":"max-image-preview:large","max-video-preview":"max-video-preview:-1"},"canonical":"https:\/\/quehacerpolitico.mx\/?p=7716","og_locale":"es_MX","og_type":"article","og_title":"La Caravana migrante retoma su camino y va a Pijijiapan; Trump dice que mandar\u00e1 militares a la frontera -","og_description":"La Caravana migrante retoma su camino y va a Pijijiapan; Trump dice que mandar\u00e1 militares a la frontera Por Redacci\u00f3n QP","og_url":"https:\/\/quehacerpolitico.mx\/?p=7716","article_published_time":"2018-10-25T16:50:32+00:00","author":"Redacci\u00f3n QP","twitter_card":"summary_large_image","twitter_misc":{"Escrito por":"Redacci\u00f3n QP","Tiempo de lectura":"5 minutos"},"schema":{"@context":"https:\/\/schema.org","@graph":[{"@type":"Article","@id":"https:\/\/quehacerpolitico.mx\/?p=7716#article","isPartOf":{"@id":"https:\/\/quehacerpolitico.mx\/?p=7716"},"author":{"name":"Redacci\u00f3n QP","@id":"https:\/\/quehacerpolitico.mx\/#\/schema\/person\/496d8ad2d1d3f8036101dca7ee39e585"},"headline":"La Caravana migrante retoma su camino y va a Pijijiapan; Trump dice que mandar\u00e1 militares a la frontera","datePublished":"2018-10-25T16:50:32+00:00","mainEntityOfPage":{"@id":"https:\/\/quehacerpolitico.mx\/?p=7716"},"wordCount":1008,"commentCount":0,"image":{"@id":"https:\/\/quehacerpolitico.mx\/?p=7716#primaryimage"},"thumbnailUrl":"","articleSection":["Noticias"],"inLanguage":"es","potentialAction":[{"@type":"CommentAction","name":"Comment","target":["https:\/\/quehacerpolitico.mx\/?p=7716#respond"]}]},{"@type":"WebPage","@id":"https:\/\/quehacerpolitico.mx\/?p=7716","url":"https:\/\/quehacerpolitico.mx\/?p=7716","name":"La Caravana migrante retoma su camino y va a Pijijiapan; Trump dice que mandar\u00e1 militares a la frontera -","isPartOf":{"@id":"https:\/\/quehacerpolitico.mx\/#website"},"primaryImageOfPage":{"@id":"https:\/\/quehacerpolitico.mx\/?p=7716#primaryimage"},"image":{"@id":"https:\/\/quehacerpolitico.mx\/?p=7716#primaryimage"},"thumbnailUrl":"","datePublished":"2018-10-25T16:50:32+00:00","author":{"@id":"https:\/\/quehacerpolitico.mx\/#\/schema\/person\/496d8ad2d1d3f8036101dca7ee39e585"},"breadcrumb":{"@id":"https:\/\/quehacerpolitico.mx\/?p=7716#breadcrumb"},"inLanguage":"es","potentialAction":[{"@type":"ReadAction","target":["https:\/\/quehacerpolitico.mx\/?p=7716"]}]},{"@type":"ImageObject","inLanguage":"es","@id":"https:\/\/quehacerpolitico.mx\/?p=7716#primaryimage","url":"","contentUrl":""},{"@type":"BreadcrumbList","@id":"https:\/\/quehacerpolitico.mx\/?p=7716#breadcrumb","itemListElement":[{"@type":"ListItem","position":1,"name":"Inicio","item":"https:\/\/quehacerpolitico.mx\/"},{"@type":"ListItem","position":2,"name":"La Caravana migrante retoma su camino y va a Pijijiapan; Trump dice que mandar\u00e1 militares a la frontera"}]},{"@type":"WebSite","@id":"https:\/\/quehacerpolitico.mx\/#website","url":"https:\/\/quehacerpolitico.mx\/","name":"","description":"","potentialAction":[{"@type":"SearchAction","target":{"@type":"EntryPoint","urlTemplate":"https:\/\/quehacerpolitico.mx\/?s={search_term_string}"},"query-input":{"@type":"PropertyValueSpecification","valueRequired":true,"valueName":"search_term_string"}}],"inLanguage":"es"},{"@type":"Person","@id":"https:\/\/quehacerpolitico.mx\/#\/schema\/person\/496d8ad2d1d3f8036101dca7ee39e585","name":"Redacci\u00f3n QP","image":{"@type":"ImageObject","inLanguage":"es","@id":"https:\/\/secure.gravatar.com\/avatar\/c7164ed6fdec453195284ad24a5ae5b6e1eed2b848477fa2a4787ba9adf39a41?s=96&d=mm&r=g","url":"https:\/\/secure.gravatar.com\/avatar\/c7164ed6fdec453195284ad24a5ae5b6e1eed2b848477fa2a4787ba9adf39a41?s=96&d=mm&r=g","contentUrl":"https:\/\/secure.gravatar.com\/avatar\/c7164ed6fdec453195284ad24a5ae5b6e1eed2b848477fa2a4787ba9adf39a41?s=96&d=mm&r=g","caption":"Redacci\u00f3n QP"},"url":"https:\/\/quehacerpolitico.mx\/?author=2"}]}},"featured_image_urls":{"full":"","thumbnail":"","medium":"","medium_large":"","large":"","1536x1536":"","2048x2048":"","covernews-featured":"","covernews-medium":""},"author_info":{"display_name":"Redacci\u00f3n QP","author_link":"https:\/\/quehacerpolitico.mx\/?author=2"},"category_info":"<a href=\"https:\/\/quehacerpolitico.mx\/?cat=2\" rel=\"category\">Noticias<\/a>","tag_info":"Noticias","comment_count":"0","_links":{"self":[{"href":"https:\/\/quehacerpolitico.mx\/index.php?rest_route=\/wp\/v2\/posts\/7716","targetHints":{"allow":["GET"]}}],"collection":[{"href":"https:\/\/quehacerpolitico.mx\/index.php?rest_route=\/wp\/v2\/posts"}],"about":[{"href":"https:\/\/quehacerpolitico.mx\/index.php?rest_route=\/wp\/v2\/types\/post"}],"author":[{"embeddable":true,"href":"https:\/\/quehacerpolitico.mx\/index.php?rest_route=\/wp\/v2\/users\/2"}],"replies":[{"embeddable":true,"href":"https:\/\/quehacerpolitico.mx\/index.php?rest_route=%2Fwp%2Fv2%2Fcomments&post=7716"}],"version-history":[{"count":0,"href":"https:\/\/quehacerpolitico.mx\/index.php?rest_route=\/wp\/v2\/posts\/7716\/revisions"}],"wp:featuredmedia":[{"embeddable":true,"href":"https:\/\/quehacerpolitico.mx\/index.php?rest_route=\/"}],"wp:attachment":[{"href":"https:\/\/quehacerpolitico.mx\/index.php?rest_route=%2Fwp%2Fv2%2Fmedia&parent=7716"}],"wp:term":[{"taxonomy":"category","embeddable":true,"href":"https:\/\/quehacerpolitico.mx\/index.php?rest_route=%2Fwp%2Fv2%2Fcategories&post=7716"},{"taxonomy":"post_tag","embeddable":true,"href":"https:\/\/quehacerpolitico.mx\/index.php?rest_route=%2Fwp%2Fv2%2Ftags&post=7716"}],"curies":[{"name":"wp","href":"https:\/\/api.w.org\/{rel}","templated":true}]}}