{"id":77157,"date":"2021-03-12T00:56:54","date_gmt":"2021-03-12T00:56:54","guid":{"rendered":"https:\/\/quehacerpolitico.mx\/?p=77157"},"modified":"2021-03-12T00:56:54","modified_gmt":"2021-03-12T00:56:54","slug":"abuelito-lleva-su-esposa-con-parkinson-en-un-triciclo-para-vacunarse","status":"publish","type":"post","link":"https:\/\/quehacerpolitico.mx\/?p=77157","title":{"rendered":"Abuelito lleva a su esposa con Parkinson en un triciclo para vacunarse"},"content":{"rendered":"<h1 class=\"amp-wp-title\">Abuelito lleva a su esposa con Parkinson en un triciclo para vacunarse<br \/>\nPor Redacci\u00f3n QP<\/h1>\n<p>Un anciano de Celaya (Guanajuato) conmovi\u00f3 a las redes sociales por llevar a su esposa en un triciclo de carga para recibir la vacuna contra el coronavirus.<\/p>\n<p>La foto de <em>Agencia Reforma<\/em> muestra a Ceferino Juan Hern\u00e1ndez Hurtado, un comerciante que tuvo que trasladar a su esposa, Galdina Uribe Estrada, de 83 a\u00f1os, en su triciclo ya que \u00e9sta padece la enfermedad de Parkinson.<\/p>\n<p>El lunes pasado, la pareja sali\u00f3 de su casa en la colonia Baj\u00edo de las Am\u00e9ricas. Como no tienen hijos, se la tuvieron que arreglar por su cuenta.<\/p>\n<p>Para el recorrido de un kil\u00f3metro, don Ceferino instal\u00f3 una silla plegable en el veh\u00edculo para que su esposa pudiera viajar sentada.<\/p>\n<blockquote class=\"twitter-tweet\" data-width=\"550\" data-dnt=\"true\">\n<p lang=\"es\" dir=\"ltr\">Andaba leyendo la historia de Ceferino y su esposa quien padece parkinson y la traslad\u00f3 en un triciclo. Pasaron la noche en la intemperie para recibir la vacuna contra el Covid-19 y no es justo q el gobierno 4t no se preocupe por ellos y den vacunas tibias q arriesgan su salud \ud83d\ude23 <a href=\"https:\/\/t.co\/Ia9iLvUlFt\">pic.twitter.com\/Ia9iLvUlFt<\/a><\/p>\n<p>&mdash; Do\u00f1a Sincera (@FerdezKarina) <a href=\"https:\/\/twitter.com\/FerdezKarina\/status\/1370062706984779781?ref_src=twsrc%5Etfw\">March 11, 2021<\/a><\/p><\/blockquote>\n<p><script async src=\"https:\/\/platform.twitter.com\/widgets.js\" charset=\"utf-8\"><\/script><\/p>\n<p>Llegaron al centro de vacunaci\u00f3n en el auditorio Francisco Eduardo Tresguerras a las 5 de las tarde, y se integraron a la fila para ser atendidos al d\u00eda siguiente.<\/p>\n<p>Ceferino y su esposa Galdina pasaron la noche a la intemperie y a la ma\u00f1ana siguiente fueron recibidos por el personal de salud. A las 10 de la ma\u00f1ana lograron recibir la primera dosis de la vacuna.<\/p>\n<p>Don Ceferino, quien padece problemas auditivos, dijo estar muy contento de que \u00e9l y su esposa ya recibieron la vacuna contra el coronavirus, aunque tendr\u00e1n que regresar en un mes para tener el esquema completo.<\/p>\n<blockquote class=\"twitter-tweet\" data-width=\"550\" data-dnt=\"true\">\n<p lang=\"es\" dir=\"ltr\">Andaba leyendo la historia de Ceferino y su esposa quien padece parkinson y la traslad\u00f3 en un triciclo. Pasaron la noche en la intemperie para recibir la vacuna contra el Covid-19 y no es justo q el gobierno 4t no se preocupe por ellos y den vacunas tibias q arriesgan su salud \ud83d\ude23 <a href=\"https:\/\/t.co\/Ia9iLvUlFt\">pic.twitter.com\/Ia9iLvUlFt<\/a><\/p>\n<p>&mdash; Do\u00f1a Sincera (@FerdezKarina) <a href=\"https:\/\/twitter.com\/FerdezKarina\/status\/1370062706984779781?ref_src=twsrc%5Etfw\">March 11, 2021<\/a><\/p><\/blockquote>\n<p><script async src=\"https:\/\/platform.twitter.com\/widgets.js\" charset=\"utf-8\"><\/script><\/p>\n","protected":false},"excerpt":{"rendered":"<p>Abuelito lleva a su esposa con Parkinson en un triciclo para vacunarse Por Redacci\u00f3n QP&#8230;<\/p>\n","protected":false},"author":2,"featured_media":77160,"comment_status":"open","ping_status":"open","sticky":false,"template":"","format":"standard","meta":{"_monsterinsights_skip_tracking":false,"_monsterinsights_sitenote_active":false,"_monsterinsights_sitenote_note":"","_monsterinsights_sitenote_category":0,"footnotes":""},"categories":[2],"tags":[],"class_list":["post-77157","post","type-post","status-publish","format-standard","has-post-thumbnail","hentry","category-noticias"],"yoast_head":"<!-- This site is optimized with the Yoast SEO plugin v27.3 - https:\/\/yoast.com\/product\/yoast-seo-wordpress\/ -->\n<title>Abuelito lleva a su esposa con Parkinson en un triciclo para vacunarse -<\/title>\n<meta name=\"robots\" content=\"index, follow, max-snippet:-1, max-image-preview:large, max-video-preview:-1\" \/>\n<link rel=\"canonical\" href=\"https:\/\/quehacerpolitico.mx\/?p=77157\" \/>\n<meta property=\"og:locale\" content=\"es_MX\" \/>\n<meta property=\"og:type\" content=\"article\" \/>\n<meta property=\"og:title\" content=\"Abuelito lleva a su esposa con Parkinson en un triciclo para vacunarse -\" \/>\n<meta property=\"og:description\" content=\"Abuelito lleva a su esposa con Parkinson en un triciclo para vacunarse Por Redacci\u00f3n QP...\" \/>\n<meta property=\"og:url\" content=\"https:\/\/quehacerpolitico.mx\/?p=77157\" \/>\n<meta property=\"article:published_time\" content=\"2021-03-12T00:56:54+00:00\" \/>\n<meta property=\"og:image\" content=\"https:\/\/quehacerpolitico.mx\/wp-content\/uploads\/2021\/03\/314301E6-3C53-40D7-9394-9054A3636772.jpeg\" \/>\n\t<meta property=\"og:image:width\" content=\"696\" \/>\n\t<meta property=\"og:image:height\" content=\"915\" \/>\n\t<meta property=\"og:image:type\" content=\"image\/jpeg\" \/>\n<meta name=\"author\" content=\"Redacci\u00f3n QP\" \/>\n<meta name=\"twitter:card\" content=\"summary_large_image\" \/>\n<meta name=\"twitter:label1\" content=\"Escrito por\" \/>\n\t<meta name=\"twitter:data1\" content=\"Redacci\u00f3n QP\" \/>\n\t<meta name=\"twitter:label2\" content=\"Tiempo de lectura\" \/>\n\t<meta name=\"twitter:data2\" content=\"1 minuto\" \/>\n<script type=\"application\/ld+json\" class=\"yoast-schema-graph\">{\"@context\":\"https:\\\/\\\/schema.org\",\"@graph\":[{\"@type\":\"Article\",\"@id\":\"https:\\\/\\\/quehacerpolitico.mx\\\/?p=77157#article\",\"isPartOf\":{\"@id\":\"https:\\\/\\\/quehacerpolitico.mx\\\/?p=77157\"},\"author\":{\"name\":\"Redacci\u00f3n QP\",\"@id\":\"https:\\\/\\\/quehacerpolitico.mx\\\/#\\\/schema\\\/person\\\/496d8ad2d1d3f8036101dca7ee39e585\"},\"headline\":\"Abuelito lleva a su esposa con Parkinson en un triciclo para vacunarse\",\"datePublished\":\"2021-03-12T00:56:54+00:00\",\"mainEntityOfPage\":{\"@id\":\"https:\\\/\\\/quehacerpolitico.mx\\\/?p=77157\"},\"wordCount\":263,\"commentCount\":0,\"image\":{\"@id\":\"https:\\\/\\\/quehacerpolitico.mx\\\/?p=77157#primaryimage\"},\"thumbnailUrl\":\"https:\\\/\\\/quehacerpolitico.mx\\\/wp-content\\\/uploads\\\/2021\\\/03\\\/314301E6-3C53-40D7-9394-9054A3636772.jpeg\",\"articleSection\":[\"Noticias\"],\"inLanguage\":\"es\",\"potentialAction\":[{\"@type\":\"CommentAction\",\"name\":\"Comment\",\"target\":[\"https:\\\/\\\/quehacerpolitico.mx\\\/?p=77157#respond\"]}]},{\"@type\":\"WebPage\",\"@id\":\"https:\\\/\\\/quehacerpolitico.mx\\\/?p=77157\",\"url\":\"https:\\\/\\\/quehacerpolitico.mx\\\/?p=77157\",\"name\":\"Abuelito lleva a su esposa con Parkinson en un triciclo para vacunarse -\",\"isPartOf\":{\"@id\":\"https:\\\/\\\/quehacerpolitico.mx\\\/#website\"},\"primaryImageOfPage\":{\"@id\":\"https:\\\/\\\/quehacerpolitico.mx\\\/?p=77157#primaryimage\"},\"image\":{\"@id\":\"https:\\\/\\\/quehacerpolitico.mx\\\/?p=77157#primaryimage\"},\"thumbnailUrl\":\"https:\\\/\\\/quehacerpolitico.mx\\\/wp-content\\\/uploads\\\/2021\\\/03\\\/314301E6-3C53-40D7-9394-9054A3636772.jpeg\",\"datePublished\":\"2021-03-12T00:56:54+00:00\",\"author\":{\"@id\":\"https:\\\/\\\/quehacerpolitico.mx\\\/#\\\/schema\\\/person\\\/496d8ad2d1d3f8036101dca7ee39e585\"},\"breadcrumb\":{\"@id\":\"https:\\\/\\\/quehacerpolitico.mx\\\/?p=77157#breadcrumb\"},\"inLanguage\":\"es\",\"potentialAction\":[{\"@type\":\"ReadAction\",\"target\":[\"https:\\\/\\\/quehacerpolitico.mx\\\/?p=77157\"]}]},{\"@type\":\"ImageObject\",\"inLanguage\":\"es\",\"@id\":\"https:\\\/\\\/quehacerpolitico.mx\\\/?p=77157#primaryimage\",\"url\":\"https:\\\/\\\/quehacerpolitico.mx\\\/wp-content\\\/uploads\\\/2021\\\/03\\\/314301E6-3C53-40D7-9394-9054A3636772.jpeg\",\"contentUrl\":\"https:\\\/\\\/quehacerpolitico.mx\\\/wp-content\\\/uploads\\\/2021\\\/03\\\/314301E6-3C53-40D7-9394-9054A3636772.jpeg\",\"width\":696,\"height\":915},{\"@type\":\"BreadcrumbList\",\"@id\":\"https:\\\/\\\/quehacerpolitico.mx\\\/?p=77157#breadcrumb\",\"itemListElement\":[{\"@type\":\"ListItem\",\"position\":1,\"name\":\"Inicio\",\"item\":\"https:\\\/\\\/quehacerpolitico.mx\\\/\"},{\"@type\":\"ListItem\",\"position\":2,\"name\":\"Abuelito lleva a su esposa con Parkinson en un triciclo para vacunarse\"}]},{\"@type\":\"WebSite\",\"@id\":\"https:\\\/\\\/quehacerpolitico.mx\\\/#website\",\"url\":\"https:\\\/\\\/quehacerpolitico.mx\\\/\",\"name\":\"\",\"description\":\"\",\"potentialAction\":[{\"@type\":\"SearchAction\",\"target\":{\"@type\":\"EntryPoint\",\"urlTemplate\":\"https:\\\/\\\/quehacerpolitico.mx\\\/?s={search_term_string}\"},\"query-input\":{\"@type\":\"PropertyValueSpecification\",\"valueRequired\":true,\"valueName\":\"search_term_string\"}}],\"inLanguage\":\"es\"},{\"@type\":\"Person\",\"@id\":\"https:\\\/\\\/quehacerpolitico.mx\\\/#\\\/schema\\\/person\\\/496d8ad2d1d3f8036101dca7ee39e585\",\"name\":\"Redacci\u00f3n QP\",\"image\":{\"@type\":\"ImageObject\",\"inLanguage\":\"es\",\"@id\":\"https:\\\/\\\/secure.gravatar.com\\\/avatar\\\/c7164ed6fdec453195284ad24a5ae5b6e1eed2b848477fa2a4787ba9adf39a41?s=96&d=mm&r=g\",\"url\":\"https:\\\/\\\/secure.gravatar.com\\\/avatar\\\/c7164ed6fdec453195284ad24a5ae5b6e1eed2b848477fa2a4787ba9adf39a41?s=96&d=mm&r=g\",\"contentUrl\":\"https:\\\/\\\/secure.gravatar.com\\\/avatar\\\/c7164ed6fdec453195284ad24a5ae5b6e1eed2b848477fa2a4787ba9adf39a41?s=96&d=mm&r=g\",\"caption\":\"Redacci\u00f3n QP\"},\"url\":\"https:\\\/\\\/quehacerpolitico.mx\\\/?author=2\"}]}<\/script>\n<!-- \/ Yoast SEO plugin. -->","yoast_head_json":{"title":"Abuelito lleva a su esposa con Parkinson en un triciclo para vacunarse -","robots":{"index":"index","follow":"follow","max-snippet":"max-snippet:-1","max-image-preview":"max-image-preview:large","max-video-preview":"max-video-preview:-1"},"canonical":"https:\/\/quehacerpolitico.mx\/?p=77157","og_locale":"es_MX","og_type":"article","og_title":"Abuelito lleva a su esposa con Parkinson en un triciclo para vacunarse -","og_description":"Abuelito lleva a su esposa con Parkinson en un triciclo para vacunarse Por Redacci\u00f3n QP...","og_url":"https:\/\/quehacerpolitico.mx\/?p=77157","article_published_time":"2021-03-12T00:56:54+00:00","og_image":[{"width":696,"height":915,"url":"https:\/\/quehacerpolitico.mx\/wp-content\/uploads\/2021\/03\/314301E6-3C53-40D7-9394-9054A3636772.jpeg","type":"image\/jpeg"}],"author":"Redacci\u00f3n QP","twitter_card":"summary_large_image","twitter_misc":{"Escrito por":"Redacci\u00f3n QP","Tiempo de lectura":"1 minuto"},"schema":{"@context":"https:\/\/schema.org","@graph":[{"@type":"Article","@id":"https:\/\/quehacerpolitico.mx\/?p=77157#article","isPartOf":{"@id":"https:\/\/quehacerpolitico.mx\/?p=77157"},"author":{"name":"Redacci\u00f3n QP","@id":"https:\/\/quehacerpolitico.mx\/#\/schema\/person\/496d8ad2d1d3f8036101dca7ee39e585"},"headline":"Abuelito lleva a su esposa con Parkinson en un triciclo para vacunarse","datePublished":"2021-03-12T00:56:54+00:00","mainEntityOfPage":{"@id":"https:\/\/quehacerpolitico.mx\/?p=77157"},"wordCount":263,"commentCount":0,"image":{"@id":"https:\/\/quehacerpolitico.mx\/?p=77157#primaryimage"},"thumbnailUrl":"https:\/\/quehacerpolitico.mx\/wp-content\/uploads\/2021\/03\/314301E6-3C53-40D7-9394-9054A3636772.jpeg","articleSection":["Noticias"],"inLanguage":"es","potentialAction":[{"@type":"CommentAction","name":"Comment","target":["https:\/\/quehacerpolitico.mx\/?p=77157#respond"]}]},{"@type":"WebPage","@id":"https:\/\/quehacerpolitico.mx\/?p=77157","url":"https:\/\/quehacerpolitico.mx\/?p=77157","name":"Abuelito lleva a su esposa con Parkinson en un triciclo para vacunarse -","isPartOf":{"@id":"https:\/\/quehacerpolitico.mx\/#website"},"primaryImageOfPage":{"@id":"https:\/\/quehacerpolitico.mx\/?p=77157#primaryimage"},"image":{"@id":"https:\/\/quehacerpolitico.mx\/?p=77157#primaryimage"},"thumbnailUrl":"https:\/\/quehacerpolitico.mx\/wp-content\/uploads\/2021\/03\/314301E6-3C53-40D7-9394-9054A3636772.jpeg","datePublished":"2021-03-12T00:56:54+00:00","author":{"@id":"https:\/\/quehacerpolitico.mx\/#\/schema\/person\/496d8ad2d1d3f8036101dca7ee39e585"},"breadcrumb":{"@id":"https:\/\/quehacerpolitico.mx\/?p=77157#breadcrumb"},"inLanguage":"es","potentialAction":[{"@type":"ReadAction","target":["https:\/\/quehacerpolitico.mx\/?p=77157"]}]},{"@type":"ImageObject","inLanguage":"es","@id":"https:\/\/quehacerpolitico.mx\/?p=77157#primaryimage","url":"https:\/\/quehacerpolitico.mx\/wp-content\/uploads\/2021\/03\/314301E6-3C53-40D7-9394-9054A3636772.jpeg","contentUrl":"https:\/\/quehacerpolitico.mx\/wp-content\/uploads\/2021\/03\/314301E6-3C53-40D7-9394-9054A3636772.jpeg","width":696,"height":915},{"@type":"BreadcrumbList","@id":"https:\/\/quehacerpolitico.mx\/?p=77157#breadcrumb","itemListElement":[{"@type":"ListItem","position":1,"name":"Inicio","item":"https:\/\/quehacerpolitico.mx\/"},{"@type":"ListItem","position":2,"name":"Abuelito lleva a su esposa con Parkinson en un triciclo para vacunarse"}]},{"@type":"WebSite","@id":"https:\/\/quehacerpolitico.mx\/#website","url":"https:\/\/quehacerpolitico.mx\/","name":"","description":"","potentialAction":[{"@type":"SearchAction","target":{"@type":"EntryPoint","urlTemplate":"https:\/\/quehacerpolitico.mx\/?s={search_term_string}"},"query-input":{"@type":"PropertyValueSpecification","valueRequired":true,"valueName":"search_term_string"}}],"inLanguage":"es"},{"@type":"Person","@id":"https:\/\/quehacerpolitico.mx\/#\/schema\/person\/496d8ad2d1d3f8036101dca7ee39e585","name":"Redacci\u00f3n QP","image":{"@type":"ImageObject","inLanguage":"es","@id":"https:\/\/secure.gravatar.com\/avatar\/c7164ed6fdec453195284ad24a5ae5b6e1eed2b848477fa2a4787ba9adf39a41?s=96&d=mm&r=g","url":"https:\/\/secure.gravatar.com\/avatar\/c7164ed6fdec453195284ad24a5ae5b6e1eed2b848477fa2a4787ba9adf39a41?s=96&d=mm&r=g","contentUrl":"https:\/\/secure.gravatar.com\/avatar\/c7164ed6fdec453195284ad24a5ae5b6e1eed2b848477fa2a4787ba9adf39a41?s=96&d=mm&r=g","caption":"Redacci\u00f3n QP"},"url":"https:\/\/quehacerpolitico.mx\/?author=2"}]}},"featured_image_urls":{"full":["https:\/\/quehacerpolitico.mx\/wp-content\/uploads\/2021\/03\/314301E6-3C53-40D7-9394-9054A3636772.jpeg",696,915,false],"thumbnail":["https:\/\/quehacerpolitico.mx\/wp-content\/uploads\/2021\/03\/314301E6-3C53-40D7-9394-9054A3636772-150x150.jpeg",150,150,true],"medium":["https:\/\/quehacerpolitico.mx\/wp-content\/uploads\/2021\/03\/314301E6-3C53-40D7-9394-9054A3636772-228x300.jpeg",228,300,true],"medium_large":["https:\/\/quehacerpolitico.mx\/wp-content\/uploads\/2021\/03\/314301E6-3C53-40D7-9394-9054A3636772.jpeg",640,841,false],"large":["https:\/\/quehacerpolitico.mx\/wp-content\/uploads\/2021\/03\/314301E6-3C53-40D7-9394-9054A3636772.jpeg",640,841,false],"1536x1536":["https:\/\/quehacerpolitico.mx\/wp-content\/uploads\/2021\/03\/314301E6-3C53-40D7-9394-9054A3636772.jpeg",696,915,false],"2048x2048":["https:\/\/quehacerpolitico.mx\/wp-content\/uploads\/2021\/03\/314301E6-3C53-40D7-9394-9054A3636772.jpeg",696,915,false],"covernews-featured":["https:\/\/quehacerpolitico.mx\/wp-content\/uploads\/2021\/03\/314301E6-3C53-40D7-9394-9054A3636772.jpeg",696,915,false],"covernews-medium":["https:\/\/quehacerpolitico.mx\/wp-content\/uploads\/2021\/03\/314301E6-3C53-40D7-9394-9054A3636772.jpeg",259,340,false]},"author_info":{"display_name":"Redacci\u00f3n QP","author_link":"https:\/\/quehacerpolitico.mx\/?author=2"},"category_info":"<a href=\"https:\/\/quehacerpolitico.mx\/?cat=2\" rel=\"category\">Noticias<\/a>","tag_info":"Noticias","comment_count":"0","_links":{"self":[{"href":"https:\/\/quehacerpolitico.mx\/index.php?rest_route=\/wp\/v2\/posts\/77157","targetHints":{"allow":["GET"]}}],"collection":[{"href":"https:\/\/quehacerpolitico.mx\/index.php?rest_route=\/wp\/v2\/posts"}],"about":[{"href":"https:\/\/quehacerpolitico.mx\/index.php?rest_route=\/wp\/v2\/types\/post"}],"author":[{"embeddable":true,"href":"https:\/\/quehacerpolitico.mx\/index.php?rest_route=\/wp\/v2\/users\/2"}],"replies":[{"embeddable":true,"href":"https:\/\/quehacerpolitico.mx\/index.php?rest_route=%2Fwp%2Fv2%2Fcomments&post=77157"}],"version-history":[{"count":0,"href":"https:\/\/quehacerpolitico.mx\/index.php?rest_route=\/wp\/v2\/posts\/77157\/revisions"}],"wp:featuredmedia":[{"embeddable":true,"href":"https:\/\/quehacerpolitico.mx\/index.php?rest_route=\/wp\/v2\/media\/77160"}],"wp:attachment":[{"href":"https:\/\/quehacerpolitico.mx\/index.php?rest_route=%2Fwp%2Fv2%2Fmedia&parent=77157"}],"wp:term":[{"taxonomy":"category","embeddable":true,"href":"https:\/\/quehacerpolitico.mx\/index.php?rest_route=%2Fwp%2Fv2%2Fcategories&post=77157"},{"taxonomy":"post_tag","embeddable":true,"href":"https:\/\/quehacerpolitico.mx\/index.php?rest_route=%2Fwp%2Fv2%2Ftags&post=77157"}],"curies":[{"name":"wp","href":"https:\/\/api.w.org\/{rel}","templated":true}]}}