{"id":77152,"date":"2021-03-12T00:05:51","date_gmt":"2021-03-12T00:05:51","guid":{"rendered":"https:\/\/quehacerpolitico.mx\/?p=77152"},"modified":"2021-03-12T00:05:51","modified_gmt":"2021-03-12T00:05:51","slug":"solicitan-ficha-roja-la-interpol-para-cuauhtemoc-gutierrez-de-la-torre","status":"publish","type":"post","link":"https:\/\/quehacerpolitico.mx\/?p=77152","title":{"rendered":"Solicitan ficha roja a la Interpol para Cuauht\u00e9moc Guti\u00e9rrez de la Torre"},"content":{"rendered":"<h1>Solicitan ficha roja a la Interpol para Cuauht\u00e9moc Guti\u00e9rrez de la Torre<br \/>\nPor Redacci\u00f3n QP<\/h1>\n<div class=\"description\">Adem\u00e1s de Guti\u00e9rrez de la Torre, la fiscal\u00eda asegur\u00f3 que tambi\u00e9n solicitaron la emisi\u00f3n de fichas rojas de otras cuatro personas<\/div>\n<div><\/div>\n<div>La <strong>Fiscal\u00eda General de Justicia de la Ciudad de M\u00e9xico (FGJCDMX)<\/strong> inform\u00f3 que se solicit\u00f3 a la <strong>Interpol<\/strong> la emisi\u00f3n de una ficha roja para la localizaci\u00f3n y aprehensi\u00f3n del exl\u00edder del <strong>PRI<\/strong> en la Ciudad de M\u00e9xico, Cuauhtemoc Guti\u00e9rrez de la Torre<\/div>\n<div>\n<p>Adem\u00e1s de Guti\u00e9rrez de la Torre, la fiscal\u00eda asegur\u00f3 que tambi\u00e9n se solicit\u00f3 la emisi\u00f3n de fichas rojas de otras cuatro personas.<\/p>\n<p><strong>Ernestina Godoy<\/strong>, fiscal general de Justicia de la Ciudad de M\u00e9xico, asegur\u00f3 que tambi\u00e9n se pidi\u00f3 la emisi\u00f3n de una alerta al <strong>Instituto Nacional de Migraci\u00f3n<\/strong> y el congela miento de las cuentas bancarias de los se\u00f1alados a la <strong>Unidad de Inteligencia Financiera<\/strong> de la<strong> Secretar\u00eda de Hacienda.<\/strong><\/p>\n<blockquote class=\"twitter-tweet\" data-width=\"550\" data-dnt=\"true\">\n<p lang=\"es\" dir=\"ltr\">Mensaje a medios, Fiscal General Ernestina Godoy <a href=\"https:\/\/t.co\/SVvge4Dgpv\">https:\/\/t.co\/SVvge4Dgpv<\/a><\/p>\n<p>&mdash; Fiscal\u00eda CDMX (@FiscaliaCDMX) <a href=\"https:\/\/twitter.com\/FiscaliaCDMX\/status\/1370109482223595521?ref_src=twsrc%5Etfw\">March 11, 2021<\/a><\/p><\/blockquote>\n<p><script async src=\"https:\/\/platform.twitter.com\/widgets.js\" charset=\"utf-8\"><\/script><\/p>\n<p>El exl\u00edder priista y otras cuatro personas son acusadas del delito de trata de personas , en modalidades de explotaci\u00f3n sexual agravada, en grado de tentativa y publicidad enga\u00f1osa, adem\u00e1s de asociaci\u00f3n delictuosa.<\/p>\n<\/div>\n","protected":false},"excerpt":{"rendered":"<p>Solicitan ficha roja a la Interpol para Cuauht\u00e9moc Guti\u00e9rrez de la Torre Por Redacci\u00f3n QP&#8230;<\/p>\n","protected":false},"author":2,"featured_media":77155,"comment_status":"open","ping_status":"open","sticky":false,"template":"","format":"standard","meta":{"_monsterinsights_skip_tracking":false,"_monsterinsights_sitenote_active":false,"_monsterinsights_sitenote_note":"","_monsterinsights_sitenote_category":0,"footnotes":""},"categories":[55],"tags":[],"class_list":["post-77152","post","type-post","status-publish","format-standard","has-post-thumbnail","hentry","category-cdmx"],"yoast_head":"<!-- This site is optimized with the Yoast SEO plugin v27.3 - https:\/\/yoast.com\/product\/yoast-seo-wordpress\/ -->\n<title>Solicitan ficha roja a la Interpol para Cuauht\u00e9moc Guti\u00e9rrez de la Torre -<\/title>\n<meta name=\"robots\" content=\"index, follow, max-snippet:-1, max-image-preview:large, max-video-preview:-1\" \/>\n<link rel=\"canonical\" href=\"https:\/\/quehacerpolitico.mx\/?p=77152\" \/>\n<meta property=\"og:locale\" content=\"es_MX\" \/>\n<meta property=\"og:type\" content=\"article\" \/>\n<meta property=\"og:title\" content=\"Solicitan ficha roja a la Interpol para Cuauht\u00e9moc Guti\u00e9rrez de la Torre -\" \/>\n<meta property=\"og:description\" content=\"Solicitan ficha roja a la Interpol para Cuauht\u00e9moc Guti\u00e9rrez de la Torre Por Redacci\u00f3n QP...\" \/>\n<meta property=\"og:url\" content=\"https:\/\/quehacerpolitico.mx\/?p=77152\" \/>\n<meta property=\"article:published_time\" content=\"2021-03-12T00:05:51+00:00\" \/>\n<meta property=\"og:image\" content=\"https:\/\/quehacerpolitico.mx\/wp-content\/uploads\/2021\/03\/57710885-1242-4B5D-BD8E-415F7FECE4A2.jpeg\" \/>\n\t<meta property=\"og:image:width\" content=\"699\" \/>\n\t<meta property=\"og:image:height\" content=\"439\" \/>\n\t<meta property=\"og:image:type\" content=\"image\/jpeg\" \/>\n<meta name=\"author\" content=\"Redacci\u00f3n QP\" \/>\n<meta name=\"twitter:card\" content=\"summary_large_image\" \/>\n<meta name=\"twitter:label1\" content=\"Escrito por\" \/>\n\t<meta name=\"twitter:data1\" content=\"Redacci\u00f3n QP\" \/>\n\t<meta name=\"twitter:label2\" content=\"Tiempo de lectura\" \/>\n\t<meta name=\"twitter:data2\" content=\"1 minuto\" \/>\n<script type=\"application\/ld+json\" class=\"yoast-schema-graph\">{\"@context\":\"https:\\\/\\\/schema.org\",\"@graph\":[{\"@type\":\"Article\",\"@id\":\"https:\\\/\\\/quehacerpolitico.mx\\\/?p=77152#article\",\"isPartOf\":{\"@id\":\"https:\\\/\\\/quehacerpolitico.mx\\\/?p=77152\"},\"author\":{\"name\":\"Redacci\u00f3n QP\",\"@id\":\"https:\\\/\\\/quehacerpolitico.mx\\\/#\\\/schema\\\/person\\\/496d8ad2d1d3f8036101dca7ee39e585\"},\"headline\":\"Solicitan ficha roja a la Interpol para Cuauht\u00e9moc Guti\u00e9rrez de la Torre\",\"datePublished\":\"2021-03-12T00:05:51+00:00\",\"mainEntityOfPage\":{\"@id\":\"https:\\\/\\\/quehacerpolitico.mx\\\/?p=77152\"},\"wordCount\":233,\"commentCount\":0,\"image\":{\"@id\":\"https:\\\/\\\/quehacerpolitico.mx\\\/?p=77152#primaryimage\"},\"thumbnailUrl\":\"https:\\\/\\\/quehacerpolitico.mx\\\/wp-content\\\/uploads\\\/2021\\\/03\\\/57710885-1242-4B5D-BD8E-415F7FECE4A2.jpeg\",\"articleSection\":[\"CDMX\"],\"inLanguage\":\"es\",\"potentialAction\":[{\"@type\":\"CommentAction\",\"name\":\"Comment\",\"target\":[\"https:\\\/\\\/quehacerpolitico.mx\\\/?p=77152#respond\"]}]},{\"@type\":\"WebPage\",\"@id\":\"https:\\\/\\\/quehacerpolitico.mx\\\/?p=77152\",\"url\":\"https:\\\/\\\/quehacerpolitico.mx\\\/?p=77152\",\"name\":\"Solicitan ficha roja a la Interpol para Cuauht\u00e9moc Guti\u00e9rrez de la Torre -\",\"isPartOf\":{\"@id\":\"https:\\\/\\\/quehacerpolitico.mx\\\/#website\"},\"primaryImageOfPage\":{\"@id\":\"https:\\\/\\\/quehacerpolitico.mx\\\/?p=77152#primaryimage\"},\"image\":{\"@id\":\"https:\\\/\\\/quehacerpolitico.mx\\\/?p=77152#primaryimage\"},\"thumbnailUrl\":\"https:\\\/\\\/quehacerpolitico.mx\\\/wp-content\\\/uploads\\\/2021\\\/03\\\/57710885-1242-4B5D-BD8E-415F7FECE4A2.jpeg\",\"datePublished\":\"2021-03-12T00:05:51+00:00\",\"author\":{\"@id\":\"https:\\\/\\\/quehacerpolitico.mx\\\/#\\\/schema\\\/person\\\/496d8ad2d1d3f8036101dca7ee39e585\"},\"breadcrumb\":{\"@id\":\"https:\\\/\\\/quehacerpolitico.mx\\\/?p=77152#breadcrumb\"},\"inLanguage\":\"es\",\"potentialAction\":[{\"@type\":\"ReadAction\",\"target\":[\"https:\\\/\\\/quehacerpolitico.mx\\\/?p=77152\"]}]},{\"@type\":\"ImageObject\",\"inLanguage\":\"es\",\"@id\":\"https:\\\/\\\/quehacerpolitico.mx\\\/?p=77152#primaryimage\",\"url\":\"https:\\\/\\\/quehacerpolitico.mx\\\/wp-content\\\/uploads\\\/2021\\\/03\\\/57710885-1242-4B5D-BD8E-415F7FECE4A2.jpeg\",\"contentUrl\":\"https:\\\/\\\/quehacerpolitico.mx\\\/wp-content\\\/uploads\\\/2021\\\/03\\\/57710885-1242-4B5D-BD8E-415F7FECE4A2.jpeg\",\"width\":699,\"height\":439},{\"@type\":\"BreadcrumbList\",\"@id\":\"https:\\\/\\\/quehacerpolitico.mx\\\/?p=77152#breadcrumb\",\"itemListElement\":[{\"@type\":\"ListItem\",\"position\":1,\"name\":\"Inicio\",\"item\":\"https:\\\/\\\/quehacerpolitico.mx\\\/\"},{\"@type\":\"ListItem\",\"position\":2,\"name\":\"Solicitan ficha roja a la Interpol para Cuauht\u00e9moc Guti\u00e9rrez de la Torre\"}]},{\"@type\":\"WebSite\",\"@id\":\"https:\\\/\\\/quehacerpolitico.mx\\\/#website\",\"url\":\"https:\\\/\\\/quehacerpolitico.mx\\\/\",\"name\":\"\",\"description\":\"\",\"potentialAction\":[{\"@type\":\"SearchAction\",\"target\":{\"@type\":\"EntryPoint\",\"urlTemplate\":\"https:\\\/\\\/quehacerpolitico.mx\\\/?s={search_term_string}\"},\"query-input\":{\"@type\":\"PropertyValueSpecification\",\"valueRequired\":true,\"valueName\":\"search_term_string\"}}],\"inLanguage\":\"es\"},{\"@type\":\"Person\",\"@id\":\"https:\\\/\\\/quehacerpolitico.mx\\\/#\\\/schema\\\/person\\\/496d8ad2d1d3f8036101dca7ee39e585\",\"name\":\"Redacci\u00f3n QP\",\"image\":{\"@type\":\"ImageObject\",\"inLanguage\":\"es\",\"@id\":\"https:\\\/\\\/secure.gravatar.com\\\/avatar\\\/c7164ed6fdec453195284ad24a5ae5b6e1eed2b848477fa2a4787ba9adf39a41?s=96&d=mm&r=g\",\"url\":\"https:\\\/\\\/secure.gravatar.com\\\/avatar\\\/c7164ed6fdec453195284ad24a5ae5b6e1eed2b848477fa2a4787ba9adf39a41?s=96&d=mm&r=g\",\"contentUrl\":\"https:\\\/\\\/secure.gravatar.com\\\/avatar\\\/c7164ed6fdec453195284ad24a5ae5b6e1eed2b848477fa2a4787ba9adf39a41?s=96&d=mm&r=g\",\"caption\":\"Redacci\u00f3n QP\"},\"url\":\"https:\\\/\\\/quehacerpolitico.mx\\\/?author=2\"}]}<\/script>\n<!-- \/ Yoast SEO plugin. -->","yoast_head_json":{"title":"Solicitan ficha roja a la Interpol para Cuauht\u00e9moc Guti\u00e9rrez de la Torre -","robots":{"index":"index","follow":"follow","max-snippet":"max-snippet:-1","max-image-preview":"max-image-preview:large","max-video-preview":"max-video-preview:-1"},"canonical":"https:\/\/quehacerpolitico.mx\/?p=77152","og_locale":"es_MX","og_type":"article","og_title":"Solicitan ficha roja a la Interpol para Cuauht\u00e9moc Guti\u00e9rrez de la Torre -","og_description":"Solicitan ficha roja a la Interpol para Cuauht\u00e9moc Guti\u00e9rrez de la Torre Por Redacci\u00f3n QP...","og_url":"https:\/\/quehacerpolitico.mx\/?p=77152","article_published_time":"2021-03-12T00:05:51+00:00","og_image":[{"width":699,"height":439,"url":"https:\/\/quehacerpolitico.mx\/wp-content\/uploads\/2021\/03\/57710885-1242-4B5D-BD8E-415F7FECE4A2.jpeg","type":"image\/jpeg"}],"author":"Redacci\u00f3n QP","twitter_card":"summary_large_image","twitter_misc":{"Escrito por":"Redacci\u00f3n QP","Tiempo de lectura":"1 minuto"},"schema":{"@context":"https:\/\/schema.org","@graph":[{"@type":"Article","@id":"https:\/\/quehacerpolitico.mx\/?p=77152#article","isPartOf":{"@id":"https:\/\/quehacerpolitico.mx\/?p=77152"},"author":{"name":"Redacci\u00f3n QP","@id":"https:\/\/quehacerpolitico.mx\/#\/schema\/person\/496d8ad2d1d3f8036101dca7ee39e585"},"headline":"Solicitan ficha roja a la Interpol para Cuauht\u00e9moc Guti\u00e9rrez de la Torre","datePublished":"2021-03-12T00:05:51+00:00","mainEntityOfPage":{"@id":"https:\/\/quehacerpolitico.mx\/?p=77152"},"wordCount":233,"commentCount":0,"image":{"@id":"https:\/\/quehacerpolitico.mx\/?p=77152#primaryimage"},"thumbnailUrl":"https:\/\/quehacerpolitico.mx\/wp-content\/uploads\/2021\/03\/57710885-1242-4B5D-BD8E-415F7FECE4A2.jpeg","articleSection":["CDMX"],"inLanguage":"es","potentialAction":[{"@type":"CommentAction","name":"Comment","target":["https:\/\/quehacerpolitico.mx\/?p=77152#respond"]}]},{"@type":"WebPage","@id":"https:\/\/quehacerpolitico.mx\/?p=77152","url":"https:\/\/quehacerpolitico.mx\/?p=77152","name":"Solicitan ficha roja a la Interpol para Cuauht\u00e9moc Guti\u00e9rrez de la Torre -","isPartOf":{"@id":"https:\/\/quehacerpolitico.mx\/#website"},"primaryImageOfPage":{"@id":"https:\/\/quehacerpolitico.mx\/?p=77152#primaryimage"},"image":{"@id":"https:\/\/quehacerpolitico.mx\/?p=77152#primaryimage"},"thumbnailUrl":"https:\/\/quehacerpolitico.mx\/wp-content\/uploads\/2021\/03\/57710885-1242-4B5D-BD8E-415F7FECE4A2.jpeg","datePublished":"2021-03-12T00:05:51+00:00","author":{"@id":"https:\/\/quehacerpolitico.mx\/#\/schema\/person\/496d8ad2d1d3f8036101dca7ee39e585"},"breadcrumb":{"@id":"https:\/\/quehacerpolitico.mx\/?p=77152#breadcrumb"},"inLanguage":"es","potentialAction":[{"@type":"ReadAction","target":["https:\/\/quehacerpolitico.mx\/?p=77152"]}]},{"@type":"ImageObject","inLanguage":"es","@id":"https:\/\/quehacerpolitico.mx\/?p=77152#primaryimage","url":"https:\/\/quehacerpolitico.mx\/wp-content\/uploads\/2021\/03\/57710885-1242-4B5D-BD8E-415F7FECE4A2.jpeg","contentUrl":"https:\/\/quehacerpolitico.mx\/wp-content\/uploads\/2021\/03\/57710885-1242-4B5D-BD8E-415F7FECE4A2.jpeg","width":699,"height":439},{"@type":"BreadcrumbList","@id":"https:\/\/quehacerpolitico.mx\/?p=77152#breadcrumb","itemListElement":[{"@type":"ListItem","position":1,"name":"Inicio","item":"https:\/\/quehacerpolitico.mx\/"},{"@type":"ListItem","position":2,"name":"Solicitan ficha roja a la Interpol para Cuauht\u00e9moc Guti\u00e9rrez de la Torre"}]},{"@type":"WebSite","@id":"https:\/\/quehacerpolitico.mx\/#website","url":"https:\/\/quehacerpolitico.mx\/","name":"","description":"","potentialAction":[{"@type":"SearchAction","target":{"@type":"EntryPoint","urlTemplate":"https:\/\/quehacerpolitico.mx\/?s={search_term_string}"},"query-input":{"@type":"PropertyValueSpecification","valueRequired":true,"valueName":"search_term_string"}}],"inLanguage":"es"},{"@type":"Person","@id":"https:\/\/quehacerpolitico.mx\/#\/schema\/person\/496d8ad2d1d3f8036101dca7ee39e585","name":"Redacci\u00f3n QP","image":{"@type":"ImageObject","inLanguage":"es","@id":"https:\/\/secure.gravatar.com\/avatar\/c7164ed6fdec453195284ad24a5ae5b6e1eed2b848477fa2a4787ba9adf39a41?s=96&d=mm&r=g","url":"https:\/\/secure.gravatar.com\/avatar\/c7164ed6fdec453195284ad24a5ae5b6e1eed2b848477fa2a4787ba9adf39a41?s=96&d=mm&r=g","contentUrl":"https:\/\/secure.gravatar.com\/avatar\/c7164ed6fdec453195284ad24a5ae5b6e1eed2b848477fa2a4787ba9adf39a41?s=96&d=mm&r=g","caption":"Redacci\u00f3n QP"},"url":"https:\/\/quehacerpolitico.mx\/?author=2"}]}},"featured_image_urls":{"full":["https:\/\/quehacerpolitico.mx\/wp-content\/uploads\/2021\/03\/57710885-1242-4B5D-BD8E-415F7FECE4A2.jpeg",699,439,false],"thumbnail":["https:\/\/quehacerpolitico.mx\/wp-content\/uploads\/2021\/03\/57710885-1242-4B5D-BD8E-415F7FECE4A2-150x150.jpeg",150,150,true],"medium":["https:\/\/quehacerpolitico.mx\/wp-content\/uploads\/2021\/03\/57710885-1242-4B5D-BD8E-415F7FECE4A2-300x188.jpeg",300,188,true],"medium_large":["https:\/\/quehacerpolitico.mx\/wp-content\/uploads\/2021\/03\/57710885-1242-4B5D-BD8E-415F7FECE4A2.jpeg",640,402,false],"large":["https:\/\/quehacerpolitico.mx\/wp-content\/uploads\/2021\/03\/57710885-1242-4B5D-BD8E-415F7FECE4A2.jpeg",640,402,false],"1536x1536":["https:\/\/quehacerpolitico.mx\/wp-content\/uploads\/2021\/03\/57710885-1242-4B5D-BD8E-415F7FECE4A2.jpeg",699,439,false],"2048x2048":["https:\/\/quehacerpolitico.mx\/wp-content\/uploads\/2021\/03\/57710885-1242-4B5D-BD8E-415F7FECE4A2.jpeg",699,439,false],"covernews-featured":["https:\/\/quehacerpolitico.mx\/wp-content\/uploads\/2021\/03\/57710885-1242-4B5D-BD8E-415F7FECE4A2.jpeg",699,439,false],"covernews-medium":["https:\/\/quehacerpolitico.mx\/wp-content\/uploads\/2021\/03\/57710885-1242-4B5D-BD8E-415F7FECE4A2.jpeg",540,340,false]},"author_info":{"display_name":"Redacci\u00f3n QP","author_link":"https:\/\/quehacerpolitico.mx\/?author=2"},"category_info":"<a href=\"https:\/\/quehacerpolitico.mx\/?cat=55\" rel=\"category\">CDMX<\/a>","tag_info":"CDMX","comment_count":"0","_links":{"self":[{"href":"https:\/\/quehacerpolitico.mx\/index.php?rest_route=\/wp\/v2\/posts\/77152","targetHints":{"allow":["GET"]}}],"collection":[{"href":"https:\/\/quehacerpolitico.mx\/index.php?rest_route=\/wp\/v2\/posts"}],"about":[{"href":"https:\/\/quehacerpolitico.mx\/index.php?rest_route=\/wp\/v2\/types\/post"}],"author":[{"embeddable":true,"href":"https:\/\/quehacerpolitico.mx\/index.php?rest_route=\/wp\/v2\/users\/2"}],"replies":[{"embeddable":true,"href":"https:\/\/quehacerpolitico.mx\/index.php?rest_route=%2Fwp%2Fv2%2Fcomments&post=77152"}],"version-history":[{"count":0,"href":"https:\/\/quehacerpolitico.mx\/index.php?rest_route=\/wp\/v2\/posts\/77152\/revisions"}],"wp:featuredmedia":[{"embeddable":true,"href":"https:\/\/quehacerpolitico.mx\/index.php?rest_route=\/wp\/v2\/media\/77155"}],"wp:attachment":[{"href":"https:\/\/quehacerpolitico.mx\/index.php?rest_route=%2Fwp%2Fv2%2Fmedia&parent=77152"}],"wp:term":[{"taxonomy":"category","embeddable":true,"href":"https:\/\/quehacerpolitico.mx\/index.php?rest_route=%2Fwp%2Fv2%2Fcategories&post=77152"},{"taxonomy":"post_tag","embeddable":true,"href":"https:\/\/quehacerpolitico.mx\/index.php?rest_route=%2Fwp%2Fv2%2Ftags&post=77152"}],"curies":[{"name":"wp","href":"https:\/\/api.w.org\/{rel}","templated":true}]}}