{"id":77134,"date":"2021-03-11T16:41:11","date_gmt":"2021-03-11T16:41:11","guid":{"rendered":"https:\/\/quehacerpolitico.mx\/?p=77134"},"modified":"2021-03-11T16:41:11","modified_gmt":"2021-03-11T16:41:11","slug":"cdmx-aplica-vacuna-covid-19-de-forma-ejemplar-afirma-amlo","status":"publish","type":"post","link":"https:\/\/quehacerpolitico.mx\/?p=77134","title":{"rendered":"CDMX aplica vacuna COVID-19 de forma \u2018ejemplar\u2019, afirma AMLO"},"content":{"rendered":"<h1>CDMX aplica vacuna COVID-19 de forma \u2018ejemplar\u2019, afirma AMLO<br \/>\nPor Redacci\u00f3n QP<\/h1>\n<p>AMLO que se ha avanzado en la aplicaci\u00f3n de vacuna contra la COVID-19 a adultos mayores<\/p>\n<p>El presidente de M\u00e9xico, Andres Manuel L\u00f3pez Obrador,\u00a0asegur\u00f3 que es ejemplar la organizaci\u00f3n de la <strong>Ciudad de M\u00e9xico\u00a0<\/strong>para aplicar la vacuna contra la COVID-19 a adultos mayores.<\/p>\n<p><iframe loading=\"lazy\" title=\"AMLO: Vamos a cumplir la vacunaci\u00f3n a todos los adultos mayores contra Covid a finales de abril\" width=\"640\" height=\"360\" src=\"https:\/\/www.youtube.com\/embed\/Z3MhtoPzOKI?feature=oembed\" frameborder=\"0\" allow=\"accelerometer; autoplay; clipboard-write; encrypted-media; gyroscope; picture-in-picture; web-share\" referrerpolicy=\"strict-origin-when-cross-origin\" allowfullscreen><\/iframe><\/p>\n<blockquote><p>\u201cQuiero destacar que ha sido ejemplar de la organizaci\u00f3n de la aplicaci\u00f3n de la vacuna en general, pero de manera especial en la Ciudad de M\u00e9xico por el apoyo que se recibe del Gobierno de la Ciudad, esto ha facilitado mucho las cosas de que se avance bien\u201d, coment\u00f3 el Jefe del Ejecutivo Federal en su conferencia de prensa matutina desde Palacio Nacional.<\/p><\/blockquote>\n<p>L\u00f3pez Obrador asegur\u00f3 que est\u00e1 funcionando bien el <strong>Plan Nacional de Vacunaci\u00f3n<\/strong> y que se ha avanzado en la aplicaci\u00f3n de dosis a <strong>adultos mayores<\/strong>.<\/p>\n<blockquote><p>\u201cEst\u00e1 funcionando bien el Plan Nacional de Vacunaci\u00f3n se va avanzando, ayer se vacun\u00f3 a muchos adultos mayores en el pa\u00eds. Es posiblemente el d\u00eda de m\u00e1s vacunas que se han puesto a adultos mayores desde que empez\u00f3 la campa\u00f1a, sino es el primer d\u00eda es el segundo d\u00eda, alrededor de 300 mil vacunas\u201d, se\u00f1al\u00f3 el mandatario mexicano.<\/p><\/blockquote>\n<p>Finalmente, el mandatario mexicano agreg\u00f3 que M\u00e9xico est\u00e1 por cerrar un acuerdo con el gobierno de <strong>China<\/strong> para el <strong>env\u00edo de vacunas adicionales<\/strong>.<\/p>\n<p><iframe loading=\"lazy\" title=\"AMLO dice que \u201cvamos bien\u201d y se avanza en el plan de vacunaci\u00f3n contra Covid\" width=\"640\" height=\"360\" src=\"https:\/\/www.youtube.com\/embed\/RN-stan0Zq0?feature=oembed\" frameborder=\"0\" allow=\"accelerometer; autoplay; clipboard-write; encrypted-media; gyroscope; picture-in-picture; web-share\" referrerpolicy=\"strict-origin-when-cross-origin\" allowfullscreen><\/iframe><\/p>\n<blockquote><p>\u201cOtra noticia buena es que ya se est\u00e1 por cerrar un acuerdo con el gobierno de China para el env\u00edo de vacunas adicionales\u201d, destac\u00f3 AMLO.<\/p><\/blockquote>\n<p>En la conferencia tambi\u00e9n particip\u00f3 el secretario de Relaci\u00f3n Exteriores, Marcelo Ebrard, para inforar que la madrugada de hoy jueves 11 de marzo llegaron a nuestro pa\u00eds tres millones de dosis de la vacuna contra la COVID-19\u00a0de la farmac\u00e9utica china <strong>CanSino<\/strong>, estas se suman a los otros dos millones que ya hab\u00edan llegado al pa\u00eds.<\/p>\n<blockquote><p>\u201cLlegaron tres millones de vacunas de CanSino, con lo que hab\u00edamos recibido ya tenemos cinco millones de dosis de CanSino en M\u00e9xico, entregadas a Cofepris envasadas, verificadas, con todo el proceso biol\u00f3gico un mill\u00f3n\u201d, detall\u00f3 el secretario de Relaciones Exteriores.<\/p><\/blockquote>\n<p>Marcelo Ebrard apunt\u00f3 que se tiene programado la aplicaci\u00f3n de la vacuna Cansino, que requiere de una sola dosis, para finales de marzo.<\/p>\n<blockquote><p>\u201cAntes de que termine este mes, de acuerdo al informe, tendremos la posibilidad de aplicar esa vacuna unidosis, tal cual se program\u00f3\u201d.<\/p><\/blockquote>\n<p>El canciller se\u00f1al\u00f3 que el Gobierno de M\u00e9xico ha alcanzado un acuerdo con <strong>Sinovac<\/strong> por 10 millones de dosis adicionales.<\/p>\n<p>Tambi\u00e9n anunci\u00f3 que adicionalmente, se busca un acuerdo con la empresa china <strong>Sinopharm<\/strong>, que se prev\u00e9 concretar entre el martes y jueves de la pr\u00f3xima semana, para la adquisici\u00f3n de 12 millones de dosis.<\/p>\n","protected":false},"excerpt":{"rendered":"<p>CDMX aplica vacuna COVID-19 de forma \u2018ejemplar\u2019, afirma AMLO Por Redacci\u00f3n QP AMLO que se&#8230;<\/p>\n","protected":false},"author":2,"featured_media":77137,"comment_status":"open","ping_status":"open","sticky":false,"template":"","format":"standard","meta":{"_monsterinsights_skip_tracking":false,"_monsterinsights_sitenote_active":false,"_monsterinsights_sitenote_note":"","_monsterinsights_sitenote_category":0,"footnotes":""},"categories":[2],"tags":[],"class_list":["post-77134","post","type-post","status-publish","format-standard","has-post-thumbnail","hentry","category-noticias"],"yoast_head":"<!-- This site is optimized with the Yoast SEO plugin v27.3 - https:\/\/yoast.com\/product\/yoast-seo-wordpress\/ -->\n<title>CDMX aplica vacuna COVID-19 de forma \u2018ejemplar\u2019, afirma AMLO -<\/title>\n<meta name=\"robots\" content=\"index, follow, max-snippet:-1, max-image-preview:large, max-video-preview:-1\" \/>\n<link rel=\"canonical\" href=\"https:\/\/quehacerpolitico.mx\/?p=77134\" \/>\n<meta property=\"og:locale\" content=\"es_MX\" \/>\n<meta property=\"og:type\" content=\"article\" \/>\n<meta property=\"og:title\" content=\"CDMX aplica vacuna COVID-19 de forma \u2018ejemplar\u2019, afirma AMLO -\" \/>\n<meta property=\"og:description\" content=\"CDMX aplica vacuna COVID-19 de forma \u2018ejemplar\u2019, afirma AMLO Por Redacci\u00f3n QP AMLO que se...\" \/>\n<meta property=\"og:url\" content=\"https:\/\/quehacerpolitico.mx\/?p=77134\" \/>\n<meta property=\"article:published_time\" content=\"2021-03-11T16:41:11+00:00\" \/>\n<meta property=\"og:image\" content=\"https:\/\/quehacerpolitico.mx\/wp-content\/uploads\/2021\/03\/9F349D5B-97FF-413A-93B5-BD3BF1C14F1C.jpeg\" \/>\n\t<meta property=\"og:image:width\" content=\"1242\" \/>\n\t<meta property=\"og:image:height\" content=\"682\" \/>\n\t<meta property=\"og:image:type\" content=\"image\/jpeg\" \/>\n<meta name=\"author\" content=\"Redacci\u00f3n QP\" \/>\n<meta name=\"twitter:card\" content=\"summary_large_image\" \/>\n<meta name=\"twitter:label1\" content=\"Escrito por\" \/>\n\t<meta name=\"twitter:data1\" content=\"Redacci\u00f3n QP\" \/>\n\t<meta name=\"twitter:label2\" content=\"Tiempo de lectura\" \/>\n\t<meta name=\"twitter:data2\" content=\"2 minutos\" \/>\n<script type=\"application\/ld+json\" class=\"yoast-schema-graph\">{\"@context\":\"https:\\\/\\\/schema.org\",\"@graph\":[{\"@type\":\"Article\",\"@id\":\"https:\\\/\\\/quehacerpolitico.mx\\\/?p=77134#article\",\"isPartOf\":{\"@id\":\"https:\\\/\\\/quehacerpolitico.mx\\\/?p=77134\"},\"author\":{\"name\":\"Redacci\u00f3n QP\",\"@id\":\"https:\\\/\\\/quehacerpolitico.mx\\\/#\\\/schema\\\/person\\\/496d8ad2d1d3f8036101dca7ee39e585\"},\"headline\":\"CDMX aplica vacuna COVID-19 de forma \u2018ejemplar\u2019, afirma AMLO\",\"datePublished\":\"2021-03-11T16:41:11+00:00\",\"mainEntityOfPage\":{\"@id\":\"https:\\\/\\\/quehacerpolitico.mx\\\/?p=77134\"},\"wordCount\":500,\"commentCount\":0,\"image\":{\"@id\":\"https:\\\/\\\/quehacerpolitico.mx\\\/?p=77134#primaryimage\"},\"thumbnailUrl\":\"https:\\\/\\\/quehacerpolitico.mx\\\/wp-content\\\/uploads\\\/2021\\\/03\\\/9F349D5B-97FF-413A-93B5-BD3BF1C14F1C.jpeg\",\"articleSection\":[\"Noticias\"],\"inLanguage\":\"es\",\"potentialAction\":[{\"@type\":\"CommentAction\",\"name\":\"Comment\",\"target\":[\"https:\\\/\\\/quehacerpolitico.mx\\\/?p=77134#respond\"]}]},{\"@type\":\"WebPage\",\"@id\":\"https:\\\/\\\/quehacerpolitico.mx\\\/?p=77134\",\"url\":\"https:\\\/\\\/quehacerpolitico.mx\\\/?p=77134\",\"name\":\"CDMX aplica vacuna COVID-19 de forma \u2018ejemplar\u2019, afirma AMLO -\",\"isPartOf\":{\"@id\":\"https:\\\/\\\/quehacerpolitico.mx\\\/#website\"},\"primaryImageOfPage\":{\"@id\":\"https:\\\/\\\/quehacerpolitico.mx\\\/?p=77134#primaryimage\"},\"image\":{\"@id\":\"https:\\\/\\\/quehacerpolitico.mx\\\/?p=77134#primaryimage\"},\"thumbnailUrl\":\"https:\\\/\\\/quehacerpolitico.mx\\\/wp-content\\\/uploads\\\/2021\\\/03\\\/9F349D5B-97FF-413A-93B5-BD3BF1C14F1C.jpeg\",\"datePublished\":\"2021-03-11T16:41:11+00:00\",\"author\":{\"@id\":\"https:\\\/\\\/quehacerpolitico.mx\\\/#\\\/schema\\\/person\\\/496d8ad2d1d3f8036101dca7ee39e585\"},\"breadcrumb\":{\"@id\":\"https:\\\/\\\/quehacerpolitico.mx\\\/?p=77134#breadcrumb\"},\"inLanguage\":\"es\",\"potentialAction\":[{\"@type\":\"ReadAction\",\"target\":[\"https:\\\/\\\/quehacerpolitico.mx\\\/?p=77134\"]}]},{\"@type\":\"ImageObject\",\"inLanguage\":\"es\",\"@id\":\"https:\\\/\\\/quehacerpolitico.mx\\\/?p=77134#primaryimage\",\"url\":\"https:\\\/\\\/quehacerpolitico.mx\\\/wp-content\\\/uploads\\\/2021\\\/03\\\/9F349D5B-97FF-413A-93B5-BD3BF1C14F1C.jpeg\",\"contentUrl\":\"https:\\\/\\\/quehacerpolitico.mx\\\/wp-content\\\/uploads\\\/2021\\\/03\\\/9F349D5B-97FF-413A-93B5-BD3BF1C14F1C.jpeg\",\"width\":1242,\"height\":682},{\"@type\":\"BreadcrumbList\",\"@id\":\"https:\\\/\\\/quehacerpolitico.mx\\\/?p=77134#breadcrumb\",\"itemListElement\":[{\"@type\":\"ListItem\",\"position\":1,\"name\":\"Inicio\",\"item\":\"https:\\\/\\\/quehacerpolitico.mx\\\/\"},{\"@type\":\"ListItem\",\"position\":2,\"name\":\"CDMX aplica vacuna COVID-19 de forma \u2018ejemplar\u2019, afirma AMLO\"}]},{\"@type\":\"WebSite\",\"@id\":\"https:\\\/\\\/quehacerpolitico.mx\\\/#website\",\"url\":\"https:\\\/\\\/quehacerpolitico.mx\\\/\",\"name\":\"\",\"description\":\"\",\"potentialAction\":[{\"@type\":\"SearchAction\",\"target\":{\"@type\":\"EntryPoint\",\"urlTemplate\":\"https:\\\/\\\/quehacerpolitico.mx\\\/?s={search_term_string}\"},\"query-input\":{\"@type\":\"PropertyValueSpecification\",\"valueRequired\":true,\"valueName\":\"search_term_string\"}}],\"inLanguage\":\"es\"},{\"@type\":\"Person\",\"@id\":\"https:\\\/\\\/quehacerpolitico.mx\\\/#\\\/schema\\\/person\\\/496d8ad2d1d3f8036101dca7ee39e585\",\"name\":\"Redacci\u00f3n QP\",\"image\":{\"@type\":\"ImageObject\",\"inLanguage\":\"es\",\"@id\":\"https:\\\/\\\/secure.gravatar.com\\\/avatar\\\/c7164ed6fdec453195284ad24a5ae5b6e1eed2b848477fa2a4787ba9adf39a41?s=96&d=mm&r=g\",\"url\":\"https:\\\/\\\/secure.gravatar.com\\\/avatar\\\/c7164ed6fdec453195284ad24a5ae5b6e1eed2b848477fa2a4787ba9adf39a41?s=96&d=mm&r=g\",\"contentUrl\":\"https:\\\/\\\/secure.gravatar.com\\\/avatar\\\/c7164ed6fdec453195284ad24a5ae5b6e1eed2b848477fa2a4787ba9adf39a41?s=96&d=mm&r=g\",\"caption\":\"Redacci\u00f3n QP\"},\"url\":\"https:\\\/\\\/quehacerpolitico.mx\\\/?author=2\"}]}<\/script>\n<!-- \/ Yoast SEO plugin. -->","yoast_head_json":{"title":"CDMX aplica vacuna COVID-19 de forma \u2018ejemplar\u2019, afirma AMLO -","robots":{"index":"index","follow":"follow","max-snippet":"max-snippet:-1","max-image-preview":"max-image-preview:large","max-video-preview":"max-video-preview:-1"},"canonical":"https:\/\/quehacerpolitico.mx\/?p=77134","og_locale":"es_MX","og_type":"article","og_title":"CDMX aplica vacuna COVID-19 de forma \u2018ejemplar\u2019, afirma AMLO -","og_description":"CDMX aplica vacuna COVID-19 de forma \u2018ejemplar\u2019, afirma AMLO Por Redacci\u00f3n QP AMLO que se...","og_url":"https:\/\/quehacerpolitico.mx\/?p=77134","article_published_time":"2021-03-11T16:41:11+00:00","og_image":[{"width":1242,"height":682,"url":"https:\/\/quehacerpolitico.mx\/wp-content\/uploads\/2021\/03\/9F349D5B-97FF-413A-93B5-BD3BF1C14F1C.jpeg","type":"image\/jpeg"}],"author":"Redacci\u00f3n QP","twitter_card":"summary_large_image","twitter_misc":{"Escrito por":"Redacci\u00f3n QP","Tiempo de lectura":"2 minutos"},"schema":{"@context":"https:\/\/schema.org","@graph":[{"@type":"Article","@id":"https:\/\/quehacerpolitico.mx\/?p=77134#article","isPartOf":{"@id":"https:\/\/quehacerpolitico.mx\/?p=77134"},"author":{"name":"Redacci\u00f3n QP","@id":"https:\/\/quehacerpolitico.mx\/#\/schema\/person\/496d8ad2d1d3f8036101dca7ee39e585"},"headline":"CDMX aplica vacuna COVID-19 de forma \u2018ejemplar\u2019, afirma AMLO","datePublished":"2021-03-11T16:41:11+00:00","mainEntityOfPage":{"@id":"https:\/\/quehacerpolitico.mx\/?p=77134"},"wordCount":500,"commentCount":0,"image":{"@id":"https:\/\/quehacerpolitico.mx\/?p=77134#primaryimage"},"thumbnailUrl":"https:\/\/quehacerpolitico.mx\/wp-content\/uploads\/2021\/03\/9F349D5B-97FF-413A-93B5-BD3BF1C14F1C.jpeg","articleSection":["Noticias"],"inLanguage":"es","potentialAction":[{"@type":"CommentAction","name":"Comment","target":["https:\/\/quehacerpolitico.mx\/?p=77134#respond"]}]},{"@type":"WebPage","@id":"https:\/\/quehacerpolitico.mx\/?p=77134","url":"https:\/\/quehacerpolitico.mx\/?p=77134","name":"CDMX aplica vacuna COVID-19 de forma \u2018ejemplar\u2019, afirma AMLO -","isPartOf":{"@id":"https:\/\/quehacerpolitico.mx\/#website"},"primaryImageOfPage":{"@id":"https:\/\/quehacerpolitico.mx\/?p=77134#primaryimage"},"image":{"@id":"https:\/\/quehacerpolitico.mx\/?p=77134#primaryimage"},"thumbnailUrl":"https:\/\/quehacerpolitico.mx\/wp-content\/uploads\/2021\/03\/9F349D5B-97FF-413A-93B5-BD3BF1C14F1C.jpeg","datePublished":"2021-03-11T16:41:11+00:00","author":{"@id":"https:\/\/quehacerpolitico.mx\/#\/schema\/person\/496d8ad2d1d3f8036101dca7ee39e585"},"breadcrumb":{"@id":"https:\/\/quehacerpolitico.mx\/?p=77134#breadcrumb"},"inLanguage":"es","potentialAction":[{"@type":"ReadAction","target":["https:\/\/quehacerpolitico.mx\/?p=77134"]}]},{"@type":"ImageObject","inLanguage":"es","@id":"https:\/\/quehacerpolitico.mx\/?p=77134#primaryimage","url":"https:\/\/quehacerpolitico.mx\/wp-content\/uploads\/2021\/03\/9F349D5B-97FF-413A-93B5-BD3BF1C14F1C.jpeg","contentUrl":"https:\/\/quehacerpolitico.mx\/wp-content\/uploads\/2021\/03\/9F349D5B-97FF-413A-93B5-BD3BF1C14F1C.jpeg","width":1242,"height":682},{"@type":"BreadcrumbList","@id":"https:\/\/quehacerpolitico.mx\/?p=77134#breadcrumb","itemListElement":[{"@type":"ListItem","position":1,"name":"Inicio","item":"https:\/\/quehacerpolitico.mx\/"},{"@type":"ListItem","position":2,"name":"CDMX aplica vacuna COVID-19 de forma \u2018ejemplar\u2019, afirma AMLO"}]},{"@type":"WebSite","@id":"https:\/\/quehacerpolitico.mx\/#website","url":"https:\/\/quehacerpolitico.mx\/","name":"","description":"","potentialAction":[{"@type":"SearchAction","target":{"@type":"EntryPoint","urlTemplate":"https:\/\/quehacerpolitico.mx\/?s={search_term_string}"},"query-input":{"@type":"PropertyValueSpecification","valueRequired":true,"valueName":"search_term_string"}}],"inLanguage":"es"},{"@type":"Person","@id":"https:\/\/quehacerpolitico.mx\/#\/schema\/person\/496d8ad2d1d3f8036101dca7ee39e585","name":"Redacci\u00f3n QP","image":{"@type":"ImageObject","inLanguage":"es","@id":"https:\/\/secure.gravatar.com\/avatar\/c7164ed6fdec453195284ad24a5ae5b6e1eed2b848477fa2a4787ba9adf39a41?s=96&d=mm&r=g","url":"https:\/\/secure.gravatar.com\/avatar\/c7164ed6fdec453195284ad24a5ae5b6e1eed2b848477fa2a4787ba9adf39a41?s=96&d=mm&r=g","contentUrl":"https:\/\/secure.gravatar.com\/avatar\/c7164ed6fdec453195284ad24a5ae5b6e1eed2b848477fa2a4787ba9adf39a41?s=96&d=mm&r=g","caption":"Redacci\u00f3n QP"},"url":"https:\/\/quehacerpolitico.mx\/?author=2"}]}},"featured_image_urls":{"full":["https:\/\/quehacerpolitico.mx\/wp-content\/uploads\/2021\/03\/9F349D5B-97FF-413A-93B5-BD3BF1C14F1C.jpeg",1242,682,false],"thumbnail":["https:\/\/quehacerpolitico.mx\/wp-content\/uploads\/2021\/03\/9F349D5B-97FF-413A-93B5-BD3BF1C14F1C-150x150.jpeg",150,150,true],"medium":["https:\/\/quehacerpolitico.mx\/wp-content\/uploads\/2021\/03\/9F349D5B-97FF-413A-93B5-BD3BF1C14F1C-300x165.jpeg",300,165,true],"medium_large":["https:\/\/quehacerpolitico.mx\/wp-content\/uploads\/2021\/03\/9F349D5B-97FF-413A-93B5-BD3BF1C14F1C-768x422.jpeg",640,352,true],"large":["https:\/\/quehacerpolitico.mx\/wp-content\/uploads\/2021\/03\/9F349D5B-97FF-413A-93B5-BD3BF1C14F1C-1024x562.jpeg",640,351,true],"1536x1536":["https:\/\/quehacerpolitico.mx\/wp-content\/uploads\/2021\/03\/9F349D5B-97FF-413A-93B5-BD3BF1C14F1C.jpeg",1242,682,false],"2048x2048":["https:\/\/quehacerpolitico.mx\/wp-content\/uploads\/2021\/03\/9F349D5B-97FF-413A-93B5-BD3BF1C14F1C.jpeg",1242,682,false],"covernews-featured":["https:\/\/quehacerpolitico.mx\/wp-content\/uploads\/2021\/03\/9F349D5B-97FF-413A-93B5-BD3BF1C14F1C.jpeg",1024,562,false],"covernews-medium":["https:\/\/quehacerpolitico.mx\/wp-content\/uploads\/2021\/03\/9F349D5B-97FF-413A-93B5-BD3BF1C14F1C.jpeg",540,297,false]},"author_info":{"display_name":"Redacci\u00f3n QP","author_link":"https:\/\/quehacerpolitico.mx\/?author=2"},"category_info":"<a href=\"https:\/\/quehacerpolitico.mx\/?cat=2\" rel=\"category\">Noticias<\/a>","tag_info":"Noticias","comment_count":"0","_links":{"self":[{"href":"https:\/\/quehacerpolitico.mx\/index.php?rest_route=\/wp\/v2\/posts\/77134","targetHints":{"allow":["GET"]}}],"collection":[{"href":"https:\/\/quehacerpolitico.mx\/index.php?rest_route=\/wp\/v2\/posts"}],"about":[{"href":"https:\/\/quehacerpolitico.mx\/index.php?rest_route=\/wp\/v2\/types\/post"}],"author":[{"embeddable":true,"href":"https:\/\/quehacerpolitico.mx\/index.php?rest_route=\/wp\/v2\/users\/2"}],"replies":[{"embeddable":true,"href":"https:\/\/quehacerpolitico.mx\/index.php?rest_route=%2Fwp%2Fv2%2Fcomments&post=77134"}],"version-history":[{"count":0,"href":"https:\/\/quehacerpolitico.mx\/index.php?rest_route=\/wp\/v2\/posts\/77134\/revisions"}],"wp:featuredmedia":[{"embeddable":true,"href":"https:\/\/quehacerpolitico.mx\/index.php?rest_route=\/wp\/v2\/media\/77137"}],"wp:attachment":[{"href":"https:\/\/quehacerpolitico.mx\/index.php?rest_route=%2Fwp%2Fv2%2Fmedia&parent=77134"}],"wp:term":[{"taxonomy":"category","embeddable":true,"href":"https:\/\/quehacerpolitico.mx\/index.php?rest_route=%2Fwp%2Fv2%2Fcategories&post=77134"},{"taxonomy":"post_tag","embeddable":true,"href":"https:\/\/quehacerpolitico.mx\/index.php?rest_route=%2Fwp%2Fv2%2Ftags&post=77134"}],"curies":[{"name":"wp","href":"https:\/\/api.w.org\/{rel}","templated":true}]}}