{"id":77128,"date":"2021-03-11T16:22:35","date_gmt":"2021-03-11T16:22:35","guid":{"rendered":"https:\/\/quehacerpolitico.mx\/?p=77128"},"modified":"2021-03-11T16:22:35","modified_gmt":"2021-03-11T16:22:35","slug":"dobleces-israel-mendoza-perez-definiciones-en-morena","status":"publish","type":"post","link":"https:\/\/quehacerpolitico.mx\/?p=77128","title":{"rendered":"Dobleces\/\/\/Israel Mendoza P\u00e9rez\/\/\/Definiciones en Morena"},"content":{"rendered":"<p>Definiciones en Morena<\/p>\n<p>Por Israel Mendoza P\u00e9rez<\/p>\n<p>Para el 6 de junio se espera una contienda electoral cerrada en la tierra del tequila. Ante este panorama, el delegado del CEN de Morena en la entidad,\u00a0<b>Jos\u00e9 Narro C\u00e9spedes<\/b>, tiene en sus manos la oportunidad de demostrarle al dirigente nacional,\u00a0<b>Mario Delgado<\/b>, la capacidad de trabajo y de apoyo para sacar adelante candidaturas s\u00f3lidas.<br \/>\nEl pasado de Narro C\u00e9spedes por el PT se vio opacado en muchos momentos cruciales para ese partido debido a la sombra del hist\u00f3rico dirigente\u00a0<b>Alberto Anaya<\/b>, sus movimientos eran min\u00fasculos debido a los acuerdo y amarres pol\u00edticos hechos por el eterno dirigente.<\/p>\n<table class=\"tr-caption-container\" cellspacing=\"0\" cellpadding=\"0\">\n<tbody>\n<tr>\n<td><a href=\"https:\/\/1.bp.blogspot.com\/-wlHiR_YvUdg\/YEg6ynAonkI\/AAAAAAAAH_s\/BdXFIeAphgwEYEKtbCJJXYbrByZWTHZSQCLcBGAsYHQ\/s1280\/Narro2.jpg\" data-src=\"https:\/\/1.bp.blogspot.com\/-wlHiR_YvUdg\/YEg6ynAonkI\/AAAAAAAAH_s\/BdXFIeAphgwEYEKtbCJJXYbrByZWTHZSQCLcBGAsYHQ\/s1280\/Narro2.jpg\" data-thumb=\"https:\/\/1.bp.blogspot.com\/-wlHiR_YvUdg\/YEg6ynAonkI\/AAAAAAAAH_s\/BdXFIeAphgwEYEKtbCJJXYbrByZWTHZSQCLcBGAsYHQ\/s320\/Narro2.jpg\" class=\"ml-lightbox-enabled\"><img decoding=\"async\" src=\"https:\/\/1.bp.blogspot.com\/-wlHiR_YvUdg\/YEg6ynAonkI\/AAAAAAAAH_s\/BdXFIeAphgwEYEKtbCJJXYbrByZWTHZSQCLcBGAsYHQ\/s320\/Narro2.jpg\" width=\"320\" border=\"0\" data-original-height=\"853\" data-original-width=\"1280\" \/><\/a><\/td>\n<\/tr>\n<tr>\n<td class=\"tr-caption\">Narro. Mostrar oficio.<\/td>\n<\/tr>\n<\/tbody>\n<\/table>\n<p>Ahora, no podr\u00e1 dejar nada al azar y eso incluye que habr\u00eda de optar por los perfiles m\u00e1s s\u00f3lidos en todos aspectos, sobre todo al observar que el desconocimiento al interior de sus filas los ha llevado a cometer serios tropezones.<br \/>\nEs as\u00ed que cercanos a la fuerza pol\u00edtica comentan que, para Mario Delgado, la f\u00f3rmula que los llevar\u00eda a ocupar las presidencias municipales de Guadalajara y Zapopan, joyas electorales del estado, ser\u00edan: Carlos Lomel\u00ed y\u00a0<b>Mariana Fern\u00e1ndez<\/b>.<br \/>\nSeg\u00fan las reuniones que han tenido, el dirigente ha tomado en cuenta aportaciones a lo largo de su trayectoria pol\u00edtica. En el caso del primero, al mostrar fuertes lealtades hacia el proyecto encabezado por Andr\u00e9s Manuel L\u00f3pez Obrador, desde que comenz\u00f3 a recorrer el pa\u00eds con las banderas del Morena.<br \/>\nAunado a que sus constantes demandas y apoyos habr\u00edan permanecido en el imaginario colectivo de los tapat\u00edos, quienes lo posicionan en diversas encuestas como favorito para encargarse del mando en la alcald\u00eda.<br \/>\nPara muestra est\u00e1 el estudio de opini\u00f3n hecho por Demot\u00e1ctica, conocida casa encuestadora que comenz\u00f3 a medir el pulso de los ciudadanos con miras a los comicios de 2021, desde el a\u00f1o pasado. En dichos levantamientos, Lomel\u00ed Bola\u00f1os se ha mantenido unos 10 puntos por encima del aspirante que podr\u00eda ser la apuesta de Movimiento Ciudadano.<br \/>\nMientras en septiembre pasado, obtuvo el 31.6% de las intenciones de voto, Ismael del Toro, que ir\u00eda por la reelecci\u00f3n, acumul\u00f3 el 22.6%. No obstante que a inicios de 2021 la diferencia persisti\u00f3, 34.8% a 24.5%.<br \/>\nEntre las deliberaciones de los principales actores del partido tambi\u00e9n se habr\u00edan tomado en cuenta las acusaciones que se hicieron meses atr\u00e1s contra Carlos Lomel\u00ed, pero no en un sentido negativo, pues despu\u00e9s de que le revisaran hasta por debajo de la alfombra, fue deslindado de todos los cargos y se declar\u00f3 listo y digno para participar en la contienda.<br \/>\nMientras que Fern\u00e1ndez Ram\u00edrez se ha colocado como una de las j\u00f3venes pol\u00edticas m\u00e1s queridas de Zapopan, sobre todo porque ha colocado al g\u00e9nero femenino muy en alto al convertirse en legisladora local a los 22 a\u00f1os de edad junto con el Revolucionario Institucional (PRI), militancia a la que renunci\u00f3 un par de meses atr\u00e1s.<br \/>\nAunado a que durante los m\u00e1s de 10 a\u00f1os de trayectoria que ahora suma, tambi\u00e9n se desempe\u00f1\u00f3 como presidenta del Instituto Jalisciense de las Mujeres y Secretaria General del PRI en Jalisco. Tampoco ha pasado desapercibido que la actual diputada se ha dicho en disposici\u00f3n de dar nuevos br\u00edos a un proyecto que sea una \u201cverdadera luz de esperanza\u201d. Habr\u00e1 que esperar para ver qu\u00e9 fotograf\u00edas se estampan en las boletas de mediados de a\u00f1o.<\/p>\n","protected":false},"excerpt":{"rendered":"<p>Definiciones en Morena Por Israel Mendoza P\u00e9rez Para el 6 de junio se espera una&#8230;<\/p>\n","protected":false},"author":2,"featured_media":77132,"comment_status":"open","ping_status":"open","sticky":false,"template":"","format":"standard","meta":{"_monsterinsights_skip_tracking":false,"_monsterinsights_sitenote_active":false,"_monsterinsights_sitenote_note":"","_monsterinsights_sitenote_category":0,"footnotes":""},"categories":[2],"tags":[],"class_list":["post-77128","post","type-post","status-publish","format-standard","has-post-thumbnail","hentry","category-noticias"],"yoast_head":"<!-- This site is optimized with the Yoast SEO plugin v27.3 - https:\/\/yoast.com\/product\/yoast-seo-wordpress\/ -->\n<title>Dobleces\/\/\/Israel Mendoza P\u00e9rez\/\/\/Definiciones en Morena -<\/title>\n<meta name=\"robots\" content=\"index, follow, max-snippet:-1, max-image-preview:large, max-video-preview:-1\" \/>\n<link rel=\"canonical\" href=\"https:\/\/quehacerpolitico.mx\/?p=77128\" \/>\n<meta property=\"og:locale\" content=\"es_MX\" \/>\n<meta property=\"og:type\" content=\"article\" \/>\n<meta property=\"og:title\" content=\"Dobleces\/\/\/Israel Mendoza P\u00e9rez\/\/\/Definiciones en Morena -\" \/>\n<meta property=\"og:description\" content=\"Definiciones en Morena Por Israel Mendoza P\u00e9rez Para el 6 de junio se espera una...\" \/>\n<meta property=\"og:url\" content=\"https:\/\/quehacerpolitico.mx\/?p=77128\" \/>\n<meta property=\"article:published_time\" content=\"2021-03-11T16:22:35+00:00\" \/>\n<meta property=\"og:image\" content=\"https:\/\/quehacerpolitico.mx\/wp-content\/uploads\/2021\/03\/3E45DB58-6D1B-4950-A578-9B9B86F203E6.jpeg\" \/>\n\t<meta property=\"og:image:width\" content=\"1280\" \/>\n\t<meta property=\"og:image:height\" content=\"853\" \/>\n\t<meta property=\"og:image:type\" content=\"image\/jpeg\" \/>\n<meta name=\"author\" content=\"Redacci\u00f3n QP\" \/>\n<meta name=\"twitter:card\" content=\"summary_large_image\" \/>\n<meta name=\"twitter:label1\" content=\"Escrito por\" \/>\n\t<meta name=\"twitter:data1\" content=\"Redacci\u00f3n QP\" \/>\n\t<meta name=\"twitter:label2\" content=\"Tiempo de lectura\" \/>\n\t<meta name=\"twitter:data2\" content=\"3 minutos\" \/>\n<script type=\"application\/ld+json\" class=\"yoast-schema-graph\">{\"@context\":\"https:\\\/\\\/schema.org\",\"@graph\":[{\"@type\":\"Article\",\"@id\":\"https:\\\/\\\/quehacerpolitico.mx\\\/?p=77128#article\",\"isPartOf\":{\"@id\":\"https:\\\/\\\/quehacerpolitico.mx\\\/?p=77128\"},\"author\":{\"name\":\"Redacci\u00f3n QP\",\"@id\":\"https:\\\/\\\/quehacerpolitico.mx\\\/#\\\/schema\\\/person\\\/496d8ad2d1d3f8036101dca7ee39e585\"},\"headline\":\"Dobleces\\\/\\\/\\\/Israel Mendoza P\u00e9rez\\\/\\\/\\\/Definiciones en Morena\",\"datePublished\":\"2021-03-11T16:22:35+00:00\",\"mainEntityOfPage\":{\"@id\":\"https:\\\/\\\/quehacerpolitico.mx\\\/?p=77128\"},\"wordCount\":598,\"commentCount\":0,\"image\":{\"@id\":\"https:\\\/\\\/quehacerpolitico.mx\\\/?p=77128#primaryimage\"},\"thumbnailUrl\":\"https:\\\/\\\/quehacerpolitico.mx\\\/wp-content\\\/uploads\\\/2021\\\/03\\\/3E45DB58-6D1B-4950-A578-9B9B86F203E6.jpeg\",\"articleSection\":[\"Noticias\"],\"inLanguage\":\"es\",\"potentialAction\":[{\"@type\":\"CommentAction\",\"name\":\"Comment\",\"target\":[\"https:\\\/\\\/quehacerpolitico.mx\\\/?p=77128#respond\"]}]},{\"@type\":\"WebPage\",\"@id\":\"https:\\\/\\\/quehacerpolitico.mx\\\/?p=77128\",\"url\":\"https:\\\/\\\/quehacerpolitico.mx\\\/?p=77128\",\"name\":\"Dobleces\\\/\\\/\\\/Israel Mendoza P\u00e9rez\\\/\\\/\\\/Definiciones en Morena -\",\"isPartOf\":{\"@id\":\"https:\\\/\\\/quehacerpolitico.mx\\\/#website\"},\"primaryImageOfPage\":{\"@id\":\"https:\\\/\\\/quehacerpolitico.mx\\\/?p=77128#primaryimage\"},\"image\":{\"@id\":\"https:\\\/\\\/quehacerpolitico.mx\\\/?p=77128#primaryimage\"},\"thumbnailUrl\":\"https:\\\/\\\/quehacerpolitico.mx\\\/wp-content\\\/uploads\\\/2021\\\/03\\\/3E45DB58-6D1B-4950-A578-9B9B86F203E6.jpeg\",\"datePublished\":\"2021-03-11T16:22:35+00:00\",\"author\":{\"@id\":\"https:\\\/\\\/quehacerpolitico.mx\\\/#\\\/schema\\\/person\\\/496d8ad2d1d3f8036101dca7ee39e585\"},\"breadcrumb\":{\"@id\":\"https:\\\/\\\/quehacerpolitico.mx\\\/?p=77128#breadcrumb\"},\"inLanguage\":\"es\",\"potentialAction\":[{\"@type\":\"ReadAction\",\"target\":[\"https:\\\/\\\/quehacerpolitico.mx\\\/?p=77128\"]}]},{\"@type\":\"ImageObject\",\"inLanguage\":\"es\",\"@id\":\"https:\\\/\\\/quehacerpolitico.mx\\\/?p=77128#primaryimage\",\"url\":\"https:\\\/\\\/quehacerpolitico.mx\\\/wp-content\\\/uploads\\\/2021\\\/03\\\/3E45DB58-6D1B-4950-A578-9B9B86F203E6.jpeg\",\"contentUrl\":\"https:\\\/\\\/quehacerpolitico.mx\\\/wp-content\\\/uploads\\\/2021\\\/03\\\/3E45DB58-6D1B-4950-A578-9B9B86F203E6.jpeg\",\"width\":1280,\"height\":853},{\"@type\":\"BreadcrumbList\",\"@id\":\"https:\\\/\\\/quehacerpolitico.mx\\\/?p=77128#breadcrumb\",\"itemListElement\":[{\"@type\":\"ListItem\",\"position\":1,\"name\":\"Inicio\",\"item\":\"https:\\\/\\\/quehacerpolitico.mx\\\/\"},{\"@type\":\"ListItem\",\"position\":2,\"name\":\"Dobleces\\\/\\\/\\\/Israel Mendoza P\u00e9rez\\\/\\\/\\\/Definiciones en Morena\"}]},{\"@type\":\"WebSite\",\"@id\":\"https:\\\/\\\/quehacerpolitico.mx\\\/#website\",\"url\":\"https:\\\/\\\/quehacerpolitico.mx\\\/\",\"name\":\"\",\"description\":\"\",\"potentialAction\":[{\"@type\":\"SearchAction\",\"target\":{\"@type\":\"EntryPoint\",\"urlTemplate\":\"https:\\\/\\\/quehacerpolitico.mx\\\/?s={search_term_string}\"},\"query-input\":{\"@type\":\"PropertyValueSpecification\",\"valueRequired\":true,\"valueName\":\"search_term_string\"}}],\"inLanguage\":\"es\"},{\"@type\":\"Person\",\"@id\":\"https:\\\/\\\/quehacerpolitico.mx\\\/#\\\/schema\\\/person\\\/496d8ad2d1d3f8036101dca7ee39e585\",\"name\":\"Redacci\u00f3n QP\",\"image\":{\"@type\":\"ImageObject\",\"inLanguage\":\"es\",\"@id\":\"https:\\\/\\\/secure.gravatar.com\\\/avatar\\\/c7164ed6fdec453195284ad24a5ae5b6e1eed2b848477fa2a4787ba9adf39a41?s=96&d=mm&r=g\",\"url\":\"https:\\\/\\\/secure.gravatar.com\\\/avatar\\\/c7164ed6fdec453195284ad24a5ae5b6e1eed2b848477fa2a4787ba9adf39a41?s=96&d=mm&r=g\",\"contentUrl\":\"https:\\\/\\\/secure.gravatar.com\\\/avatar\\\/c7164ed6fdec453195284ad24a5ae5b6e1eed2b848477fa2a4787ba9adf39a41?s=96&d=mm&r=g\",\"caption\":\"Redacci\u00f3n QP\"},\"url\":\"https:\\\/\\\/quehacerpolitico.mx\\\/?author=2\"}]}<\/script>\n<!-- \/ Yoast SEO plugin. -->","yoast_head_json":{"title":"Dobleces\/\/\/Israel Mendoza P\u00e9rez\/\/\/Definiciones en Morena -","robots":{"index":"index","follow":"follow","max-snippet":"max-snippet:-1","max-image-preview":"max-image-preview:large","max-video-preview":"max-video-preview:-1"},"canonical":"https:\/\/quehacerpolitico.mx\/?p=77128","og_locale":"es_MX","og_type":"article","og_title":"Dobleces\/\/\/Israel Mendoza P\u00e9rez\/\/\/Definiciones en Morena -","og_description":"Definiciones en Morena Por Israel Mendoza P\u00e9rez Para el 6 de junio se espera una...","og_url":"https:\/\/quehacerpolitico.mx\/?p=77128","article_published_time":"2021-03-11T16:22:35+00:00","og_image":[{"width":1280,"height":853,"url":"https:\/\/quehacerpolitico.mx\/wp-content\/uploads\/2021\/03\/3E45DB58-6D1B-4950-A578-9B9B86F203E6.jpeg","type":"image\/jpeg"}],"author":"Redacci\u00f3n QP","twitter_card":"summary_large_image","twitter_misc":{"Escrito por":"Redacci\u00f3n QP","Tiempo de lectura":"3 minutos"},"schema":{"@context":"https:\/\/schema.org","@graph":[{"@type":"Article","@id":"https:\/\/quehacerpolitico.mx\/?p=77128#article","isPartOf":{"@id":"https:\/\/quehacerpolitico.mx\/?p=77128"},"author":{"name":"Redacci\u00f3n QP","@id":"https:\/\/quehacerpolitico.mx\/#\/schema\/person\/496d8ad2d1d3f8036101dca7ee39e585"},"headline":"Dobleces\/\/\/Israel Mendoza P\u00e9rez\/\/\/Definiciones en Morena","datePublished":"2021-03-11T16:22:35+00:00","mainEntityOfPage":{"@id":"https:\/\/quehacerpolitico.mx\/?p=77128"},"wordCount":598,"commentCount":0,"image":{"@id":"https:\/\/quehacerpolitico.mx\/?p=77128#primaryimage"},"thumbnailUrl":"https:\/\/quehacerpolitico.mx\/wp-content\/uploads\/2021\/03\/3E45DB58-6D1B-4950-A578-9B9B86F203E6.jpeg","articleSection":["Noticias"],"inLanguage":"es","potentialAction":[{"@type":"CommentAction","name":"Comment","target":["https:\/\/quehacerpolitico.mx\/?p=77128#respond"]}]},{"@type":"WebPage","@id":"https:\/\/quehacerpolitico.mx\/?p=77128","url":"https:\/\/quehacerpolitico.mx\/?p=77128","name":"Dobleces\/\/\/Israel Mendoza P\u00e9rez\/\/\/Definiciones en Morena -","isPartOf":{"@id":"https:\/\/quehacerpolitico.mx\/#website"},"primaryImageOfPage":{"@id":"https:\/\/quehacerpolitico.mx\/?p=77128#primaryimage"},"image":{"@id":"https:\/\/quehacerpolitico.mx\/?p=77128#primaryimage"},"thumbnailUrl":"https:\/\/quehacerpolitico.mx\/wp-content\/uploads\/2021\/03\/3E45DB58-6D1B-4950-A578-9B9B86F203E6.jpeg","datePublished":"2021-03-11T16:22:35+00:00","author":{"@id":"https:\/\/quehacerpolitico.mx\/#\/schema\/person\/496d8ad2d1d3f8036101dca7ee39e585"},"breadcrumb":{"@id":"https:\/\/quehacerpolitico.mx\/?p=77128#breadcrumb"},"inLanguage":"es","potentialAction":[{"@type":"ReadAction","target":["https:\/\/quehacerpolitico.mx\/?p=77128"]}]},{"@type":"ImageObject","inLanguage":"es","@id":"https:\/\/quehacerpolitico.mx\/?p=77128#primaryimage","url":"https:\/\/quehacerpolitico.mx\/wp-content\/uploads\/2021\/03\/3E45DB58-6D1B-4950-A578-9B9B86F203E6.jpeg","contentUrl":"https:\/\/quehacerpolitico.mx\/wp-content\/uploads\/2021\/03\/3E45DB58-6D1B-4950-A578-9B9B86F203E6.jpeg","width":1280,"height":853},{"@type":"BreadcrumbList","@id":"https:\/\/quehacerpolitico.mx\/?p=77128#breadcrumb","itemListElement":[{"@type":"ListItem","position":1,"name":"Inicio","item":"https:\/\/quehacerpolitico.mx\/"},{"@type":"ListItem","position":2,"name":"Dobleces\/\/\/Israel Mendoza P\u00e9rez\/\/\/Definiciones en Morena"}]},{"@type":"WebSite","@id":"https:\/\/quehacerpolitico.mx\/#website","url":"https:\/\/quehacerpolitico.mx\/","name":"","description":"","potentialAction":[{"@type":"SearchAction","target":{"@type":"EntryPoint","urlTemplate":"https:\/\/quehacerpolitico.mx\/?s={search_term_string}"},"query-input":{"@type":"PropertyValueSpecification","valueRequired":true,"valueName":"search_term_string"}}],"inLanguage":"es"},{"@type":"Person","@id":"https:\/\/quehacerpolitico.mx\/#\/schema\/person\/496d8ad2d1d3f8036101dca7ee39e585","name":"Redacci\u00f3n QP","image":{"@type":"ImageObject","inLanguage":"es","@id":"https:\/\/secure.gravatar.com\/avatar\/c7164ed6fdec453195284ad24a5ae5b6e1eed2b848477fa2a4787ba9adf39a41?s=96&d=mm&r=g","url":"https:\/\/secure.gravatar.com\/avatar\/c7164ed6fdec453195284ad24a5ae5b6e1eed2b848477fa2a4787ba9adf39a41?s=96&d=mm&r=g","contentUrl":"https:\/\/secure.gravatar.com\/avatar\/c7164ed6fdec453195284ad24a5ae5b6e1eed2b848477fa2a4787ba9adf39a41?s=96&d=mm&r=g","caption":"Redacci\u00f3n QP"},"url":"https:\/\/quehacerpolitico.mx\/?author=2"}]}},"featured_image_urls":{"full":["https:\/\/quehacerpolitico.mx\/wp-content\/uploads\/2021\/03\/3E45DB58-6D1B-4950-A578-9B9B86F203E6.jpeg",1280,853,false],"thumbnail":["https:\/\/quehacerpolitico.mx\/wp-content\/uploads\/2021\/03\/3E45DB58-6D1B-4950-A578-9B9B86F203E6-150x150.jpeg",150,150,true],"medium":["https:\/\/quehacerpolitico.mx\/wp-content\/uploads\/2021\/03\/3E45DB58-6D1B-4950-A578-9B9B86F203E6-300x200.jpeg",300,200,true],"medium_large":["https:\/\/quehacerpolitico.mx\/wp-content\/uploads\/2021\/03\/3E45DB58-6D1B-4950-A578-9B9B86F203E6-768x512.jpeg",640,427,true],"large":["https:\/\/quehacerpolitico.mx\/wp-content\/uploads\/2021\/03\/3E45DB58-6D1B-4950-A578-9B9B86F203E6-1024x682.jpeg",640,426,true],"1536x1536":["https:\/\/quehacerpolitico.mx\/wp-content\/uploads\/2021\/03\/3E45DB58-6D1B-4950-A578-9B9B86F203E6.jpeg",1280,853,false],"2048x2048":["https:\/\/quehacerpolitico.mx\/wp-content\/uploads\/2021\/03\/3E45DB58-6D1B-4950-A578-9B9B86F203E6.jpeg",1280,853,false],"covernews-featured":["https:\/\/quehacerpolitico.mx\/wp-content\/uploads\/2021\/03\/3E45DB58-6D1B-4950-A578-9B9B86F203E6.jpeg",1024,682,false],"covernews-medium":["https:\/\/quehacerpolitico.mx\/wp-content\/uploads\/2021\/03\/3E45DB58-6D1B-4950-A578-9B9B86F203E6.jpeg",510,340,false]},"author_info":{"display_name":"Redacci\u00f3n QP","author_link":"https:\/\/quehacerpolitico.mx\/?author=2"},"category_info":"<a href=\"https:\/\/quehacerpolitico.mx\/?cat=2\" rel=\"category\">Noticias<\/a>","tag_info":"Noticias","comment_count":"0","_links":{"self":[{"href":"https:\/\/quehacerpolitico.mx\/index.php?rest_route=\/wp\/v2\/posts\/77128","targetHints":{"allow":["GET"]}}],"collection":[{"href":"https:\/\/quehacerpolitico.mx\/index.php?rest_route=\/wp\/v2\/posts"}],"about":[{"href":"https:\/\/quehacerpolitico.mx\/index.php?rest_route=\/wp\/v2\/types\/post"}],"author":[{"embeddable":true,"href":"https:\/\/quehacerpolitico.mx\/index.php?rest_route=\/wp\/v2\/users\/2"}],"replies":[{"embeddable":true,"href":"https:\/\/quehacerpolitico.mx\/index.php?rest_route=%2Fwp%2Fv2%2Fcomments&post=77128"}],"version-history":[{"count":0,"href":"https:\/\/quehacerpolitico.mx\/index.php?rest_route=\/wp\/v2\/posts\/77128\/revisions"}],"wp:featuredmedia":[{"embeddable":true,"href":"https:\/\/quehacerpolitico.mx\/index.php?rest_route=\/wp\/v2\/media\/77132"}],"wp:attachment":[{"href":"https:\/\/quehacerpolitico.mx\/index.php?rest_route=%2Fwp%2Fv2%2Fmedia&parent=77128"}],"wp:term":[{"taxonomy":"category","embeddable":true,"href":"https:\/\/quehacerpolitico.mx\/index.php?rest_route=%2Fwp%2Fv2%2Fcategories&post=77128"},{"taxonomy":"post_tag","embeddable":true,"href":"https:\/\/quehacerpolitico.mx\/index.php?rest_route=%2Fwp%2Fv2%2Ftags&post=77128"}],"curies":[{"name":"wp","href":"https:\/\/api.w.org\/{rel}","templated":true}]}}