{"id":76986,"date":"2021-03-08T19:51:37","date_gmt":"2021-03-08T19:51:37","guid":{"rendered":"https:\/\/quehacerpolitico.mx\/?p=76986"},"modified":"2021-03-08T19:51:37","modified_gmt":"2021-03-08T19:51:37","slug":"dos-anos-de-reforzada-lucha-feminista-en-mexico-por-fechas-clave","status":"publish","type":"post","link":"https:\/\/quehacerpolitico.mx\/?p=76986","title":{"rendered":"Dos a\u00f1os de reforzada lucha feminista en M\u00e9xico por fechas clave"},"content":{"rendered":"<h1 class=\"news-title\">Dos a\u00f1os de reforzada lucha feminista en M\u00e9xico por fechas clave<br \/>\nPor Redacci\u00f3n QP<\/h1>\n<p>Los datos sobre violencia feminicida\u00a0en M\u00e9xico son m\u00e1s alarmantes, con m\u00e1s de 10 mujeres asesinadas al d\u00eda, lo que ha hecho la lucha m\u00e1s efervescente<\/p>\n<p>El hartazgo por parte de los colectivos feministas mexicanos en el D\u00eda Internacional de la Mujer se hace cada d\u00eda m\u00e1s evidente despu\u00e9s de alrededor de dos a\u00f1os en los que <strong>la lucha se volvi\u00f3 m\u00e1s efervescente<\/strong> y los datos sobre violencia feminicida m\u00e1s alarmantes, <strong>con m\u00e1s de 10 mujeres asesinadas al d\u00eda<\/strong>.<\/p>\n<p>A continuaci\u00f3n, los momentos clave de dos a\u00f1os de una creciente lucha feminista en el pa\u00eds:<\/p>\n<h2>2019<\/h2>\n<ul>\n<li><strong>10 de julio, 3 y 8 de agosto: Se reportan tres casos de violaci\u00f3n de mujeres<\/strong>, una de ellas menor de edad, supuestamente por parte de agentes de polic\u00eda de Ciudad de M\u00e9xico, y a ra\u00edz de esto comienzan las protestas en busca de respuestas y justicia.<\/li>\n<li><strong>12 de agosto: Tiene lugar una primera concentraci\u00f3n frente la sede de la Procuradur\u00eda General de Justicia capitalina<\/strong>en la que las manifestantes rompieron un vidrio, lo que la jefa de Gobierno de Ciudad de M\u00e9xico, Claudia Sheinbaum, tach\u00f3 de &#8220;provocaci\u00f3n&#8221;. En los siguientes meses creci\u00f3 la rabia en las manifestaciones ante la aparente inacci\u00f3n de las autoridades pero paralelamente fue descendiendo la postura de &#8220;condena&#8221; por parte de Sheinbaum y otras autoridades.<\/li>\n<\/ul>\n<h2>2020<\/h2>\n<ul>\n<li><strong>9 de febrero: Ingrid Escamilla, una joven de 25 a\u00f1os, es descuartizada por su pareja<\/strong> y posteriormente exhibida en medios con fotos filtradas por las autoridades. El caso <strong>conmocion\u00f3 a la opini\u00f3n p\u00fablica<\/strong> y se efectuaron fuertes protestas frente a los medios de comunicaci\u00f3n que hab\u00edan divulgado las im\u00e1genes.<\/li>\n<li><strong>11 de febrero: Apenas dos d\u00edas despu\u00e9s, F\u00e1tima, una ni\u00f1a de 7 a\u00f1os, desaparece cuando esperaba a su madre al salir de clases<\/strong>. Una mujer se la llev\u00f3 y d\u00edas despu\u00e9s, el s\u00e1bado 15 de febrero, <strong>su cuerpo sin vida apareci\u00f3 con huellas de violaci\u00f3n y tortura dentro de una bolsa<\/strong>. Se atrap\u00f3 a los culpables, que est\u00e1n a la espera de un juicio y condena.<\/li>\n<li>15 de mayo: El Presidente Andres Manuel L\u00f3pez Obrador (AMLO), dice que el 90 % de las llamadas al 911 relacionadas con violencia contra las mujeres son falsas, causando mucha indignaci\u00f3n.<\/li>\n<li>4 de septiembre: Tiene lugar la ocupaci\u00f3n de las instalaciones de una de las sedes de la Comisi\u00f3n Nacional de los Derechos Humanos por parte de activistas de varios colectivos feministas. El edificio, que permanece tomado hasta el d\u00eda de hoy, es un s\u00edmbolo de resistencia y un refugio para mujeres en situaci\u00f3n de vulnerabilidad por violencia machista.<\/li>\n<li><strong>27 de septiembre:<\/strong> En el D\u00eda de Acci\u00f3n Global por un aborto legal y seguro, centenares de polic\u00edas, en su gran mayor\u00eda mujeres, <strong>rodean a un grupo de feministas en la marcha y se dan enfrentamientos y golpes<\/strong>, en unas im\u00e1genes que dan la vuelta al pa\u00eds.<\/li>\n<li><strong>9 de noviembre: Una manifestaci\u00f3n feminista en Canc\u00fan, en el caribe\u00f1o estado de Quintana Roo, termina con la Polic\u00eda dispersando a las manifestantes a balazos<\/strong>, un evento que evidenci\u00f3 la existencia de represi\u00f3n policial en Mexico y se sum\u00f3 al hartazgo existente en los \u00faltimos meses.<\/li>\n<li>25 de noviembre: En el D\u00eda Internacional de la Eliminaci\u00f3n de la Violencia contra las Mujeres, una marcha multitudinaria que empez\u00f3 sin mayores altercados termin\u00f3 en el emblem\u00e1tico Z\u00f3calo capitalino con momentos que semejaban una batalla campal entre manifestantes y polic\u00edas.<\/li>\n<li><strong>30 de diciembre:<\/strong> El Movimiento Regeneraci\u00f3n Nacional (Morena), el partido de L\u00f3pez Obrador, anuncia que <strong>F\u00e9lix Salgado Macedonio, acusado de abuso sexual por al menos cinco mujeres, ser\u00eda el candidato a gobernador de Guerrero<\/strong> el pr\u00f3ximo 6 de junio, cuando M\u00e9xico celebra sus elecciones intermedias. Durante dos meses, activistas y mujeres del mismo partido se manifiestan p\u00fablicamente contra la candidatura.<\/li>\n<\/ul>\n<h2>2021<\/h2>\n<ul>\n<li>1 de marzo: La Comisi\u00f3n Nacional de Elecciones de Morena anuncia que volver\u00e1 a realizar encuestas para seleccionar a su candidato para Guerrero. Por esto, a pesar de que a Salgado Macedonio le fue &#8220;retirada&#8221; en primera instancia la candidatura de Morena, puede volver a optar a la candidatura, que todav\u00eda no se ha resuelto.<\/li>\n<li>5 de marzo: El Palacio Nacional de Mexico se blinda con una enorme valla que es criticada por activistas pero vista como un &#8220;muro de paz&#8221; por la Presidencia para evitar altercados violentos. Este fin de semana, las mujeres convirtieron la valla en una especie de memorial con pintadas y proyecciones, criticando la violencia machista y recordando a las v\u00edctimas.<\/li>\n<\/ul>\n<p>Con informaci\u00f3n de EFE<\/p>\n","protected":false},"excerpt":{"rendered":"<p>Dos a\u00f1os de reforzada lucha feminista en M\u00e9xico por fechas clave Por Redacci\u00f3n QP Los&#8230;<\/p>\n","protected":false},"author":2,"featured_media":76990,"comment_status":"open","ping_status":"open","sticky":false,"template":"","format":"standard","meta":{"_monsterinsights_skip_tracking":false,"_monsterinsights_sitenote_active":false,"_monsterinsights_sitenote_note":"","_monsterinsights_sitenote_category":0,"footnotes":""},"categories":[2],"tags":[],"class_list":["post-76986","post","type-post","status-publish","format-standard","has-post-thumbnail","hentry","category-noticias"],"yoast_head":"<!-- This site is optimized with the Yoast SEO plugin v27.3 - https:\/\/yoast.com\/product\/yoast-seo-wordpress\/ -->\n<title>Dos a\u00f1os de reforzada lucha feminista en M\u00e9xico por fechas clave -<\/title>\n<meta name=\"robots\" content=\"index, follow, max-snippet:-1, max-image-preview:large, max-video-preview:-1\" \/>\n<link rel=\"canonical\" href=\"https:\/\/quehacerpolitico.mx\/?p=76986\" \/>\n<meta property=\"og:locale\" content=\"es_MX\" \/>\n<meta property=\"og:type\" content=\"article\" \/>\n<meta property=\"og:title\" content=\"Dos a\u00f1os de reforzada lucha feminista en M\u00e9xico por fechas clave -\" \/>\n<meta property=\"og:description\" content=\"Dos a\u00f1os de reforzada lucha feminista en M\u00e9xico por fechas clave Por Redacci\u00f3n QP Los...\" \/>\n<meta property=\"og:url\" content=\"https:\/\/quehacerpolitico.mx\/?p=76986\" \/>\n<meta property=\"article:published_time\" content=\"2021-03-08T19:51:37+00:00\" \/>\n<meta property=\"og:image\" content=\"https:\/\/quehacerpolitico.mx\/wp-content\/uploads\/2021\/03\/BFDD811C-F266-4DC1-BEF7-1F062AA44EC1.jpeg\" \/>\n\t<meta property=\"og:image:width\" content=\"1280\" \/>\n\t<meta property=\"og:image:height\" content=\"854\" \/>\n\t<meta property=\"og:image:type\" content=\"image\/jpeg\" \/>\n<meta name=\"author\" content=\"Redacci\u00f3n QP\" \/>\n<meta name=\"twitter:card\" content=\"summary_large_image\" \/>\n<meta name=\"twitter:label1\" content=\"Escrito por\" \/>\n\t<meta name=\"twitter:data1\" content=\"Redacci\u00f3n QP\" \/>\n\t<meta name=\"twitter:label2\" content=\"Tiempo de lectura\" \/>\n\t<meta name=\"twitter:data2\" content=\"4 minutos\" \/>\n<script type=\"application\/ld+json\" class=\"yoast-schema-graph\">{\"@context\":\"https:\\\/\\\/schema.org\",\"@graph\":[{\"@type\":\"Article\",\"@id\":\"https:\\\/\\\/quehacerpolitico.mx\\\/?p=76986#article\",\"isPartOf\":{\"@id\":\"https:\\\/\\\/quehacerpolitico.mx\\\/?p=76986\"},\"author\":{\"name\":\"Redacci\u00f3n QP\",\"@id\":\"https:\\\/\\\/quehacerpolitico.mx\\\/#\\\/schema\\\/person\\\/496d8ad2d1d3f8036101dca7ee39e585\"},\"headline\":\"Dos a\u00f1os de reforzada lucha feminista en M\u00e9xico por fechas clave\",\"datePublished\":\"2021-03-08T19:51:37+00:00\",\"mainEntityOfPage\":{\"@id\":\"https:\\\/\\\/quehacerpolitico.mx\\\/?p=76986\"},\"wordCount\":814,\"commentCount\":0,\"image\":{\"@id\":\"https:\\\/\\\/quehacerpolitico.mx\\\/?p=76986#primaryimage\"},\"thumbnailUrl\":\"https:\\\/\\\/quehacerpolitico.mx\\\/wp-content\\\/uploads\\\/2021\\\/03\\\/BFDD811C-F266-4DC1-BEF7-1F062AA44EC1.jpeg\",\"articleSection\":[\"Noticias\"],\"inLanguage\":\"es\",\"potentialAction\":[{\"@type\":\"CommentAction\",\"name\":\"Comment\",\"target\":[\"https:\\\/\\\/quehacerpolitico.mx\\\/?p=76986#respond\"]}]},{\"@type\":\"WebPage\",\"@id\":\"https:\\\/\\\/quehacerpolitico.mx\\\/?p=76986\",\"url\":\"https:\\\/\\\/quehacerpolitico.mx\\\/?p=76986\",\"name\":\"Dos a\u00f1os de reforzada lucha feminista en M\u00e9xico por fechas clave -\",\"isPartOf\":{\"@id\":\"https:\\\/\\\/quehacerpolitico.mx\\\/#website\"},\"primaryImageOfPage\":{\"@id\":\"https:\\\/\\\/quehacerpolitico.mx\\\/?p=76986#primaryimage\"},\"image\":{\"@id\":\"https:\\\/\\\/quehacerpolitico.mx\\\/?p=76986#primaryimage\"},\"thumbnailUrl\":\"https:\\\/\\\/quehacerpolitico.mx\\\/wp-content\\\/uploads\\\/2021\\\/03\\\/BFDD811C-F266-4DC1-BEF7-1F062AA44EC1.jpeg\",\"datePublished\":\"2021-03-08T19:51:37+00:00\",\"author\":{\"@id\":\"https:\\\/\\\/quehacerpolitico.mx\\\/#\\\/schema\\\/person\\\/496d8ad2d1d3f8036101dca7ee39e585\"},\"breadcrumb\":{\"@id\":\"https:\\\/\\\/quehacerpolitico.mx\\\/?p=76986#breadcrumb\"},\"inLanguage\":\"es\",\"potentialAction\":[{\"@type\":\"ReadAction\",\"target\":[\"https:\\\/\\\/quehacerpolitico.mx\\\/?p=76986\"]}]},{\"@type\":\"ImageObject\",\"inLanguage\":\"es\",\"@id\":\"https:\\\/\\\/quehacerpolitico.mx\\\/?p=76986#primaryimage\",\"url\":\"https:\\\/\\\/quehacerpolitico.mx\\\/wp-content\\\/uploads\\\/2021\\\/03\\\/BFDD811C-F266-4DC1-BEF7-1F062AA44EC1.jpeg\",\"contentUrl\":\"https:\\\/\\\/quehacerpolitico.mx\\\/wp-content\\\/uploads\\\/2021\\\/03\\\/BFDD811C-F266-4DC1-BEF7-1F062AA44EC1.jpeg\",\"width\":1280,\"height\":854},{\"@type\":\"BreadcrumbList\",\"@id\":\"https:\\\/\\\/quehacerpolitico.mx\\\/?p=76986#breadcrumb\",\"itemListElement\":[{\"@type\":\"ListItem\",\"position\":1,\"name\":\"Inicio\",\"item\":\"https:\\\/\\\/quehacerpolitico.mx\\\/\"},{\"@type\":\"ListItem\",\"position\":2,\"name\":\"Dos a\u00f1os de reforzada lucha feminista en M\u00e9xico por fechas clave\"}]},{\"@type\":\"WebSite\",\"@id\":\"https:\\\/\\\/quehacerpolitico.mx\\\/#website\",\"url\":\"https:\\\/\\\/quehacerpolitico.mx\\\/\",\"name\":\"\",\"description\":\"\",\"potentialAction\":[{\"@type\":\"SearchAction\",\"target\":{\"@type\":\"EntryPoint\",\"urlTemplate\":\"https:\\\/\\\/quehacerpolitico.mx\\\/?s={search_term_string}\"},\"query-input\":{\"@type\":\"PropertyValueSpecification\",\"valueRequired\":true,\"valueName\":\"search_term_string\"}}],\"inLanguage\":\"es\"},{\"@type\":\"Person\",\"@id\":\"https:\\\/\\\/quehacerpolitico.mx\\\/#\\\/schema\\\/person\\\/496d8ad2d1d3f8036101dca7ee39e585\",\"name\":\"Redacci\u00f3n QP\",\"image\":{\"@type\":\"ImageObject\",\"inLanguage\":\"es\",\"@id\":\"https:\\\/\\\/secure.gravatar.com\\\/avatar\\\/c7164ed6fdec453195284ad24a5ae5b6e1eed2b848477fa2a4787ba9adf39a41?s=96&d=mm&r=g\",\"url\":\"https:\\\/\\\/secure.gravatar.com\\\/avatar\\\/c7164ed6fdec453195284ad24a5ae5b6e1eed2b848477fa2a4787ba9adf39a41?s=96&d=mm&r=g\",\"contentUrl\":\"https:\\\/\\\/secure.gravatar.com\\\/avatar\\\/c7164ed6fdec453195284ad24a5ae5b6e1eed2b848477fa2a4787ba9adf39a41?s=96&d=mm&r=g\",\"caption\":\"Redacci\u00f3n QP\"},\"url\":\"https:\\\/\\\/quehacerpolitico.mx\\\/?author=2\"}]}<\/script>\n<!-- \/ Yoast SEO plugin. -->","yoast_head_json":{"title":"Dos a\u00f1os de reforzada lucha feminista en M\u00e9xico por fechas clave -","robots":{"index":"index","follow":"follow","max-snippet":"max-snippet:-1","max-image-preview":"max-image-preview:large","max-video-preview":"max-video-preview:-1"},"canonical":"https:\/\/quehacerpolitico.mx\/?p=76986","og_locale":"es_MX","og_type":"article","og_title":"Dos a\u00f1os de reforzada lucha feminista en M\u00e9xico por fechas clave -","og_description":"Dos a\u00f1os de reforzada lucha feminista en M\u00e9xico por fechas clave Por Redacci\u00f3n QP Los...","og_url":"https:\/\/quehacerpolitico.mx\/?p=76986","article_published_time":"2021-03-08T19:51:37+00:00","og_image":[{"width":1280,"height":854,"url":"https:\/\/quehacerpolitico.mx\/wp-content\/uploads\/2021\/03\/BFDD811C-F266-4DC1-BEF7-1F062AA44EC1.jpeg","type":"image\/jpeg"}],"author":"Redacci\u00f3n QP","twitter_card":"summary_large_image","twitter_misc":{"Escrito por":"Redacci\u00f3n QP","Tiempo de lectura":"4 minutos"},"schema":{"@context":"https:\/\/schema.org","@graph":[{"@type":"Article","@id":"https:\/\/quehacerpolitico.mx\/?p=76986#article","isPartOf":{"@id":"https:\/\/quehacerpolitico.mx\/?p=76986"},"author":{"name":"Redacci\u00f3n QP","@id":"https:\/\/quehacerpolitico.mx\/#\/schema\/person\/496d8ad2d1d3f8036101dca7ee39e585"},"headline":"Dos a\u00f1os de reforzada lucha feminista en M\u00e9xico por fechas clave","datePublished":"2021-03-08T19:51:37+00:00","mainEntityOfPage":{"@id":"https:\/\/quehacerpolitico.mx\/?p=76986"},"wordCount":814,"commentCount":0,"image":{"@id":"https:\/\/quehacerpolitico.mx\/?p=76986#primaryimage"},"thumbnailUrl":"https:\/\/quehacerpolitico.mx\/wp-content\/uploads\/2021\/03\/BFDD811C-F266-4DC1-BEF7-1F062AA44EC1.jpeg","articleSection":["Noticias"],"inLanguage":"es","potentialAction":[{"@type":"CommentAction","name":"Comment","target":["https:\/\/quehacerpolitico.mx\/?p=76986#respond"]}]},{"@type":"WebPage","@id":"https:\/\/quehacerpolitico.mx\/?p=76986","url":"https:\/\/quehacerpolitico.mx\/?p=76986","name":"Dos a\u00f1os de reforzada lucha feminista en M\u00e9xico por fechas clave -","isPartOf":{"@id":"https:\/\/quehacerpolitico.mx\/#website"},"primaryImageOfPage":{"@id":"https:\/\/quehacerpolitico.mx\/?p=76986#primaryimage"},"image":{"@id":"https:\/\/quehacerpolitico.mx\/?p=76986#primaryimage"},"thumbnailUrl":"https:\/\/quehacerpolitico.mx\/wp-content\/uploads\/2021\/03\/BFDD811C-F266-4DC1-BEF7-1F062AA44EC1.jpeg","datePublished":"2021-03-08T19:51:37+00:00","author":{"@id":"https:\/\/quehacerpolitico.mx\/#\/schema\/person\/496d8ad2d1d3f8036101dca7ee39e585"},"breadcrumb":{"@id":"https:\/\/quehacerpolitico.mx\/?p=76986#breadcrumb"},"inLanguage":"es","potentialAction":[{"@type":"ReadAction","target":["https:\/\/quehacerpolitico.mx\/?p=76986"]}]},{"@type":"ImageObject","inLanguage":"es","@id":"https:\/\/quehacerpolitico.mx\/?p=76986#primaryimage","url":"https:\/\/quehacerpolitico.mx\/wp-content\/uploads\/2021\/03\/BFDD811C-F266-4DC1-BEF7-1F062AA44EC1.jpeg","contentUrl":"https:\/\/quehacerpolitico.mx\/wp-content\/uploads\/2021\/03\/BFDD811C-F266-4DC1-BEF7-1F062AA44EC1.jpeg","width":1280,"height":854},{"@type":"BreadcrumbList","@id":"https:\/\/quehacerpolitico.mx\/?p=76986#breadcrumb","itemListElement":[{"@type":"ListItem","position":1,"name":"Inicio","item":"https:\/\/quehacerpolitico.mx\/"},{"@type":"ListItem","position":2,"name":"Dos a\u00f1os de reforzada lucha feminista en M\u00e9xico por fechas clave"}]},{"@type":"WebSite","@id":"https:\/\/quehacerpolitico.mx\/#website","url":"https:\/\/quehacerpolitico.mx\/","name":"","description":"","potentialAction":[{"@type":"SearchAction","target":{"@type":"EntryPoint","urlTemplate":"https:\/\/quehacerpolitico.mx\/?s={search_term_string}"},"query-input":{"@type":"PropertyValueSpecification","valueRequired":true,"valueName":"search_term_string"}}],"inLanguage":"es"},{"@type":"Person","@id":"https:\/\/quehacerpolitico.mx\/#\/schema\/person\/496d8ad2d1d3f8036101dca7ee39e585","name":"Redacci\u00f3n QP","image":{"@type":"ImageObject","inLanguage":"es","@id":"https:\/\/secure.gravatar.com\/avatar\/c7164ed6fdec453195284ad24a5ae5b6e1eed2b848477fa2a4787ba9adf39a41?s=96&d=mm&r=g","url":"https:\/\/secure.gravatar.com\/avatar\/c7164ed6fdec453195284ad24a5ae5b6e1eed2b848477fa2a4787ba9adf39a41?s=96&d=mm&r=g","contentUrl":"https:\/\/secure.gravatar.com\/avatar\/c7164ed6fdec453195284ad24a5ae5b6e1eed2b848477fa2a4787ba9adf39a41?s=96&d=mm&r=g","caption":"Redacci\u00f3n QP"},"url":"https:\/\/quehacerpolitico.mx\/?author=2"}]}},"featured_image_urls":{"full":["https:\/\/quehacerpolitico.mx\/wp-content\/uploads\/2021\/03\/BFDD811C-F266-4DC1-BEF7-1F062AA44EC1.jpeg",1280,854,false],"thumbnail":["https:\/\/quehacerpolitico.mx\/wp-content\/uploads\/2021\/03\/BFDD811C-F266-4DC1-BEF7-1F062AA44EC1-150x150.jpeg",150,150,true],"medium":["https:\/\/quehacerpolitico.mx\/wp-content\/uploads\/2021\/03\/BFDD811C-F266-4DC1-BEF7-1F062AA44EC1-300x200.jpeg",300,200,true],"medium_large":["https:\/\/quehacerpolitico.mx\/wp-content\/uploads\/2021\/03\/BFDD811C-F266-4DC1-BEF7-1F062AA44EC1-768x512.jpeg",640,427,true],"large":["https:\/\/quehacerpolitico.mx\/wp-content\/uploads\/2021\/03\/BFDD811C-F266-4DC1-BEF7-1F062AA44EC1-1024x683.jpeg",640,427,true],"1536x1536":["https:\/\/quehacerpolitico.mx\/wp-content\/uploads\/2021\/03\/BFDD811C-F266-4DC1-BEF7-1F062AA44EC1.jpeg",1280,854,false],"2048x2048":["https:\/\/quehacerpolitico.mx\/wp-content\/uploads\/2021\/03\/BFDD811C-F266-4DC1-BEF7-1F062AA44EC1.jpeg",1280,854,false],"covernews-featured":["https:\/\/quehacerpolitico.mx\/wp-content\/uploads\/2021\/03\/BFDD811C-F266-4DC1-BEF7-1F062AA44EC1.jpeg",1024,683,false],"covernews-medium":["https:\/\/quehacerpolitico.mx\/wp-content\/uploads\/2021\/03\/BFDD811C-F266-4DC1-BEF7-1F062AA44EC1.jpeg",510,340,false]},"author_info":{"display_name":"Redacci\u00f3n QP","author_link":"https:\/\/quehacerpolitico.mx\/?author=2"},"category_info":"<a href=\"https:\/\/quehacerpolitico.mx\/?cat=2\" rel=\"category\">Noticias<\/a>","tag_info":"Noticias","comment_count":"0","_links":{"self":[{"href":"https:\/\/quehacerpolitico.mx\/index.php?rest_route=\/wp\/v2\/posts\/76986","targetHints":{"allow":["GET"]}}],"collection":[{"href":"https:\/\/quehacerpolitico.mx\/index.php?rest_route=\/wp\/v2\/posts"}],"about":[{"href":"https:\/\/quehacerpolitico.mx\/index.php?rest_route=\/wp\/v2\/types\/post"}],"author":[{"embeddable":true,"href":"https:\/\/quehacerpolitico.mx\/index.php?rest_route=\/wp\/v2\/users\/2"}],"replies":[{"embeddable":true,"href":"https:\/\/quehacerpolitico.mx\/index.php?rest_route=%2Fwp%2Fv2%2Fcomments&post=76986"}],"version-history":[{"count":0,"href":"https:\/\/quehacerpolitico.mx\/index.php?rest_route=\/wp\/v2\/posts\/76986\/revisions"}],"wp:featuredmedia":[{"embeddable":true,"href":"https:\/\/quehacerpolitico.mx\/index.php?rest_route=\/wp\/v2\/media\/76990"}],"wp:attachment":[{"href":"https:\/\/quehacerpolitico.mx\/index.php?rest_route=%2Fwp%2Fv2%2Fmedia&parent=76986"}],"wp:term":[{"taxonomy":"category","embeddable":true,"href":"https:\/\/quehacerpolitico.mx\/index.php?rest_route=%2Fwp%2Fv2%2Fcategories&post=76986"},{"taxonomy":"post_tag","embeddable":true,"href":"https:\/\/quehacerpolitico.mx\/index.php?rest_route=%2Fwp%2Fv2%2Ftags&post=76986"}],"curies":[{"name":"wp","href":"https:\/\/api.w.org\/{rel}","templated":true}]}}