{"id":76981,"date":"2021-03-08T19:39:46","date_gmt":"2021-03-08T19:39:46","guid":{"rendered":"https:\/\/quehacerpolitico.mx\/?p=76981"},"modified":"2021-03-08T19:39:46","modified_gmt":"2021-03-08T19:39:46","slug":"dia-de-la-mujer-amlo-asegura-que-protestas-feministas-empezaron-en-su-gobierno","status":"publish","type":"post","link":"https:\/\/quehacerpolitico.mx\/?p=76981","title":{"rendered":"D\u00eda de la Mujer: AMLO asegura que protestas feministas &#8220;empezaron&#8221; en su Gobierno"},"content":{"rendered":"<h1 class=\"news-title\">D\u00eda de la Mujer: AMLO asegura que protestas feministas &#8220;empezaron&#8221; en su Gobierno<br \/>\nPor Redacci\u00f3n QP<\/h1>\n<div class=\"news-subtitle\">\n<p>El Presidente de M\u00e9xico acus\u00f3 a los conservadores de estar detr\u00e1s de la manifestaci\u00f3n por el D\u00eda Internacional de la Mujer<\/p>\n<\/div>\n<div class=\"social-share-box normal\">\n<p>El Presidente mexicano, Andr\u00e9s Manuel L\u00f3pez Obrador (AMLO), afirm\u00f3 este lunes que las fuertes protestas feministas han &#8220;comenzado&#8221; en su Gobierno al acusar a los &#8220;conservadores&#8221; de estar detr\u00e1s de la manifestaci\u00f3n de este D\u00eda Internacional de la Mujer.<\/p>\n<p>&#8220;Antes no hab\u00eda esas protestas, empezaron con nuestro Gobierno porque vali\u00e9ndose de un movimiento justo, noble, se aprovechan para lanzarse contra el Gobierno, es que ya rompimos el pacto, pero el pacto que hab\u00eda con la oligarqu\u00eda, que se dedicaba a saquear&#8221;, expres\u00f3 AMLO.<\/p>\n<blockquote class=\"twitter-tweet\" data-width=\"550\" data-dnt=\"true\">\n<p lang=\"es\" dir=\"ltr\">AMLO, dijo hoy en la ma\u00f1anera: &quot;Antes no hab\u00edan esas protestas&#8230;&quot;<\/p>\n<p>Foto 1: Feministas mexicanas, 1971<br \/>Foto 2: Feministas mexicanas, 1981 <br \/>Foto 3: Feministas mexicanas, 2000<br \/>Foto 4: Feministas mexicanas, 2021<\/p>\n<p>\u00a1Y NO VAMOS A PARAR! \ud83d\udd25\ud83d\udc9c\ud83d\udce2 <a href=\"https:\/\/t.co\/reSQeI7MgY\">pic.twitter.com\/reSQeI7MgY<\/a><\/p>\n<p>&mdash; Mariana Lim\u00f3n Rugerio (@marianaliru) <a href=\"https:\/\/twitter.com\/marianaliru\/status\/1368938290972405774?ref_src=twsrc%5Etfw\">March 8, 2021<\/a><\/p><\/blockquote>\n<p><script async src=\"https:\/\/platform.twitter.com\/widgets.js\" charset=\"utf-8\"><\/script><\/p>\n<blockquote><p>&#8220;Antes no hab\u00eda esas protestas, empezaron con nuestro Gobierno porque vali\u00e9ndose de un movimiento justo, noble, se aprovechan para lanzarse contra el Gobierno&#8221;<\/p><\/blockquote>\n<p>En la ma\u00f1anera de este lunes, <strong>L\u00f3pez Obrador defendi\u00f3 la in\u00e9dita valla que su Gobierno coloc\u00f3 el viernes alrededor del Z\u00f3calo de Ciudad de M\u00e9xico y el Palacio Nacional, donde \u00e9l vive y trabaja<\/strong>.<\/p>\n<p>La cerca, que el vocero de la Presidencia, Jes\u00fas Ram\u00edrez Cuevas, llam\u00f3 en redes sociales &#8220;muro de la paz&#8221;, desat\u00f3 cr\u00edticas de las mujeres por ser un s\u00edmbolo de temor y represi\u00f3n del Gobierno, pero el Presidente mexicano argument\u00f3 este lunes que es para proteger a las manifestantes de petardos y bombas molotov.<\/p>\n<p>&#8220;Somos distintos a los conservadores que ahora se disfrazan de feministas y se molestan porque se puso una valla para evitar la violencia, para que no haya actos de violencia y no queremos que se lastime, se da\u00f1e a nadie&#8221;, asever\u00f3 L\u00f3pez Obrador.<\/p>\n<p>En M\u00e9xico asesinan a m\u00e1s de 10 mujeres cada d\u00eda, seg\u00fan ONU Mujeres y asociaciones civiles.<\/p>\n<p>Asimismo, la Secretar\u00eda de Seguridad y Protecci\u00f3n Ciudadana (SSPC) registr\u00f3 16 mil 545 delitos de violaci\u00f3n en 2020 y un hist\u00f3rico de m\u00e1s de 260 mil llamadas de emergencia relacionadas con violencia contra la mujer.<\/p>\n<p>Adem\u00e1s, <strong>L\u00f3pez Obrador ha despertado la indignaci\u00f3n de las mujeres por respaldar la candidatura a la gubernatura de Guerrero de su aliado, el senador F\u00e9lix Salgado Macedonio, acusado de violacion y abuso sexual por cinco mujeres<\/strong><\/p>\n<p>Pese al muro colocado alrededor de Palacio Nacional y a las m\u00e1s de mil 700 polic\u00edas que resguardar\u00e1n la marcha, AMLO insisti\u00f3 este lunes que no habr\u00eda &#8220;represi\u00f3n&#8221;.<\/p>\n<p>&#8220;Nuestro gobierno no va a desatar nunca la represi\u00f3n, nunca se va a reprimir al pueblo de M\u00e9xico, no se va a usar nunca la polic\u00eda ni el Ej\u00e9rcito para reprimir al pueblo&#8221;, asegur\u00f3.<\/p>\n<p>Realiz\u00f3 su rueda de prensa matutina con las secretarias de su gabinete, al se\u00f1alar que &#8220;nunca&#8221; se hab\u00eda hecho tanto por las mujeres.<\/p>\n<p>Por ello, <strong>acus\u00f3 a la prensa de mostrarlo como enemigo de las mujeres y callar durante las violaciones en los sexenios anteriores<\/strong>.<\/p>\n<p>&#8220;Ahora est\u00e1n (los medios) contra nosotros, pero debe quedar muy claro que nosotros estamos a favor de la igualdad de las mujeres, a favor de que se garanticen sus derechos, de todas las mujeres de M\u00e9xico, no estamos en contra de las mujeres ni del movimiento feminista&#8221;, coment\u00f3.<\/p>\n<p>Con informaci\u00f3n de EFE<\/p>\n<\/div>\n","protected":false},"excerpt":{"rendered":"<p>D\u00eda de la Mujer: AMLO asegura que protestas feministas &#8220;empezaron&#8221; en su Gobierno Por Redacci\u00f3n&#8230;<\/p>\n","protected":false},"author":2,"featured_media":76984,"comment_status":"open","ping_status":"open","sticky":false,"template":"","format":"standard","meta":{"_monsterinsights_skip_tracking":false,"_monsterinsights_sitenote_active":false,"_monsterinsights_sitenote_note":"","_monsterinsights_sitenote_category":0,"footnotes":""},"categories":[2],"tags":[],"class_list":["post-76981","post","type-post","status-publish","format-standard","has-post-thumbnail","hentry","category-noticias"],"yoast_head":"<!-- This site is optimized with the Yoast SEO plugin v27.3 - https:\/\/yoast.com\/product\/yoast-seo-wordpress\/ -->\n<title>D\u00eda de la Mujer: AMLO asegura que protestas feministas &quot;empezaron&quot; en su Gobierno -<\/title>\n<meta name=\"robots\" content=\"index, follow, max-snippet:-1, max-image-preview:large, max-video-preview:-1\" \/>\n<link rel=\"canonical\" href=\"https:\/\/quehacerpolitico.mx\/?p=76981\" \/>\n<meta property=\"og:locale\" content=\"es_MX\" \/>\n<meta property=\"og:type\" content=\"article\" \/>\n<meta property=\"og:title\" content=\"D\u00eda de la Mujer: AMLO asegura que protestas feministas &quot;empezaron&quot; en su Gobierno -\" \/>\n<meta property=\"og:description\" content=\"D\u00eda de la Mujer: AMLO asegura que protestas feministas &#8220;empezaron&#8221; en su Gobierno Por Redacci\u00f3n...\" \/>\n<meta property=\"og:url\" content=\"https:\/\/quehacerpolitico.mx\/?p=76981\" \/>\n<meta property=\"article:published_time\" content=\"2021-03-08T19:39:46+00:00\" \/>\n<meta property=\"og:image\" content=\"https:\/\/quehacerpolitico.mx\/wp-content\/uploads\/2021\/03\/29A50F48-1D0D-40C1-8F6D-29E0A38AA61B.jpeg\" \/>\n\t<meta property=\"og:image:width\" content=\"1280\" \/>\n\t<meta property=\"og:image:height\" content=\"960\" \/>\n\t<meta property=\"og:image:type\" content=\"image\/jpeg\" \/>\n<meta name=\"author\" content=\"Redacci\u00f3n QP\" \/>\n<meta name=\"twitter:card\" content=\"summary_large_image\" \/>\n<meta name=\"twitter:label1\" content=\"Escrito por\" \/>\n\t<meta name=\"twitter:data1\" content=\"Redacci\u00f3n QP\" \/>\n\t<meta name=\"twitter:label2\" content=\"Tiempo de lectura\" \/>\n\t<meta name=\"twitter:data2\" content=\"3 minutos\" \/>\n<script type=\"application\/ld+json\" class=\"yoast-schema-graph\">{\"@context\":\"https:\\\/\\\/schema.org\",\"@graph\":[{\"@type\":\"Article\",\"@id\":\"https:\\\/\\\/quehacerpolitico.mx\\\/?p=76981#article\",\"isPartOf\":{\"@id\":\"https:\\\/\\\/quehacerpolitico.mx\\\/?p=76981\"},\"author\":{\"name\":\"Redacci\u00f3n QP\",\"@id\":\"https:\\\/\\\/quehacerpolitico.mx\\\/#\\\/schema\\\/person\\\/496d8ad2d1d3f8036101dca7ee39e585\"},\"headline\":\"D\u00eda de la Mujer: AMLO asegura que protestas feministas &#8220;empezaron&#8221; en su Gobierno\",\"datePublished\":\"2021-03-08T19:39:46+00:00\",\"mainEntityOfPage\":{\"@id\":\"https:\\\/\\\/quehacerpolitico.mx\\\/?p=76981\"},\"wordCount\":589,\"commentCount\":0,\"image\":{\"@id\":\"https:\\\/\\\/quehacerpolitico.mx\\\/?p=76981#primaryimage\"},\"thumbnailUrl\":\"https:\\\/\\\/quehacerpolitico.mx\\\/wp-content\\\/uploads\\\/2021\\\/03\\\/29A50F48-1D0D-40C1-8F6D-29E0A38AA61B.jpeg\",\"articleSection\":[\"Noticias\"],\"inLanguage\":\"es\",\"potentialAction\":[{\"@type\":\"CommentAction\",\"name\":\"Comment\",\"target\":[\"https:\\\/\\\/quehacerpolitico.mx\\\/?p=76981#respond\"]}]},{\"@type\":\"WebPage\",\"@id\":\"https:\\\/\\\/quehacerpolitico.mx\\\/?p=76981\",\"url\":\"https:\\\/\\\/quehacerpolitico.mx\\\/?p=76981\",\"name\":\"D\u00eda de la Mujer: AMLO asegura que protestas feministas \\\"empezaron\\\" en su Gobierno -\",\"isPartOf\":{\"@id\":\"https:\\\/\\\/quehacerpolitico.mx\\\/#website\"},\"primaryImageOfPage\":{\"@id\":\"https:\\\/\\\/quehacerpolitico.mx\\\/?p=76981#primaryimage\"},\"image\":{\"@id\":\"https:\\\/\\\/quehacerpolitico.mx\\\/?p=76981#primaryimage\"},\"thumbnailUrl\":\"https:\\\/\\\/quehacerpolitico.mx\\\/wp-content\\\/uploads\\\/2021\\\/03\\\/29A50F48-1D0D-40C1-8F6D-29E0A38AA61B.jpeg\",\"datePublished\":\"2021-03-08T19:39:46+00:00\",\"author\":{\"@id\":\"https:\\\/\\\/quehacerpolitico.mx\\\/#\\\/schema\\\/person\\\/496d8ad2d1d3f8036101dca7ee39e585\"},\"breadcrumb\":{\"@id\":\"https:\\\/\\\/quehacerpolitico.mx\\\/?p=76981#breadcrumb\"},\"inLanguage\":\"es\",\"potentialAction\":[{\"@type\":\"ReadAction\",\"target\":[\"https:\\\/\\\/quehacerpolitico.mx\\\/?p=76981\"]}]},{\"@type\":\"ImageObject\",\"inLanguage\":\"es\",\"@id\":\"https:\\\/\\\/quehacerpolitico.mx\\\/?p=76981#primaryimage\",\"url\":\"https:\\\/\\\/quehacerpolitico.mx\\\/wp-content\\\/uploads\\\/2021\\\/03\\\/29A50F48-1D0D-40C1-8F6D-29E0A38AA61B.jpeg\",\"contentUrl\":\"https:\\\/\\\/quehacerpolitico.mx\\\/wp-content\\\/uploads\\\/2021\\\/03\\\/29A50F48-1D0D-40C1-8F6D-29E0A38AA61B.jpeg\",\"width\":1280,\"height\":960},{\"@type\":\"BreadcrumbList\",\"@id\":\"https:\\\/\\\/quehacerpolitico.mx\\\/?p=76981#breadcrumb\",\"itemListElement\":[{\"@type\":\"ListItem\",\"position\":1,\"name\":\"Inicio\",\"item\":\"https:\\\/\\\/quehacerpolitico.mx\\\/\"},{\"@type\":\"ListItem\",\"position\":2,\"name\":\"D\u00eda de la Mujer: AMLO asegura que protestas feministas &#8220;empezaron&#8221; en su Gobierno\"}]},{\"@type\":\"WebSite\",\"@id\":\"https:\\\/\\\/quehacerpolitico.mx\\\/#website\",\"url\":\"https:\\\/\\\/quehacerpolitico.mx\\\/\",\"name\":\"\",\"description\":\"\",\"potentialAction\":[{\"@type\":\"SearchAction\",\"target\":{\"@type\":\"EntryPoint\",\"urlTemplate\":\"https:\\\/\\\/quehacerpolitico.mx\\\/?s={search_term_string}\"},\"query-input\":{\"@type\":\"PropertyValueSpecification\",\"valueRequired\":true,\"valueName\":\"search_term_string\"}}],\"inLanguage\":\"es\"},{\"@type\":\"Person\",\"@id\":\"https:\\\/\\\/quehacerpolitico.mx\\\/#\\\/schema\\\/person\\\/496d8ad2d1d3f8036101dca7ee39e585\",\"name\":\"Redacci\u00f3n QP\",\"image\":{\"@type\":\"ImageObject\",\"inLanguage\":\"es\",\"@id\":\"https:\\\/\\\/secure.gravatar.com\\\/avatar\\\/c7164ed6fdec453195284ad24a5ae5b6e1eed2b848477fa2a4787ba9adf39a41?s=96&d=mm&r=g\",\"url\":\"https:\\\/\\\/secure.gravatar.com\\\/avatar\\\/c7164ed6fdec453195284ad24a5ae5b6e1eed2b848477fa2a4787ba9adf39a41?s=96&d=mm&r=g\",\"contentUrl\":\"https:\\\/\\\/secure.gravatar.com\\\/avatar\\\/c7164ed6fdec453195284ad24a5ae5b6e1eed2b848477fa2a4787ba9adf39a41?s=96&d=mm&r=g\",\"caption\":\"Redacci\u00f3n QP\"},\"url\":\"https:\\\/\\\/quehacerpolitico.mx\\\/?author=2\"}]}<\/script>\n<!-- \/ Yoast SEO plugin. -->","yoast_head_json":{"title":"D\u00eda de la Mujer: AMLO asegura que protestas feministas \"empezaron\" en su Gobierno -","robots":{"index":"index","follow":"follow","max-snippet":"max-snippet:-1","max-image-preview":"max-image-preview:large","max-video-preview":"max-video-preview:-1"},"canonical":"https:\/\/quehacerpolitico.mx\/?p=76981","og_locale":"es_MX","og_type":"article","og_title":"D\u00eda de la Mujer: AMLO asegura que protestas feministas \"empezaron\" en su Gobierno -","og_description":"D\u00eda de la Mujer: AMLO asegura que protestas feministas &#8220;empezaron&#8221; en su Gobierno Por Redacci\u00f3n...","og_url":"https:\/\/quehacerpolitico.mx\/?p=76981","article_published_time":"2021-03-08T19:39:46+00:00","og_image":[{"width":1280,"height":960,"url":"https:\/\/quehacerpolitico.mx\/wp-content\/uploads\/2021\/03\/29A50F48-1D0D-40C1-8F6D-29E0A38AA61B.jpeg","type":"image\/jpeg"}],"author":"Redacci\u00f3n QP","twitter_card":"summary_large_image","twitter_misc":{"Escrito por":"Redacci\u00f3n QP","Tiempo de lectura":"3 minutos"},"schema":{"@context":"https:\/\/schema.org","@graph":[{"@type":"Article","@id":"https:\/\/quehacerpolitico.mx\/?p=76981#article","isPartOf":{"@id":"https:\/\/quehacerpolitico.mx\/?p=76981"},"author":{"name":"Redacci\u00f3n QP","@id":"https:\/\/quehacerpolitico.mx\/#\/schema\/person\/496d8ad2d1d3f8036101dca7ee39e585"},"headline":"D\u00eda de la Mujer: AMLO asegura que protestas feministas &#8220;empezaron&#8221; en su Gobierno","datePublished":"2021-03-08T19:39:46+00:00","mainEntityOfPage":{"@id":"https:\/\/quehacerpolitico.mx\/?p=76981"},"wordCount":589,"commentCount":0,"image":{"@id":"https:\/\/quehacerpolitico.mx\/?p=76981#primaryimage"},"thumbnailUrl":"https:\/\/quehacerpolitico.mx\/wp-content\/uploads\/2021\/03\/29A50F48-1D0D-40C1-8F6D-29E0A38AA61B.jpeg","articleSection":["Noticias"],"inLanguage":"es","potentialAction":[{"@type":"CommentAction","name":"Comment","target":["https:\/\/quehacerpolitico.mx\/?p=76981#respond"]}]},{"@type":"WebPage","@id":"https:\/\/quehacerpolitico.mx\/?p=76981","url":"https:\/\/quehacerpolitico.mx\/?p=76981","name":"D\u00eda de la Mujer: AMLO asegura que protestas feministas \"empezaron\" en su Gobierno -","isPartOf":{"@id":"https:\/\/quehacerpolitico.mx\/#website"},"primaryImageOfPage":{"@id":"https:\/\/quehacerpolitico.mx\/?p=76981#primaryimage"},"image":{"@id":"https:\/\/quehacerpolitico.mx\/?p=76981#primaryimage"},"thumbnailUrl":"https:\/\/quehacerpolitico.mx\/wp-content\/uploads\/2021\/03\/29A50F48-1D0D-40C1-8F6D-29E0A38AA61B.jpeg","datePublished":"2021-03-08T19:39:46+00:00","author":{"@id":"https:\/\/quehacerpolitico.mx\/#\/schema\/person\/496d8ad2d1d3f8036101dca7ee39e585"},"breadcrumb":{"@id":"https:\/\/quehacerpolitico.mx\/?p=76981#breadcrumb"},"inLanguage":"es","potentialAction":[{"@type":"ReadAction","target":["https:\/\/quehacerpolitico.mx\/?p=76981"]}]},{"@type":"ImageObject","inLanguage":"es","@id":"https:\/\/quehacerpolitico.mx\/?p=76981#primaryimage","url":"https:\/\/quehacerpolitico.mx\/wp-content\/uploads\/2021\/03\/29A50F48-1D0D-40C1-8F6D-29E0A38AA61B.jpeg","contentUrl":"https:\/\/quehacerpolitico.mx\/wp-content\/uploads\/2021\/03\/29A50F48-1D0D-40C1-8F6D-29E0A38AA61B.jpeg","width":1280,"height":960},{"@type":"BreadcrumbList","@id":"https:\/\/quehacerpolitico.mx\/?p=76981#breadcrumb","itemListElement":[{"@type":"ListItem","position":1,"name":"Inicio","item":"https:\/\/quehacerpolitico.mx\/"},{"@type":"ListItem","position":2,"name":"D\u00eda de la Mujer: AMLO asegura que protestas feministas &#8220;empezaron&#8221; en su Gobierno"}]},{"@type":"WebSite","@id":"https:\/\/quehacerpolitico.mx\/#website","url":"https:\/\/quehacerpolitico.mx\/","name":"","description":"","potentialAction":[{"@type":"SearchAction","target":{"@type":"EntryPoint","urlTemplate":"https:\/\/quehacerpolitico.mx\/?s={search_term_string}"},"query-input":{"@type":"PropertyValueSpecification","valueRequired":true,"valueName":"search_term_string"}}],"inLanguage":"es"},{"@type":"Person","@id":"https:\/\/quehacerpolitico.mx\/#\/schema\/person\/496d8ad2d1d3f8036101dca7ee39e585","name":"Redacci\u00f3n QP","image":{"@type":"ImageObject","inLanguage":"es","@id":"https:\/\/secure.gravatar.com\/avatar\/c7164ed6fdec453195284ad24a5ae5b6e1eed2b848477fa2a4787ba9adf39a41?s=96&d=mm&r=g","url":"https:\/\/secure.gravatar.com\/avatar\/c7164ed6fdec453195284ad24a5ae5b6e1eed2b848477fa2a4787ba9adf39a41?s=96&d=mm&r=g","contentUrl":"https:\/\/secure.gravatar.com\/avatar\/c7164ed6fdec453195284ad24a5ae5b6e1eed2b848477fa2a4787ba9adf39a41?s=96&d=mm&r=g","caption":"Redacci\u00f3n QP"},"url":"https:\/\/quehacerpolitico.mx\/?author=2"}]}},"featured_image_urls":{"full":["https:\/\/quehacerpolitico.mx\/wp-content\/uploads\/2021\/03\/29A50F48-1D0D-40C1-8F6D-29E0A38AA61B.jpeg",1280,960,false],"thumbnail":["https:\/\/quehacerpolitico.mx\/wp-content\/uploads\/2021\/03\/29A50F48-1D0D-40C1-8F6D-29E0A38AA61B-150x150.jpeg",150,150,true],"medium":["https:\/\/quehacerpolitico.mx\/wp-content\/uploads\/2021\/03\/29A50F48-1D0D-40C1-8F6D-29E0A38AA61B-300x225.jpeg",300,225,true],"medium_large":["https:\/\/quehacerpolitico.mx\/wp-content\/uploads\/2021\/03\/29A50F48-1D0D-40C1-8F6D-29E0A38AA61B-768x576.jpeg",640,480,true],"large":["https:\/\/quehacerpolitico.mx\/wp-content\/uploads\/2021\/03\/29A50F48-1D0D-40C1-8F6D-29E0A38AA61B-1024x768.jpeg",640,480,true],"1536x1536":["https:\/\/quehacerpolitico.mx\/wp-content\/uploads\/2021\/03\/29A50F48-1D0D-40C1-8F6D-29E0A38AA61B.jpeg",1280,960,false],"2048x2048":["https:\/\/quehacerpolitico.mx\/wp-content\/uploads\/2021\/03\/29A50F48-1D0D-40C1-8F6D-29E0A38AA61B.jpeg",1280,960,false],"covernews-featured":["https:\/\/quehacerpolitico.mx\/wp-content\/uploads\/2021\/03\/29A50F48-1D0D-40C1-8F6D-29E0A38AA61B.jpeg",1024,768,false],"covernews-medium":["https:\/\/quehacerpolitico.mx\/wp-content\/uploads\/2021\/03\/29A50F48-1D0D-40C1-8F6D-29E0A38AA61B.jpeg",453,340,false]},"author_info":{"display_name":"Redacci\u00f3n QP","author_link":"https:\/\/quehacerpolitico.mx\/?author=2"},"category_info":"<a href=\"https:\/\/quehacerpolitico.mx\/?cat=2\" rel=\"category\">Noticias<\/a>","tag_info":"Noticias","comment_count":"0","_links":{"self":[{"href":"https:\/\/quehacerpolitico.mx\/index.php?rest_route=\/wp\/v2\/posts\/76981","targetHints":{"allow":["GET"]}}],"collection":[{"href":"https:\/\/quehacerpolitico.mx\/index.php?rest_route=\/wp\/v2\/posts"}],"about":[{"href":"https:\/\/quehacerpolitico.mx\/index.php?rest_route=\/wp\/v2\/types\/post"}],"author":[{"embeddable":true,"href":"https:\/\/quehacerpolitico.mx\/index.php?rest_route=\/wp\/v2\/users\/2"}],"replies":[{"embeddable":true,"href":"https:\/\/quehacerpolitico.mx\/index.php?rest_route=%2Fwp%2Fv2%2Fcomments&post=76981"}],"version-history":[{"count":0,"href":"https:\/\/quehacerpolitico.mx\/index.php?rest_route=\/wp\/v2\/posts\/76981\/revisions"}],"wp:featuredmedia":[{"embeddable":true,"href":"https:\/\/quehacerpolitico.mx\/index.php?rest_route=\/wp\/v2\/media\/76984"}],"wp:attachment":[{"href":"https:\/\/quehacerpolitico.mx\/index.php?rest_route=%2Fwp%2Fv2%2Fmedia&parent=76981"}],"wp:term":[{"taxonomy":"category","embeddable":true,"href":"https:\/\/quehacerpolitico.mx\/index.php?rest_route=%2Fwp%2Fv2%2Fcategories&post=76981"},{"taxonomy":"post_tag","embeddable":true,"href":"https:\/\/quehacerpolitico.mx\/index.php?rest_route=%2Fwp%2Fv2%2Ftags&post=76981"}],"curies":[{"name":"wp","href":"https:\/\/api.w.org\/{rel}","templated":true}]}}