{"id":76971,"date":"2021-03-08T18:56:45","date_gmt":"2021-03-08T18:56:45","guid":{"rendered":"https:\/\/quehacerpolitico.mx\/?p=76971"},"modified":"2021-03-08T18:56:45","modified_gmt":"2021-03-08T18:56:45","slug":"internacionales-carolina-alonso-romei-jacinda-ardern-y-kamala-harris-conmemoran-el-dia-internacional-de-la-mujer-en-la-eurocamara","status":"publish","type":"post","link":"https:\/\/quehacerpolitico.mx\/?p=76971","title":{"rendered":"Internacionales\/\/\/Carolina Alonso Romei\/\/\/Jacinda Ardern y Kamala Harris conmemoran el D\u00eda Internacional de la Mujer en la Euroc\u00e1mara"},"content":{"rendered":"<h1>Jacinda Ardern y Kamala Harris conmemoran el D\u00eda Internacional de la Mujer en la Euroc\u00e1mara<br \/>\nPor Carolina Alonso Romei<\/h1>\n<p>Internacionalista<\/p>\n<p>Las funcionarias tendr\u00e1n una participaci\u00f3n virtual<\/p>\n<p>La vicepresidenta de Estados Unidos, <strong>Kamala Harris<\/strong>, y la primera ministra de Nueva Zelanda, <strong>Jacinda Ardern<\/strong>, intervienen este lunes durante la conmemoraci\u00f3n del D\u00eda Internacional de la Mujer en el pleno del Parlamento Europeo, que rinde homenaje a todas las que han estado en primera l\u00ednea en la pandemia.<\/p>\n<blockquote><p>\u201cTengo el honor de anunciar que la vicepresidenta de EE.UU., Kamala Harris, y la primera ministra de Nueva Zelanda, Jacinda Ardern, se dirigir\u00e1n a nuestra sesi\u00f3n plenaria a trav\u00e9s de mensajes de v\u00eddeo\u201d, anunci\u00f3 el presidente de la Euroc\u00e1mara, David Sassoli, que abrir\u00e1 esta tarde la sesi\u00f3n del pleno en la que tambi\u00e9n intervendr\u00e1 la presidenta de la Comisi\u00f3n Europea, <strong>Ursula von der Leyen,<\/strong> y el presidente del Consejo, Charles Michel.<\/p><\/blockquote>\n<p>Este 8 de marzo, el Parlamento Europeo \u201crinde homenaje a las mujeres que trabajan en primera l\u00ednea y a las m\u00e1s afectadas por la pandemia\u201d, a\u00f1adi\u00f3 Sassoli en su mensaje en Twitter.<\/p>\n<p>Y es que la pandemia de <strong>COVID-19<\/strong> agrav\u00f3 la desigualdad de g\u00e9nero y tuvo un impacto negativo en las mujeres, seg\u00fan un informe de la <strong>Comisi\u00f3n Europea (CE)<\/strong> sobre la igualdad de g\u00e9nero en laUnion Europea<strong> (UE)<\/strong> publicado el pasado viernes con motivo del D\u00eda Internacional de la Mujer este lunes.<\/p>\n<p>Seg\u00fan ese informe, aunque el personal sanitario de primera l\u00ednea se compone mayoritariamente de mujeres, estas apenas estaban representadas en los procesos de toma de decisiones contra la pandemia.<\/p>\n<p>En virtud del estudio, realizado en 87 pa\u00edses, incluidos 17 Estados miembros de la UE, el 85.2 % de los grupos de trabajo nacionales dedicados a la <strong>COVID-19<\/strong> estaban dirigidos por hombres.<\/p>\n<p>Adem\u00e1s, el informe expuso que los <strong>Estados miembros registraron un aumento de la violencia machista<\/strong>, pues la pandemia tambi\u00e9n coloc\u00f3 a las mujeres en situaci\u00f3n de grave riesgo incluso en sus propios hogares, seg\u00fan destac\u00f3 la Comisi\u00f3n, que tiene previsto presentar este a\u00f1o una nueva propuesta para luchar contra ella en la UE.<\/p>\n<p>Lo que s\u00ed present\u00f3 la semana anterior el Ejecutivo comunitario fue una serie de propuestas para aumentar la transparencia salarial en la <strong>Uni\u00f3n Europea<\/strong> y abordar as\u00ed una brecha de g\u00e9nero en este \u00e1mbito que a\u00fan se sit\u00faa en el 14,1 % de diferencia entre hombres y mujeres al mismo nivel laboral.<\/p>\n<p>\u201cLas chicas pueden ser de todo: m\u00e9dicas, abogadas, astronautas\u2026 y, s\u00ed, pueden ser presidentas\u201d, tuite\u00f3 Von der Leyen, quien a\u00f1adi\u00f3 que \u201cles dijo a sus 5 hijas que no existen trabajos para hombres y trabajos para mujeres\u201d.<\/p>\n<p>Debido a la pandemia, las instituciones comunitarias tienen previsto centrar en las redes sociales su actividad en este 8 de marzo.<\/p>\n<p>As\u00ed, por ejemplo, a partir de las 11.00 horas, la presidenta de la comisi\u00f3n de <strong>Derechos de la Mujer<\/strong> del PE, Evelyn Regner responder\u00e1 en directo en <strong>Facebook<\/strong> a preguntas sobre la <strong>igualdad de g\u00e9nero<\/strong> en la UE y el efecto de la pandemia en las desigualdades existentes.<\/p>\n<p>Y, a mediod\u00eda, Regner participar\u00e1 en otro <strong>debate en Instagram<\/strong> con la modelo y activista polaca Anja Rubik.<\/p>\n<p><em>Con informaci\u00f3n de EFE<\/em><\/p>\n","protected":false},"excerpt":{"rendered":"<p>Jacinda Ardern y Kamala Harris conmemoran el D\u00eda Internacional de la Mujer en la Euroc\u00e1mara&#8230;<\/p>\n","protected":false},"author":2,"featured_media":76974,"comment_status":"open","ping_status":"open","sticky":false,"template":"","format":"standard","meta":{"_monsterinsights_skip_tracking":false,"_monsterinsights_sitenote_active":false,"_monsterinsights_sitenote_note":"","_monsterinsights_sitenote_category":0,"footnotes":""},"categories":[1],"tags":[],"class_list":["post-76971","post","type-post","status-publish","format-standard","has-post-thumbnail","hentry","category-sin-categoria"],"yoast_head":"<!-- This site is optimized with the Yoast SEO plugin v27.3 - https:\/\/yoast.com\/product\/yoast-seo-wordpress\/ -->\n<title>Internacionales\/\/\/Carolina Alonso Romei\/\/\/Jacinda Ardern y Kamala Harris conmemoran el D\u00eda Internacional de la Mujer en la Euroc\u00e1mara -<\/title>\n<meta name=\"robots\" content=\"index, follow, max-snippet:-1, max-image-preview:large, max-video-preview:-1\" \/>\n<link rel=\"canonical\" href=\"https:\/\/quehacerpolitico.mx\/?p=76971\" \/>\n<meta property=\"og:locale\" content=\"es_MX\" \/>\n<meta property=\"og:type\" content=\"article\" \/>\n<meta property=\"og:title\" content=\"Internacionales\/\/\/Carolina Alonso Romei\/\/\/Jacinda Ardern y Kamala Harris conmemoran el D\u00eda Internacional de la Mujer en la Euroc\u00e1mara -\" \/>\n<meta property=\"og:description\" content=\"Jacinda Ardern y Kamala Harris conmemoran el D\u00eda Internacional de la Mujer en la Euroc\u00e1mara...\" \/>\n<meta property=\"og:url\" content=\"https:\/\/quehacerpolitico.mx\/?p=76971\" \/>\n<meta property=\"article:published_time\" content=\"2021-03-08T18:56:45+00:00\" \/>\n<meta property=\"og:image\" content=\"https:\/\/quehacerpolitico.mx\/wp-content\/uploads\/2021\/03\/9D45322A-E9F5-463D-AF7A-4D88821B7928.jpeg\" \/>\n\t<meta property=\"og:image:width\" content=\"933\" \/>\n\t<meta property=\"og:image:height\" content=\"526\" \/>\n\t<meta property=\"og:image:type\" content=\"image\/jpeg\" \/>\n<meta name=\"author\" content=\"Redacci\u00f3n QP\" \/>\n<meta name=\"twitter:card\" content=\"summary_large_image\" \/>\n<meta name=\"twitter:label1\" content=\"Escrito por\" \/>\n\t<meta name=\"twitter:data1\" content=\"Redacci\u00f3n QP\" \/>\n\t<meta name=\"twitter:label2\" content=\"Tiempo de lectura\" \/>\n\t<meta name=\"twitter:data2\" content=\"3 minutos\" \/>\n<script type=\"application\/ld+json\" class=\"yoast-schema-graph\">{\"@context\":\"https:\\\/\\\/schema.org\",\"@graph\":[{\"@type\":\"Article\",\"@id\":\"https:\\\/\\\/quehacerpolitico.mx\\\/?p=76971#article\",\"isPartOf\":{\"@id\":\"https:\\\/\\\/quehacerpolitico.mx\\\/?p=76971\"},\"author\":{\"name\":\"Redacci\u00f3n QP\",\"@id\":\"https:\\\/\\\/quehacerpolitico.mx\\\/#\\\/schema\\\/person\\\/496d8ad2d1d3f8036101dca7ee39e585\"},\"headline\":\"Internacionales\\\/\\\/\\\/Carolina Alonso Romei\\\/\\\/\\\/Jacinda Ardern y Kamala Harris conmemoran el D\u00eda Internacional de la Mujer en la Euroc\u00e1mara\",\"datePublished\":\"2021-03-08T18:56:45+00:00\",\"mainEntityOfPage\":{\"@id\":\"https:\\\/\\\/quehacerpolitico.mx\\\/?p=76971\"},\"wordCount\":577,\"commentCount\":0,\"image\":{\"@id\":\"https:\\\/\\\/quehacerpolitico.mx\\\/?p=76971#primaryimage\"},\"thumbnailUrl\":\"https:\\\/\\\/quehacerpolitico.mx\\\/wp-content\\\/uploads\\\/2021\\\/03\\\/9D45322A-E9F5-463D-AF7A-4D88821B7928.jpeg\",\"articleSection\":[\"Internacionales\"],\"inLanguage\":\"es\",\"potentialAction\":[{\"@type\":\"CommentAction\",\"name\":\"Comment\",\"target\":[\"https:\\\/\\\/quehacerpolitico.mx\\\/?p=76971#respond\"]}]},{\"@type\":\"WebPage\",\"@id\":\"https:\\\/\\\/quehacerpolitico.mx\\\/?p=76971\",\"url\":\"https:\\\/\\\/quehacerpolitico.mx\\\/?p=76971\",\"name\":\"Internacionales\\\/\\\/\\\/Carolina Alonso Romei\\\/\\\/\\\/Jacinda Ardern y Kamala Harris conmemoran el D\u00eda Internacional de la Mujer en la Euroc\u00e1mara -\",\"isPartOf\":{\"@id\":\"https:\\\/\\\/quehacerpolitico.mx\\\/#website\"},\"primaryImageOfPage\":{\"@id\":\"https:\\\/\\\/quehacerpolitico.mx\\\/?p=76971#primaryimage\"},\"image\":{\"@id\":\"https:\\\/\\\/quehacerpolitico.mx\\\/?p=76971#primaryimage\"},\"thumbnailUrl\":\"https:\\\/\\\/quehacerpolitico.mx\\\/wp-content\\\/uploads\\\/2021\\\/03\\\/9D45322A-E9F5-463D-AF7A-4D88821B7928.jpeg\",\"datePublished\":\"2021-03-08T18:56:45+00:00\",\"author\":{\"@id\":\"https:\\\/\\\/quehacerpolitico.mx\\\/#\\\/schema\\\/person\\\/496d8ad2d1d3f8036101dca7ee39e585\"},\"breadcrumb\":{\"@id\":\"https:\\\/\\\/quehacerpolitico.mx\\\/?p=76971#breadcrumb\"},\"inLanguage\":\"es\",\"potentialAction\":[{\"@type\":\"ReadAction\",\"target\":[\"https:\\\/\\\/quehacerpolitico.mx\\\/?p=76971\"]}]},{\"@type\":\"ImageObject\",\"inLanguage\":\"es\",\"@id\":\"https:\\\/\\\/quehacerpolitico.mx\\\/?p=76971#primaryimage\",\"url\":\"https:\\\/\\\/quehacerpolitico.mx\\\/wp-content\\\/uploads\\\/2021\\\/03\\\/9D45322A-E9F5-463D-AF7A-4D88821B7928.jpeg\",\"contentUrl\":\"https:\\\/\\\/quehacerpolitico.mx\\\/wp-content\\\/uploads\\\/2021\\\/03\\\/9D45322A-E9F5-463D-AF7A-4D88821B7928.jpeg\",\"width\":933,\"height\":526},{\"@type\":\"BreadcrumbList\",\"@id\":\"https:\\\/\\\/quehacerpolitico.mx\\\/?p=76971#breadcrumb\",\"itemListElement\":[{\"@type\":\"ListItem\",\"position\":1,\"name\":\"Inicio\",\"item\":\"https:\\\/\\\/quehacerpolitico.mx\\\/\"},{\"@type\":\"ListItem\",\"position\":2,\"name\":\"Internacionales\\\/\\\/\\\/Carolina Alonso Romei\\\/\\\/\\\/Jacinda Ardern y Kamala Harris conmemoran el D\u00eda Internacional de la Mujer en la Euroc\u00e1mara\"}]},{\"@type\":\"WebSite\",\"@id\":\"https:\\\/\\\/quehacerpolitico.mx\\\/#website\",\"url\":\"https:\\\/\\\/quehacerpolitico.mx\\\/\",\"name\":\"\",\"description\":\"\",\"potentialAction\":[{\"@type\":\"SearchAction\",\"target\":{\"@type\":\"EntryPoint\",\"urlTemplate\":\"https:\\\/\\\/quehacerpolitico.mx\\\/?s={search_term_string}\"},\"query-input\":{\"@type\":\"PropertyValueSpecification\",\"valueRequired\":true,\"valueName\":\"search_term_string\"}}],\"inLanguage\":\"es\"},{\"@type\":\"Person\",\"@id\":\"https:\\\/\\\/quehacerpolitico.mx\\\/#\\\/schema\\\/person\\\/496d8ad2d1d3f8036101dca7ee39e585\",\"name\":\"Redacci\u00f3n QP\",\"image\":{\"@type\":\"ImageObject\",\"inLanguage\":\"es\",\"@id\":\"https:\\\/\\\/secure.gravatar.com\\\/avatar\\\/c7164ed6fdec453195284ad24a5ae5b6e1eed2b848477fa2a4787ba9adf39a41?s=96&d=mm&r=g\",\"url\":\"https:\\\/\\\/secure.gravatar.com\\\/avatar\\\/c7164ed6fdec453195284ad24a5ae5b6e1eed2b848477fa2a4787ba9adf39a41?s=96&d=mm&r=g\",\"contentUrl\":\"https:\\\/\\\/secure.gravatar.com\\\/avatar\\\/c7164ed6fdec453195284ad24a5ae5b6e1eed2b848477fa2a4787ba9adf39a41?s=96&d=mm&r=g\",\"caption\":\"Redacci\u00f3n QP\"},\"url\":\"https:\\\/\\\/quehacerpolitico.mx\\\/?author=2\"}]}<\/script>\n<!-- \/ Yoast SEO plugin. -->","yoast_head_json":{"title":"Internacionales\/\/\/Carolina Alonso Romei\/\/\/Jacinda Ardern y Kamala Harris conmemoran el D\u00eda Internacional de la Mujer en la Euroc\u00e1mara -","robots":{"index":"index","follow":"follow","max-snippet":"max-snippet:-1","max-image-preview":"max-image-preview:large","max-video-preview":"max-video-preview:-1"},"canonical":"https:\/\/quehacerpolitico.mx\/?p=76971","og_locale":"es_MX","og_type":"article","og_title":"Internacionales\/\/\/Carolina Alonso Romei\/\/\/Jacinda Ardern y Kamala Harris conmemoran el D\u00eda Internacional de la Mujer en la Euroc\u00e1mara -","og_description":"Jacinda Ardern y Kamala Harris conmemoran el D\u00eda Internacional de la Mujer en la Euroc\u00e1mara...","og_url":"https:\/\/quehacerpolitico.mx\/?p=76971","article_published_time":"2021-03-08T18:56:45+00:00","og_image":[{"width":933,"height":526,"url":"https:\/\/quehacerpolitico.mx\/wp-content\/uploads\/2021\/03\/9D45322A-E9F5-463D-AF7A-4D88821B7928.jpeg","type":"image\/jpeg"}],"author":"Redacci\u00f3n QP","twitter_card":"summary_large_image","twitter_misc":{"Escrito por":"Redacci\u00f3n QP","Tiempo de lectura":"3 minutos"},"schema":{"@context":"https:\/\/schema.org","@graph":[{"@type":"Article","@id":"https:\/\/quehacerpolitico.mx\/?p=76971#article","isPartOf":{"@id":"https:\/\/quehacerpolitico.mx\/?p=76971"},"author":{"name":"Redacci\u00f3n QP","@id":"https:\/\/quehacerpolitico.mx\/#\/schema\/person\/496d8ad2d1d3f8036101dca7ee39e585"},"headline":"Internacionales\/\/\/Carolina Alonso Romei\/\/\/Jacinda Ardern y Kamala Harris conmemoran el D\u00eda Internacional de la Mujer en la Euroc\u00e1mara","datePublished":"2021-03-08T18:56:45+00:00","mainEntityOfPage":{"@id":"https:\/\/quehacerpolitico.mx\/?p=76971"},"wordCount":577,"commentCount":0,"image":{"@id":"https:\/\/quehacerpolitico.mx\/?p=76971#primaryimage"},"thumbnailUrl":"https:\/\/quehacerpolitico.mx\/wp-content\/uploads\/2021\/03\/9D45322A-E9F5-463D-AF7A-4D88821B7928.jpeg","articleSection":["Internacionales"],"inLanguage":"es","potentialAction":[{"@type":"CommentAction","name":"Comment","target":["https:\/\/quehacerpolitico.mx\/?p=76971#respond"]}]},{"@type":"WebPage","@id":"https:\/\/quehacerpolitico.mx\/?p=76971","url":"https:\/\/quehacerpolitico.mx\/?p=76971","name":"Internacionales\/\/\/Carolina Alonso Romei\/\/\/Jacinda Ardern y Kamala Harris conmemoran el D\u00eda Internacional de la Mujer en la Euroc\u00e1mara -","isPartOf":{"@id":"https:\/\/quehacerpolitico.mx\/#website"},"primaryImageOfPage":{"@id":"https:\/\/quehacerpolitico.mx\/?p=76971#primaryimage"},"image":{"@id":"https:\/\/quehacerpolitico.mx\/?p=76971#primaryimage"},"thumbnailUrl":"https:\/\/quehacerpolitico.mx\/wp-content\/uploads\/2021\/03\/9D45322A-E9F5-463D-AF7A-4D88821B7928.jpeg","datePublished":"2021-03-08T18:56:45+00:00","author":{"@id":"https:\/\/quehacerpolitico.mx\/#\/schema\/person\/496d8ad2d1d3f8036101dca7ee39e585"},"breadcrumb":{"@id":"https:\/\/quehacerpolitico.mx\/?p=76971#breadcrumb"},"inLanguage":"es","potentialAction":[{"@type":"ReadAction","target":["https:\/\/quehacerpolitico.mx\/?p=76971"]}]},{"@type":"ImageObject","inLanguage":"es","@id":"https:\/\/quehacerpolitico.mx\/?p=76971#primaryimage","url":"https:\/\/quehacerpolitico.mx\/wp-content\/uploads\/2021\/03\/9D45322A-E9F5-463D-AF7A-4D88821B7928.jpeg","contentUrl":"https:\/\/quehacerpolitico.mx\/wp-content\/uploads\/2021\/03\/9D45322A-E9F5-463D-AF7A-4D88821B7928.jpeg","width":933,"height":526},{"@type":"BreadcrumbList","@id":"https:\/\/quehacerpolitico.mx\/?p=76971#breadcrumb","itemListElement":[{"@type":"ListItem","position":1,"name":"Inicio","item":"https:\/\/quehacerpolitico.mx\/"},{"@type":"ListItem","position":2,"name":"Internacionales\/\/\/Carolina Alonso Romei\/\/\/Jacinda Ardern y Kamala Harris conmemoran el D\u00eda Internacional de la Mujer en la Euroc\u00e1mara"}]},{"@type":"WebSite","@id":"https:\/\/quehacerpolitico.mx\/#website","url":"https:\/\/quehacerpolitico.mx\/","name":"","description":"","potentialAction":[{"@type":"SearchAction","target":{"@type":"EntryPoint","urlTemplate":"https:\/\/quehacerpolitico.mx\/?s={search_term_string}"},"query-input":{"@type":"PropertyValueSpecification","valueRequired":true,"valueName":"search_term_string"}}],"inLanguage":"es"},{"@type":"Person","@id":"https:\/\/quehacerpolitico.mx\/#\/schema\/person\/496d8ad2d1d3f8036101dca7ee39e585","name":"Redacci\u00f3n QP","image":{"@type":"ImageObject","inLanguage":"es","@id":"https:\/\/secure.gravatar.com\/avatar\/c7164ed6fdec453195284ad24a5ae5b6e1eed2b848477fa2a4787ba9adf39a41?s=96&d=mm&r=g","url":"https:\/\/secure.gravatar.com\/avatar\/c7164ed6fdec453195284ad24a5ae5b6e1eed2b848477fa2a4787ba9adf39a41?s=96&d=mm&r=g","contentUrl":"https:\/\/secure.gravatar.com\/avatar\/c7164ed6fdec453195284ad24a5ae5b6e1eed2b848477fa2a4787ba9adf39a41?s=96&d=mm&r=g","caption":"Redacci\u00f3n QP"},"url":"https:\/\/quehacerpolitico.mx\/?author=2"}]}},"featured_image_urls":{"full":["https:\/\/quehacerpolitico.mx\/wp-content\/uploads\/2021\/03\/9D45322A-E9F5-463D-AF7A-4D88821B7928.jpeg",933,526,false],"thumbnail":["https:\/\/quehacerpolitico.mx\/wp-content\/uploads\/2021\/03\/9D45322A-E9F5-463D-AF7A-4D88821B7928-150x150.jpeg",150,150,true],"medium":["https:\/\/quehacerpolitico.mx\/wp-content\/uploads\/2021\/03\/9D45322A-E9F5-463D-AF7A-4D88821B7928-300x169.jpeg",300,169,true],"medium_large":["https:\/\/quehacerpolitico.mx\/wp-content\/uploads\/2021\/03\/9D45322A-E9F5-463D-AF7A-4D88821B7928-768x433.jpeg",640,361,true],"large":["https:\/\/quehacerpolitico.mx\/wp-content\/uploads\/2021\/03\/9D45322A-E9F5-463D-AF7A-4D88821B7928.jpeg",640,361,false],"1536x1536":["https:\/\/quehacerpolitico.mx\/wp-content\/uploads\/2021\/03\/9D45322A-E9F5-463D-AF7A-4D88821B7928.jpeg",933,526,false],"2048x2048":["https:\/\/quehacerpolitico.mx\/wp-content\/uploads\/2021\/03\/9D45322A-E9F5-463D-AF7A-4D88821B7928.jpeg",933,526,false],"covernews-featured":["https:\/\/quehacerpolitico.mx\/wp-content\/uploads\/2021\/03\/9D45322A-E9F5-463D-AF7A-4D88821B7928.jpeg",933,526,false],"covernews-medium":["https:\/\/quehacerpolitico.mx\/wp-content\/uploads\/2021\/03\/9D45322A-E9F5-463D-AF7A-4D88821B7928.jpeg",540,304,false]},"author_info":{"display_name":"Redacci\u00f3n QP","author_link":"https:\/\/quehacerpolitico.mx\/?author=2"},"category_info":"<a href=\"https:\/\/quehacerpolitico.mx\/?cat=1\" rel=\"category\">Internacionales<\/a>","tag_info":"Internacionales","comment_count":"0","_links":{"self":[{"href":"https:\/\/quehacerpolitico.mx\/index.php?rest_route=\/wp\/v2\/posts\/76971","targetHints":{"allow":["GET"]}}],"collection":[{"href":"https:\/\/quehacerpolitico.mx\/index.php?rest_route=\/wp\/v2\/posts"}],"about":[{"href":"https:\/\/quehacerpolitico.mx\/index.php?rest_route=\/wp\/v2\/types\/post"}],"author":[{"embeddable":true,"href":"https:\/\/quehacerpolitico.mx\/index.php?rest_route=\/wp\/v2\/users\/2"}],"replies":[{"embeddable":true,"href":"https:\/\/quehacerpolitico.mx\/index.php?rest_route=%2Fwp%2Fv2%2Fcomments&post=76971"}],"version-history":[{"count":0,"href":"https:\/\/quehacerpolitico.mx\/index.php?rest_route=\/wp\/v2\/posts\/76971\/revisions"}],"wp:featuredmedia":[{"embeddable":true,"href":"https:\/\/quehacerpolitico.mx\/index.php?rest_route=\/wp\/v2\/media\/76974"}],"wp:attachment":[{"href":"https:\/\/quehacerpolitico.mx\/index.php?rest_route=%2Fwp%2Fv2%2Fmedia&parent=76971"}],"wp:term":[{"taxonomy":"category","embeddable":true,"href":"https:\/\/quehacerpolitico.mx\/index.php?rest_route=%2Fwp%2Fv2%2Fcategories&post=76971"},{"taxonomy":"post_tag","embeddable":true,"href":"https:\/\/quehacerpolitico.mx\/index.php?rest_route=%2Fwp%2Fv2%2Ftags&post=76971"}],"curies":[{"name":"wp","href":"https:\/\/api.w.org\/{rel}","templated":true}]}}