{"id":76966,"date":"2021-03-08T18:10:31","date_gmt":"2021-03-08T18:10:31","guid":{"rendered":"https:\/\/quehacerpolitico.mx\/?p=76966"},"modified":"2021-03-08T18:10:31","modified_gmt":"2021-03-08T18:10:31","slug":"muere-ricardo-gonzalez-cepillin","status":"publish","type":"post","link":"https:\/\/quehacerpolitico.mx\/?p=76966","title":{"rendered":"Muere Ricardo Gonz\u00e1lez, \u2018Cepill\u00edn\u2019"},"content":{"rendered":"<h1>Muere Ricardo Gonz\u00e1lez, \u2018Cepill\u00edn\u2019<br \/>\nPor Redacci\u00f3n QP<\/h1>\n<p>Ricardo Gonz\u00e1lez naci\u00f3 el 7 de febrero de 1946 en Monterrey, Nuevo Le\u00f3n<\/p>\n<p class=\"p1\">Este lunes 8 de marzo de 2021 <strong>muri\u00f3<\/strong> Ricardo Gonz\u00e1lez Guti\u00e9rrez, mejor conocido como \u201cCepill\u00edn\u201d<strong>,<\/strong> a los 75 a\u00f1os de edad, tras padecer cancer<\/p>\n<p class=\"p1\"><strong>\u201cCepill\u00edn\u201d<\/strong> fue una de las figuras de la televisi\u00f3n mexicana a finales de los a\u00f1os 70.<\/p>\n<p class=\"p1\">Se le recuerda en su programa televisivo, interactuando con el p\u00fablico o frente a una pizarra haciendo un dibujo, en un sketch o motivando al p\u00fablico infantil a portarse correctamente o empe\u00f1arse en la escuela.<\/p>\n<p class=\"p1\">Ricardo Gonz\u00e1lez Guti\u00e9rrez, quien salt\u00f3 a la fama como <strong>\u201cCepill\u00edn\u201d,<\/strong> naci\u00f3 el 7 de febrero de 1946 en Monterrey, Nuevo Le\u00f3n.<\/p>\n<p class=\"p1\">Era perteneciente a una familia de clase media, tuvo una vida tranquila, estudi\u00f3 Odontolog\u00eda en la Universidad Aut\u00f3noma de Nuevo Le\u00f3n.<\/p>\n<p class=\"p1\">Prob\u00f3 suerte en el futbol y lleg\u00f3 a ser guardameta del equipo Tigres, cuando estaba en segunda divisi\u00f3n.<\/p>\n<p class=\"p1\">Siempre se inclin\u00f3 por la far\u00e1ndula, pero sus padres le exigieron un t\u00edtulo universitario. Hasta los 25 a\u00f1os ejerci\u00f3 con \u00e9xito como dentista. Comenz\u00f3 a maquillarse como payaso para hacer m\u00e1s amigable las consultas con sus pacientes infantiles.<\/p>\n<p class=\"p1\">Cuando empez\u00f3 a tener notoriedad local los medios de comunicaci\u00f3n le prestaron atenci\u00f3n. Entonces, <strong>\u201cCepill\u00edn\u201d,<\/strong> mote que alud\u00eda al cepillo de dientes, se hizo c\u00e9lebre en la televisi\u00f3n regiomontana. A partir de 1971, altern\u00f3 su carrera dental con su faceta como conductor. En 1977, el programa sali\u00f3 del aire.<\/p>\n<p class=\"p1\">Ricardo Gonz\u00e1lez prob\u00f3 suerte en la Ciudad de M\u00e9xico. Uno de sus primos era integrante de un grupo musical firmado por Discos Orfe\u00f3n, donde grab\u00f3 un disco de 45 revoluciones con dos temas: Tom\u00e1s y Un d\u00eda con mam\u00e1.<\/p>\n<p class=\"p1\"><strong>\u201cCepill\u00edn\u201d<\/strong> lleg\u00f3 al Canal 2 de Televisa como conductor de <strong>El show de Cepill\u00edn<\/strong>, donde combinaba temas educativos con m\u00fasica, rutinas c\u00f3micas y presentaba invitados. Aunque tuvo gran \u00e9xito, solo estuvo al aire por tres a\u00f1os. Durante ese tiempo transmiti\u00f3 en M\u00e9xico y 18 pa\u00edses de Latinoam\u00e9rica.<\/p>\n<p class=\"p1\"><span class=\"Apple-converted-space\">\u00a0<\/span>Desde entonces fue conocido como <strong>\u201cEl payasito de la tele\u201d,<\/strong> al mismo tiempo en que incursion\u00f3 en el cine, donde debut\u00f3 en 1979, en la cinta Milagro en el circo.<\/p>\n<p class=\"p1\">Durante su estancia en televisi\u00f3n grab\u00f3 varias canciones: La Gallina cocouaua, El gangoso o Las posadas de Cepill\u00edn, entre ellas, pero las de mayor \u00e9xito ser\u00edan En un bosque de la China y <strong>En la feria de Cepill\u00edn<\/strong>.<\/p>\n<p class=\"p1\">Luego de giras por centro y Sudam\u00e9rica, y en Estados Unidos, comenz\u00f3 otra faceta de su carrera. Realiz\u00f3 temporadas en el Teatro Blanquita con un espect\u00e1culo para adultos, as\u00ed fue que lleg\u00f3 a cine de ficheras con la pel\u00edcula Las guerreras del amor, en 1989.<\/p>\n<p class=\"p1\">En 1987, regres\u00f3 a la televisi\u00f3n con <strong>Una sonrisa con Cepill\u00edn<\/strong>. La emisi\u00f3n solo dur\u00f3 poco m\u00e1s de un a\u00f1o.<\/p>\n<p class=\"p1\">Por un tiempo, <strong>\u201cCepill\u00edn\u201d<\/strong> se mantuvo activo a trav\u00e9s del <strong>Circo de Cepill\u00edn<\/strong> y tras un periodo de altibajos, se renov\u00f3 cuando hizo mancuerna con sus hijos.<\/p>\n<p class=\"p1\">En mayo de 2005, sufri\u00f3 el primero de los tres ataques al coraz\u00f3n que afectaron su estado de salud.<\/p>\n<p class=\"p1\">En 2014, <strong>\u201cCepill\u00edn\u201d<\/strong> particip\u00f3 en el programa \u201cMe caigo de risa\u201d.<\/p>\n<p class=\"p1\">En 2017, los millenials descubrieron al personaje cuando se volvi\u00f3 tendencia en redes sociales el <strong>Cepill\u00edn Challenge<\/strong>.<\/p>\n<p class=\"p1\">Durante los \u00faltimos a\u00f1os de su vida, experiment\u00f3 en redes sociales con chistes, bailes y diversos contenidos.<\/p>\n<p class=\"p1\">El \u00faltimo fin de semana de febrero, <strong>\u201cCepill\u00edn\u201d<\/strong> fue hospitalizado por una lesi\u00f3n en la espalda y fue intervenido exitosamente.<\/p>\n<p class=\"p1\">El 7 de febrero pasado celebr\u00f3 sus 75 a\u00f1os y grab\u00f3 un disco en ingl\u00e9s y espa\u00f1ol, con ese motivo.<\/p>\n<p class=\"p1\">El 2021 significaba la conmemoraci\u00f3n de sus 50 a\u00f1os de carrera.<\/p>\n","protected":false},"excerpt":{"rendered":"<p>Muere Ricardo Gonz\u00e1lez, \u2018Cepill\u00edn\u2019 Por Redacci\u00f3n QP Ricardo Gonz\u00e1lez naci\u00f3 el 7 de febrero de&#8230;<\/p>\n","protected":false},"author":2,"featured_media":76969,"comment_status":"open","ping_status":"open","sticky":false,"template":"","format":"standard","meta":{"_monsterinsights_skip_tracking":false,"_monsterinsights_sitenote_active":false,"_monsterinsights_sitenote_note":"","_monsterinsights_sitenote_category":0,"footnotes":""},"categories":[58],"tags":[],"class_list":["post-76966","post","type-post","status-publish","format-standard","has-post-thumbnail","hentry","category-cultura"],"yoast_head":"<!-- This site is optimized with the Yoast SEO plugin v27.3 - https:\/\/yoast.com\/product\/yoast-seo-wordpress\/ -->\n<title>Muere Ricardo Gonz\u00e1lez, \u2018Cepill\u00edn\u2019 -<\/title>\n<meta name=\"robots\" content=\"index, follow, max-snippet:-1, max-image-preview:large, max-video-preview:-1\" \/>\n<link rel=\"canonical\" href=\"https:\/\/quehacerpolitico.mx\/?p=76966\" \/>\n<meta property=\"og:locale\" content=\"es_MX\" \/>\n<meta property=\"og:type\" content=\"article\" \/>\n<meta property=\"og:title\" content=\"Muere Ricardo Gonz\u00e1lez, \u2018Cepill\u00edn\u2019 -\" \/>\n<meta property=\"og:description\" content=\"Muere Ricardo Gonz\u00e1lez, \u2018Cepill\u00edn\u2019 Por Redacci\u00f3n QP Ricardo Gonz\u00e1lez naci\u00f3 el 7 de febrero de...\" \/>\n<meta property=\"og:url\" content=\"https:\/\/quehacerpolitico.mx\/?p=76966\" \/>\n<meta property=\"article:published_time\" content=\"2021-03-08T18:10:31+00:00\" \/>\n<meta property=\"og:image\" content=\"https:\/\/quehacerpolitico.mx\/wp-content\/uploads\/2021\/03\/2B5424F0-8988-4DF4-9491-4F8EDBD202A0.jpeg\" \/>\n\t<meta property=\"og:image:width\" content=\"600\" \/>\n\t<meta property=\"og:image:height\" content=\"401\" \/>\n\t<meta property=\"og:image:type\" content=\"image\/jpeg\" \/>\n<meta name=\"author\" content=\"Redacci\u00f3n QP\" \/>\n<meta name=\"twitter:card\" content=\"summary_large_image\" \/>\n<meta name=\"twitter:label1\" content=\"Escrito por\" \/>\n\t<meta name=\"twitter:data1\" content=\"Redacci\u00f3n QP\" \/>\n\t<meta name=\"twitter:label2\" content=\"Tiempo de lectura\" \/>\n\t<meta name=\"twitter:data2\" content=\"3 minutos\" \/>\n<script type=\"application\/ld+json\" class=\"yoast-schema-graph\">{\"@context\":\"https:\\\/\\\/schema.org\",\"@graph\":[{\"@type\":\"Article\",\"@id\":\"https:\\\/\\\/quehacerpolitico.mx\\\/?p=76966#article\",\"isPartOf\":{\"@id\":\"https:\\\/\\\/quehacerpolitico.mx\\\/?p=76966\"},\"author\":{\"name\":\"Redacci\u00f3n QP\",\"@id\":\"https:\\\/\\\/quehacerpolitico.mx\\\/#\\\/schema\\\/person\\\/496d8ad2d1d3f8036101dca7ee39e585\"},\"headline\":\"Muere Ricardo Gonz\u00e1lez, \u2018Cepill\u00edn\u2019\",\"datePublished\":\"2021-03-08T18:10:31+00:00\",\"mainEntityOfPage\":{\"@id\":\"https:\\\/\\\/quehacerpolitico.mx\\\/?p=76966\"},\"wordCount\":657,\"commentCount\":0,\"image\":{\"@id\":\"https:\\\/\\\/quehacerpolitico.mx\\\/?p=76966#primaryimage\"},\"thumbnailUrl\":\"https:\\\/\\\/quehacerpolitico.mx\\\/wp-content\\\/uploads\\\/2021\\\/03\\\/2B5424F0-8988-4DF4-9491-4F8EDBD202A0.jpeg\",\"articleSection\":[\"Cultura y Entretenimiento\"],\"inLanguage\":\"es\",\"potentialAction\":[{\"@type\":\"CommentAction\",\"name\":\"Comment\",\"target\":[\"https:\\\/\\\/quehacerpolitico.mx\\\/?p=76966#respond\"]}]},{\"@type\":\"WebPage\",\"@id\":\"https:\\\/\\\/quehacerpolitico.mx\\\/?p=76966\",\"url\":\"https:\\\/\\\/quehacerpolitico.mx\\\/?p=76966\",\"name\":\"Muere Ricardo Gonz\u00e1lez, \u2018Cepill\u00edn\u2019 -\",\"isPartOf\":{\"@id\":\"https:\\\/\\\/quehacerpolitico.mx\\\/#website\"},\"primaryImageOfPage\":{\"@id\":\"https:\\\/\\\/quehacerpolitico.mx\\\/?p=76966#primaryimage\"},\"image\":{\"@id\":\"https:\\\/\\\/quehacerpolitico.mx\\\/?p=76966#primaryimage\"},\"thumbnailUrl\":\"https:\\\/\\\/quehacerpolitico.mx\\\/wp-content\\\/uploads\\\/2021\\\/03\\\/2B5424F0-8988-4DF4-9491-4F8EDBD202A0.jpeg\",\"datePublished\":\"2021-03-08T18:10:31+00:00\",\"author\":{\"@id\":\"https:\\\/\\\/quehacerpolitico.mx\\\/#\\\/schema\\\/person\\\/496d8ad2d1d3f8036101dca7ee39e585\"},\"breadcrumb\":{\"@id\":\"https:\\\/\\\/quehacerpolitico.mx\\\/?p=76966#breadcrumb\"},\"inLanguage\":\"es\",\"potentialAction\":[{\"@type\":\"ReadAction\",\"target\":[\"https:\\\/\\\/quehacerpolitico.mx\\\/?p=76966\"]}]},{\"@type\":\"ImageObject\",\"inLanguage\":\"es\",\"@id\":\"https:\\\/\\\/quehacerpolitico.mx\\\/?p=76966#primaryimage\",\"url\":\"https:\\\/\\\/quehacerpolitico.mx\\\/wp-content\\\/uploads\\\/2021\\\/03\\\/2B5424F0-8988-4DF4-9491-4F8EDBD202A0.jpeg\",\"contentUrl\":\"https:\\\/\\\/quehacerpolitico.mx\\\/wp-content\\\/uploads\\\/2021\\\/03\\\/2B5424F0-8988-4DF4-9491-4F8EDBD202A0.jpeg\",\"width\":600,\"height\":401},{\"@type\":\"BreadcrumbList\",\"@id\":\"https:\\\/\\\/quehacerpolitico.mx\\\/?p=76966#breadcrumb\",\"itemListElement\":[{\"@type\":\"ListItem\",\"position\":1,\"name\":\"Inicio\",\"item\":\"https:\\\/\\\/quehacerpolitico.mx\\\/\"},{\"@type\":\"ListItem\",\"position\":2,\"name\":\"Muere Ricardo Gonz\u00e1lez, \u2018Cepill\u00edn\u2019\"}]},{\"@type\":\"WebSite\",\"@id\":\"https:\\\/\\\/quehacerpolitico.mx\\\/#website\",\"url\":\"https:\\\/\\\/quehacerpolitico.mx\\\/\",\"name\":\"\",\"description\":\"\",\"potentialAction\":[{\"@type\":\"SearchAction\",\"target\":{\"@type\":\"EntryPoint\",\"urlTemplate\":\"https:\\\/\\\/quehacerpolitico.mx\\\/?s={search_term_string}\"},\"query-input\":{\"@type\":\"PropertyValueSpecification\",\"valueRequired\":true,\"valueName\":\"search_term_string\"}}],\"inLanguage\":\"es\"},{\"@type\":\"Person\",\"@id\":\"https:\\\/\\\/quehacerpolitico.mx\\\/#\\\/schema\\\/person\\\/496d8ad2d1d3f8036101dca7ee39e585\",\"name\":\"Redacci\u00f3n QP\",\"image\":{\"@type\":\"ImageObject\",\"inLanguage\":\"es\",\"@id\":\"https:\\\/\\\/secure.gravatar.com\\\/avatar\\\/c7164ed6fdec453195284ad24a5ae5b6e1eed2b848477fa2a4787ba9adf39a41?s=96&d=mm&r=g\",\"url\":\"https:\\\/\\\/secure.gravatar.com\\\/avatar\\\/c7164ed6fdec453195284ad24a5ae5b6e1eed2b848477fa2a4787ba9adf39a41?s=96&d=mm&r=g\",\"contentUrl\":\"https:\\\/\\\/secure.gravatar.com\\\/avatar\\\/c7164ed6fdec453195284ad24a5ae5b6e1eed2b848477fa2a4787ba9adf39a41?s=96&d=mm&r=g\",\"caption\":\"Redacci\u00f3n QP\"},\"url\":\"https:\\\/\\\/quehacerpolitico.mx\\\/?author=2\"}]}<\/script>\n<!-- \/ Yoast SEO plugin. -->","yoast_head_json":{"title":"Muere Ricardo Gonz\u00e1lez, \u2018Cepill\u00edn\u2019 -","robots":{"index":"index","follow":"follow","max-snippet":"max-snippet:-1","max-image-preview":"max-image-preview:large","max-video-preview":"max-video-preview:-1"},"canonical":"https:\/\/quehacerpolitico.mx\/?p=76966","og_locale":"es_MX","og_type":"article","og_title":"Muere Ricardo Gonz\u00e1lez, \u2018Cepill\u00edn\u2019 -","og_description":"Muere Ricardo Gonz\u00e1lez, \u2018Cepill\u00edn\u2019 Por Redacci\u00f3n QP Ricardo Gonz\u00e1lez naci\u00f3 el 7 de febrero de...","og_url":"https:\/\/quehacerpolitico.mx\/?p=76966","article_published_time":"2021-03-08T18:10:31+00:00","og_image":[{"width":600,"height":401,"url":"https:\/\/quehacerpolitico.mx\/wp-content\/uploads\/2021\/03\/2B5424F0-8988-4DF4-9491-4F8EDBD202A0.jpeg","type":"image\/jpeg"}],"author":"Redacci\u00f3n QP","twitter_card":"summary_large_image","twitter_misc":{"Escrito por":"Redacci\u00f3n QP","Tiempo de lectura":"3 minutos"},"schema":{"@context":"https:\/\/schema.org","@graph":[{"@type":"Article","@id":"https:\/\/quehacerpolitico.mx\/?p=76966#article","isPartOf":{"@id":"https:\/\/quehacerpolitico.mx\/?p=76966"},"author":{"name":"Redacci\u00f3n QP","@id":"https:\/\/quehacerpolitico.mx\/#\/schema\/person\/496d8ad2d1d3f8036101dca7ee39e585"},"headline":"Muere Ricardo Gonz\u00e1lez, \u2018Cepill\u00edn\u2019","datePublished":"2021-03-08T18:10:31+00:00","mainEntityOfPage":{"@id":"https:\/\/quehacerpolitico.mx\/?p=76966"},"wordCount":657,"commentCount":0,"image":{"@id":"https:\/\/quehacerpolitico.mx\/?p=76966#primaryimage"},"thumbnailUrl":"https:\/\/quehacerpolitico.mx\/wp-content\/uploads\/2021\/03\/2B5424F0-8988-4DF4-9491-4F8EDBD202A0.jpeg","articleSection":["Cultura y Entretenimiento"],"inLanguage":"es","potentialAction":[{"@type":"CommentAction","name":"Comment","target":["https:\/\/quehacerpolitico.mx\/?p=76966#respond"]}]},{"@type":"WebPage","@id":"https:\/\/quehacerpolitico.mx\/?p=76966","url":"https:\/\/quehacerpolitico.mx\/?p=76966","name":"Muere Ricardo Gonz\u00e1lez, \u2018Cepill\u00edn\u2019 -","isPartOf":{"@id":"https:\/\/quehacerpolitico.mx\/#website"},"primaryImageOfPage":{"@id":"https:\/\/quehacerpolitico.mx\/?p=76966#primaryimage"},"image":{"@id":"https:\/\/quehacerpolitico.mx\/?p=76966#primaryimage"},"thumbnailUrl":"https:\/\/quehacerpolitico.mx\/wp-content\/uploads\/2021\/03\/2B5424F0-8988-4DF4-9491-4F8EDBD202A0.jpeg","datePublished":"2021-03-08T18:10:31+00:00","author":{"@id":"https:\/\/quehacerpolitico.mx\/#\/schema\/person\/496d8ad2d1d3f8036101dca7ee39e585"},"breadcrumb":{"@id":"https:\/\/quehacerpolitico.mx\/?p=76966#breadcrumb"},"inLanguage":"es","potentialAction":[{"@type":"ReadAction","target":["https:\/\/quehacerpolitico.mx\/?p=76966"]}]},{"@type":"ImageObject","inLanguage":"es","@id":"https:\/\/quehacerpolitico.mx\/?p=76966#primaryimage","url":"https:\/\/quehacerpolitico.mx\/wp-content\/uploads\/2021\/03\/2B5424F0-8988-4DF4-9491-4F8EDBD202A0.jpeg","contentUrl":"https:\/\/quehacerpolitico.mx\/wp-content\/uploads\/2021\/03\/2B5424F0-8988-4DF4-9491-4F8EDBD202A0.jpeg","width":600,"height":401},{"@type":"BreadcrumbList","@id":"https:\/\/quehacerpolitico.mx\/?p=76966#breadcrumb","itemListElement":[{"@type":"ListItem","position":1,"name":"Inicio","item":"https:\/\/quehacerpolitico.mx\/"},{"@type":"ListItem","position":2,"name":"Muere Ricardo Gonz\u00e1lez, \u2018Cepill\u00edn\u2019"}]},{"@type":"WebSite","@id":"https:\/\/quehacerpolitico.mx\/#website","url":"https:\/\/quehacerpolitico.mx\/","name":"","description":"","potentialAction":[{"@type":"SearchAction","target":{"@type":"EntryPoint","urlTemplate":"https:\/\/quehacerpolitico.mx\/?s={search_term_string}"},"query-input":{"@type":"PropertyValueSpecification","valueRequired":true,"valueName":"search_term_string"}}],"inLanguage":"es"},{"@type":"Person","@id":"https:\/\/quehacerpolitico.mx\/#\/schema\/person\/496d8ad2d1d3f8036101dca7ee39e585","name":"Redacci\u00f3n QP","image":{"@type":"ImageObject","inLanguage":"es","@id":"https:\/\/secure.gravatar.com\/avatar\/c7164ed6fdec453195284ad24a5ae5b6e1eed2b848477fa2a4787ba9adf39a41?s=96&d=mm&r=g","url":"https:\/\/secure.gravatar.com\/avatar\/c7164ed6fdec453195284ad24a5ae5b6e1eed2b848477fa2a4787ba9adf39a41?s=96&d=mm&r=g","contentUrl":"https:\/\/secure.gravatar.com\/avatar\/c7164ed6fdec453195284ad24a5ae5b6e1eed2b848477fa2a4787ba9adf39a41?s=96&d=mm&r=g","caption":"Redacci\u00f3n QP"},"url":"https:\/\/quehacerpolitico.mx\/?author=2"}]}},"featured_image_urls":{"full":["https:\/\/quehacerpolitico.mx\/wp-content\/uploads\/2021\/03\/2B5424F0-8988-4DF4-9491-4F8EDBD202A0.jpeg",600,401,false],"thumbnail":["https:\/\/quehacerpolitico.mx\/wp-content\/uploads\/2021\/03\/2B5424F0-8988-4DF4-9491-4F8EDBD202A0-150x150.jpeg",150,150,true],"medium":["https:\/\/quehacerpolitico.mx\/wp-content\/uploads\/2021\/03\/2B5424F0-8988-4DF4-9491-4F8EDBD202A0-300x201.jpeg",300,201,true],"medium_large":["https:\/\/quehacerpolitico.mx\/wp-content\/uploads\/2021\/03\/2B5424F0-8988-4DF4-9491-4F8EDBD202A0.jpeg",600,401,false],"large":["https:\/\/quehacerpolitico.mx\/wp-content\/uploads\/2021\/03\/2B5424F0-8988-4DF4-9491-4F8EDBD202A0.jpeg",600,401,false],"1536x1536":["https:\/\/quehacerpolitico.mx\/wp-content\/uploads\/2021\/03\/2B5424F0-8988-4DF4-9491-4F8EDBD202A0.jpeg",600,401,false],"2048x2048":["https:\/\/quehacerpolitico.mx\/wp-content\/uploads\/2021\/03\/2B5424F0-8988-4DF4-9491-4F8EDBD202A0.jpeg",600,401,false],"covernews-featured":["https:\/\/quehacerpolitico.mx\/wp-content\/uploads\/2021\/03\/2B5424F0-8988-4DF4-9491-4F8EDBD202A0.jpeg",600,401,false],"covernews-medium":["https:\/\/quehacerpolitico.mx\/wp-content\/uploads\/2021\/03\/2B5424F0-8988-4DF4-9491-4F8EDBD202A0.jpeg",509,340,false]},"author_info":{"display_name":"Redacci\u00f3n QP","author_link":"https:\/\/quehacerpolitico.mx\/?author=2"},"category_info":"<a href=\"https:\/\/quehacerpolitico.mx\/?cat=58\" rel=\"category\">Cultura y Entretenimiento<\/a>","tag_info":"Cultura y Entretenimiento","comment_count":"0","_links":{"self":[{"href":"https:\/\/quehacerpolitico.mx\/index.php?rest_route=\/wp\/v2\/posts\/76966","targetHints":{"allow":["GET"]}}],"collection":[{"href":"https:\/\/quehacerpolitico.mx\/index.php?rest_route=\/wp\/v2\/posts"}],"about":[{"href":"https:\/\/quehacerpolitico.mx\/index.php?rest_route=\/wp\/v2\/types\/post"}],"author":[{"embeddable":true,"href":"https:\/\/quehacerpolitico.mx\/index.php?rest_route=\/wp\/v2\/users\/2"}],"replies":[{"embeddable":true,"href":"https:\/\/quehacerpolitico.mx\/index.php?rest_route=%2Fwp%2Fv2%2Fcomments&post=76966"}],"version-history":[{"count":0,"href":"https:\/\/quehacerpolitico.mx\/index.php?rest_route=\/wp\/v2\/posts\/76966\/revisions"}],"wp:featuredmedia":[{"embeddable":true,"href":"https:\/\/quehacerpolitico.mx\/index.php?rest_route=\/wp\/v2\/media\/76969"}],"wp:attachment":[{"href":"https:\/\/quehacerpolitico.mx\/index.php?rest_route=%2Fwp%2Fv2%2Fmedia&parent=76966"}],"wp:term":[{"taxonomy":"category","embeddable":true,"href":"https:\/\/quehacerpolitico.mx\/index.php?rest_route=%2Fwp%2Fv2%2Fcategories&post=76966"},{"taxonomy":"post_tag","embeddable":true,"href":"https:\/\/quehacerpolitico.mx\/index.php?rest_route=%2Fwp%2Fv2%2Ftags&post=76966"}],"curies":[{"name":"wp","href":"https:\/\/api.w.org\/{rel}","templated":true}]}}