{"id":76960,"date":"2021-03-08T16:23:54","date_gmt":"2021-03-08T16:23:54","guid":{"rendered":"https:\/\/quehacerpolitico.mx\/?p=76960"},"modified":"2021-03-08T16:23:54","modified_gmt":"2021-03-08T16:23:54","slug":"foto-de-nina-frente-vallas-en-palacio-nacional-se-viraliza-en-redes","status":"publish","type":"post","link":"https:\/\/quehacerpolitico.mx\/?p=76960","title":{"rendered":"Foto de ni\u00f1a frente a vallas en Palacio Nacional se viraliza en redes"},"content":{"rendered":"<h1>Foto de ni\u00f1a frente a vallas en Palacio Nacional se viraliza en redes<br \/>\nPor Redacci\u00f3n QP<\/h1>\n<p>En la imagen se puede apreciar a una ni\u00f1a corriendo con lo que parece ser un papalote y de fondo se ven las vallas instaladas frente a Palacio Nacional<\/p>\n<p>La foto de una ni\u00f1a de la <strong>agencia Cuartoscuro<\/strong>corriendo frente a las vallas que se instalaron en Palacio Nacional para resguardar el edificio por la marcha de mujeres, prevista para este lunes 8 de marzo de 2021, se viraliz\u00f3 en<strong> redes sociales.<\/strong><\/p>\n<p>En la imagen se puede apreciar a una ni\u00f1a corriendo con lo que parece ser un papalote y de fondo se ven las vallas instaladas frente a Palacio Nacional, con los nombres de fallecidas por feminicidios en M\u00e9xico, que pintaron grupos feministas.<\/p>\n<p>Pintan vallas de Palacio Nacional con nombres de mujeres v\u00edctimas de violencia<\/p>\n<p>Los nombres de mujeres v\u00edctimas de violencia fueron pintados muy tarde el s\u00e1bado en las vallas met\u00e1licas levantadas alrededor del Palacio Nacional, sede del poder en M\u00e9xico, que fueron usadas por feministas como un improvisado lienzo para visibilizar su movimiento.<\/p>\n<blockquote class=\"twitter-tweet\" data-width=\"550\" data-dnt=\"true\">\n<p lang=\"es\" dir=\"ltr\">Gran foto de Andrea Murcia-Cuartoscuro. <a href=\"https:\/\/t.co\/GLEZCdDDFC\">pic.twitter.com\/GLEZCdDDFC<\/a><\/p>\n<p>&mdash; Gabriela Lara (@glaratorres) <a href=\"https:\/\/twitter.com\/glaratorres\/status\/1368689794314735620?ref_src=twsrc%5Etfw\">March 7, 2021<\/a><\/p><\/blockquote>\n<p><script async src=\"https:\/\/platform.twitter.com\/widgets.js\" charset=\"utf-8\"><\/script><\/p>\n<p>Cerca de la fachada del edificio colonial y desde el que despacha el presidente Andr\u00e9s Manuel L\u00f3pez Obrador, activistas escribieron: \u201cV\u00edctimas del feminicidio\u201d en letras enormes en la parte superior de las barreras, con los nombres de muchas mujeres abajo y que llenaron las vallas que dan hacia la enorme plaza Z\u00f3calo, en el coraz\u00f3n de la capital.<\/p>\n<blockquote><p>\u201cEs fundamental que est\u00e9n escritos porque la lucha es por ellas. Nosotras lo que queremos es pedir justicia y que la gente entienda y que el presidente, que vive aqu\u00ed, sepan que estamos luchando porque nos est\u00e1n matando\u201d, dijo la activista Marcela, frente a la valla con los nombres.<\/p><\/blockquote>\n<blockquote class=\"twitter-tweet\" data-width=\"550\" data-dnt=\"true\">\n<p lang=\"es\" dir=\"ltr\">\u00bfPol\u00edtica contra un Gobierno v\/s visi\u00f3n del ciudadano de a pie?<\/p>\n<p>El tiempo siempre pone todo en su lugar.<\/p>\n<p>Felicidades por tus fotos Andrea Murcia <a href=\"https:\/\/twitter.com\/Usagii_ko?ref_src=twsrc%5Etfw\">@usagii_ko<\/a>, ojal\u00e1 y en <a href=\"https:\/\/twitter.com\/A_Cuartoscuro?ref_src=twsrc%5Etfw\">@A_Cuartoscuro<\/a> tambi\u00e9n aprecien tus hermosas gr\u00e1ficas \ud83c\udf1f <a href=\"https:\/\/t.co\/72oqfALsPZ\">pic.twitter.com\/72oqfALsPZ<\/a><\/p>\n<p>&mdash; Carlos Guzm\u00e1n Mart\u00edn (@asiesguzmanm) <a href=\"https:\/\/twitter.com\/asiesguzmanm\/status\/1368742056718385152?ref_src=twsrc%5Etfw\">March 8, 2021<\/a><\/p><\/blockquote>\n<p><script async src=\"https:\/\/platform.twitter.com\/widgets.js\" charset=\"utf-8\"><\/script><\/p>\n<p>El s\u00e1bado, L\u00f3pez Obrador describi\u00f3 la enorme barrera de tres metros de alto como una herramienta necesaria para evitar a provocadores y proteger el edificio hist\u00f3rico del vandalismo, previo a la marcha prevista el lunes para conmemorar el D\u00eda Internacional de la Mujer.<\/p>\n<p>El veterano l\u00edder insisti\u00f3 en un video divulgado el domingo que siempre ha cre\u00eddo en la igualdad de g\u00e9nero y volvi\u00f3 a arremeter contra los que calific\u00f3 de conservadores que pretenden atacar a su gobierno, en respuesta a las m\u00faltiples cr\u00edticas que ha recibido por blindar el Palacio Nacional.<\/p>\n<p>\u201cNo soy machista, yo estoy al favor del derecho de las mujeres, yo estoy al favor de la igualdad\u201d, dijo el mandatario.<\/p>\n<p>Barreras met\u00e1licas similares se erigieron alrededor del Palacio de Bellas Artes, incluyendo sus alt\u00edsimas esculturas de bronce, mientras autoridades capitalinas anunciaron que desplegar\u00e1n polic\u00edas en el centro de la ciudad para proteger a las manifestantes y los monumentos, incluyendo a unas 2,000 mujeres polic\u00edas.<\/p>\n","protected":false},"excerpt":{"rendered":"<p>Foto de ni\u00f1a frente a vallas en Palacio Nacional se viraliza en redes Por Redacci\u00f3n&#8230;<\/p>\n","protected":false},"author":2,"featured_media":76964,"comment_status":"open","ping_status":"open","sticky":false,"template":"","format":"standard","meta":{"_monsterinsights_skip_tracking":false,"_monsterinsights_sitenote_active":false,"_monsterinsights_sitenote_note":"","_monsterinsights_sitenote_category":0,"footnotes":""},"categories":[2],"tags":[],"class_list":["post-76960","post","type-post","status-publish","format-standard","has-post-thumbnail","hentry","category-noticias"],"yoast_head":"<!-- This site is optimized with the Yoast SEO plugin v27.3 - https:\/\/yoast.com\/product\/yoast-seo-wordpress\/ -->\n<title>Foto de ni\u00f1a frente a vallas en Palacio Nacional se viraliza en redes -<\/title>\n<meta name=\"robots\" content=\"index, follow, max-snippet:-1, max-image-preview:large, max-video-preview:-1\" \/>\n<link rel=\"canonical\" href=\"https:\/\/quehacerpolitico.mx\/?p=76960\" \/>\n<meta property=\"og:locale\" content=\"es_MX\" \/>\n<meta property=\"og:type\" content=\"article\" \/>\n<meta property=\"og:title\" content=\"Foto de ni\u00f1a frente a vallas en Palacio Nacional se viraliza en redes -\" \/>\n<meta property=\"og:description\" content=\"Foto de ni\u00f1a frente a vallas en Palacio Nacional se viraliza en redes Por Redacci\u00f3n...\" \/>\n<meta property=\"og:url\" content=\"https:\/\/quehacerpolitico.mx\/?p=76960\" \/>\n<meta property=\"article:published_time\" content=\"2021-03-08T16:23:54+00:00\" \/>\n<meta property=\"og:image\" content=\"https:\/\/quehacerpolitico.mx\/wp-content\/uploads\/2021\/03\/9F666679-204F-4929-8FA4-52D43408064D.jpeg\" \/>\n\t<meta property=\"og:image:width\" content=\"567\" \/>\n\t<meta property=\"og:image:height\" content=\"389\" \/>\n\t<meta property=\"og:image:type\" content=\"image\/jpeg\" \/>\n<meta name=\"author\" content=\"Redacci\u00f3n QP\" \/>\n<meta name=\"twitter:card\" content=\"summary_large_image\" \/>\n<meta name=\"twitter:label1\" content=\"Escrito por\" \/>\n\t<meta name=\"twitter:data1\" content=\"Redacci\u00f3n QP\" \/>\n\t<meta name=\"twitter:label2\" content=\"Tiempo de lectura\" \/>\n\t<meta name=\"twitter:data2\" content=\"2 minutos\" \/>\n<script type=\"application\/ld+json\" class=\"yoast-schema-graph\">{\"@context\":\"https:\\\/\\\/schema.org\",\"@graph\":[{\"@type\":\"Article\",\"@id\":\"https:\\\/\\\/quehacerpolitico.mx\\\/?p=76960#article\",\"isPartOf\":{\"@id\":\"https:\\\/\\\/quehacerpolitico.mx\\\/?p=76960\"},\"author\":{\"name\":\"Redacci\u00f3n QP\",\"@id\":\"https:\\\/\\\/quehacerpolitico.mx\\\/#\\\/schema\\\/person\\\/496d8ad2d1d3f8036101dca7ee39e585\"},\"headline\":\"Foto de ni\u00f1a frente a vallas en Palacio Nacional se viraliza en redes\",\"datePublished\":\"2021-03-08T16:23:54+00:00\",\"mainEntityOfPage\":{\"@id\":\"https:\\\/\\\/quehacerpolitico.mx\\\/?p=76960\"},\"wordCount\":501,\"commentCount\":0,\"image\":{\"@id\":\"https:\\\/\\\/quehacerpolitico.mx\\\/?p=76960#primaryimage\"},\"thumbnailUrl\":\"https:\\\/\\\/quehacerpolitico.mx\\\/wp-content\\\/uploads\\\/2021\\\/03\\\/9F666679-204F-4929-8FA4-52D43408064D.jpeg\",\"articleSection\":[\"Noticias\"],\"inLanguage\":\"es\",\"potentialAction\":[{\"@type\":\"CommentAction\",\"name\":\"Comment\",\"target\":[\"https:\\\/\\\/quehacerpolitico.mx\\\/?p=76960#respond\"]}]},{\"@type\":\"WebPage\",\"@id\":\"https:\\\/\\\/quehacerpolitico.mx\\\/?p=76960\",\"url\":\"https:\\\/\\\/quehacerpolitico.mx\\\/?p=76960\",\"name\":\"Foto de ni\u00f1a frente a vallas en Palacio Nacional se viraliza en redes -\",\"isPartOf\":{\"@id\":\"https:\\\/\\\/quehacerpolitico.mx\\\/#website\"},\"primaryImageOfPage\":{\"@id\":\"https:\\\/\\\/quehacerpolitico.mx\\\/?p=76960#primaryimage\"},\"image\":{\"@id\":\"https:\\\/\\\/quehacerpolitico.mx\\\/?p=76960#primaryimage\"},\"thumbnailUrl\":\"https:\\\/\\\/quehacerpolitico.mx\\\/wp-content\\\/uploads\\\/2021\\\/03\\\/9F666679-204F-4929-8FA4-52D43408064D.jpeg\",\"datePublished\":\"2021-03-08T16:23:54+00:00\",\"author\":{\"@id\":\"https:\\\/\\\/quehacerpolitico.mx\\\/#\\\/schema\\\/person\\\/496d8ad2d1d3f8036101dca7ee39e585\"},\"breadcrumb\":{\"@id\":\"https:\\\/\\\/quehacerpolitico.mx\\\/?p=76960#breadcrumb\"},\"inLanguage\":\"es\",\"potentialAction\":[{\"@type\":\"ReadAction\",\"target\":[\"https:\\\/\\\/quehacerpolitico.mx\\\/?p=76960\"]}]},{\"@type\":\"ImageObject\",\"inLanguage\":\"es\",\"@id\":\"https:\\\/\\\/quehacerpolitico.mx\\\/?p=76960#primaryimage\",\"url\":\"https:\\\/\\\/quehacerpolitico.mx\\\/wp-content\\\/uploads\\\/2021\\\/03\\\/9F666679-204F-4929-8FA4-52D43408064D.jpeg\",\"contentUrl\":\"https:\\\/\\\/quehacerpolitico.mx\\\/wp-content\\\/uploads\\\/2021\\\/03\\\/9F666679-204F-4929-8FA4-52D43408064D.jpeg\",\"width\":567,\"height\":389},{\"@type\":\"BreadcrumbList\",\"@id\":\"https:\\\/\\\/quehacerpolitico.mx\\\/?p=76960#breadcrumb\",\"itemListElement\":[{\"@type\":\"ListItem\",\"position\":1,\"name\":\"Inicio\",\"item\":\"https:\\\/\\\/quehacerpolitico.mx\\\/\"},{\"@type\":\"ListItem\",\"position\":2,\"name\":\"Foto de ni\u00f1a frente a vallas en Palacio Nacional se viraliza en redes\"}]},{\"@type\":\"WebSite\",\"@id\":\"https:\\\/\\\/quehacerpolitico.mx\\\/#website\",\"url\":\"https:\\\/\\\/quehacerpolitico.mx\\\/\",\"name\":\"\",\"description\":\"\",\"potentialAction\":[{\"@type\":\"SearchAction\",\"target\":{\"@type\":\"EntryPoint\",\"urlTemplate\":\"https:\\\/\\\/quehacerpolitico.mx\\\/?s={search_term_string}\"},\"query-input\":{\"@type\":\"PropertyValueSpecification\",\"valueRequired\":true,\"valueName\":\"search_term_string\"}}],\"inLanguage\":\"es\"},{\"@type\":\"Person\",\"@id\":\"https:\\\/\\\/quehacerpolitico.mx\\\/#\\\/schema\\\/person\\\/496d8ad2d1d3f8036101dca7ee39e585\",\"name\":\"Redacci\u00f3n QP\",\"image\":{\"@type\":\"ImageObject\",\"inLanguage\":\"es\",\"@id\":\"https:\\\/\\\/secure.gravatar.com\\\/avatar\\\/c7164ed6fdec453195284ad24a5ae5b6e1eed2b848477fa2a4787ba9adf39a41?s=96&d=mm&r=g\",\"url\":\"https:\\\/\\\/secure.gravatar.com\\\/avatar\\\/c7164ed6fdec453195284ad24a5ae5b6e1eed2b848477fa2a4787ba9adf39a41?s=96&d=mm&r=g\",\"contentUrl\":\"https:\\\/\\\/secure.gravatar.com\\\/avatar\\\/c7164ed6fdec453195284ad24a5ae5b6e1eed2b848477fa2a4787ba9adf39a41?s=96&d=mm&r=g\",\"caption\":\"Redacci\u00f3n QP\"},\"url\":\"https:\\\/\\\/quehacerpolitico.mx\\\/?author=2\"}]}<\/script>\n<!-- \/ Yoast SEO plugin. -->","yoast_head_json":{"title":"Foto de ni\u00f1a frente a vallas en Palacio Nacional se viraliza en redes -","robots":{"index":"index","follow":"follow","max-snippet":"max-snippet:-1","max-image-preview":"max-image-preview:large","max-video-preview":"max-video-preview:-1"},"canonical":"https:\/\/quehacerpolitico.mx\/?p=76960","og_locale":"es_MX","og_type":"article","og_title":"Foto de ni\u00f1a frente a vallas en Palacio Nacional se viraliza en redes -","og_description":"Foto de ni\u00f1a frente a vallas en Palacio Nacional se viraliza en redes Por Redacci\u00f3n...","og_url":"https:\/\/quehacerpolitico.mx\/?p=76960","article_published_time":"2021-03-08T16:23:54+00:00","og_image":[{"width":567,"height":389,"url":"https:\/\/quehacerpolitico.mx\/wp-content\/uploads\/2021\/03\/9F666679-204F-4929-8FA4-52D43408064D.jpeg","type":"image\/jpeg"}],"author":"Redacci\u00f3n QP","twitter_card":"summary_large_image","twitter_misc":{"Escrito por":"Redacci\u00f3n QP","Tiempo de lectura":"2 minutos"},"schema":{"@context":"https:\/\/schema.org","@graph":[{"@type":"Article","@id":"https:\/\/quehacerpolitico.mx\/?p=76960#article","isPartOf":{"@id":"https:\/\/quehacerpolitico.mx\/?p=76960"},"author":{"name":"Redacci\u00f3n QP","@id":"https:\/\/quehacerpolitico.mx\/#\/schema\/person\/496d8ad2d1d3f8036101dca7ee39e585"},"headline":"Foto de ni\u00f1a frente a vallas en Palacio Nacional se viraliza en redes","datePublished":"2021-03-08T16:23:54+00:00","mainEntityOfPage":{"@id":"https:\/\/quehacerpolitico.mx\/?p=76960"},"wordCount":501,"commentCount":0,"image":{"@id":"https:\/\/quehacerpolitico.mx\/?p=76960#primaryimage"},"thumbnailUrl":"https:\/\/quehacerpolitico.mx\/wp-content\/uploads\/2021\/03\/9F666679-204F-4929-8FA4-52D43408064D.jpeg","articleSection":["Noticias"],"inLanguage":"es","potentialAction":[{"@type":"CommentAction","name":"Comment","target":["https:\/\/quehacerpolitico.mx\/?p=76960#respond"]}]},{"@type":"WebPage","@id":"https:\/\/quehacerpolitico.mx\/?p=76960","url":"https:\/\/quehacerpolitico.mx\/?p=76960","name":"Foto de ni\u00f1a frente a vallas en Palacio Nacional se viraliza en redes -","isPartOf":{"@id":"https:\/\/quehacerpolitico.mx\/#website"},"primaryImageOfPage":{"@id":"https:\/\/quehacerpolitico.mx\/?p=76960#primaryimage"},"image":{"@id":"https:\/\/quehacerpolitico.mx\/?p=76960#primaryimage"},"thumbnailUrl":"https:\/\/quehacerpolitico.mx\/wp-content\/uploads\/2021\/03\/9F666679-204F-4929-8FA4-52D43408064D.jpeg","datePublished":"2021-03-08T16:23:54+00:00","author":{"@id":"https:\/\/quehacerpolitico.mx\/#\/schema\/person\/496d8ad2d1d3f8036101dca7ee39e585"},"breadcrumb":{"@id":"https:\/\/quehacerpolitico.mx\/?p=76960#breadcrumb"},"inLanguage":"es","potentialAction":[{"@type":"ReadAction","target":["https:\/\/quehacerpolitico.mx\/?p=76960"]}]},{"@type":"ImageObject","inLanguage":"es","@id":"https:\/\/quehacerpolitico.mx\/?p=76960#primaryimage","url":"https:\/\/quehacerpolitico.mx\/wp-content\/uploads\/2021\/03\/9F666679-204F-4929-8FA4-52D43408064D.jpeg","contentUrl":"https:\/\/quehacerpolitico.mx\/wp-content\/uploads\/2021\/03\/9F666679-204F-4929-8FA4-52D43408064D.jpeg","width":567,"height":389},{"@type":"BreadcrumbList","@id":"https:\/\/quehacerpolitico.mx\/?p=76960#breadcrumb","itemListElement":[{"@type":"ListItem","position":1,"name":"Inicio","item":"https:\/\/quehacerpolitico.mx\/"},{"@type":"ListItem","position":2,"name":"Foto de ni\u00f1a frente a vallas en Palacio Nacional se viraliza en redes"}]},{"@type":"WebSite","@id":"https:\/\/quehacerpolitico.mx\/#website","url":"https:\/\/quehacerpolitico.mx\/","name":"","description":"","potentialAction":[{"@type":"SearchAction","target":{"@type":"EntryPoint","urlTemplate":"https:\/\/quehacerpolitico.mx\/?s={search_term_string}"},"query-input":{"@type":"PropertyValueSpecification","valueRequired":true,"valueName":"search_term_string"}}],"inLanguage":"es"},{"@type":"Person","@id":"https:\/\/quehacerpolitico.mx\/#\/schema\/person\/496d8ad2d1d3f8036101dca7ee39e585","name":"Redacci\u00f3n QP","image":{"@type":"ImageObject","inLanguage":"es","@id":"https:\/\/secure.gravatar.com\/avatar\/c7164ed6fdec453195284ad24a5ae5b6e1eed2b848477fa2a4787ba9adf39a41?s=96&d=mm&r=g","url":"https:\/\/secure.gravatar.com\/avatar\/c7164ed6fdec453195284ad24a5ae5b6e1eed2b848477fa2a4787ba9adf39a41?s=96&d=mm&r=g","contentUrl":"https:\/\/secure.gravatar.com\/avatar\/c7164ed6fdec453195284ad24a5ae5b6e1eed2b848477fa2a4787ba9adf39a41?s=96&d=mm&r=g","caption":"Redacci\u00f3n QP"},"url":"https:\/\/quehacerpolitico.mx\/?author=2"}]}},"featured_image_urls":{"full":["https:\/\/quehacerpolitico.mx\/wp-content\/uploads\/2021\/03\/9F666679-204F-4929-8FA4-52D43408064D.jpeg",567,389,false],"thumbnail":["https:\/\/quehacerpolitico.mx\/wp-content\/uploads\/2021\/03\/9F666679-204F-4929-8FA4-52D43408064D-150x150.jpeg",150,150,true],"medium":["https:\/\/quehacerpolitico.mx\/wp-content\/uploads\/2021\/03\/9F666679-204F-4929-8FA4-52D43408064D-300x206.jpeg",300,206,true],"medium_large":["https:\/\/quehacerpolitico.mx\/wp-content\/uploads\/2021\/03\/9F666679-204F-4929-8FA4-52D43408064D.jpeg",567,389,false],"large":["https:\/\/quehacerpolitico.mx\/wp-content\/uploads\/2021\/03\/9F666679-204F-4929-8FA4-52D43408064D.jpeg",567,389,false],"1536x1536":["https:\/\/quehacerpolitico.mx\/wp-content\/uploads\/2021\/03\/9F666679-204F-4929-8FA4-52D43408064D.jpeg",567,389,false],"2048x2048":["https:\/\/quehacerpolitico.mx\/wp-content\/uploads\/2021\/03\/9F666679-204F-4929-8FA4-52D43408064D.jpeg",567,389,false],"covernews-featured":["https:\/\/quehacerpolitico.mx\/wp-content\/uploads\/2021\/03\/9F666679-204F-4929-8FA4-52D43408064D.jpeg",567,389,false],"covernews-medium":["https:\/\/quehacerpolitico.mx\/wp-content\/uploads\/2021\/03\/9F666679-204F-4929-8FA4-52D43408064D.jpeg",496,340,false]},"author_info":{"display_name":"Redacci\u00f3n QP","author_link":"https:\/\/quehacerpolitico.mx\/?author=2"},"category_info":"<a href=\"https:\/\/quehacerpolitico.mx\/?cat=2\" rel=\"category\">Noticias<\/a>","tag_info":"Noticias","comment_count":"0","_links":{"self":[{"href":"https:\/\/quehacerpolitico.mx\/index.php?rest_route=\/wp\/v2\/posts\/76960","targetHints":{"allow":["GET"]}}],"collection":[{"href":"https:\/\/quehacerpolitico.mx\/index.php?rest_route=\/wp\/v2\/posts"}],"about":[{"href":"https:\/\/quehacerpolitico.mx\/index.php?rest_route=\/wp\/v2\/types\/post"}],"author":[{"embeddable":true,"href":"https:\/\/quehacerpolitico.mx\/index.php?rest_route=\/wp\/v2\/users\/2"}],"replies":[{"embeddable":true,"href":"https:\/\/quehacerpolitico.mx\/index.php?rest_route=%2Fwp%2Fv2%2Fcomments&post=76960"}],"version-history":[{"count":0,"href":"https:\/\/quehacerpolitico.mx\/index.php?rest_route=\/wp\/v2\/posts\/76960\/revisions"}],"wp:featuredmedia":[{"embeddable":true,"href":"https:\/\/quehacerpolitico.mx\/index.php?rest_route=\/wp\/v2\/media\/76964"}],"wp:attachment":[{"href":"https:\/\/quehacerpolitico.mx\/index.php?rest_route=%2Fwp%2Fv2%2Fmedia&parent=76960"}],"wp:term":[{"taxonomy":"category","embeddable":true,"href":"https:\/\/quehacerpolitico.mx\/index.php?rest_route=%2Fwp%2Fv2%2Fcategories&post=76960"},{"taxonomy":"post_tag","embeddable":true,"href":"https:\/\/quehacerpolitico.mx\/index.php?rest_route=%2Fwp%2Fv2%2Ftags&post=76960"}],"curies":[{"name":"wp","href":"https:\/\/api.w.org\/{rel}","templated":true}]}}