{"id":76944,"date":"2021-03-07T03:18:18","date_gmt":"2021-03-07T03:18:18","guid":{"rendered":"https:\/\/quehacerpolitico.mx\/?p=76944"},"modified":"2021-03-07T03:18:18","modified_gmt":"2021-03-07T03:18:18","slug":"la-cifra-hoy-en-mexico-ya-en-190-mil-357-muertos-confirmados-por-covid-19","status":"publish","type":"post","link":"https:\/\/quehacerpolitico.mx\/?p=76944","title":{"rendered":"La cifra hoy en Mexico ya en 190 mil 357 muertos confirmados por COVID-19"},"content":{"rendered":"<h1>La cifra hoy en Mexico ya en 190 mil 357 muertos confirmados por COVID-19<br \/>\nPor Redacci\u00f3n QP<\/h1>\n<p>Las autoridades de Salud dieron a conocer que M\u00e9xico ya acumula 190 mil 357 muertos y 2 millones 125 mil 866 casos confirmados por COVID-19<\/p>\n<p>Las autoridades de Salud dieron a conocer, la noche del s\u00e1bado 6 de marzo de 2021, que M\u00e9xico ya acumula 190 mil 357 muertos por COVID-19<\/p>\n<blockquote class=\"twitter-tweet\" data-width=\"550\" data-dnt=\"true\">\n<p lang=\"es\" dir=\"ltr\">Comunicado T\u00e9cnico Diario: Nuevo Coronavirus en el Mundo <a href=\"https:\/\/twitter.com\/hashtag\/COVID19?src=hash&amp;ref_src=twsrc%5Etfw\">#COVID19<\/a> | 6 de marzo de 2021<\/p>\n<p>\u27a1\ufe0f <a href=\"https:\/\/t.co\/UR0qs4HJ4R\">https:\/\/t.co\/UR0qs4HJ4R<\/a> <a href=\"https:\/\/t.co\/3cpf4UOF8B\">pic.twitter.com\/3cpf4UOF8B<\/a><\/p>\n<p>&mdash; SALUD M\u00e9xico (@SSalud_mx) <a href=\"https:\/\/twitter.com\/SSalud_mx\/status\/1368386785630359557?ref_src=twsrc%5Etfw\">March 7, 2021<\/a><\/p><\/blockquote>\n<p><script async src=\"https:\/\/platform.twitter.com\/widgets.js\" charset=\"utf-8\"><\/script><\/p>\n<p>M\u00e9xico acumula 2 millones 125 mil 866 <strong>casos confirmados<\/strong>, los negativos a 3 millones 043 mil 106, mientras que <strong>las personas recuperadas<\/strong> y se sit\u00faan en 5 millones 608 mil 961.<\/p>\n<p>Los <strong>sospechosos<\/strong> totales son 439 mil 995.<\/p>\n<h2><b>Casos estimados<\/b><\/h2>\n<p>Los <strong>casos estimados acumulados<\/strong> ascender\u00edan a 2 millones 320 mil 836, de los cuales 50 mil 460 seguir\u00edan activos.<\/p>\n<p>Las <strong>personas recuperadas<\/strong> ya alcanzaron 1 mill\u00f3n 666 mil 658.<\/p>\n<p>Hasta el momento se han completado 603 mil 447 esquemas de<strong> vacunaci\u00f3n COVID<\/strong>.<\/p>\n<h2><b>Ocupaci\u00f3n hospitalaria<\/b><\/h2>\n<p>La ocupaci\u00f3n de camas de hospitalizaci\u00f3n general y de camas con ventilador es del 29% a nivel nacional.<\/p>\n<p>La ocupaci\u00f3n de <strong>camas de hospitalizaci\u00f3n general<\/strong> es del 28% a nivel nacional, al haber disponibles 23 mil 209 camas de las 32 mil 100 con las que se cuenta.<\/p>\n<p>La mayor ocupaci\u00f3n de camas de hospitalizaci\u00f3n general se registra en la <strong>Ciudad de M\u00e9xico<\/strong> con el 52% y Puebla con el 50%.<\/p>\n<p>La ocupaci\u00f3n de <strong>camas con ventilador<\/strong> es del 31% a nivel nacional, al haber libres 7 mil 880 camas de las 11 mil 445 reportadas.<\/p>\n<p>La Ciudad de M\u00e9xico registra una ocupaci\u00f3n del 58% en camas con ventilador.<\/p>\n<blockquote class=\"twitter-tweet\" data-width=\"550\" data-dnt=\"true\">\n<p lang=\"es\" dir=\"ltr\">A nivel nacional, 72% de camas de hospitalizaci\u00f3n general est\u00e1n disponibles y 28% ocupadas. En camas con ventiladores, 69% est\u00e1n disponibles y 31% ocupadas. 2\/2 <a href=\"https:\/\/t.co\/TOyiuzWNEU\">pic.twitter.com\/TOyiuzWNEU<\/a><\/p>\n<p>&mdash; Hugo L\u00f3pez-Gatell Ram\u00edrez (@HLGatell) <a href=\"https:\/\/twitter.com\/HLGatell\/status\/1368369483136442368?ref_src=twsrc%5Etfw\">March 7, 2021<\/a><\/p><\/blockquote>\n<p><script async src=\"https:\/\/platform.twitter.com\/widgets.js\" charset=\"utf-8\"><\/script><\/p>\n<h2><b>Avance vacunaci\u00f3n<\/b><\/h2>\n<p>M\u00e9xico aplic\u00f3 el s\u00e1bado 6 de marzo, hasta las 16:00 horas, un total de 24 mil 976 dosis de la vacuna COVID.<\/p>\n<p>Hasta el momento se han aplicado 2 millones 765 mil 805 vacunas y se han perdido solo 2,023.<\/p>\n<p>M\u00e9xico ha recibido un total de 4 millones 691 mil 775 dosis de vacunas, de las cuales 2 millones 621 mil 775 corresponden a Pfizer, 1 mill\u00f3n a SinoVac, 870 mil a AstraZeneca y 200 mil en Sputnik V.<\/p>\n<blockquote class=\"twitter-tweet\" data-width=\"550\" data-dnt=\"true\">\n<p lang=\"es\" dir=\"ltr\">Este 06 de marzo se reportaron 24,976 dosis aplicadas de la vacuna contra <a href=\"https:\/\/twitter.com\/hashtag\/COVID19?src=hash&amp;ref_src=twsrc%5Etfw\">#COVID19<\/a>.<\/p>\n<p>Hasta este d\u00eda suman 2,765,805 dosis aplicadas en M\u00e9xico. <a href=\"https:\/\/t.co\/DfiFwxE3s5\">pic.twitter.com\/DfiFwxE3s5<\/a><\/p>\n<p>&mdash; Hugo L\u00f3pez-Gatell Ram\u00edrez (@HLGatell) <a href=\"https:\/\/twitter.com\/HLGatell\/status\/1368377107303198721?ref_src=twsrc%5Etfw\">March 7, 2021<\/a><\/p><\/blockquote>\n<p><script async src=\"https:\/\/platform.twitter.com\/widgets.js\" charset=\"utf-8\"><\/script><\/p>\n<h2><b>Vacunaci\u00f3n por sector de la poblaci\u00f3n<\/b><\/h2>\n<p><b>Personal de salud<\/b><\/p>\n<p>Entre el personal de salud se han aplicado 801 mil 123 primeras dosis y 586 mil 018 segundas dosis.<\/p>\n<p><b>Personal educativo<\/b><\/p>\n<p>Entre el personal educativo de Campeche se han aplicado 17 mil 463 primeras dosis y 17 mil 429 segundas dosis.<\/p>\n<p><b>Adultos mayores<\/b><\/p>\n<p>Entre los adultos mayores se han aplicado 1 mill\u00f3n 343 mil 772 primeras dosis.<\/p>\n<blockquote class=\"twitter-tweet\" data-width=\"550\" data-dnt=\"true\">\n<p lang=\"es\" dir=\"ltr\">Comunicado T\u00e9cnico Diario: Nuevo Coronavirus en el Mundo <a href=\"https:\/\/twitter.com\/hashtag\/COVID19?src=hash&amp;ref_src=twsrc%5Etfw\">#COVID19<\/a> | 6 de marzo de 2021<\/p>\n<p>\u27a1\ufe0f <a href=\"https:\/\/t.co\/UR0qs4HJ4R\">https:\/\/t.co\/UR0qs4HJ4R<\/a> <a href=\"https:\/\/t.co\/zevGmojJ1i\">pic.twitter.com\/zevGmojJ1i<\/a><\/p>\n<p>&mdash; SALUD M\u00e9xico (@SSalud_mx) <a href=\"https:\/\/twitter.com\/SSalud_mx\/status\/1368383798568771585?ref_src=twsrc%5Etfw\">March 7, 2021<\/a><\/p><\/blockquote>\n<p><script async src=\"https:\/\/platform.twitter.com\/widgets.js\" charset=\"utf-8\"><\/script><\/p>\n<p><b>Reacciones al\u00e9rgicas<\/b><\/p>\n<p>M\u00e9xico acumula 10 mil 861 reacciones al\u00e9rgicas, de las cuales 10 mil 501 corresponden a la vacuna Pfizer, 336 a AstraZeneca, 23 a Sputnik V y 1 a SinoVac.<\/p>\n<p>Del total de reacciones al\u00e9rgicas, solo 66 han sido graves, de las cuales 54 fueron de Pfizer, 11 de AstraZeneca y 1 de Sputnik V.<\/p>\n<p>De los 66 casos graves, un total de 49 ya fueron dados de alta y 17 siguen hospitalizados.<\/p>\n<blockquote class=\"twitter-tweet\" data-width=\"550\" data-dnt=\"true\">\n<p lang=\"es\" dir=\"ltr\">Conferencia de Prensa <a href=\"https:\/\/twitter.com\/hashtag\/COVID19?src=hash&amp;ref_src=twsrc%5Etfw\">#COVID19<\/a> | 6 de marzo de 2021 <a href=\"https:\/\/twitter.com\/hashtag\/GraciasPorCuidarnos?src=hash&amp;ref_src=twsrc%5Etfw\">#GraciasPorCuidarnos<\/a><a href=\"https:\/\/t.co\/zFFchrYWri\">https:\/\/t.co\/zFFchrYWri<\/a><\/p>\n<p>&mdash; SALUD M\u00e9xico (@SSalud_mx) <a href=\"https:\/\/twitter.com\/SSalud_mx\/status\/1368375659152748545?ref_src=twsrc%5Etfw\">March 7, 2021<\/a><\/p><\/blockquote>\n<p><script async src=\"https:\/\/platform.twitter.com\/widgets.js\" charset=\"utf-8\"><\/script><\/p>\n<p><em>Con informaci\u00f3n de la Secretar\u00eda de Salud<\/em><\/p>\n","protected":false},"excerpt":{"rendered":"<p>La cifra hoy en Mexico ya en 190 mil 357 muertos confirmados por COVID-19 Por&#8230;<\/p>\n","protected":false},"author":2,"featured_media":76948,"comment_status":"open","ping_status":"open","sticky":false,"template":"","format":"standard","meta":{"_monsterinsights_skip_tracking":false,"_monsterinsights_sitenote_active":false,"_monsterinsights_sitenote_note":"","_monsterinsights_sitenote_category":0,"footnotes":""},"categories":[2],"tags":[],"class_list":["post-76944","post","type-post","status-publish","format-standard","has-post-thumbnail","hentry","category-noticias"],"yoast_head":"<!-- This site is optimized with the Yoast SEO plugin v27.3 - https:\/\/yoast.com\/product\/yoast-seo-wordpress\/ -->\n<title>La cifra hoy en Mexico ya en 190 mil 357 muertos confirmados por COVID-19 -<\/title>\n<meta name=\"robots\" content=\"index, follow, max-snippet:-1, max-image-preview:large, max-video-preview:-1\" \/>\n<link rel=\"canonical\" href=\"https:\/\/quehacerpolitico.mx\/?p=76944\" \/>\n<meta property=\"og:locale\" content=\"es_MX\" \/>\n<meta property=\"og:type\" content=\"article\" \/>\n<meta property=\"og:title\" content=\"La cifra hoy en Mexico ya en 190 mil 357 muertos confirmados por COVID-19 -\" \/>\n<meta property=\"og:description\" content=\"La cifra hoy en Mexico ya en 190 mil 357 muertos confirmados por COVID-19 Por...\" \/>\n<meta property=\"og:url\" content=\"https:\/\/quehacerpolitico.mx\/?p=76944\" \/>\n<meta property=\"article:published_time\" content=\"2021-03-07T03:18:18+00:00\" \/>\n<meta property=\"og:image\" content=\"https:\/\/quehacerpolitico.mx\/wp-content\/uploads\/2021\/03\/9027CCA5-7964-4F78-A7A3-EF0BA60AB07E.jpeg\" \/>\n\t<meta property=\"og:image:width\" content=\"1280\" \/>\n\t<meta property=\"og:image:height\" content=\"853\" \/>\n\t<meta property=\"og:image:type\" content=\"image\/jpeg\" \/>\n<meta name=\"author\" content=\"Redacci\u00f3n QP\" \/>\n<meta name=\"twitter:card\" content=\"summary_large_image\" \/>\n<meta name=\"twitter:label1\" content=\"Escrito por\" \/>\n\t<meta name=\"twitter:data1\" content=\"Redacci\u00f3n QP\" \/>\n\t<meta name=\"twitter:label2\" content=\"Tiempo de lectura\" \/>\n\t<meta name=\"twitter:data2\" content=\"2 minutos\" \/>\n<script type=\"application\/ld+json\" class=\"yoast-schema-graph\">{\"@context\":\"https:\\\/\\\/schema.org\",\"@graph\":[{\"@type\":\"Article\",\"@id\":\"https:\\\/\\\/quehacerpolitico.mx\\\/?p=76944#article\",\"isPartOf\":{\"@id\":\"https:\\\/\\\/quehacerpolitico.mx\\\/?p=76944\"},\"author\":{\"name\":\"Redacci\u00f3n QP\",\"@id\":\"https:\\\/\\\/quehacerpolitico.mx\\\/#\\\/schema\\\/person\\\/496d8ad2d1d3f8036101dca7ee39e585\"},\"headline\":\"La cifra hoy en Mexico ya en 190 mil 357 muertos confirmados por COVID-19\",\"datePublished\":\"2021-03-07T03:18:18+00:00\",\"mainEntityOfPage\":{\"@id\":\"https:\\\/\\\/quehacerpolitico.mx\\\/?p=76944\"},\"wordCount\":481,\"commentCount\":0,\"image\":{\"@id\":\"https:\\\/\\\/quehacerpolitico.mx\\\/?p=76944#primaryimage\"},\"thumbnailUrl\":\"https:\\\/\\\/quehacerpolitico.mx\\\/wp-content\\\/uploads\\\/2021\\\/03\\\/9027CCA5-7964-4F78-A7A3-EF0BA60AB07E.jpeg\",\"articleSection\":[\"Noticias\"],\"inLanguage\":\"es\",\"potentialAction\":[{\"@type\":\"CommentAction\",\"name\":\"Comment\",\"target\":[\"https:\\\/\\\/quehacerpolitico.mx\\\/?p=76944#respond\"]}]},{\"@type\":\"WebPage\",\"@id\":\"https:\\\/\\\/quehacerpolitico.mx\\\/?p=76944\",\"url\":\"https:\\\/\\\/quehacerpolitico.mx\\\/?p=76944\",\"name\":\"La cifra hoy en Mexico ya en 190 mil 357 muertos confirmados por COVID-19 -\",\"isPartOf\":{\"@id\":\"https:\\\/\\\/quehacerpolitico.mx\\\/#website\"},\"primaryImageOfPage\":{\"@id\":\"https:\\\/\\\/quehacerpolitico.mx\\\/?p=76944#primaryimage\"},\"image\":{\"@id\":\"https:\\\/\\\/quehacerpolitico.mx\\\/?p=76944#primaryimage\"},\"thumbnailUrl\":\"https:\\\/\\\/quehacerpolitico.mx\\\/wp-content\\\/uploads\\\/2021\\\/03\\\/9027CCA5-7964-4F78-A7A3-EF0BA60AB07E.jpeg\",\"datePublished\":\"2021-03-07T03:18:18+00:00\",\"author\":{\"@id\":\"https:\\\/\\\/quehacerpolitico.mx\\\/#\\\/schema\\\/person\\\/496d8ad2d1d3f8036101dca7ee39e585\"},\"breadcrumb\":{\"@id\":\"https:\\\/\\\/quehacerpolitico.mx\\\/?p=76944#breadcrumb\"},\"inLanguage\":\"es\",\"potentialAction\":[{\"@type\":\"ReadAction\",\"target\":[\"https:\\\/\\\/quehacerpolitico.mx\\\/?p=76944\"]}]},{\"@type\":\"ImageObject\",\"inLanguage\":\"es\",\"@id\":\"https:\\\/\\\/quehacerpolitico.mx\\\/?p=76944#primaryimage\",\"url\":\"https:\\\/\\\/quehacerpolitico.mx\\\/wp-content\\\/uploads\\\/2021\\\/03\\\/9027CCA5-7964-4F78-A7A3-EF0BA60AB07E.jpeg\",\"contentUrl\":\"https:\\\/\\\/quehacerpolitico.mx\\\/wp-content\\\/uploads\\\/2021\\\/03\\\/9027CCA5-7964-4F78-A7A3-EF0BA60AB07E.jpeg\",\"width\":1280,\"height\":853},{\"@type\":\"BreadcrumbList\",\"@id\":\"https:\\\/\\\/quehacerpolitico.mx\\\/?p=76944#breadcrumb\",\"itemListElement\":[{\"@type\":\"ListItem\",\"position\":1,\"name\":\"Inicio\",\"item\":\"https:\\\/\\\/quehacerpolitico.mx\\\/\"},{\"@type\":\"ListItem\",\"position\":2,\"name\":\"La cifra hoy en Mexico ya en 190 mil 357 muertos confirmados por COVID-19\"}]},{\"@type\":\"WebSite\",\"@id\":\"https:\\\/\\\/quehacerpolitico.mx\\\/#website\",\"url\":\"https:\\\/\\\/quehacerpolitico.mx\\\/\",\"name\":\"\",\"description\":\"\",\"potentialAction\":[{\"@type\":\"SearchAction\",\"target\":{\"@type\":\"EntryPoint\",\"urlTemplate\":\"https:\\\/\\\/quehacerpolitico.mx\\\/?s={search_term_string}\"},\"query-input\":{\"@type\":\"PropertyValueSpecification\",\"valueRequired\":true,\"valueName\":\"search_term_string\"}}],\"inLanguage\":\"es\"},{\"@type\":\"Person\",\"@id\":\"https:\\\/\\\/quehacerpolitico.mx\\\/#\\\/schema\\\/person\\\/496d8ad2d1d3f8036101dca7ee39e585\",\"name\":\"Redacci\u00f3n QP\",\"image\":{\"@type\":\"ImageObject\",\"inLanguage\":\"es\",\"@id\":\"https:\\\/\\\/secure.gravatar.com\\\/avatar\\\/c7164ed6fdec453195284ad24a5ae5b6e1eed2b848477fa2a4787ba9adf39a41?s=96&d=mm&r=g\",\"url\":\"https:\\\/\\\/secure.gravatar.com\\\/avatar\\\/c7164ed6fdec453195284ad24a5ae5b6e1eed2b848477fa2a4787ba9adf39a41?s=96&d=mm&r=g\",\"contentUrl\":\"https:\\\/\\\/secure.gravatar.com\\\/avatar\\\/c7164ed6fdec453195284ad24a5ae5b6e1eed2b848477fa2a4787ba9adf39a41?s=96&d=mm&r=g\",\"caption\":\"Redacci\u00f3n QP\"},\"url\":\"https:\\\/\\\/quehacerpolitico.mx\\\/?author=2\"}]}<\/script>\n<!-- \/ Yoast SEO plugin. -->","yoast_head_json":{"title":"La cifra hoy en Mexico ya en 190 mil 357 muertos confirmados por COVID-19 -","robots":{"index":"index","follow":"follow","max-snippet":"max-snippet:-1","max-image-preview":"max-image-preview:large","max-video-preview":"max-video-preview:-1"},"canonical":"https:\/\/quehacerpolitico.mx\/?p=76944","og_locale":"es_MX","og_type":"article","og_title":"La cifra hoy en Mexico ya en 190 mil 357 muertos confirmados por COVID-19 -","og_description":"La cifra hoy en Mexico ya en 190 mil 357 muertos confirmados por COVID-19 Por...","og_url":"https:\/\/quehacerpolitico.mx\/?p=76944","article_published_time":"2021-03-07T03:18:18+00:00","og_image":[{"width":1280,"height":853,"url":"https:\/\/quehacerpolitico.mx\/wp-content\/uploads\/2021\/03\/9027CCA5-7964-4F78-A7A3-EF0BA60AB07E.jpeg","type":"image\/jpeg"}],"author":"Redacci\u00f3n QP","twitter_card":"summary_large_image","twitter_misc":{"Escrito por":"Redacci\u00f3n QP","Tiempo de lectura":"2 minutos"},"schema":{"@context":"https:\/\/schema.org","@graph":[{"@type":"Article","@id":"https:\/\/quehacerpolitico.mx\/?p=76944#article","isPartOf":{"@id":"https:\/\/quehacerpolitico.mx\/?p=76944"},"author":{"name":"Redacci\u00f3n QP","@id":"https:\/\/quehacerpolitico.mx\/#\/schema\/person\/496d8ad2d1d3f8036101dca7ee39e585"},"headline":"La cifra hoy en Mexico ya en 190 mil 357 muertos confirmados por COVID-19","datePublished":"2021-03-07T03:18:18+00:00","mainEntityOfPage":{"@id":"https:\/\/quehacerpolitico.mx\/?p=76944"},"wordCount":481,"commentCount":0,"image":{"@id":"https:\/\/quehacerpolitico.mx\/?p=76944#primaryimage"},"thumbnailUrl":"https:\/\/quehacerpolitico.mx\/wp-content\/uploads\/2021\/03\/9027CCA5-7964-4F78-A7A3-EF0BA60AB07E.jpeg","articleSection":["Noticias"],"inLanguage":"es","potentialAction":[{"@type":"CommentAction","name":"Comment","target":["https:\/\/quehacerpolitico.mx\/?p=76944#respond"]}]},{"@type":"WebPage","@id":"https:\/\/quehacerpolitico.mx\/?p=76944","url":"https:\/\/quehacerpolitico.mx\/?p=76944","name":"La cifra hoy en Mexico ya en 190 mil 357 muertos confirmados por COVID-19 -","isPartOf":{"@id":"https:\/\/quehacerpolitico.mx\/#website"},"primaryImageOfPage":{"@id":"https:\/\/quehacerpolitico.mx\/?p=76944#primaryimage"},"image":{"@id":"https:\/\/quehacerpolitico.mx\/?p=76944#primaryimage"},"thumbnailUrl":"https:\/\/quehacerpolitico.mx\/wp-content\/uploads\/2021\/03\/9027CCA5-7964-4F78-A7A3-EF0BA60AB07E.jpeg","datePublished":"2021-03-07T03:18:18+00:00","author":{"@id":"https:\/\/quehacerpolitico.mx\/#\/schema\/person\/496d8ad2d1d3f8036101dca7ee39e585"},"breadcrumb":{"@id":"https:\/\/quehacerpolitico.mx\/?p=76944#breadcrumb"},"inLanguage":"es","potentialAction":[{"@type":"ReadAction","target":["https:\/\/quehacerpolitico.mx\/?p=76944"]}]},{"@type":"ImageObject","inLanguage":"es","@id":"https:\/\/quehacerpolitico.mx\/?p=76944#primaryimage","url":"https:\/\/quehacerpolitico.mx\/wp-content\/uploads\/2021\/03\/9027CCA5-7964-4F78-A7A3-EF0BA60AB07E.jpeg","contentUrl":"https:\/\/quehacerpolitico.mx\/wp-content\/uploads\/2021\/03\/9027CCA5-7964-4F78-A7A3-EF0BA60AB07E.jpeg","width":1280,"height":853},{"@type":"BreadcrumbList","@id":"https:\/\/quehacerpolitico.mx\/?p=76944#breadcrumb","itemListElement":[{"@type":"ListItem","position":1,"name":"Inicio","item":"https:\/\/quehacerpolitico.mx\/"},{"@type":"ListItem","position":2,"name":"La cifra hoy en Mexico ya en 190 mil 357 muertos confirmados por COVID-19"}]},{"@type":"WebSite","@id":"https:\/\/quehacerpolitico.mx\/#website","url":"https:\/\/quehacerpolitico.mx\/","name":"","description":"","potentialAction":[{"@type":"SearchAction","target":{"@type":"EntryPoint","urlTemplate":"https:\/\/quehacerpolitico.mx\/?s={search_term_string}"},"query-input":{"@type":"PropertyValueSpecification","valueRequired":true,"valueName":"search_term_string"}}],"inLanguage":"es"},{"@type":"Person","@id":"https:\/\/quehacerpolitico.mx\/#\/schema\/person\/496d8ad2d1d3f8036101dca7ee39e585","name":"Redacci\u00f3n QP","image":{"@type":"ImageObject","inLanguage":"es","@id":"https:\/\/secure.gravatar.com\/avatar\/c7164ed6fdec453195284ad24a5ae5b6e1eed2b848477fa2a4787ba9adf39a41?s=96&d=mm&r=g","url":"https:\/\/secure.gravatar.com\/avatar\/c7164ed6fdec453195284ad24a5ae5b6e1eed2b848477fa2a4787ba9adf39a41?s=96&d=mm&r=g","contentUrl":"https:\/\/secure.gravatar.com\/avatar\/c7164ed6fdec453195284ad24a5ae5b6e1eed2b848477fa2a4787ba9adf39a41?s=96&d=mm&r=g","caption":"Redacci\u00f3n QP"},"url":"https:\/\/quehacerpolitico.mx\/?author=2"}]}},"featured_image_urls":{"full":["https:\/\/quehacerpolitico.mx\/wp-content\/uploads\/2021\/03\/9027CCA5-7964-4F78-A7A3-EF0BA60AB07E.jpeg",1280,853,false],"thumbnail":["https:\/\/quehacerpolitico.mx\/wp-content\/uploads\/2021\/03\/9027CCA5-7964-4F78-A7A3-EF0BA60AB07E-150x150.jpeg",150,150,true],"medium":["https:\/\/quehacerpolitico.mx\/wp-content\/uploads\/2021\/03\/9027CCA5-7964-4F78-A7A3-EF0BA60AB07E-300x200.jpeg",300,200,true],"medium_large":["https:\/\/quehacerpolitico.mx\/wp-content\/uploads\/2021\/03\/9027CCA5-7964-4F78-A7A3-EF0BA60AB07E-768x512.jpeg",640,427,true],"large":["https:\/\/quehacerpolitico.mx\/wp-content\/uploads\/2021\/03\/9027CCA5-7964-4F78-A7A3-EF0BA60AB07E-1024x682.jpeg",640,426,true],"1536x1536":["https:\/\/quehacerpolitico.mx\/wp-content\/uploads\/2021\/03\/9027CCA5-7964-4F78-A7A3-EF0BA60AB07E.jpeg",1280,853,false],"2048x2048":["https:\/\/quehacerpolitico.mx\/wp-content\/uploads\/2021\/03\/9027CCA5-7964-4F78-A7A3-EF0BA60AB07E.jpeg",1280,853,false],"covernews-featured":["https:\/\/quehacerpolitico.mx\/wp-content\/uploads\/2021\/03\/9027CCA5-7964-4F78-A7A3-EF0BA60AB07E.jpeg",1024,682,false],"covernews-medium":["https:\/\/quehacerpolitico.mx\/wp-content\/uploads\/2021\/03\/9027CCA5-7964-4F78-A7A3-EF0BA60AB07E.jpeg",510,340,false]},"author_info":{"display_name":"Redacci\u00f3n QP","author_link":"https:\/\/quehacerpolitico.mx\/?author=2"},"category_info":"<a href=\"https:\/\/quehacerpolitico.mx\/?cat=2\" rel=\"category\">Noticias<\/a>","tag_info":"Noticias","comment_count":"0","_links":{"self":[{"href":"https:\/\/quehacerpolitico.mx\/index.php?rest_route=\/wp\/v2\/posts\/76944","targetHints":{"allow":["GET"]}}],"collection":[{"href":"https:\/\/quehacerpolitico.mx\/index.php?rest_route=\/wp\/v2\/posts"}],"about":[{"href":"https:\/\/quehacerpolitico.mx\/index.php?rest_route=\/wp\/v2\/types\/post"}],"author":[{"embeddable":true,"href":"https:\/\/quehacerpolitico.mx\/index.php?rest_route=\/wp\/v2\/users\/2"}],"replies":[{"embeddable":true,"href":"https:\/\/quehacerpolitico.mx\/index.php?rest_route=%2Fwp%2Fv2%2Fcomments&post=76944"}],"version-history":[{"count":0,"href":"https:\/\/quehacerpolitico.mx\/index.php?rest_route=\/wp\/v2\/posts\/76944\/revisions"}],"wp:featuredmedia":[{"embeddable":true,"href":"https:\/\/quehacerpolitico.mx\/index.php?rest_route=\/wp\/v2\/media\/76948"}],"wp:attachment":[{"href":"https:\/\/quehacerpolitico.mx\/index.php?rest_route=%2Fwp%2Fv2%2Fmedia&parent=76944"}],"wp:term":[{"taxonomy":"category","embeddable":true,"href":"https:\/\/quehacerpolitico.mx\/index.php?rest_route=%2Fwp%2Fv2%2Fcategories&post=76944"},{"taxonomy":"post_tag","embeddable":true,"href":"https:\/\/quehacerpolitico.mx\/index.php?rest_route=%2Fwp%2Fv2%2Ftags&post=76944"}],"curies":[{"name":"wp","href":"https:\/\/api.w.org\/{rel}","templated":true}]}}