{"id":76934,"date":"2021-03-07T01:13:20","date_gmt":"2021-03-07T01:13:20","guid":{"rendered":"https:\/\/quehacerpolitico.mx\/?p=76934"},"modified":"2021-03-07T01:13:20","modified_gmt":"2021-03-07T01:13:20","slug":"en-que-alcaldias-de-cdmx-seguira-la-vacunacion-covid-19","status":"publish","type":"post","link":"https:\/\/quehacerpolitico.mx\/?p=76934","title":{"rendered":"\u00bfEn qu\u00e9 alcald\u00edas de CDMX seguir\u00e1 la vacunaci\u00f3n COVID-19?"},"content":{"rendered":"<h1>\u00bfEn qu\u00e9 alcald\u00edas de CDMX seguir\u00e1 la vacunaci\u00f3n COVID-19?<br \/>\nPor Redacci\u00f3n QP<\/h1>\n<p>Las fechas de vacunaci\u00f3n en la alcald\u00eda Miguel Hidalgo ser\u00e1 del 8 al 14 de marzo y Azcapotzalco del 10 al 16 de marzo<\/p>\n<p>Las alcald\u00edas<strong> Azcapotzalco <\/strong>y\u00a0<strong>Miguel Hidalgo<\/strong>ser\u00e1n las pr\u00f3ximas demarcaciones en las que se aplicar\u00e1n las vacunas contra el COVID-19 a los<strong>\u00a0adultos mayores<\/strong>\u00a0de la <strong>Ciudad de M\u00e9xico<\/strong>, de acuerdo con el portal de vacunaci\u00f3n del\u00a0<a href=\"https:\/\/vacunacion.cdmx.gob.mx\/\" target=\"_blank\" rel=\"noopener\">portal de vacunaci\u00f3n del Gobierno capitalino<\/a><\/p>\n<blockquote class=\"twitter-tweet\" data-width=\"550\" data-dnt=\"true\">\n<p lang=\"es\" dir=\"ltr\">El Programa Nacional de Vacunaci\u00f3n a mayores de 60 a\u00f1os contin\u00faa el lunes 8 de marzo en <a href=\"https:\/\/twitter.com\/AlcaldiaMHmx?ref_src=twsrc%5Etfw\">@AlcaldiaMHmx<\/a>; y el mi\u00e9rcoles 10 en <a href=\"https:\/\/twitter.com\/AzcapotzalcoMx?ref_src=twsrc%5Etfw\">@AzcapotzalcoMx<\/a>. Garantizamos vacunas para tod@s de manera organizada.<br \/>Agradezco nuevamente al Presidente <a href=\"https:\/\/twitter.com\/lopezobrador_?ref_src=twsrc%5Etfw\">@lopezobrador_<\/a><br \/>y a instituciones del <a href=\"https:\/\/twitter.com\/GobiernoMX?ref_src=twsrc%5Etfw\">@GobiernoMX<\/a> <a href=\"https:\/\/t.co\/ItrXNf0DuV\">pic.twitter.com\/ItrXNf0DuV<\/a><\/p>\n<p>&mdash; Claudia Sheinbaum Pardo (@Claudiashein) <a href=\"https:\/\/twitter.com\/Claudiashein\/status\/1368322266627534860?ref_src=twsrc%5Etfw\">March 6, 2021<\/a><\/p><\/blockquote>\n<p><script async src=\"https:\/\/platform.twitter.com\/widgets.js\" charset=\"utf-8\"><\/script><\/p>\n<p>Las fechas de vacunaci\u00f3n en la alcald\u00eda <strong>Miguel Hidalgo<\/strong> ser\u00e1 del 8 al 14 de marzo, mientras que en<strong>\u00a0Azcapotzalco<\/strong> se aplicar\u00e1n las vacunas del 10 al 16 de marzo y ambas recibir\u00e1n las dosis de las farmac\u00e9uticas Pfizer-BioNTech.<\/p>\n<p>La meta es vacunar a 165 mil 556 adultos mayores en ambas alcald\u00edas, 89 mil 518 en Azcapotzalco\u00a0y 76 mil 38 en\u00a0Miguel Hidalgo<strong>.<\/strong><\/p>\n<div id=\"attachment_2817382\" class=\"wp-caption alignnone amp-wp-04d7d4e\" data-amp-original-style=\"width: 807px\">\n<p><img decoding=\"async\" class=\"i-amphtml-fill-content i-amphtml-replaced-content\" src=\"https:\/\/i2.wp.com\/noticieros.televisa.com\/wp-content\/uploads\/2021\/03\/cuando-debo-vacunarme.jpg?resize=797%2C569&amp;ssl=1\" sizes=\"(max-width: 797px) 100vw, 797px\" srcset=\"https:\/\/i2.wp.com\/noticieros.televisa.com\/wp-content\/uploads\/2021\/03\/cuando-debo-vacunarme.jpg?w=797&amp;ssl=1 797w, https:\/\/i2.wp.com\/noticieros.televisa.com\/wp-content\/uploads\/2021\/03\/cuando-debo-vacunarme.jpg?resize=300%2C214&amp;ssl=1 300w\" alt=\"Cuando debo vacunarme\" aria-describedby=\"caption-attachment-2817382\" \/><\/p>\n<p id=\"caption-attachment-2817382\" class=\"wp-caption-text\">(Foto: https:\/\/vacunacion.cdmx.gob.mx\/)<\/p>\n<\/div>\n<h2>\u00bfD\u00f3nde aplicar\u00e1n las vacunas en Azcapotzalco?<\/h2>\n<ul>\n<li>UAM\u00a0Azcapotzalco<\/li>\n<\/ul>\n<p>Avenida San Pablo Xalpa 180, Reynosa Tamaulipas, Azcapotzalco, 02200 Ciudad de M\u00e9xico.<\/p>\n<ul>\n<li>Arena Ciudad de M\u00e9xico<\/li>\n<\/ul>\n<p>Avenida de las Granjas 800, Santa Barbara, Azcapotzalco, 02230 Ciudad de M\u00e9xico.<\/p>\n<h2>\u00bfD\u00f3nde aplicar\u00e1n las vacunas en Miguel Hidalgo?<\/h2>\n<ul>\n<li>Campo Marte<\/li>\n<\/ul>\n<p>Campo Marte S\/N, Polanco, Chapultepec, 11560 Ciudad de M\u00e9xico.<\/p>\n<ul>\n<li>Benem\u00e9rita Escuela Nacional de Maestros<\/li>\n<\/ul>\n<p>Calzada M\u00e9xico-Tacuba 75, Un Hogar Para Nosotros,\u00a0<strong>Miguel Hidalgo<\/strong>, 11330 Ciudad de M\u00e9xico.<\/p>\n<p>De acuerdo con las autoridades capitalinas, los adultos mayores que se registraron en el sitio <a class=\"ef__link\" href=\"https:\/\/mivacuna.salud.gob.mx\/index.php\" target=\"_blank\" rel=\"noopener\">mivacuna.salud.gob.mx<\/a> recibir\u00e1n un mensaje de texto con la sede, d\u00eda y horario de la vacunaci\u00f3n.<\/p>\n<p>Los adultos mayores que no se registraron o recibieron el mensaje deber\u00e1n asistir a alguno de los <strong>centros de vacunaci\u00f3n<\/strong> de acuerdo a su primera letra del apellido paterno.<\/p>\n<p><iframe loading=\"lazy\" title=\"Videoconferencia de prensa, 06\/03\/21\" width=\"640\" height=\"360\" src=\"https:\/\/www.youtube.com\/embed\/jmZlVEJa2P4?feature=oembed\" frameborder=\"0\" allow=\"accelerometer; autoplay; clipboard-write; encrypted-media; gyroscope; picture-in-picture; web-share\" referrerpolicy=\"strict-origin-when-cross-origin\" allowfullscreen><\/iframe><\/p>\n<h2>Estos son los documentos que debes llevar para ser vacunado:<\/h2>\n<ol>\n<li><span class=\"texto-preguntas\">Si sabes tu CURP, ll\u00e9vala para agilizar el proceso<\/span><\/li>\n<\/ol>\n<ol class=\"estilo-ol-vacunacion\">\n<li value=\"2\"><span class=\"texto-preguntas\">Acreditar tener 60 a\u00f1os de edad o m\u00e1s de edad:<\/span>\n<ul class=\"estilo-ul\">\n<li><span class=\"texto-preguntas\">Lleva tu identificaci\u00f3n o acta de nacimiento<\/span><\/li>\n<\/ul>\n<\/li>\n<li value=\"3\"><span class=\"texto-preguntas\">Acreditar tu alcald\u00eda:<\/span>\n<ul class=\"estilo-ul\">\n<li><span class=\"texto-preguntas\">Folio de registro en mivacuna.salud.gob.mx para esas alcald\u00edas, o<\/span><\/li>\n<li><span class=\"texto-preguntas\">Identificaci\u00f3n oficial que muestre residencia, o<\/span><\/li>\n<li><span class=\"texto-preguntas\">Comprobante de domicilio a tu nombre o de un familiar directo<\/span><\/li>\n<\/ul>\n<\/li>\n<\/ol>\n<h2>\u00bfQu\u00e9 hacer si no pudiste asistir a tu cita de vacunaci\u00f3n?<\/h2>\n<p>El portal de vacunaci\u00f3n de la Ciudad de M\u00e9xico se\u00f1ala que si eres residente de las alcald\u00edas Magdalena Contreras, Cuajimalpa, Milpa Alta, Tl\u00e1huac, Iztacalco o Xochimilco y no pudiste asistir a tu cita de vacunaci\u00f3n, marca a LOCATEL al tel\u00e9fono 55 56 58 1111 para m\u00e1s informaci\u00f3n sobre c\u00f3mo recibir tu vacuna.<\/p>\n<h2>\u00bfQui\u00e9nes deber\u00e1n esperar a ser vacunados contra la COVID-19?<\/h2>\n<p>En el caso de los adultos mayores de las alcald\u00edas \u00c1lvaro Obreg\u00f3n, Benito Ju\u00e1rez, Coyoac\u00e1n, Cuauht\u00e9moc, Gustavo A. Madero, Iztapalapa, Tlalpan y Venustiano Carranza deber\u00e1n esperar su turno para ser vacunados contra la COVID-19 en las pr\u00f3ximas semanas.<\/p>\n<p>Hasta su \u00faltimo corte, la Secretar\u00eda de Salid report\u00f3 188 mil 866 muertos por COVID-19 a nivel nacional y dos millones 112 millones 113 mil 508 contagios Mientras que la CDMX contabiliz\u00f3 36 mil 34 fallecimientos y 565 mil 417 casos confirmados.<\/p>\n<p>Con estas cifras, M\u00e9xico ocupa el decimotercer lugar mundial en n\u00famero de contagios y el tercer puesto con m\u00e1s decesos por la pandemia, detr\u00e1s de Estados Unidos y Brasil, seg\u00fan la universidad estadounidense Johns Hopkins.<\/p>\n","protected":false},"excerpt":{"rendered":"<p>\u00bfEn qu\u00e9 alcald\u00edas de CDMX seguir\u00e1 la vacunaci\u00f3n COVID-19? Por Redacci\u00f3n QP Las fechas de&#8230;<\/p>\n","protected":false},"author":2,"featured_media":76940,"comment_status":"open","ping_status":"open","sticky":false,"template":"","format":"standard","meta":{"_monsterinsights_skip_tracking":false,"_monsterinsights_sitenote_active":false,"_monsterinsights_sitenote_note":"","_monsterinsights_sitenote_category":0,"footnotes":""},"categories":[55],"tags":[],"class_list":["post-76934","post","type-post","status-publish","format-standard","has-post-thumbnail","hentry","category-cdmx"],"yoast_head":"<!-- This site is optimized with the Yoast SEO plugin v27.3 - https:\/\/yoast.com\/product\/yoast-seo-wordpress\/ -->\n<title>\u00bfEn qu\u00e9 alcald\u00edas de CDMX seguir\u00e1 la vacunaci\u00f3n COVID-19? -<\/title>\n<meta name=\"robots\" content=\"index, follow, max-snippet:-1, max-image-preview:large, max-video-preview:-1\" \/>\n<link rel=\"canonical\" href=\"https:\/\/quehacerpolitico.mx\/?p=76934\" \/>\n<meta property=\"og:locale\" content=\"es_MX\" \/>\n<meta property=\"og:type\" content=\"article\" \/>\n<meta property=\"og:title\" content=\"\u00bfEn qu\u00e9 alcald\u00edas de CDMX seguir\u00e1 la vacunaci\u00f3n COVID-19? -\" \/>\n<meta property=\"og:description\" content=\"\u00bfEn qu\u00e9 alcald\u00edas de CDMX seguir\u00e1 la vacunaci\u00f3n COVID-19? Por Redacci\u00f3n QP Las fechas de...\" \/>\n<meta property=\"og:url\" content=\"https:\/\/quehacerpolitico.mx\/?p=76934\" \/>\n<meta property=\"article:published_time\" content=\"2021-03-07T01:13:20+00:00\" \/>\n<meta property=\"og:image\" content=\"https:\/\/quehacerpolitico.mx\/wp-content\/uploads\/2021\/03\/61C544DC-186B-497F-A5ED-4C5B1CC215DC.jpeg\" \/>\n\t<meta property=\"og:image:width\" content=\"1242\" \/>\n\t<meta property=\"og:image:height\" content=\"682\" \/>\n\t<meta property=\"og:image:type\" content=\"image\/jpeg\" \/>\n<meta name=\"author\" content=\"Redacci\u00f3n QP\" \/>\n<meta name=\"twitter:card\" content=\"summary_large_image\" \/>\n<meta name=\"twitter:label1\" content=\"Escrito por\" \/>\n\t<meta name=\"twitter:data1\" content=\"Redacci\u00f3n QP\" \/>\n\t<meta name=\"twitter:label2\" content=\"Tiempo de lectura\" \/>\n\t<meta name=\"twitter:data2\" content=\"3 minutos\" \/>\n<script type=\"application\/ld+json\" class=\"yoast-schema-graph\">{\"@context\":\"https:\\\/\\\/schema.org\",\"@graph\":[{\"@type\":\"Article\",\"@id\":\"https:\\\/\\\/quehacerpolitico.mx\\\/?p=76934#article\",\"isPartOf\":{\"@id\":\"https:\\\/\\\/quehacerpolitico.mx\\\/?p=76934\"},\"author\":{\"name\":\"Redacci\u00f3n QP\",\"@id\":\"https:\\\/\\\/quehacerpolitico.mx\\\/#\\\/schema\\\/person\\\/496d8ad2d1d3f8036101dca7ee39e585\"},\"headline\":\"\u00bfEn qu\u00e9 alcald\u00edas de CDMX seguir\u00e1 la vacunaci\u00f3n COVID-19?\",\"datePublished\":\"2021-03-07T01:13:20+00:00\",\"mainEntityOfPage\":{\"@id\":\"https:\\\/\\\/quehacerpolitico.mx\\\/?p=76934\"},\"wordCount\":592,\"commentCount\":0,\"image\":{\"@id\":\"https:\\\/\\\/quehacerpolitico.mx\\\/?p=76934#primaryimage\"},\"thumbnailUrl\":\"https:\\\/\\\/quehacerpolitico.mx\\\/wp-content\\\/uploads\\\/2021\\\/03\\\/61C544DC-186B-497F-A5ED-4C5B1CC215DC.jpeg\",\"articleSection\":[\"CDMX\"],\"inLanguage\":\"es\",\"potentialAction\":[{\"@type\":\"CommentAction\",\"name\":\"Comment\",\"target\":[\"https:\\\/\\\/quehacerpolitico.mx\\\/?p=76934#respond\"]}]},{\"@type\":\"WebPage\",\"@id\":\"https:\\\/\\\/quehacerpolitico.mx\\\/?p=76934\",\"url\":\"https:\\\/\\\/quehacerpolitico.mx\\\/?p=76934\",\"name\":\"\u00bfEn qu\u00e9 alcald\u00edas de CDMX seguir\u00e1 la vacunaci\u00f3n COVID-19? -\",\"isPartOf\":{\"@id\":\"https:\\\/\\\/quehacerpolitico.mx\\\/#website\"},\"primaryImageOfPage\":{\"@id\":\"https:\\\/\\\/quehacerpolitico.mx\\\/?p=76934#primaryimage\"},\"image\":{\"@id\":\"https:\\\/\\\/quehacerpolitico.mx\\\/?p=76934#primaryimage\"},\"thumbnailUrl\":\"https:\\\/\\\/quehacerpolitico.mx\\\/wp-content\\\/uploads\\\/2021\\\/03\\\/61C544DC-186B-497F-A5ED-4C5B1CC215DC.jpeg\",\"datePublished\":\"2021-03-07T01:13:20+00:00\",\"author\":{\"@id\":\"https:\\\/\\\/quehacerpolitico.mx\\\/#\\\/schema\\\/person\\\/496d8ad2d1d3f8036101dca7ee39e585\"},\"breadcrumb\":{\"@id\":\"https:\\\/\\\/quehacerpolitico.mx\\\/?p=76934#breadcrumb\"},\"inLanguage\":\"es\",\"potentialAction\":[{\"@type\":\"ReadAction\",\"target\":[\"https:\\\/\\\/quehacerpolitico.mx\\\/?p=76934\"]}]},{\"@type\":\"ImageObject\",\"inLanguage\":\"es\",\"@id\":\"https:\\\/\\\/quehacerpolitico.mx\\\/?p=76934#primaryimage\",\"url\":\"https:\\\/\\\/quehacerpolitico.mx\\\/wp-content\\\/uploads\\\/2021\\\/03\\\/61C544DC-186B-497F-A5ED-4C5B1CC215DC.jpeg\",\"contentUrl\":\"https:\\\/\\\/quehacerpolitico.mx\\\/wp-content\\\/uploads\\\/2021\\\/03\\\/61C544DC-186B-497F-A5ED-4C5B1CC215DC.jpeg\",\"width\":1242,\"height\":682},{\"@type\":\"BreadcrumbList\",\"@id\":\"https:\\\/\\\/quehacerpolitico.mx\\\/?p=76934#breadcrumb\",\"itemListElement\":[{\"@type\":\"ListItem\",\"position\":1,\"name\":\"Inicio\",\"item\":\"https:\\\/\\\/quehacerpolitico.mx\\\/\"},{\"@type\":\"ListItem\",\"position\":2,\"name\":\"\u00bfEn qu\u00e9 alcald\u00edas de CDMX seguir\u00e1 la vacunaci\u00f3n COVID-19?\"}]},{\"@type\":\"WebSite\",\"@id\":\"https:\\\/\\\/quehacerpolitico.mx\\\/#website\",\"url\":\"https:\\\/\\\/quehacerpolitico.mx\\\/\",\"name\":\"\",\"description\":\"\",\"potentialAction\":[{\"@type\":\"SearchAction\",\"target\":{\"@type\":\"EntryPoint\",\"urlTemplate\":\"https:\\\/\\\/quehacerpolitico.mx\\\/?s={search_term_string}\"},\"query-input\":{\"@type\":\"PropertyValueSpecification\",\"valueRequired\":true,\"valueName\":\"search_term_string\"}}],\"inLanguage\":\"es\"},{\"@type\":\"Person\",\"@id\":\"https:\\\/\\\/quehacerpolitico.mx\\\/#\\\/schema\\\/person\\\/496d8ad2d1d3f8036101dca7ee39e585\",\"name\":\"Redacci\u00f3n QP\",\"image\":{\"@type\":\"ImageObject\",\"inLanguage\":\"es\",\"@id\":\"https:\\\/\\\/secure.gravatar.com\\\/avatar\\\/c7164ed6fdec453195284ad24a5ae5b6e1eed2b848477fa2a4787ba9adf39a41?s=96&d=mm&r=g\",\"url\":\"https:\\\/\\\/secure.gravatar.com\\\/avatar\\\/c7164ed6fdec453195284ad24a5ae5b6e1eed2b848477fa2a4787ba9adf39a41?s=96&d=mm&r=g\",\"contentUrl\":\"https:\\\/\\\/secure.gravatar.com\\\/avatar\\\/c7164ed6fdec453195284ad24a5ae5b6e1eed2b848477fa2a4787ba9adf39a41?s=96&d=mm&r=g\",\"caption\":\"Redacci\u00f3n QP\"},\"url\":\"https:\\\/\\\/quehacerpolitico.mx\\\/?author=2\"}]}<\/script>\n<!-- \/ Yoast SEO plugin. -->","yoast_head_json":{"title":"\u00bfEn qu\u00e9 alcald\u00edas de CDMX seguir\u00e1 la vacunaci\u00f3n COVID-19? -","robots":{"index":"index","follow":"follow","max-snippet":"max-snippet:-1","max-image-preview":"max-image-preview:large","max-video-preview":"max-video-preview:-1"},"canonical":"https:\/\/quehacerpolitico.mx\/?p=76934","og_locale":"es_MX","og_type":"article","og_title":"\u00bfEn qu\u00e9 alcald\u00edas de CDMX seguir\u00e1 la vacunaci\u00f3n COVID-19? -","og_description":"\u00bfEn qu\u00e9 alcald\u00edas de CDMX seguir\u00e1 la vacunaci\u00f3n COVID-19? Por Redacci\u00f3n QP Las fechas de...","og_url":"https:\/\/quehacerpolitico.mx\/?p=76934","article_published_time":"2021-03-07T01:13:20+00:00","og_image":[{"width":1242,"height":682,"url":"https:\/\/quehacerpolitico.mx\/wp-content\/uploads\/2021\/03\/61C544DC-186B-497F-A5ED-4C5B1CC215DC.jpeg","type":"image\/jpeg"}],"author":"Redacci\u00f3n QP","twitter_card":"summary_large_image","twitter_misc":{"Escrito por":"Redacci\u00f3n QP","Tiempo de lectura":"3 minutos"},"schema":{"@context":"https:\/\/schema.org","@graph":[{"@type":"Article","@id":"https:\/\/quehacerpolitico.mx\/?p=76934#article","isPartOf":{"@id":"https:\/\/quehacerpolitico.mx\/?p=76934"},"author":{"name":"Redacci\u00f3n QP","@id":"https:\/\/quehacerpolitico.mx\/#\/schema\/person\/496d8ad2d1d3f8036101dca7ee39e585"},"headline":"\u00bfEn qu\u00e9 alcald\u00edas de CDMX seguir\u00e1 la vacunaci\u00f3n COVID-19?","datePublished":"2021-03-07T01:13:20+00:00","mainEntityOfPage":{"@id":"https:\/\/quehacerpolitico.mx\/?p=76934"},"wordCount":592,"commentCount":0,"image":{"@id":"https:\/\/quehacerpolitico.mx\/?p=76934#primaryimage"},"thumbnailUrl":"https:\/\/quehacerpolitico.mx\/wp-content\/uploads\/2021\/03\/61C544DC-186B-497F-A5ED-4C5B1CC215DC.jpeg","articleSection":["CDMX"],"inLanguage":"es","potentialAction":[{"@type":"CommentAction","name":"Comment","target":["https:\/\/quehacerpolitico.mx\/?p=76934#respond"]}]},{"@type":"WebPage","@id":"https:\/\/quehacerpolitico.mx\/?p=76934","url":"https:\/\/quehacerpolitico.mx\/?p=76934","name":"\u00bfEn qu\u00e9 alcald\u00edas de CDMX seguir\u00e1 la vacunaci\u00f3n COVID-19? -","isPartOf":{"@id":"https:\/\/quehacerpolitico.mx\/#website"},"primaryImageOfPage":{"@id":"https:\/\/quehacerpolitico.mx\/?p=76934#primaryimage"},"image":{"@id":"https:\/\/quehacerpolitico.mx\/?p=76934#primaryimage"},"thumbnailUrl":"https:\/\/quehacerpolitico.mx\/wp-content\/uploads\/2021\/03\/61C544DC-186B-497F-A5ED-4C5B1CC215DC.jpeg","datePublished":"2021-03-07T01:13:20+00:00","author":{"@id":"https:\/\/quehacerpolitico.mx\/#\/schema\/person\/496d8ad2d1d3f8036101dca7ee39e585"},"breadcrumb":{"@id":"https:\/\/quehacerpolitico.mx\/?p=76934#breadcrumb"},"inLanguage":"es","potentialAction":[{"@type":"ReadAction","target":["https:\/\/quehacerpolitico.mx\/?p=76934"]}]},{"@type":"ImageObject","inLanguage":"es","@id":"https:\/\/quehacerpolitico.mx\/?p=76934#primaryimage","url":"https:\/\/quehacerpolitico.mx\/wp-content\/uploads\/2021\/03\/61C544DC-186B-497F-A5ED-4C5B1CC215DC.jpeg","contentUrl":"https:\/\/quehacerpolitico.mx\/wp-content\/uploads\/2021\/03\/61C544DC-186B-497F-A5ED-4C5B1CC215DC.jpeg","width":1242,"height":682},{"@type":"BreadcrumbList","@id":"https:\/\/quehacerpolitico.mx\/?p=76934#breadcrumb","itemListElement":[{"@type":"ListItem","position":1,"name":"Inicio","item":"https:\/\/quehacerpolitico.mx\/"},{"@type":"ListItem","position":2,"name":"\u00bfEn qu\u00e9 alcald\u00edas de CDMX seguir\u00e1 la vacunaci\u00f3n COVID-19?"}]},{"@type":"WebSite","@id":"https:\/\/quehacerpolitico.mx\/#website","url":"https:\/\/quehacerpolitico.mx\/","name":"","description":"","potentialAction":[{"@type":"SearchAction","target":{"@type":"EntryPoint","urlTemplate":"https:\/\/quehacerpolitico.mx\/?s={search_term_string}"},"query-input":{"@type":"PropertyValueSpecification","valueRequired":true,"valueName":"search_term_string"}}],"inLanguage":"es"},{"@type":"Person","@id":"https:\/\/quehacerpolitico.mx\/#\/schema\/person\/496d8ad2d1d3f8036101dca7ee39e585","name":"Redacci\u00f3n QP","image":{"@type":"ImageObject","inLanguage":"es","@id":"https:\/\/secure.gravatar.com\/avatar\/c7164ed6fdec453195284ad24a5ae5b6e1eed2b848477fa2a4787ba9adf39a41?s=96&d=mm&r=g","url":"https:\/\/secure.gravatar.com\/avatar\/c7164ed6fdec453195284ad24a5ae5b6e1eed2b848477fa2a4787ba9adf39a41?s=96&d=mm&r=g","contentUrl":"https:\/\/secure.gravatar.com\/avatar\/c7164ed6fdec453195284ad24a5ae5b6e1eed2b848477fa2a4787ba9adf39a41?s=96&d=mm&r=g","caption":"Redacci\u00f3n QP"},"url":"https:\/\/quehacerpolitico.mx\/?author=2"}]}},"featured_image_urls":{"full":["https:\/\/quehacerpolitico.mx\/wp-content\/uploads\/2021\/03\/61C544DC-186B-497F-A5ED-4C5B1CC215DC.jpeg",1242,682,false],"thumbnail":["https:\/\/quehacerpolitico.mx\/wp-content\/uploads\/2021\/03\/61C544DC-186B-497F-A5ED-4C5B1CC215DC-150x150.jpeg",150,150,true],"medium":["https:\/\/quehacerpolitico.mx\/wp-content\/uploads\/2021\/03\/61C544DC-186B-497F-A5ED-4C5B1CC215DC-300x165.jpeg",300,165,true],"medium_large":["https:\/\/quehacerpolitico.mx\/wp-content\/uploads\/2021\/03\/61C544DC-186B-497F-A5ED-4C5B1CC215DC-768x422.jpeg",640,352,true],"large":["https:\/\/quehacerpolitico.mx\/wp-content\/uploads\/2021\/03\/61C544DC-186B-497F-A5ED-4C5B1CC215DC-1024x562.jpeg",640,351,true],"1536x1536":["https:\/\/quehacerpolitico.mx\/wp-content\/uploads\/2021\/03\/61C544DC-186B-497F-A5ED-4C5B1CC215DC.jpeg",1242,682,false],"2048x2048":["https:\/\/quehacerpolitico.mx\/wp-content\/uploads\/2021\/03\/61C544DC-186B-497F-A5ED-4C5B1CC215DC.jpeg",1242,682,false],"covernews-featured":["https:\/\/quehacerpolitico.mx\/wp-content\/uploads\/2021\/03\/61C544DC-186B-497F-A5ED-4C5B1CC215DC.jpeg",1024,562,false],"covernews-medium":["https:\/\/quehacerpolitico.mx\/wp-content\/uploads\/2021\/03\/61C544DC-186B-497F-A5ED-4C5B1CC215DC.jpeg",540,297,false]},"author_info":{"display_name":"Redacci\u00f3n QP","author_link":"https:\/\/quehacerpolitico.mx\/?author=2"},"category_info":"<a href=\"https:\/\/quehacerpolitico.mx\/?cat=55\" rel=\"category\">CDMX<\/a>","tag_info":"CDMX","comment_count":"0","_links":{"self":[{"href":"https:\/\/quehacerpolitico.mx\/index.php?rest_route=\/wp\/v2\/posts\/76934","targetHints":{"allow":["GET"]}}],"collection":[{"href":"https:\/\/quehacerpolitico.mx\/index.php?rest_route=\/wp\/v2\/posts"}],"about":[{"href":"https:\/\/quehacerpolitico.mx\/index.php?rest_route=\/wp\/v2\/types\/post"}],"author":[{"embeddable":true,"href":"https:\/\/quehacerpolitico.mx\/index.php?rest_route=\/wp\/v2\/users\/2"}],"replies":[{"embeddable":true,"href":"https:\/\/quehacerpolitico.mx\/index.php?rest_route=%2Fwp%2Fv2%2Fcomments&post=76934"}],"version-history":[{"count":0,"href":"https:\/\/quehacerpolitico.mx\/index.php?rest_route=\/wp\/v2\/posts\/76934\/revisions"}],"wp:featuredmedia":[{"embeddable":true,"href":"https:\/\/quehacerpolitico.mx\/index.php?rest_route=\/wp\/v2\/media\/76940"}],"wp:attachment":[{"href":"https:\/\/quehacerpolitico.mx\/index.php?rest_route=%2Fwp%2Fv2%2Fmedia&parent=76934"}],"wp:term":[{"taxonomy":"category","embeddable":true,"href":"https:\/\/quehacerpolitico.mx\/index.php?rest_route=%2Fwp%2Fv2%2Fcategories&post=76934"},{"taxonomy":"post_tag","embeddable":true,"href":"https:\/\/quehacerpolitico.mx\/index.php?rest_route=%2Fwp%2Fv2%2Ftags&post=76934"}],"curies":[{"name":"wp","href":"https:\/\/api.w.org\/{rel}","templated":true}]}}