{"id":76920,"date":"2021-03-07T00:20:34","date_gmt":"2021-03-07T00:20:34","guid":{"rendered":"https:\/\/quehacerpolitico.mx\/?p=76920"},"modified":"2021-03-07T00:20:34","modified_gmt":"2021-03-07T00:20:34","slug":"internacionales-carolina-alonso-romei-papa-francisco-y-alto-clerigo-chii-de-irak-sostienen-reunion-historica","status":"publish","type":"post","link":"https:\/\/quehacerpolitico.mx\/?p=76920","title":{"rendered":"Internacionales\/\/\/Carolina Alonso Romei\/\/\/Papa Francisco y alto cl\u00e9rigo chi\u00ed de Irak sostienen reuni\u00f3n hist\u00f3rica"},"content":{"rendered":"<h1 class=\"news-title\">Papa Francisco y alto cl\u00e9rigo chi\u00ed de Irak sostienen reuni\u00f3n hist\u00f3rica<br \/>\nPor Carolina Alonso Romei<\/h1>\n<p>Internacionalista<\/p>\n<p>El Papa Francisco y el m\u00e1ximo cl\u00e9rigo chi\u00ed de Irak, \u00a0el gran ayatol\u00e1 Ali al-Sistani dieron este s\u00e1bado un poderoso mensaje de coexistencia pac\u00edfica<\/p>\n<p>El Papa Francisco y el m\u00e1ximo cl\u00e9rigo chi\u00ed de Irak dieron este s\u00e1bado un poderoso mensaje de coexistencia pac\u00edfica, instando a los musulmanes de la naci\u00f3n \u00e1rabe cansada de la guerra a abrazar a la asediada minor\u00eda cristiana durante una <strong>reuni\u00f3n hist\u00f3rica en la ciudad santa de Nayaf.<\/strong><\/p>\n<p>El gran ayatol\u00e1 Ali al-Sistani dijo que las autoridades religiosas deben proteger a los cristianos de Irak y que los cristianos deben vivir en paz y disfrutar de los mismos derechos que los dem\u00e1s iraqu\u00edes. El Vaticano dijo que Francisco agradeci\u00f3 a al-Sistani por haber &#8220;alzado la voz <strong>en defensa de los m\u00e1s d\u00e9biles y perseguidos&#8221;<\/strong>durante algunos de los momentos m\u00e1s violentos de la historia reciente de Irak.<\/p>\n<blockquote class=\"twitter-tweet\" data-width=\"550\" data-dnt=\"true\">\n<p lang=\"es\" dir=\"ltr\">\ud83d\udcf9VIDEO | Con mucho esfuerzo, el Papa Francisco camin\u00f3 por las estrechas calles de Nayaf para llegar a la casa del l\u00edder musulm\u00e1n chi\u00edta, el ayatol\u00e1 Ali al-Sistani. El Papa ya tiene 84 a\u00f1os y su fortaleza sigue sorprendiendo. <a href=\"https:\/\/twitter.com\/hashtag\/PopeinIraq?src=hash&amp;ref_src=twsrc%5Etfw\">#PopeinIraq<\/a> <a href=\"https:\/\/twitter.com\/hashtag\/PopeFrancisInIraq?src=hash&amp;ref_src=twsrc%5Etfw\">#PopeFrancisInIraq<\/a> <a href=\"https:\/\/t.co\/e139at155l\">pic.twitter.com\/e139at155l<\/a><\/p>\n<p>&mdash; ACI Prensa (@aciprensa) <a href=\"https:\/\/twitter.com\/aciprensa\/status\/1368173872130981896?ref_src=twsrc%5Etfw\">March 6, 2021<\/a><\/p><\/blockquote>\n<p><script async src=\"https:\/\/platform.twitter.com\/widgets.js\" charset=\"utf-8\"><\/script><\/p>\n<p>Tras el encuentro, el primer ministro Mustafa al-Kadhimi declar\u00f3 el 6 de marzo D\u00eda Nacional de la Tolerancia y la Coexistencia en homenaje al evento, que calific\u00f3 de &#8220;hist\u00f3rico&#8221;.<\/p>\n<div class=\"banner b2\">\n<div id=\"div-gpt-ad-1505954097040-2\" data-google-query-id=\"CKf0joHynO8CFSQ_AQod1W0D2w\">\n<p>Al-Sistani, de 90 a\u00f1os, es uno de los cl\u00e9rigos m\u00e1s importantes del Islam chi\u00ed y sus escasas pero poderosas intervenciones pol\u00edticas han ayudado a dar forma al Irak actual. Es una figura profundamente venerada en Irak, un pa\u00eds de mayor\u00eda chi\u00ed, y los chi\u00edes de todo el mundo buscan sus opiniones sobre cuestiones religiosas y de otro tipo.<\/p>\n<p>La hist\u00f3rica reuni\u00f3n <strong>en la humilde casa de al-Sistani<\/strong> tard\u00f3 meses en prepararse, con cada detalle minuciosamente analizado y negociado entre la oficina del ayatol\u00e1 y el Vaticano. La visita se emiti\u00f3 en vivo en la televisi\u00f3n iraqu\u00ed, y los residentes aplaudieron el encuentro entre los dos respetados l\u00edderes espirituales.<\/p>\n<p>En un comunicado de la oficina de al-Sistani tras el encuentro, el cl\u00e9rigo dese\u00f3 felicidad tanto a Francisco como a los fieles de la Iglesia cat\u00f3lica y le dio las gracias por tomarse la molestia de visitarlo en Najaf.<\/p>\n<p><iframe loading=\"lazy\" title=\"6 de marzo de 2021, Bagdad, Santa Misa - Homil\u00eda, Papa Francisco\" width=\"640\" height=\"360\" src=\"https:\/\/www.youtube.com\/embed\/8Ah71F6B9gA?feature=oembed\" frameborder=\"0\" allow=\"accelerometer; autoplay; clipboard-write; encrypted-media; gyroscope; picture-in-picture; web-share\" referrerpolicy=\"strict-origin-when-cross-origin\" allowfullscreen><\/iframe><\/p>\n<p>Momentos antes el s\u00e1bado, el Pont\u00edfice de 84 a\u00f1os lleg\u00f3 en un Mercedes-Benz a prueba de balas a la calle Rasool de Najaf, estrecha y bordeada de columnas y que culmina en el santuario Imam Ali, de c\u00fapula dorada, uno de los lugares m\u00e1s venerados en el islam chi\u00ed. Luego camin\u00f3 los pocos metros (yardas) hasta la casa de al-Sistani, que el cl\u00e9rigo ha alquilado durante d\u00e9cadas.<\/p>\n<div>\n<figure class=\"image\"><img decoding=\"async\" title=\"\" src=\"https:\/\/www.informador.mx\/export\/sites\/elinformador\/img\/2021\/03\/06\/pope_francis_first_vis_x2702818x_efe.jpg_347421144.jpg\" alt=\"\" hspace=\"5\" vspace=\"5\" data-height=\"466\" data-size=\"w:3072,h:2048\" data-width=\"700\" \/><figcaption>Francisco agradeci\u00f3 a al-Sistani por haber &#8221;alzado la voz en defensa de los m\u00e1s d\u00e9biles y perseguidos&#8221; durante algunos de los momentos m\u00e1s violentos de la historia reciente de Irak. EFE \/ A. Di Meo<\/figcaption><\/figure>\n<\/div>\n<p>Un grupo de iraqu\u00edes vestidos con ropas tradicionales lo recibi\u00f3 afuera. Cuando Francisco entr\u00f3 por la puerta, portando mascarilla, <strong>se liberaron algunas palomas blancas en se\u00f1al de paz.<\/strong> Sali\u00f3 poco menos de una hora despu\u00e9s, todav\u00eda cojeando por un aparente brote de dolor en el nervio ci\u00e1tico que le dificultaba caminar.<\/p>\n<p>La reuni\u00f3n dur\u00f3 un total de 40 minutos y fue &#8220;muy positiva&#8221;, dijo un funcionario religioso en Nayaf, quien habl\u00f3 bajo condici\u00f3n de anonimato porque no estaba autorizado a hablar con los medios.<\/p>\n<p>El papa viaj\u00f3 m\u00e1s tarde a la antigua ciudad de Ur para una reuni\u00f3n interreligiosa. Seg\u00fan la tradici\u00f3n, Ur <strong>es el lugar donde naci\u00f3 Abraham, el patriarca b\u00edblico<\/strong> venerado por cristianos, musulmanes y jud\u00edos.<\/p>\n<p>&#8220;Desde este lugar, donde naci\u00f3 la fe, de la tierra de nuestro padre Abraham, afirmemos que Dios es misericordioso y que la mayor blasfemia es profanar su nombre odiando a nuestros hermanos y hermanas&#8221;, dijo Francisco. &#8220;La hostilidad, el extremismo y la violencia no nacen de un coraz\u00f3n religioso: <strong>son traiciones a la religi\u00f3n&#8221;.<\/strong><\/p>\n<p>Los l\u00edderes religiosos se pusieron de pie para saludarlo. Francisco usaba mascarilla, pero pocos de los dem\u00e1s l\u00edderes en las tiendas de campa\u00f1a lo hicieron. La reuni\u00f3n se llev\u00f3 a cabo a la sombra del magn\u00edfico zigurat de Ur, el complejo arqueol\u00f3gico de seis mil a\u00f1os de antig\u00fcedad cerca de la moderna ciudad de Nasiriyah.<\/p>\n<p>El Vaticano dijo que los jud\u00edos iraqu\u00edes fueron invitados al evento y que no asistieron, sin proporcionar m\u00e1s detalles. La antigua comunidad jud\u00eda de Irak fue diezmada en el siglo XX por la violencia y la emigraci\u00f3n masiva impulsada por el conflicto \u00e1rabe-israel\u00ed, y solo quedan unos pocos.<\/p>\n<p>Francisco lleg\u00f3 a Irak el viernes y se reuni\u00f3 con altos funcionarios del gobierno en <strong>la primera visita papal de la historia al pa\u00eds,<\/strong> con la que busca promover su llamado a la fraternidad entre los pueblos. Este es adem\u00e1s el primer viaje internacional del pont\u00edfice desde el inicio de la pandemia del coronavirus y el encuentro del s\u00e1bado fue el primero entre un papa y un gran ayatol\u00e1.<\/p>\n<p>Los iraqu\u00edes han acogido bien la visita y la atenci\u00f3n internacional que le ha dado al pa\u00eds, que trata de recuperarse de d\u00e9cadas de guerra y disturbios. Irak declar\u00f3 la victoria sobre el grupo Estado Isl\u00e1mico en 2017, pero sigue sufriendo ataques espor\u00e1dicos.<\/p>\n<p>Recientemente registr\u00f3 ataques con cohetes de milicias respaldadas por Ir\u00e1n contra instalaciones militares y diplom\u00e1ticas estadounidenses, luego de un ataque a\u00e9reo de Washington contra objetivos milicianos en el pa\u00eds y en la vecina Siria. La violencia est\u00e1 ligada al enfrentamiento entre Estados Unidos e Ir\u00e1n luego de que Washington abandon\u00f3 el pacto nuclear de 2015 y volvi\u00f3 a imponer paralizantes sanciones a la Rep\u00fablica Isl\u00e1mica.<\/p>\n<p>Con informaci\u00f3n de AP<\/p>\n<\/div>\n<\/div>\n","protected":false},"excerpt":{"rendered":"<p>Papa Francisco y alto cl\u00e9rigo chi\u00ed de Irak sostienen reuni\u00f3n hist\u00f3rica Por Carolina Alonso Romei&#8230;<\/p>\n","protected":false},"author":2,"featured_media":76924,"comment_status":"open","ping_status":"open","sticky":false,"template":"","format":"standard","meta":{"_monsterinsights_skip_tracking":false,"_monsterinsights_sitenote_active":false,"_monsterinsights_sitenote_note":"","_monsterinsights_sitenote_category":0,"footnotes":""},"categories":[1],"tags":[],"class_list":["post-76920","post","type-post","status-publish","format-standard","has-post-thumbnail","hentry","category-sin-categoria"],"yoast_head":"<!-- This site is optimized with the Yoast SEO plugin v27.3 - https:\/\/yoast.com\/product\/yoast-seo-wordpress\/ -->\n<title>Internacionales\/\/\/Carolina Alonso Romei\/\/\/Papa Francisco y alto cl\u00e9rigo chi\u00ed de Irak sostienen reuni\u00f3n hist\u00f3rica -<\/title>\n<meta name=\"robots\" content=\"index, follow, max-snippet:-1, max-image-preview:large, max-video-preview:-1\" \/>\n<link rel=\"canonical\" href=\"https:\/\/quehacerpolitico.mx\/?p=76920\" \/>\n<meta property=\"og:locale\" content=\"es_MX\" \/>\n<meta property=\"og:type\" content=\"article\" \/>\n<meta property=\"og:title\" content=\"Internacionales\/\/\/Carolina Alonso Romei\/\/\/Papa Francisco y alto cl\u00e9rigo chi\u00ed de Irak sostienen reuni\u00f3n hist\u00f3rica -\" \/>\n<meta property=\"og:description\" content=\"Papa Francisco y alto cl\u00e9rigo chi\u00ed de Irak sostienen reuni\u00f3n hist\u00f3rica Por Carolina Alonso Romei...\" \/>\n<meta property=\"og:url\" content=\"https:\/\/quehacerpolitico.mx\/?p=76920\" \/>\n<meta property=\"article:published_time\" content=\"2021-03-07T00:20:34+00:00\" \/>\n<meta property=\"og:image\" content=\"https:\/\/quehacerpolitico.mx\/wp-content\/uploads\/2021\/03\/4AEDD4EF-E889-4322-B6C5-6D14A8325057.jpeg\" \/>\n\t<meta property=\"og:image:width\" content=\"320\" \/>\n\t<meta property=\"og:image:height\" content=\"240\" \/>\n\t<meta property=\"og:image:type\" content=\"image\/jpeg\" \/>\n<meta name=\"author\" content=\"Redacci\u00f3n QP\" \/>\n<meta name=\"twitter:card\" content=\"summary_large_image\" \/>\n<meta name=\"twitter:label1\" content=\"Escrito por\" \/>\n\t<meta name=\"twitter:data1\" content=\"Redacci\u00f3n QP\" \/>\n\t<meta name=\"twitter:label2\" content=\"Tiempo de lectura\" \/>\n\t<meta name=\"twitter:data2\" content=\"5 minutos\" \/>\n<script type=\"application\/ld+json\" class=\"yoast-schema-graph\">{\"@context\":\"https:\\\/\\\/schema.org\",\"@graph\":[{\"@type\":\"Article\",\"@id\":\"https:\\\/\\\/quehacerpolitico.mx\\\/?p=76920#article\",\"isPartOf\":{\"@id\":\"https:\\\/\\\/quehacerpolitico.mx\\\/?p=76920\"},\"author\":{\"name\":\"Redacci\u00f3n QP\",\"@id\":\"https:\\\/\\\/quehacerpolitico.mx\\\/#\\\/schema\\\/person\\\/496d8ad2d1d3f8036101dca7ee39e585\"},\"headline\":\"Internacionales\\\/\\\/\\\/Carolina Alonso Romei\\\/\\\/\\\/Papa Francisco y alto cl\u00e9rigo chi\u00ed de Irak sostienen reuni\u00f3n hist\u00f3rica\",\"datePublished\":\"2021-03-07T00:20:34+00:00\",\"mainEntityOfPage\":{\"@id\":\"https:\\\/\\\/quehacerpolitico.mx\\\/?p=76920\"},\"wordCount\":1007,\"commentCount\":0,\"image\":{\"@id\":\"https:\\\/\\\/quehacerpolitico.mx\\\/?p=76920#primaryimage\"},\"thumbnailUrl\":\"https:\\\/\\\/quehacerpolitico.mx\\\/wp-content\\\/uploads\\\/2021\\\/03\\\/4AEDD4EF-E889-4322-B6C5-6D14A8325057.jpeg\",\"articleSection\":[\"Internacionales\"],\"inLanguage\":\"es\",\"potentialAction\":[{\"@type\":\"CommentAction\",\"name\":\"Comment\",\"target\":[\"https:\\\/\\\/quehacerpolitico.mx\\\/?p=76920#respond\"]}]},{\"@type\":\"WebPage\",\"@id\":\"https:\\\/\\\/quehacerpolitico.mx\\\/?p=76920\",\"url\":\"https:\\\/\\\/quehacerpolitico.mx\\\/?p=76920\",\"name\":\"Internacionales\\\/\\\/\\\/Carolina Alonso Romei\\\/\\\/\\\/Papa Francisco y alto cl\u00e9rigo chi\u00ed de Irak sostienen reuni\u00f3n hist\u00f3rica -\",\"isPartOf\":{\"@id\":\"https:\\\/\\\/quehacerpolitico.mx\\\/#website\"},\"primaryImageOfPage\":{\"@id\":\"https:\\\/\\\/quehacerpolitico.mx\\\/?p=76920#primaryimage\"},\"image\":{\"@id\":\"https:\\\/\\\/quehacerpolitico.mx\\\/?p=76920#primaryimage\"},\"thumbnailUrl\":\"https:\\\/\\\/quehacerpolitico.mx\\\/wp-content\\\/uploads\\\/2021\\\/03\\\/4AEDD4EF-E889-4322-B6C5-6D14A8325057.jpeg\",\"datePublished\":\"2021-03-07T00:20:34+00:00\",\"author\":{\"@id\":\"https:\\\/\\\/quehacerpolitico.mx\\\/#\\\/schema\\\/person\\\/496d8ad2d1d3f8036101dca7ee39e585\"},\"breadcrumb\":{\"@id\":\"https:\\\/\\\/quehacerpolitico.mx\\\/?p=76920#breadcrumb\"},\"inLanguage\":\"es\",\"potentialAction\":[{\"@type\":\"ReadAction\",\"target\":[\"https:\\\/\\\/quehacerpolitico.mx\\\/?p=76920\"]}]},{\"@type\":\"ImageObject\",\"inLanguage\":\"es\",\"@id\":\"https:\\\/\\\/quehacerpolitico.mx\\\/?p=76920#primaryimage\",\"url\":\"https:\\\/\\\/quehacerpolitico.mx\\\/wp-content\\\/uploads\\\/2021\\\/03\\\/4AEDD4EF-E889-4322-B6C5-6D14A8325057.jpeg\",\"contentUrl\":\"https:\\\/\\\/quehacerpolitico.mx\\\/wp-content\\\/uploads\\\/2021\\\/03\\\/4AEDD4EF-E889-4322-B6C5-6D14A8325057.jpeg\",\"width\":320,\"height\":240},{\"@type\":\"BreadcrumbList\",\"@id\":\"https:\\\/\\\/quehacerpolitico.mx\\\/?p=76920#breadcrumb\",\"itemListElement\":[{\"@type\":\"ListItem\",\"position\":1,\"name\":\"Inicio\",\"item\":\"https:\\\/\\\/quehacerpolitico.mx\\\/\"},{\"@type\":\"ListItem\",\"position\":2,\"name\":\"Internacionales\\\/\\\/\\\/Carolina Alonso Romei\\\/\\\/\\\/Papa Francisco y alto cl\u00e9rigo chi\u00ed de Irak sostienen reuni\u00f3n hist\u00f3rica\"}]},{\"@type\":\"WebSite\",\"@id\":\"https:\\\/\\\/quehacerpolitico.mx\\\/#website\",\"url\":\"https:\\\/\\\/quehacerpolitico.mx\\\/\",\"name\":\"\",\"description\":\"\",\"potentialAction\":[{\"@type\":\"SearchAction\",\"target\":{\"@type\":\"EntryPoint\",\"urlTemplate\":\"https:\\\/\\\/quehacerpolitico.mx\\\/?s={search_term_string}\"},\"query-input\":{\"@type\":\"PropertyValueSpecification\",\"valueRequired\":true,\"valueName\":\"search_term_string\"}}],\"inLanguage\":\"es\"},{\"@type\":\"Person\",\"@id\":\"https:\\\/\\\/quehacerpolitico.mx\\\/#\\\/schema\\\/person\\\/496d8ad2d1d3f8036101dca7ee39e585\",\"name\":\"Redacci\u00f3n QP\",\"image\":{\"@type\":\"ImageObject\",\"inLanguage\":\"es\",\"@id\":\"https:\\\/\\\/secure.gravatar.com\\\/avatar\\\/c7164ed6fdec453195284ad24a5ae5b6e1eed2b848477fa2a4787ba9adf39a41?s=96&d=mm&r=g\",\"url\":\"https:\\\/\\\/secure.gravatar.com\\\/avatar\\\/c7164ed6fdec453195284ad24a5ae5b6e1eed2b848477fa2a4787ba9adf39a41?s=96&d=mm&r=g\",\"contentUrl\":\"https:\\\/\\\/secure.gravatar.com\\\/avatar\\\/c7164ed6fdec453195284ad24a5ae5b6e1eed2b848477fa2a4787ba9adf39a41?s=96&d=mm&r=g\",\"caption\":\"Redacci\u00f3n QP\"},\"url\":\"https:\\\/\\\/quehacerpolitico.mx\\\/?author=2\"}]}<\/script>\n<!-- \/ Yoast SEO plugin. -->","yoast_head_json":{"title":"Internacionales\/\/\/Carolina Alonso Romei\/\/\/Papa Francisco y alto cl\u00e9rigo chi\u00ed de Irak sostienen reuni\u00f3n hist\u00f3rica -","robots":{"index":"index","follow":"follow","max-snippet":"max-snippet:-1","max-image-preview":"max-image-preview:large","max-video-preview":"max-video-preview:-1"},"canonical":"https:\/\/quehacerpolitico.mx\/?p=76920","og_locale":"es_MX","og_type":"article","og_title":"Internacionales\/\/\/Carolina Alonso Romei\/\/\/Papa Francisco y alto cl\u00e9rigo chi\u00ed de Irak sostienen reuni\u00f3n hist\u00f3rica -","og_description":"Papa Francisco y alto cl\u00e9rigo chi\u00ed de Irak sostienen reuni\u00f3n hist\u00f3rica Por Carolina Alonso Romei...","og_url":"https:\/\/quehacerpolitico.mx\/?p=76920","article_published_time":"2021-03-07T00:20:34+00:00","og_image":[{"width":320,"height":240,"url":"https:\/\/quehacerpolitico.mx\/wp-content\/uploads\/2021\/03\/4AEDD4EF-E889-4322-B6C5-6D14A8325057.jpeg","type":"image\/jpeg"}],"author":"Redacci\u00f3n QP","twitter_card":"summary_large_image","twitter_misc":{"Escrito por":"Redacci\u00f3n QP","Tiempo de lectura":"5 minutos"},"schema":{"@context":"https:\/\/schema.org","@graph":[{"@type":"Article","@id":"https:\/\/quehacerpolitico.mx\/?p=76920#article","isPartOf":{"@id":"https:\/\/quehacerpolitico.mx\/?p=76920"},"author":{"name":"Redacci\u00f3n QP","@id":"https:\/\/quehacerpolitico.mx\/#\/schema\/person\/496d8ad2d1d3f8036101dca7ee39e585"},"headline":"Internacionales\/\/\/Carolina Alonso Romei\/\/\/Papa Francisco y alto cl\u00e9rigo chi\u00ed de Irak sostienen reuni\u00f3n hist\u00f3rica","datePublished":"2021-03-07T00:20:34+00:00","mainEntityOfPage":{"@id":"https:\/\/quehacerpolitico.mx\/?p=76920"},"wordCount":1007,"commentCount":0,"image":{"@id":"https:\/\/quehacerpolitico.mx\/?p=76920#primaryimage"},"thumbnailUrl":"https:\/\/quehacerpolitico.mx\/wp-content\/uploads\/2021\/03\/4AEDD4EF-E889-4322-B6C5-6D14A8325057.jpeg","articleSection":["Internacionales"],"inLanguage":"es","potentialAction":[{"@type":"CommentAction","name":"Comment","target":["https:\/\/quehacerpolitico.mx\/?p=76920#respond"]}]},{"@type":"WebPage","@id":"https:\/\/quehacerpolitico.mx\/?p=76920","url":"https:\/\/quehacerpolitico.mx\/?p=76920","name":"Internacionales\/\/\/Carolina Alonso Romei\/\/\/Papa Francisco y alto cl\u00e9rigo chi\u00ed de Irak sostienen reuni\u00f3n hist\u00f3rica -","isPartOf":{"@id":"https:\/\/quehacerpolitico.mx\/#website"},"primaryImageOfPage":{"@id":"https:\/\/quehacerpolitico.mx\/?p=76920#primaryimage"},"image":{"@id":"https:\/\/quehacerpolitico.mx\/?p=76920#primaryimage"},"thumbnailUrl":"https:\/\/quehacerpolitico.mx\/wp-content\/uploads\/2021\/03\/4AEDD4EF-E889-4322-B6C5-6D14A8325057.jpeg","datePublished":"2021-03-07T00:20:34+00:00","author":{"@id":"https:\/\/quehacerpolitico.mx\/#\/schema\/person\/496d8ad2d1d3f8036101dca7ee39e585"},"breadcrumb":{"@id":"https:\/\/quehacerpolitico.mx\/?p=76920#breadcrumb"},"inLanguage":"es","potentialAction":[{"@type":"ReadAction","target":["https:\/\/quehacerpolitico.mx\/?p=76920"]}]},{"@type":"ImageObject","inLanguage":"es","@id":"https:\/\/quehacerpolitico.mx\/?p=76920#primaryimage","url":"https:\/\/quehacerpolitico.mx\/wp-content\/uploads\/2021\/03\/4AEDD4EF-E889-4322-B6C5-6D14A8325057.jpeg","contentUrl":"https:\/\/quehacerpolitico.mx\/wp-content\/uploads\/2021\/03\/4AEDD4EF-E889-4322-B6C5-6D14A8325057.jpeg","width":320,"height":240},{"@type":"BreadcrumbList","@id":"https:\/\/quehacerpolitico.mx\/?p=76920#breadcrumb","itemListElement":[{"@type":"ListItem","position":1,"name":"Inicio","item":"https:\/\/quehacerpolitico.mx\/"},{"@type":"ListItem","position":2,"name":"Internacionales\/\/\/Carolina Alonso Romei\/\/\/Papa Francisco y alto cl\u00e9rigo chi\u00ed de Irak sostienen reuni\u00f3n hist\u00f3rica"}]},{"@type":"WebSite","@id":"https:\/\/quehacerpolitico.mx\/#website","url":"https:\/\/quehacerpolitico.mx\/","name":"","description":"","potentialAction":[{"@type":"SearchAction","target":{"@type":"EntryPoint","urlTemplate":"https:\/\/quehacerpolitico.mx\/?s={search_term_string}"},"query-input":{"@type":"PropertyValueSpecification","valueRequired":true,"valueName":"search_term_string"}}],"inLanguage":"es"},{"@type":"Person","@id":"https:\/\/quehacerpolitico.mx\/#\/schema\/person\/496d8ad2d1d3f8036101dca7ee39e585","name":"Redacci\u00f3n QP","image":{"@type":"ImageObject","inLanguage":"es","@id":"https:\/\/secure.gravatar.com\/avatar\/c7164ed6fdec453195284ad24a5ae5b6e1eed2b848477fa2a4787ba9adf39a41?s=96&d=mm&r=g","url":"https:\/\/secure.gravatar.com\/avatar\/c7164ed6fdec453195284ad24a5ae5b6e1eed2b848477fa2a4787ba9adf39a41?s=96&d=mm&r=g","contentUrl":"https:\/\/secure.gravatar.com\/avatar\/c7164ed6fdec453195284ad24a5ae5b6e1eed2b848477fa2a4787ba9adf39a41?s=96&d=mm&r=g","caption":"Redacci\u00f3n QP"},"url":"https:\/\/quehacerpolitico.mx\/?author=2"}]}},"featured_image_urls":{"full":["https:\/\/quehacerpolitico.mx\/wp-content\/uploads\/2021\/03\/4AEDD4EF-E889-4322-B6C5-6D14A8325057.jpeg",320,240,false],"thumbnail":["https:\/\/quehacerpolitico.mx\/wp-content\/uploads\/2021\/03\/4AEDD4EF-E889-4322-B6C5-6D14A8325057-150x150.jpeg",150,150,true],"medium":["https:\/\/quehacerpolitico.mx\/wp-content\/uploads\/2021\/03\/4AEDD4EF-E889-4322-B6C5-6D14A8325057-300x225.jpeg",300,225,true],"medium_large":["https:\/\/quehacerpolitico.mx\/wp-content\/uploads\/2021\/03\/4AEDD4EF-E889-4322-B6C5-6D14A8325057.jpeg",320,240,false],"large":["https:\/\/quehacerpolitico.mx\/wp-content\/uploads\/2021\/03\/4AEDD4EF-E889-4322-B6C5-6D14A8325057.jpeg",320,240,false],"1536x1536":["https:\/\/quehacerpolitico.mx\/wp-content\/uploads\/2021\/03\/4AEDD4EF-E889-4322-B6C5-6D14A8325057.jpeg",320,240,false],"2048x2048":["https:\/\/quehacerpolitico.mx\/wp-content\/uploads\/2021\/03\/4AEDD4EF-E889-4322-B6C5-6D14A8325057.jpeg",320,240,false],"covernews-featured":["https:\/\/quehacerpolitico.mx\/wp-content\/uploads\/2021\/03\/4AEDD4EF-E889-4322-B6C5-6D14A8325057.jpeg",320,240,false],"covernews-medium":["https:\/\/quehacerpolitico.mx\/wp-content\/uploads\/2021\/03\/4AEDD4EF-E889-4322-B6C5-6D14A8325057.jpeg",320,240,false]},"author_info":{"display_name":"Redacci\u00f3n QP","author_link":"https:\/\/quehacerpolitico.mx\/?author=2"},"category_info":"<a href=\"https:\/\/quehacerpolitico.mx\/?cat=1\" rel=\"category\">Internacionales<\/a>","tag_info":"Internacionales","comment_count":"0","_links":{"self":[{"href":"https:\/\/quehacerpolitico.mx\/index.php?rest_route=\/wp\/v2\/posts\/76920","targetHints":{"allow":["GET"]}}],"collection":[{"href":"https:\/\/quehacerpolitico.mx\/index.php?rest_route=\/wp\/v2\/posts"}],"about":[{"href":"https:\/\/quehacerpolitico.mx\/index.php?rest_route=\/wp\/v2\/types\/post"}],"author":[{"embeddable":true,"href":"https:\/\/quehacerpolitico.mx\/index.php?rest_route=\/wp\/v2\/users\/2"}],"replies":[{"embeddable":true,"href":"https:\/\/quehacerpolitico.mx\/index.php?rest_route=%2Fwp%2Fv2%2Fcomments&post=76920"}],"version-history":[{"count":0,"href":"https:\/\/quehacerpolitico.mx\/index.php?rest_route=\/wp\/v2\/posts\/76920\/revisions"}],"wp:featuredmedia":[{"embeddable":true,"href":"https:\/\/quehacerpolitico.mx\/index.php?rest_route=\/wp\/v2\/media\/76924"}],"wp:attachment":[{"href":"https:\/\/quehacerpolitico.mx\/index.php?rest_route=%2Fwp%2Fv2%2Fmedia&parent=76920"}],"wp:term":[{"taxonomy":"category","embeddable":true,"href":"https:\/\/quehacerpolitico.mx\/index.php?rest_route=%2Fwp%2Fv2%2Fcategories&post=76920"},{"taxonomy":"post_tag","embeddable":true,"href":"https:\/\/quehacerpolitico.mx\/index.php?rest_route=%2Fwp%2Fv2%2Ftags&post=76920"}],"curies":[{"name":"wp","href":"https:\/\/api.w.org\/{rel}","templated":true}]}}