{"id":76914,"date":"2021-03-07T00:02:48","date_gmt":"2021-03-07T00:02:48","guid":{"rendered":"https:\/\/quehacerpolitico.mx\/?p=76914"},"modified":"2021-03-07T00:02:48","modified_gmt":"2021-03-07T00:02:48","slug":"amlo-presidente-de-bolivia-visitara-mexico-para-celebracion","status":"publish","type":"post","link":"https:\/\/quehacerpolitico.mx\/?p=76914","title":{"rendered":"AMLO: Presidente de Bolivia visitar\u00e1 M\u00e9xico para celebraci\u00f3n"},"content":{"rendered":"<h1 class=\"news-title\">AMLO: Presidente de Bolivia visitar\u00e1 M\u00e9xico para celebraci\u00f3n<br \/>\nPor Redacci\u00f3n QP<\/h1>\n<p>El mandatario boliviano, Luis Arce, estar\u00e1 en el festejo\u00a0del D\u00eda de la Resistencia de los Pueblos Originarios, el 25 de marzo en Champot\u00f3n, Campeche<\/p>\n<p>El Presidente Andr\u00e9s Manuel L\u00f3pez Obrador (AMLO) anunci\u00f3 que su hom\u00f3logo boliviano, Luis Arce, vendr\u00e1 a M\u00e9xico para acompa\u00f1arlo en la celebraci\u00f3n del D\u00eda de la Resistencia de los Pueblos Originarios, <strong>el 25 de marzo <\/strong>en Champot\u00f3n, Campeche, <strong>dentro del marco de las festividades del Bicentenario de la Consumaci\u00f3n de la Independencia.\u00a0<\/strong><\/p>\n<p>L\u00f3pez Obrador encabez\u00f3 este s\u00e1bado la supervisi\u00f3n de los trabajos del Tramo 2 del Tren Maya, donde se\u00f1al\u00f3 que se conmemorar\u00e1 la batalla que dieron los pueblos mayas contra la invasi\u00f3n espa\u00f1ola y que es llamado por algunos como &#8220;La batalla de la mala pelea&#8221;, mientras que para otros es &#8220;La batalla de la Buena Pelea&#8221;.<\/p>\n<p>&#8220;Vamos a seguir visitando Campeche, por cierto el 25 de marzo vamos a estar en Champot\u00f3n porque se est\u00e1n conmemorando actos con motivo de los 500 a\u00f1os de la invasi\u00f3n extranjera y 200 a\u00f1os de nuestra independencia nacional.<\/p>\n<div class=\"banner b2\">\n<div id=\"div-gpt-ad-1505954097040-2\" data-google-query-id=\"CLm7oNftnO8CFURMAQodH8QNbQ\">\n<p>&#8220;\u00bfY por qu\u00e9 Champot\u00f3n? Porque uno de los colonizadores quiso tomar Champot\u00f3n, y el pueblo, los mayas no lo permitieron, hubo una batalla y fueron derrotados los invasores espa\u00f1oles de aquel tiempo y se le llama la batalla, ellos le llaman con todo respeto &#8220;La batalla de la mala pelea&#8221; y los de Champot\u00f3n, Campeche, M\u00e9xico podr\u00edamos decir &#8220;La batalla de la buena pelea&#8221;, es como &#8220;La Noche Triste&#8221; o &#8220;La Noche Alegre&#8221;, depende de c\u00f3mo se ven las cosas.<\/p>\n<p>&#8220;Vamos a estar en esta conmemoraci\u00f3n y nos va a acompa\u00f1ar el presidente de Bolivia, va a estar con nosotros, esto es el d\u00eda 25 de marzo&#8221;, detall\u00f3.<\/p>\n<p><strong>El pasado 24 de febrero, L\u00f3pez Obrador estuv\u00f3 acompa\u00f1ado de Alberto Fern\u00e1ndez<\/strong>, presidente de Argentina L\u00f3pez, en Iguala, Guerrero, durante\u00a0la ceremonia de la conmemoraci\u00f3n del Plan de Iguala y por el D\u00eda de la Bandera.<\/p>\n<p>&#8220;El 24 de febrero nos acompa\u00f1\u00f3 el presidente de Argentina, Alberto Fern\u00e1ndez, porque en Iguala se proclam\u00f3 el Plan de las Tres Garant\u00edas: Independencia, Uni\u00f3n y Religi\u00f3n&#8221;, record\u00f3 el Presidente.<\/p>\n<p>&#8220;Ah\u00ed se da el acuerdo entre Iturbide y Vicente Guerrero, es el primer paso para lograr la independencia de nuestro pa\u00eds. Ahora el tercer acto lo queremos hacer aqu\u00ed en Champot\u00f3n porque es un acto para conmemorar, recordar la resistencia de los pueblos originarios.<\/p>\n<p>&#8220;Recordar que frente a invasiones y conquistas siempre nuestro pueblo ha sabido defender su dignidad e independencia, hay quienes no saben pero tambi\u00e9n se usa un dicho por ac\u00e1 cuando alguien quiere abusar se quiere pasar de la raya, se le dice, no puedo hacer completo el gesto, pero se le dice &#8220;toma tu Champot\u00f3n&#8221;, eso tiene que ver con nuestras tradiciones, nuestras costumbres&#8221;, dijo.<\/p>\n<p>Con informaci\u00f3n de SUN<\/p>\n<\/div>\n<\/div>\n","protected":false},"excerpt":{"rendered":"<p>AMLO: Presidente de Bolivia visitar\u00e1 M\u00e9xico para celebraci\u00f3n Por Redacci\u00f3n QP El mandatario boliviano, Luis&#8230;<\/p>\n","protected":false},"author":2,"featured_media":76918,"comment_status":"open","ping_status":"open","sticky":false,"template":"","format":"standard","meta":{"_monsterinsights_skip_tracking":false,"_monsterinsights_sitenote_active":false,"_monsterinsights_sitenote_note":"","_monsterinsights_sitenote_category":0,"footnotes":""},"categories":[2],"tags":[],"class_list":["post-76914","post","type-post","status-publish","format-standard","has-post-thumbnail","hentry","category-noticias"],"yoast_head":"<!-- This site is optimized with the Yoast SEO plugin v27.3 - https:\/\/yoast.com\/product\/yoast-seo-wordpress\/ -->\n<title>AMLO: Presidente de Bolivia visitar\u00e1 M\u00e9xico para celebraci\u00f3n -<\/title>\n<meta name=\"robots\" content=\"index, follow, max-snippet:-1, max-image-preview:large, max-video-preview:-1\" \/>\n<link rel=\"canonical\" href=\"https:\/\/quehacerpolitico.mx\/?p=76914\" \/>\n<meta property=\"og:locale\" content=\"es_MX\" \/>\n<meta property=\"og:type\" content=\"article\" \/>\n<meta property=\"og:title\" content=\"AMLO: Presidente de Bolivia visitar\u00e1 M\u00e9xico para celebraci\u00f3n -\" \/>\n<meta property=\"og:description\" content=\"AMLO: Presidente de Bolivia visitar\u00e1 M\u00e9xico para celebraci\u00f3n Por Redacci\u00f3n QP El mandatario boliviano, Luis...\" \/>\n<meta property=\"og:url\" content=\"https:\/\/quehacerpolitico.mx\/?p=76914\" \/>\n<meta property=\"article:published_time\" content=\"2021-03-07T00:02:48+00:00\" \/>\n<meta property=\"og:image\" content=\"https:\/\/quehacerpolitico.mx\/wp-content\/uploads\/2021\/03\/9F8B64D3-BF90-4EFE-80C4-761E7D927B7F.jpeg\" \/>\n\t<meta property=\"og:image:width\" content=\"1242\" \/>\n\t<meta property=\"og:image:height\" content=\"665\" \/>\n\t<meta property=\"og:image:type\" content=\"image\/jpeg\" \/>\n<meta name=\"author\" content=\"Redacci\u00f3n QP\" \/>\n<meta name=\"twitter:card\" content=\"summary_large_image\" \/>\n<meta name=\"twitter:label1\" content=\"Escrito por\" \/>\n\t<meta name=\"twitter:data1\" content=\"Redacci\u00f3n QP\" \/>\n\t<meta name=\"twitter:label2\" content=\"Tiempo de lectura\" \/>\n\t<meta name=\"twitter:data2\" content=\"3 minutos\" \/>\n<script type=\"application\/ld+json\" class=\"yoast-schema-graph\">{\"@context\":\"https:\\\/\\\/schema.org\",\"@graph\":[{\"@type\":\"Article\",\"@id\":\"https:\\\/\\\/quehacerpolitico.mx\\\/?p=76914#article\",\"isPartOf\":{\"@id\":\"https:\\\/\\\/quehacerpolitico.mx\\\/?p=76914\"},\"author\":{\"name\":\"Redacci\u00f3n QP\",\"@id\":\"https:\\\/\\\/quehacerpolitico.mx\\\/#\\\/schema\\\/person\\\/496d8ad2d1d3f8036101dca7ee39e585\"},\"headline\":\"AMLO: Presidente de Bolivia visitar\u00e1 M\u00e9xico para celebraci\u00f3n\",\"datePublished\":\"2021-03-07T00:02:48+00:00\",\"mainEntityOfPage\":{\"@id\":\"https:\\\/\\\/quehacerpolitico.mx\\\/?p=76914\"},\"wordCount\":520,\"commentCount\":0,\"image\":{\"@id\":\"https:\\\/\\\/quehacerpolitico.mx\\\/?p=76914#primaryimage\"},\"thumbnailUrl\":\"https:\\\/\\\/quehacerpolitico.mx\\\/wp-content\\\/uploads\\\/2021\\\/03\\\/9F8B64D3-BF90-4EFE-80C4-761E7D927B7F.jpeg\",\"articleSection\":[\"Noticias\"],\"inLanguage\":\"es\",\"potentialAction\":[{\"@type\":\"CommentAction\",\"name\":\"Comment\",\"target\":[\"https:\\\/\\\/quehacerpolitico.mx\\\/?p=76914#respond\"]}]},{\"@type\":\"WebPage\",\"@id\":\"https:\\\/\\\/quehacerpolitico.mx\\\/?p=76914\",\"url\":\"https:\\\/\\\/quehacerpolitico.mx\\\/?p=76914\",\"name\":\"AMLO: Presidente de Bolivia visitar\u00e1 M\u00e9xico para celebraci\u00f3n -\",\"isPartOf\":{\"@id\":\"https:\\\/\\\/quehacerpolitico.mx\\\/#website\"},\"primaryImageOfPage\":{\"@id\":\"https:\\\/\\\/quehacerpolitico.mx\\\/?p=76914#primaryimage\"},\"image\":{\"@id\":\"https:\\\/\\\/quehacerpolitico.mx\\\/?p=76914#primaryimage\"},\"thumbnailUrl\":\"https:\\\/\\\/quehacerpolitico.mx\\\/wp-content\\\/uploads\\\/2021\\\/03\\\/9F8B64D3-BF90-4EFE-80C4-761E7D927B7F.jpeg\",\"datePublished\":\"2021-03-07T00:02:48+00:00\",\"author\":{\"@id\":\"https:\\\/\\\/quehacerpolitico.mx\\\/#\\\/schema\\\/person\\\/496d8ad2d1d3f8036101dca7ee39e585\"},\"breadcrumb\":{\"@id\":\"https:\\\/\\\/quehacerpolitico.mx\\\/?p=76914#breadcrumb\"},\"inLanguage\":\"es\",\"potentialAction\":[{\"@type\":\"ReadAction\",\"target\":[\"https:\\\/\\\/quehacerpolitico.mx\\\/?p=76914\"]}]},{\"@type\":\"ImageObject\",\"inLanguage\":\"es\",\"@id\":\"https:\\\/\\\/quehacerpolitico.mx\\\/?p=76914#primaryimage\",\"url\":\"https:\\\/\\\/quehacerpolitico.mx\\\/wp-content\\\/uploads\\\/2021\\\/03\\\/9F8B64D3-BF90-4EFE-80C4-761E7D927B7F.jpeg\",\"contentUrl\":\"https:\\\/\\\/quehacerpolitico.mx\\\/wp-content\\\/uploads\\\/2021\\\/03\\\/9F8B64D3-BF90-4EFE-80C4-761E7D927B7F.jpeg\",\"width\":1242,\"height\":665},{\"@type\":\"BreadcrumbList\",\"@id\":\"https:\\\/\\\/quehacerpolitico.mx\\\/?p=76914#breadcrumb\",\"itemListElement\":[{\"@type\":\"ListItem\",\"position\":1,\"name\":\"Inicio\",\"item\":\"https:\\\/\\\/quehacerpolitico.mx\\\/\"},{\"@type\":\"ListItem\",\"position\":2,\"name\":\"AMLO: Presidente de Bolivia visitar\u00e1 M\u00e9xico para celebraci\u00f3n\"}]},{\"@type\":\"WebSite\",\"@id\":\"https:\\\/\\\/quehacerpolitico.mx\\\/#website\",\"url\":\"https:\\\/\\\/quehacerpolitico.mx\\\/\",\"name\":\"\",\"description\":\"\",\"potentialAction\":[{\"@type\":\"SearchAction\",\"target\":{\"@type\":\"EntryPoint\",\"urlTemplate\":\"https:\\\/\\\/quehacerpolitico.mx\\\/?s={search_term_string}\"},\"query-input\":{\"@type\":\"PropertyValueSpecification\",\"valueRequired\":true,\"valueName\":\"search_term_string\"}}],\"inLanguage\":\"es\"},{\"@type\":\"Person\",\"@id\":\"https:\\\/\\\/quehacerpolitico.mx\\\/#\\\/schema\\\/person\\\/496d8ad2d1d3f8036101dca7ee39e585\",\"name\":\"Redacci\u00f3n QP\",\"image\":{\"@type\":\"ImageObject\",\"inLanguage\":\"es\",\"@id\":\"https:\\\/\\\/secure.gravatar.com\\\/avatar\\\/c7164ed6fdec453195284ad24a5ae5b6e1eed2b848477fa2a4787ba9adf39a41?s=96&d=mm&r=g\",\"url\":\"https:\\\/\\\/secure.gravatar.com\\\/avatar\\\/c7164ed6fdec453195284ad24a5ae5b6e1eed2b848477fa2a4787ba9adf39a41?s=96&d=mm&r=g\",\"contentUrl\":\"https:\\\/\\\/secure.gravatar.com\\\/avatar\\\/c7164ed6fdec453195284ad24a5ae5b6e1eed2b848477fa2a4787ba9adf39a41?s=96&d=mm&r=g\",\"caption\":\"Redacci\u00f3n QP\"},\"url\":\"https:\\\/\\\/quehacerpolitico.mx\\\/?author=2\"}]}<\/script>\n<!-- \/ Yoast SEO plugin. -->","yoast_head_json":{"title":"AMLO: Presidente de Bolivia visitar\u00e1 M\u00e9xico para celebraci\u00f3n -","robots":{"index":"index","follow":"follow","max-snippet":"max-snippet:-1","max-image-preview":"max-image-preview:large","max-video-preview":"max-video-preview:-1"},"canonical":"https:\/\/quehacerpolitico.mx\/?p=76914","og_locale":"es_MX","og_type":"article","og_title":"AMLO: Presidente de Bolivia visitar\u00e1 M\u00e9xico para celebraci\u00f3n -","og_description":"AMLO: Presidente de Bolivia visitar\u00e1 M\u00e9xico para celebraci\u00f3n Por Redacci\u00f3n QP El mandatario boliviano, Luis...","og_url":"https:\/\/quehacerpolitico.mx\/?p=76914","article_published_time":"2021-03-07T00:02:48+00:00","og_image":[{"width":1242,"height":665,"url":"https:\/\/quehacerpolitico.mx\/wp-content\/uploads\/2021\/03\/9F8B64D3-BF90-4EFE-80C4-761E7D927B7F.jpeg","type":"image\/jpeg"}],"author":"Redacci\u00f3n QP","twitter_card":"summary_large_image","twitter_misc":{"Escrito por":"Redacci\u00f3n QP","Tiempo de lectura":"3 minutos"},"schema":{"@context":"https:\/\/schema.org","@graph":[{"@type":"Article","@id":"https:\/\/quehacerpolitico.mx\/?p=76914#article","isPartOf":{"@id":"https:\/\/quehacerpolitico.mx\/?p=76914"},"author":{"name":"Redacci\u00f3n QP","@id":"https:\/\/quehacerpolitico.mx\/#\/schema\/person\/496d8ad2d1d3f8036101dca7ee39e585"},"headline":"AMLO: Presidente de Bolivia visitar\u00e1 M\u00e9xico para celebraci\u00f3n","datePublished":"2021-03-07T00:02:48+00:00","mainEntityOfPage":{"@id":"https:\/\/quehacerpolitico.mx\/?p=76914"},"wordCount":520,"commentCount":0,"image":{"@id":"https:\/\/quehacerpolitico.mx\/?p=76914#primaryimage"},"thumbnailUrl":"https:\/\/quehacerpolitico.mx\/wp-content\/uploads\/2021\/03\/9F8B64D3-BF90-4EFE-80C4-761E7D927B7F.jpeg","articleSection":["Noticias"],"inLanguage":"es","potentialAction":[{"@type":"CommentAction","name":"Comment","target":["https:\/\/quehacerpolitico.mx\/?p=76914#respond"]}]},{"@type":"WebPage","@id":"https:\/\/quehacerpolitico.mx\/?p=76914","url":"https:\/\/quehacerpolitico.mx\/?p=76914","name":"AMLO: Presidente de Bolivia visitar\u00e1 M\u00e9xico para celebraci\u00f3n -","isPartOf":{"@id":"https:\/\/quehacerpolitico.mx\/#website"},"primaryImageOfPage":{"@id":"https:\/\/quehacerpolitico.mx\/?p=76914#primaryimage"},"image":{"@id":"https:\/\/quehacerpolitico.mx\/?p=76914#primaryimage"},"thumbnailUrl":"https:\/\/quehacerpolitico.mx\/wp-content\/uploads\/2021\/03\/9F8B64D3-BF90-4EFE-80C4-761E7D927B7F.jpeg","datePublished":"2021-03-07T00:02:48+00:00","author":{"@id":"https:\/\/quehacerpolitico.mx\/#\/schema\/person\/496d8ad2d1d3f8036101dca7ee39e585"},"breadcrumb":{"@id":"https:\/\/quehacerpolitico.mx\/?p=76914#breadcrumb"},"inLanguage":"es","potentialAction":[{"@type":"ReadAction","target":["https:\/\/quehacerpolitico.mx\/?p=76914"]}]},{"@type":"ImageObject","inLanguage":"es","@id":"https:\/\/quehacerpolitico.mx\/?p=76914#primaryimage","url":"https:\/\/quehacerpolitico.mx\/wp-content\/uploads\/2021\/03\/9F8B64D3-BF90-4EFE-80C4-761E7D927B7F.jpeg","contentUrl":"https:\/\/quehacerpolitico.mx\/wp-content\/uploads\/2021\/03\/9F8B64D3-BF90-4EFE-80C4-761E7D927B7F.jpeg","width":1242,"height":665},{"@type":"BreadcrumbList","@id":"https:\/\/quehacerpolitico.mx\/?p=76914#breadcrumb","itemListElement":[{"@type":"ListItem","position":1,"name":"Inicio","item":"https:\/\/quehacerpolitico.mx\/"},{"@type":"ListItem","position":2,"name":"AMLO: Presidente de Bolivia visitar\u00e1 M\u00e9xico para celebraci\u00f3n"}]},{"@type":"WebSite","@id":"https:\/\/quehacerpolitico.mx\/#website","url":"https:\/\/quehacerpolitico.mx\/","name":"","description":"","potentialAction":[{"@type":"SearchAction","target":{"@type":"EntryPoint","urlTemplate":"https:\/\/quehacerpolitico.mx\/?s={search_term_string}"},"query-input":{"@type":"PropertyValueSpecification","valueRequired":true,"valueName":"search_term_string"}}],"inLanguage":"es"},{"@type":"Person","@id":"https:\/\/quehacerpolitico.mx\/#\/schema\/person\/496d8ad2d1d3f8036101dca7ee39e585","name":"Redacci\u00f3n QP","image":{"@type":"ImageObject","inLanguage":"es","@id":"https:\/\/secure.gravatar.com\/avatar\/c7164ed6fdec453195284ad24a5ae5b6e1eed2b848477fa2a4787ba9adf39a41?s=96&d=mm&r=g","url":"https:\/\/secure.gravatar.com\/avatar\/c7164ed6fdec453195284ad24a5ae5b6e1eed2b848477fa2a4787ba9adf39a41?s=96&d=mm&r=g","contentUrl":"https:\/\/secure.gravatar.com\/avatar\/c7164ed6fdec453195284ad24a5ae5b6e1eed2b848477fa2a4787ba9adf39a41?s=96&d=mm&r=g","caption":"Redacci\u00f3n QP"},"url":"https:\/\/quehacerpolitico.mx\/?author=2"}]}},"featured_image_urls":{"full":["https:\/\/quehacerpolitico.mx\/wp-content\/uploads\/2021\/03\/9F8B64D3-BF90-4EFE-80C4-761E7D927B7F.jpeg",1242,665,false],"thumbnail":["https:\/\/quehacerpolitico.mx\/wp-content\/uploads\/2021\/03\/9F8B64D3-BF90-4EFE-80C4-761E7D927B7F-150x150.jpeg",150,150,true],"medium":["https:\/\/quehacerpolitico.mx\/wp-content\/uploads\/2021\/03\/9F8B64D3-BF90-4EFE-80C4-761E7D927B7F-300x161.jpeg",300,161,true],"medium_large":["https:\/\/quehacerpolitico.mx\/wp-content\/uploads\/2021\/03\/9F8B64D3-BF90-4EFE-80C4-761E7D927B7F-768x411.jpeg",640,343,true],"large":["https:\/\/quehacerpolitico.mx\/wp-content\/uploads\/2021\/03\/9F8B64D3-BF90-4EFE-80C4-761E7D927B7F-1024x548.jpeg",640,343,true],"1536x1536":["https:\/\/quehacerpolitico.mx\/wp-content\/uploads\/2021\/03\/9F8B64D3-BF90-4EFE-80C4-761E7D927B7F.jpeg",1242,665,false],"2048x2048":["https:\/\/quehacerpolitico.mx\/wp-content\/uploads\/2021\/03\/9F8B64D3-BF90-4EFE-80C4-761E7D927B7F.jpeg",1242,665,false],"covernews-featured":["https:\/\/quehacerpolitico.mx\/wp-content\/uploads\/2021\/03\/9F8B64D3-BF90-4EFE-80C4-761E7D927B7F.jpeg",1024,548,false],"covernews-medium":["https:\/\/quehacerpolitico.mx\/wp-content\/uploads\/2021\/03\/9F8B64D3-BF90-4EFE-80C4-761E7D927B7F.jpeg",540,289,false]},"author_info":{"display_name":"Redacci\u00f3n QP","author_link":"https:\/\/quehacerpolitico.mx\/?author=2"},"category_info":"<a href=\"https:\/\/quehacerpolitico.mx\/?cat=2\" rel=\"category\">Noticias<\/a>","tag_info":"Noticias","comment_count":"0","_links":{"self":[{"href":"https:\/\/quehacerpolitico.mx\/index.php?rest_route=\/wp\/v2\/posts\/76914","targetHints":{"allow":["GET"]}}],"collection":[{"href":"https:\/\/quehacerpolitico.mx\/index.php?rest_route=\/wp\/v2\/posts"}],"about":[{"href":"https:\/\/quehacerpolitico.mx\/index.php?rest_route=\/wp\/v2\/types\/post"}],"author":[{"embeddable":true,"href":"https:\/\/quehacerpolitico.mx\/index.php?rest_route=\/wp\/v2\/users\/2"}],"replies":[{"embeddable":true,"href":"https:\/\/quehacerpolitico.mx\/index.php?rest_route=%2Fwp%2Fv2%2Fcomments&post=76914"}],"version-history":[{"count":0,"href":"https:\/\/quehacerpolitico.mx\/index.php?rest_route=\/wp\/v2\/posts\/76914\/revisions"}],"wp:featuredmedia":[{"embeddable":true,"href":"https:\/\/quehacerpolitico.mx\/index.php?rest_route=\/wp\/v2\/media\/76918"}],"wp:attachment":[{"href":"https:\/\/quehacerpolitico.mx\/index.php?rest_route=%2Fwp%2Fv2%2Fmedia&parent=76914"}],"wp:term":[{"taxonomy":"category","embeddable":true,"href":"https:\/\/quehacerpolitico.mx\/index.php?rest_route=%2Fwp%2Fv2%2Fcategories&post=76914"},{"taxonomy":"post_tag","embeddable":true,"href":"https:\/\/quehacerpolitico.mx\/index.php?rest_route=%2Fwp%2Fv2%2Ftags&post=76914"}],"curies":[{"name":"wp","href":"https:\/\/api.w.org\/{rel}","templated":true}]}}