{"id":76909,"date":"2021-03-06T23:43:16","date_gmt":"2021-03-06T23:43:16","guid":{"rendered":"https:\/\/quehacerpolitico.mx\/?p=76909"},"modified":"2021-03-06T23:43:16","modified_gmt":"2021-03-06T23:43:16","slug":"tiene-que-haber-relevo-generacional-amlo-dice-que-se-jubilara-en-2024","status":"publish","type":"post","link":"https:\/\/quehacerpolitico.mx\/?p=76909","title":{"rendered":"&#8221;Tiene que haber relevo generacional&#8221;: AMLO dice que se jubilar\u00e1 en 2024"},"content":{"rendered":"<h1 class=\"news-title\">&#8221;Tiene que haber relevo generacional&#8221;: AMLO dice que se jubilar\u00e1 en 2024<br \/>\nPor Redacci\u00f3n QP<\/h1>\n<p>Al reiterar que no se reelegir\u00e1, AMLO asegur\u00f3 que al terminar su sexenio en 2024, \u00e9l se jubilar\u00e1 por completo y que &#8221;tiene que haber relevo generacional&#8221;<\/p>\n<p>Al reiterar que no se reelegir\u00e1, el Presidente Andr\u00e9s Manuel L\u00f3pez Obrador asegur\u00f3 que al terminar su sexenio en 2024, \u00e9l se jubilar\u00e1 por completo, pues manifest\u00f3 que tiene que haber un relevo generacional.<\/p>\n<p>Al supervisar los avances del Tramo 3 del Tren Maya, AMLO reconoci\u00f3 que, a pesar de que pueda ganar alguien de su movimiento en las elecciones de ese a\u00f1o, no hay garant\u00eda de continuidad del proyecto de la Cuarta Transformaci\u00f3n.<\/p>\n<p><strong>&#8220;Yo voy a estar hasta el 2024, no hay reelecci\u00f3n;<\/strong> y adem\u00e1s no s\u00f3lo no hay reelecci\u00f3n, que es un asunto de principios, de mis convicciones, soy maderista, es \u2018sufragio efectivo no reelecci\u00f3n\u2019. Yo considero haber contribuido, voy a seguir contribuyendo al desarrollo de nuestro pa\u00eds y <strong>ya vendr\u00e1n otros, tiene que haber relevo generacional&#8221;,<\/strong> dijo AMLO<\/p>\n<p><iframe loading=\"lazy\" title=\"En 2024 \u201cme jubilo por completo\u201d, tiene que haber relevo generacional: AMLO\" width=\"640\" height=\"360\" src=\"https:\/\/www.youtube.com\/embed\/h4OfxMYmKoo?feature=oembed\" frameborder=\"0\" allow=\"accelerometer; autoplay; clipboard-write; encrypted-media; gyroscope; picture-in-picture; web-share\" referrerpolicy=\"strict-origin-when-cross-origin\" allowfullscreen><\/iframe><\/p>\n<p>&#8220;Aunque triunfe el movimiento cercano a nosotros, si as\u00ed lo decide el pueblo, de todas maneras, no hay garant\u00eda desgraciadamente de continuidad&#8221;, dijo.<\/p>\n<p>Acompa\u00f1ado por el gobernador Mauricio Vila, el Mandatario federal se\u00f1al\u00f3 que despu\u00e9s de dejar el cargo en septiembre de 2024 <strong>no participar\u00e1 en nada que tenga que ver asuntos p\u00fablicos.<\/strong><\/p>\n<p>&#8220;Yo me jubilo por completo y entonces s\u00ed, ya me voy a ir a Palenque, Chiapas, a finales del 24&#8221;, agreg\u00f3.<\/p>\n<p>Con informaci\u00f3n de SUN<\/p>\n","protected":false},"excerpt":{"rendered":"<p>&#8221;Tiene que haber relevo generacional&#8221;: AMLO dice que se jubilar\u00e1 en 2024 Por Redacci\u00f3n QP&#8230;<\/p>\n","protected":false},"author":2,"featured_media":76912,"comment_status":"open","ping_status":"open","sticky":false,"template":"","format":"standard","meta":{"_monsterinsights_skip_tracking":false,"_monsterinsights_sitenote_active":false,"_monsterinsights_sitenote_note":"","_monsterinsights_sitenote_category":0,"footnotes":""},"categories":[2],"tags":[],"class_list":["post-76909","post","type-post","status-publish","format-standard","has-post-thumbnail","hentry","category-noticias"],"yoast_head":"<!-- This site is optimized with the Yoast SEO plugin v27.3 - https:\/\/yoast.com\/product\/yoast-seo-wordpress\/ -->\n<title>&#039;&#039;Tiene que haber relevo generacional&#039;&#039;: AMLO dice que se jubilar\u00e1 en 2024 -<\/title>\n<meta name=\"robots\" content=\"index, follow, max-snippet:-1, max-image-preview:large, max-video-preview:-1\" \/>\n<link rel=\"canonical\" href=\"https:\/\/quehacerpolitico.mx\/?p=76909\" \/>\n<meta property=\"og:locale\" content=\"es_MX\" \/>\n<meta property=\"og:type\" content=\"article\" \/>\n<meta property=\"og:title\" content=\"&#039;&#039;Tiene que haber relevo generacional&#039;&#039;: AMLO dice que se jubilar\u00e1 en 2024 -\" \/>\n<meta property=\"og:description\" content=\"&#8221;Tiene que haber relevo generacional&#8221;: AMLO dice que se jubilar\u00e1 en 2024 Por Redacci\u00f3n QP...\" \/>\n<meta property=\"og:url\" content=\"https:\/\/quehacerpolitico.mx\/?p=76909\" \/>\n<meta property=\"article:published_time\" content=\"2021-03-06T23:43:16+00:00\" \/>\n<meta property=\"og:image\" content=\"https:\/\/quehacerpolitico.mx\/wp-content\/uploads\/2021\/03\/A0826105-5495-451F-8320-A3572B76EEB0.jpeg\" \/>\n\t<meta property=\"og:image:width\" content=\"1242\" \/>\n\t<meta property=\"og:image:height\" content=\"665\" \/>\n\t<meta property=\"og:image:type\" content=\"image\/jpeg\" \/>\n<meta name=\"author\" content=\"Redacci\u00f3n QP\" \/>\n<meta name=\"twitter:card\" content=\"summary_large_image\" \/>\n<meta name=\"twitter:label1\" content=\"Escrito por\" \/>\n\t<meta name=\"twitter:data1\" content=\"Redacci\u00f3n QP\" \/>\n\t<meta name=\"twitter:label2\" content=\"Tiempo de lectura\" \/>\n\t<meta name=\"twitter:data2\" content=\"1 minuto\" \/>\n<script type=\"application\/ld+json\" class=\"yoast-schema-graph\">{\"@context\":\"https:\\\/\\\/schema.org\",\"@graph\":[{\"@type\":\"Article\",\"@id\":\"https:\\\/\\\/quehacerpolitico.mx\\\/?p=76909#article\",\"isPartOf\":{\"@id\":\"https:\\\/\\\/quehacerpolitico.mx\\\/?p=76909\"},\"author\":{\"name\":\"Redacci\u00f3n QP\",\"@id\":\"https:\\\/\\\/quehacerpolitico.mx\\\/#\\\/schema\\\/person\\\/496d8ad2d1d3f8036101dca7ee39e585\"},\"headline\":\"&#8221;Tiene que haber relevo generacional&#8221;: AMLO dice que se jubilar\u00e1 en 2024\",\"datePublished\":\"2021-03-06T23:43:16+00:00\",\"mainEntityOfPage\":{\"@id\":\"https:\\\/\\\/quehacerpolitico.mx\\\/?p=76909\"},\"wordCount\":279,\"commentCount\":0,\"image\":{\"@id\":\"https:\\\/\\\/quehacerpolitico.mx\\\/?p=76909#primaryimage\"},\"thumbnailUrl\":\"https:\\\/\\\/quehacerpolitico.mx\\\/wp-content\\\/uploads\\\/2021\\\/03\\\/A0826105-5495-451F-8320-A3572B76EEB0.jpeg\",\"articleSection\":[\"Noticias\"],\"inLanguage\":\"es\",\"potentialAction\":[{\"@type\":\"CommentAction\",\"name\":\"Comment\",\"target\":[\"https:\\\/\\\/quehacerpolitico.mx\\\/?p=76909#respond\"]}]},{\"@type\":\"WebPage\",\"@id\":\"https:\\\/\\\/quehacerpolitico.mx\\\/?p=76909\",\"url\":\"https:\\\/\\\/quehacerpolitico.mx\\\/?p=76909\",\"name\":\"''Tiene que haber relevo generacional'': AMLO dice que se jubilar\u00e1 en 2024 -\",\"isPartOf\":{\"@id\":\"https:\\\/\\\/quehacerpolitico.mx\\\/#website\"},\"primaryImageOfPage\":{\"@id\":\"https:\\\/\\\/quehacerpolitico.mx\\\/?p=76909#primaryimage\"},\"image\":{\"@id\":\"https:\\\/\\\/quehacerpolitico.mx\\\/?p=76909#primaryimage\"},\"thumbnailUrl\":\"https:\\\/\\\/quehacerpolitico.mx\\\/wp-content\\\/uploads\\\/2021\\\/03\\\/A0826105-5495-451F-8320-A3572B76EEB0.jpeg\",\"datePublished\":\"2021-03-06T23:43:16+00:00\",\"author\":{\"@id\":\"https:\\\/\\\/quehacerpolitico.mx\\\/#\\\/schema\\\/person\\\/496d8ad2d1d3f8036101dca7ee39e585\"},\"breadcrumb\":{\"@id\":\"https:\\\/\\\/quehacerpolitico.mx\\\/?p=76909#breadcrumb\"},\"inLanguage\":\"es\",\"potentialAction\":[{\"@type\":\"ReadAction\",\"target\":[\"https:\\\/\\\/quehacerpolitico.mx\\\/?p=76909\"]}]},{\"@type\":\"ImageObject\",\"inLanguage\":\"es\",\"@id\":\"https:\\\/\\\/quehacerpolitico.mx\\\/?p=76909#primaryimage\",\"url\":\"https:\\\/\\\/quehacerpolitico.mx\\\/wp-content\\\/uploads\\\/2021\\\/03\\\/A0826105-5495-451F-8320-A3572B76EEB0.jpeg\",\"contentUrl\":\"https:\\\/\\\/quehacerpolitico.mx\\\/wp-content\\\/uploads\\\/2021\\\/03\\\/A0826105-5495-451F-8320-A3572B76EEB0.jpeg\",\"width\":1242,\"height\":665},{\"@type\":\"BreadcrumbList\",\"@id\":\"https:\\\/\\\/quehacerpolitico.mx\\\/?p=76909#breadcrumb\",\"itemListElement\":[{\"@type\":\"ListItem\",\"position\":1,\"name\":\"Inicio\",\"item\":\"https:\\\/\\\/quehacerpolitico.mx\\\/\"},{\"@type\":\"ListItem\",\"position\":2,\"name\":\"&#8221;Tiene que haber relevo generacional&#8221;: AMLO dice que se jubilar\u00e1 en 2024\"}]},{\"@type\":\"WebSite\",\"@id\":\"https:\\\/\\\/quehacerpolitico.mx\\\/#website\",\"url\":\"https:\\\/\\\/quehacerpolitico.mx\\\/\",\"name\":\"\",\"description\":\"\",\"potentialAction\":[{\"@type\":\"SearchAction\",\"target\":{\"@type\":\"EntryPoint\",\"urlTemplate\":\"https:\\\/\\\/quehacerpolitico.mx\\\/?s={search_term_string}\"},\"query-input\":{\"@type\":\"PropertyValueSpecification\",\"valueRequired\":true,\"valueName\":\"search_term_string\"}}],\"inLanguage\":\"es\"},{\"@type\":\"Person\",\"@id\":\"https:\\\/\\\/quehacerpolitico.mx\\\/#\\\/schema\\\/person\\\/496d8ad2d1d3f8036101dca7ee39e585\",\"name\":\"Redacci\u00f3n QP\",\"image\":{\"@type\":\"ImageObject\",\"inLanguage\":\"es\",\"@id\":\"https:\\\/\\\/secure.gravatar.com\\\/avatar\\\/c7164ed6fdec453195284ad24a5ae5b6e1eed2b848477fa2a4787ba9adf39a41?s=96&d=mm&r=g\",\"url\":\"https:\\\/\\\/secure.gravatar.com\\\/avatar\\\/c7164ed6fdec453195284ad24a5ae5b6e1eed2b848477fa2a4787ba9adf39a41?s=96&d=mm&r=g\",\"contentUrl\":\"https:\\\/\\\/secure.gravatar.com\\\/avatar\\\/c7164ed6fdec453195284ad24a5ae5b6e1eed2b848477fa2a4787ba9adf39a41?s=96&d=mm&r=g\",\"caption\":\"Redacci\u00f3n QP\"},\"url\":\"https:\\\/\\\/quehacerpolitico.mx\\\/?author=2\"}]}<\/script>\n<!-- \/ Yoast SEO plugin. -->","yoast_head_json":{"title":"''Tiene que haber relevo generacional'': AMLO dice que se jubilar\u00e1 en 2024 -","robots":{"index":"index","follow":"follow","max-snippet":"max-snippet:-1","max-image-preview":"max-image-preview:large","max-video-preview":"max-video-preview:-1"},"canonical":"https:\/\/quehacerpolitico.mx\/?p=76909","og_locale":"es_MX","og_type":"article","og_title":"''Tiene que haber relevo generacional'': AMLO dice que se jubilar\u00e1 en 2024 -","og_description":"&#8221;Tiene que haber relevo generacional&#8221;: AMLO dice que se jubilar\u00e1 en 2024 Por Redacci\u00f3n QP...","og_url":"https:\/\/quehacerpolitico.mx\/?p=76909","article_published_time":"2021-03-06T23:43:16+00:00","og_image":[{"width":1242,"height":665,"url":"https:\/\/quehacerpolitico.mx\/wp-content\/uploads\/2021\/03\/A0826105-5495-451F-8320-A3572B76EEB0.jpeg","type":"image\/jpeg"}],"author":"Redacci\u00f3n QP","twitter_card":"summary_large_image","twitter_misc":{"Escrito por":"Redacci\u00f3n QP","Tiempo de lectura":"1 minuto"},"schema":{"@context":"https:\/\/schema.org","@graph":[{"@type":"Article","@id":"https:\/\/quehacerpolitico.mx\/?p=76909#article","isPartOf":{"@id":"https:\/\/quehacerpolitico.mx\/?p=76909"},"author":{"name":"Redacci\u00f3n QP","@id":"https:\/\/quehacerpolitico.mx\/#\/schema\/person\/496d8ad2d1d3f8036101dca7ee39e585"},"headline":"&#8221;Tiene que haber relevo generacional&#8221;: AMLO dice que se jubilar\u00e1 en 2024","datePublished":"2021-03-06T23:43:16+00:00","mainEntityOfPage":{"@id":"https:\/\/quehacerpolitico.mx\/?p=76909"},"wordCount":279,"commentCount":0,"image":{"@id":"https:\/\/quehacerpolitico.mx\/?p=76909#primaryimage"},"thumbnailUrl":"https:\/\/quehacerpolitico.mx\/wp-content\/uploads\/2021\/03\/A0826105-5495-451F-8320-A3572B76EEB0.jpeg","articleSection":["Noticias"],"inLanguage":"es","potentialAction":[{"@type":"CommentAction","name":"Comment","target":["https:\/\/quehacerpolitico.mx\/?p=76909#respond"]}]},{"@type":"WebPage","@id":"https:\/\/quehacerpolitico.mx\/?p=76909","url":"https:\/\/quehacerpolitico.mx\/?p=76909","name":"''Tiene que haber relevo generacional'': AMLO dice que se jubilar\u00e1 en 2024 -","isPartOf":{"@id":"https:\/\/quehacerpolitico.mx\/#website"},"primaryImageOfPage":{"@id":"https:\/\/quehacerpolitico.mx\/?p=76909#primaryimage"},"image":{"@id":"https:\/\/quehacerpolitico.mx\/?p=76909#primaryimage"},"thumbnailUrl":"https:\/\/quehacerpolitico.mx\/wp-content\/uploads\/2021\/03\/A0826105-5495-451F-8320-A3572B76EEB0.jpeg","datePublished":"2021-03-06T23:43:16+00:00","author":{"@id":"https:\/\/quehacerpolitico.mx\/#\/schema\/person\/496d8ad2d1d3f8036101dca7ee39e585"},"breadcrumb":{"@id":"https:\/\/quehacerpolitico.mx\/?p=76909#breadcrumb"},"inLanguage":"es","potentialAction":[{"@type":"ReadAction","target":["https:\/\/quehacerpolitico.mx\/?p=76909"]}]},{"@type":"ImageObject","inLanguage":"es","@id":"https:\/\/quehacerpolitico.mx\/?p=76909#primaryimage","url":"https:\/\/quehacerpolitico.mx\/wp-content\/uploads\/2021\/03\/A0826105-5495-451F-8320-A3572B76EEB0.jpeg","contentUrl":"https:\/\/quehacerpolitico.mx\/wp-content\/uploads\/2021\/03\/A0826105-5495-451F-8320-A3572B76EEB0.jpeg","width":1242,"height":665},{"@type":"BreadcrumbList","@id":"https:\/\/quehacerpolitico.mx\/?p=76909#breadcrumb","itemListElement":[{"@type":"ListItem","position":1,"name":"Inicio","item":"https:\/\/quehacerpolitico.mx\/"},{"@type":"ListItem","position":2,"name":"&#8221;Tiene que haber relevo generacional&#8221;: AMLO dice que se jubilar\u00e1 en 2024"}]},{"@type":"WebSite","@id":"https:\/\/quehacerpolitico.mx\/#website","url":"https:\/\/quehacerpolitico.mx\/","name":"","description":"","potentialAction":[{"@type":"SearchAction","target":{"@type":"EntryPoint","urlTemplate":"https:\/\/quehacerpolitico.mx\/?s={search_term_string}"},"query-input":{"@type":"PropertyValueSpecification","valueRequired":true,"valueName":"search_term_string"}}],"inLanguage":"es"},{"@type":"Person","@id":"https:\/\/quehacerpolitico.mx\/#\/schema\/person\/496d8ad2d1d3f8036101dca7ee39e585","name":"Redacci\u00f3n QP","image":{"@type":"ImageObject","inLanguage":"es","@id":"https:\/\/secure.gravatar.com\/avatar\/c7164ed6fdec453195284ad24a5ae5b6e1eed2b848477fa2a4787ba9adf39a41?s=96&d=mm&r=g","url":"https:\/\/secure.gravatar.com\/avatar\/c7164ed6fdec453195284ad24a5ae5b6e1eed2b848477fa2a4787ba9adf39a41?s=96&d=mm&r=g","contentUrl":"https:\/\/secure.gravatar.com\/avatar\/c7164ed6fdec453195284ad24a5ae5b6e1eed2b848477fa2a4787ba9adf39a41?s=96&d=mm&r=g","caption":"Redacci\u00f3n QP"},"url":"https:\/\/quehacerpolitico.mx\/?author=2"}]}},"featured_image_urls":{"full":["https:\/\/quehacerpolitico.mx\/wp-content\/uploads\/2021\/03\/A0826105-5495-451F-8320-A3572B76EEB0.jpeg",1242,665,false],"thumbnail":["https:\/\/quehacerpolitico.mx\/wp-content\/uploads\/2021\/03\/A0826105-5495-451F-8320-A3572B76EEB0-150x150.jpeg",150,150,true],"medium":["https:\/\/quehacerpolitico.mx\/wp-content\/uploads\/2021\/03\/A0826105-5495-451F-8320-A3572B76EEB0-300x161.jpeg",300,161,true],"medium_large":["https:\/\/quehacerpolitico.mx\/wp-content\/uploads\/2021\/03\/A0826105-5495-451F-8320-A3572B76EEB0-768x411.jpeg",640,343,true],"large":["https:\/\/quehacerpolitico.mx\/wp-content\/uploads\/2021\/03\/A0826105-5495-451F-8320-A3572B76EEB0-1024x548.jpeg",640,343,true],"1536x1536":["https:\/\/quehacerpolitico.mx\/wp-content\/uploads\/2021\/03\/A0826105-5495-451F-8320-A3572B76EEB0.jpeg",1242,665,false],"2048x2048":["https:\/\/quehacerpolitico.mx\/wp-content\/uploads\/2021\/03\/A0826105-5495-451F-8320-A3572B76EEB0.jpeg",1242,665,false],"covernews-featured":["https:\/\/quehacerpolitico.mx\/wp-content\/uploads\/2021\/03\/A0826105-5495-451F-8320-A3572B76EEB0.jpeg",1024,548,false],"covernews-medium":["https:\/\/quehacerpolitico.mx\/wp-content\/uploads\/2021\/03\/A0826105-5495-451F-8320-A3572B76EEB0.jpeg",540,289,false]},"author_info":{"display_name":"Redacci\u00f3n QP","author_link":"https:\/\/quehacerpolitico.mx\/?author=2"},"category_info":"<a href=\"https:\/\/quehacerpolitico.mx\/?cat=2\" rel=\"category\">Noticias<\/a>","tag_info":"Noticias","comment_count":"0","_links":{"self":[{"href":"https:\/\/quehacerpolitico.mx\/index.php?rest_route=\/wp\/v2\/posts\/76909","targetHints":{"allow":["GET"]}}],"collection":[{"href":"https:\/\/quehacerpolitico.mx\/index.php?rest_route=\/wp\/v2\/posts"}],"about":[{"href":"https:\/\/quehacerpolitico.mx\/index.php?rest_route=\/wp\/v2\/types\/post"}],"author":[{"embeddable":true,"href":"https:\/\/quehacerpolitico.mx\/index.php?rest_route=\/wp\/v2\/users\/2"}],"replies":[{"embeddable":true,"href":"https:\/\/quehacerpolitico.mx\/index.php?rest_route=%2Fwp%2Fv2%2Fcomments&post=76909"}],"version-history":[{"count":0,"href":"https:\/\/quehacerpolitico.mx\/index.php?rest_route=\/wp\/v2\/posts\/76909\/revisions"}],"wp:featuredmedia":[{"embeddable":true,"href":"https:\/\/quehacerpolitico.mx\/index.php?rest_route=\/wp\/v2\/media\/76912"}],"wp:attachment":[{"href":"https:\/\/quehacerpolitico.mx\/index.php?rest_route=%2Fwp%2Fv2%2Fmedia&parent=76909"}],"wp:term":[{"taxonomy":"category","embeddable":true,"href":"https:\/\/quehacerpolitico.mx\/index.php?rest_route=%2Fwp%2Fv2%2Fcategories&post=76909"},{"taxonomy":"post_tag","embeddable":true,"href":"https:\/\/quehacerpolitico.mx\/index.php?rest_route=%2Fwp%2Fv2%2Ftags&post=76909"}],"curies":[{"name":"wp","href":"https:\/\/api.w.org\/{rel}","templated":true}]}}