{"id":7683,"date":"2018-10-25T03:01:14","date_gmt":"2018-10-25T03:01:14","guid":{"rendered":"http:\/\/quehacerpolitico.mx\/comienza-a-funcionar-servicio-de-internet-gratuito-en-linea-2-del-metro\/"},"modified":"2018-10-25T03:01:14","modified_gmt":"2018-10-25T03:01:14","slug":"comienza-a-funcionar-servicio-de-internet-gratuito-en-linea-2-del-metro","status":"publish","type":"post","link":"https:\/\/quehacerpolitico.mx\/?p=7683","title":{"rendered":"Comienza a funcionar servicio de Internet gratuito en L\u00ednea 2 del Metro"},"content":{"rendered":"<h2 class=\"genTitle\">Comienza a funcionar servicio de Internet gratuito en L\u00ednea 2 del Metro<\/h2>\n<p>Por Redacci\u00f3n QP<\/p>\n<p>Las 24 estaciones que integran la L\u00ednea 2 del\u00a0 <strong>S<\/strong><strong>istema de Transporte Colectivo<\/strong> (STC) Metro contaran a partir de hoy con se\u00f1al de<strong>\u00a0Internet<\/strong> gratuito.<\/p>\n<p><strong>Jos\u00e9 Ram\u00f3n Amieva,\u00a0 jefe de gobierno de la Ciudad de M\u00e9xico<\/strong>, se\u00f1al\u00f3 que la compa\u00f1\u00eda responsable del servicio es la empresa estadounidense\u00a0<strong>AT&amp;T.<\/strong><\/p>\n<div id=\"Tidok_Master_IA_1108484616_e9f2\">\n<div id=\"video1108484616290955216\" data-cedato-used=\"used\">\n<div id=\"__cedato_root_container\" class=\" __cedato_root_container __cedato_mobile\">\n<div class=\" __cedato_content_container\">Esta es la cuarta l\u00ednea del Metro que cuenta con red <strong><em>WIFI<\/em><\/strong>,\u00a0 la 1 que va de <strong>Observatorio<\/strong> a <strong>Pantitl\u00e1n<\/strong>, la 3, que recorre <strong>Universidad<\/strong> a<strong> Indios Verdes<\/strong> y 7 de <strong>Barranca del muerto<\/strong> a <strong>El Rosario.<\/strong><\/div>\n<\/div>\n<\/div>\n<\/div>\n<blockquote>\n<p>\u201cAhorita hemos logrado concretar estas cuatro l\u00edneas. Se incorpora la L\u00ednea 2. Veremos si todav\u00eda nos da el tiempo, y si no dejaremos todos los antecedentes para que se pueda valorar la continuidad y ampliaci\u00f3n de este servicio. Hasta el momento nos quedar\u00edamos con estas cuatro l\u00edneas\u201d Afirm\u00f3 Amieva.<\/p>\n<\/blockquote>\n<h2>Proyectos a futuro<\/h2>\n<p>Para futuro se tiene pensado que toda las redes del <strong>STC<\/strong> tengan Internet gratuito en un promedio de 2 a\u00f1os, haciendo un caso especial en la<strong> l\u00ednea 12 o dorada<\/strong> que va de <strong>Tl\u00e1huac<\/strong> a <strong>Mixcoac<\/strong>, debido a que la se\u00f1al podr\u00eda afectar el pilotaje autom\u00e1tico de los trenes.<\/p>\n<p>Este proyecto costar\u00e1 800 millones de pesos para cubrir las 175 estaciones en las l\u00edneas 1, 2, 3, 4, 5, 6, 7, 8, 9, A y B y los m\u00e1s de 350 trenes que hay, pero el <strong>gobierno<\/strong>no invertir\u00e1 ni un peso en este proyecto.<\/p>\n<p>La administraci\u00f3n capitalina otorg\u00f3 un<strong> Permiso Administrativo Temporal Revocable (PATR)<\/strong> a la dependencia AT&amp;T para realizar esta haza\u00f1a que beneficiar\u00e1 a m\u00e1s de 5 millones de usuarios que ocupan este sistema de transporte.<\/p>\n<p>Aunque actualmente no hay se cuenta con el servicio en toda la red, s\u00ed hay \u00a0<strong>centros de c\u00f3mputo<\/strong> con acceso a Internet de lunes a s\u00e1bado, entre semana de 10:00 a 18:00 horas y el fin de semana de 12:00 a 18:00 horas, las estaciones que cuentan con este servicio son:<\/p>\n<ul>\n<li>Tacubaya<\/li>\n<li>Chapultepec<\/li>\n<li>Z\u00f3calo<\/li>\n<li>Bellas Artes<\/li>\n<li>Tasque\u00f1a<\/li>\n<li>Zapata<\/li>\n<li>Hidalgo<\/li>\n<li>L\u00e1zaro C\u00e1rdenas<\/li>\n<li>Chabacano<\/li>\n<li>Pantitl\u00e1n ( L\u00edneas 5 y A )<\/li>\n<li>Zaragoza<\/li>\n<li>Barranca del Muerto<\/li>\n<li>UAM Iztapalapa<\/li>\n<li>Universidad, Mart\u00edn Carrera<\/li>\n<li>La Raza<\/li>\n<li>Instituto del Petr\u00f3leo<\/li>\n<li>San L\u00e1zaro<\/li>\n<li>Garibaldi<\/li>\n<li>Ferrer\u00eda<\/li>\n<li>La Villa<\/li>\n<li>Tl\u00e1huac<\/li>\n<\/ul>\n","protected":false},"excerpt":{"rendered":"<p>Comienza a funcionar servicio de Internet gratuito en L\u00ednea 2 del Metro<br \/>\nPor Redacci\u00f3n QP<\/p>\n","protected":false},"author":2,"featured_media":7682,"comment_status":"open","ping_status":"open","sticky":false,"template":"","format":"standard","meta":{"_monsterinsights_skip_tracking":false,"_monsterinsights_sitenote_active":false,"_monsterinsights_sitenote_note":"","_monsterinsights_sitenote_category":0,"footnotes":""},"categories":[55],"tags":[],"class_list":["post-7683","post","type-post","status-publish","format-standard","has-post-thumbnail","hentry","category-cdmx"],"yoast_head":"<!-- This site is optimized with the Yoast SEO plugin v27.3 - https:\/\/yoast.com\/product\/yoast-seo-wordpress\/ -->\n<title>Comienza a funcionar servicio de Internet gratuito en L\u00ednea 2 del Metro -<\/title>\n<meta name=\"robots\" content=\"index, follow, max-snippet:-1, max-image-preview:large, max-video-preview:-1\" \/>\n<link rel=\"canonical\" href=\"https:\/\/quehacerpolitico.mx\/?p=7683\" \/>\n<meta property=\"og:locale\" content=\"es_MX\" \/>\n<meta property=\"og:type\" content=\"article\" \/>\n<meta property=\"og:title\" content=\"Comienza a funcionar servicio de Internet gratuito en L\u00ednea 2 del Metro -\" \/>\n<meta property=\"og:description\" content=\"Comienza a funcionar servicio de Internet gratuito en L\u00ednea 2 del Metro Por Redacci\u00f3n QP\" \/>\n<meta property=\"og:url\" content=\"https:\/\/quehacerpolitico.mx\/?p=7683\" \/>\n<meta property=\"article:published_time\" content=\"2018-10-25T03:01:14+00:00\" \/>\n<meta name=\"author\" content=\"Redacci\u00f3n QP\" \/>\n<meta name=\"twitter:card\" content=\"summary_large_image\" \/>\n<meta name=\"twitter:label1\" content=\"Escrito por\" \/>\n\t<meta name=\"twitter:data1\" content=\"Redacci\u00f3n QP\" \/>\n\t<meta name=\"twitter:label2\" content=\"Tiempo de lectura\" \/>\n\t<meta name=\"twitter:data2\" content=\"2 minutos\" \/>\n<script type=\"application\/ld+json\" class=\"yoast-schema-graph\">{\"@context\":\"https:\\\/\\\/schema.org\",\"@graph\":[{\"@type\":\"Article\",\"@id\":\"https:\\\/\\\/quehacerpolitico.mx\\\/?p=7683#article\",\"isPartOf\":{\"@id\":\"https:\\\/\\\/quehacerpolitico.mx\\\/?p=7683\"},\"author\":{\"name\":\"Redacci\u00f3n QP\",\"@id\":\"https:\\\/\\\/quehacerpolitico.mx\\\/#\\\/schema\\\/person\\\/496d8ad2d1d3f8036101dca7ee39e585\"},\"headline\":\"Comienza a funcionar servicio de Internet gratuito en L\u00ednea 2 del Metro\",\"datePublished\":\"2018-10-25T03:01:14+00:00\",\"mainEntityOfPage\":{\"@id\":\"https:\\\/\\\/quehacerpolitico.mx\\\/?p=7683\"},\"wordCount\":397,\"commentCount\":0,\"image\":{\"@id\":\"https:\\\/\\\/quehacerpolitico.mx\\\/?p=7683#primaryimage\"},\"thumbnailUrl\":\"\",\"articleSection\":[\"CDMX\"],\"inLanguage\":\"es\",\"potentialAction\":[{\"@type\":\"CommentAction\",\"name\":\"Comment\",\"target\":[\"https:\\\/\\\/quehacerpolitico.mx\\\/?p=7683#respond\"]}]},{\"@type\":\"WebPage\",\"@id\":\"https:\\\/\\\/quehacerpolitico.mx\\\/?p=7683\",\"url\":\"https:\\\/\\\/quehacerpolitico.mx\\\/?p=7683\",\"name\":\"Comienza a funcionar servicio de Internet gratuito en L\u00ednea 2 del Metro -\",\"isPartOf\":{\"@id\":\"https:\\\/\\\/quehacerpolitico.mx\\\/#website\"},\"primaryImageOfPage\":{\"@id\":\"https:\\\/\\\/quehacerpolitico.mx\\\/?p=7683#primaryimage\"},\"image\":{\"@id\":\"https:\\\/\\\/quehacerpolitico.mx\\\/?p=7683#primaryimage\"},\"thumbnailUrl\":\"\",\"datePublished\":\"2018-10-25T03:01:14+00:00\",\"author\":{\"@id\":\"https:\\\/\\\/quehacerpolitico.mx\\\/#\\\/schema\\\/person\\\/496d8ad2d1d3f8036101dca7ee39e585\"},\"breadcrumb\":{\"@id\":\"https:\\\/\\\/quehacerpolitico.mx\\\/?p=7683#breadcrumb\"},\"inLanguage\":\"es\",\"potentialAction\":[{\"@type\":\"ReadAction\",\"target\":[\"https:\\\/\\\/quehacerpolitico.mx\\\/?p=7683\"]}]},{\"@type\":\"ImageObject\",\"inLanguage\":\"es\",\"@id\":\"https:\\\/\\\/quehacerpolitico.mx\\\/?p=7683#primaryimage\",\"url\":\"\",\"contentUrl\":\"\"},{\"@type\":\"BreadcrumbList\",\"@id\":\"https:\\\/\\\/quehacerpolitico.mx\\\/?p=7683#breadcrumb\",\"itemListElement\":[{\"@type\":\"ListItem\",\"position\":1,\"name\":\"Inicio\",\"item\":\"https:\\\/\\\/quehacerpolitico.mx\\\/\"},{\"@type\":\"ListItem\",\"position\":2,\"name\":\"Comienza a funcionar servicio de Internet gratuito en L\u00ednea 2 del Metro\"}]},{\"@type\":\"WebSite\",\"@id\":\"https:\\\/\\\/quehacerpolitico.mx\\\/#website\",\"url\":\"https:\\\/\\\/quehacerpolitico.mx\\\/\",\"name\":\"\",\"description\":\"\",\"potentialAction\":[{\"@type\":\"SearchAction\",\"target\":{\"@type\":\"EntryPoint\",\"urlTemplate\":\"https:\\\/\\\/quehacerpolitico.mx\\\/?s={search_term_string}\"},\"query-input\":{\"@type\":\"PropertyValueSpecification\",\"valueRequired\":true,\"valueName\":\"search_term_string\"}}],\"inLanguage\":\"es\"},{\"@type\":\"Person\",\"@id\":\"https:\\\/\\\/quehacerpolitico.mx\\\/#\\\/schema\\\/person\\\/496d8ad2d1d3f8036101dca7ee39e585\",\"name\":\"Redacci\u00f3n QP\",\"image\":{\"@type\":\"ImageObject\",\"inLanguage\":\"es\",\"@id\":\"https:\\\/\\\/secure.gravatar.com\\\/avatar\\\/c7164ed6fdec453195284ad24a5ae5b6e1eed2b848477fa2a4787ba9adf39a41?s=96&d=mm&r=g\",\"url\":\"https:\\\/\\\/secure.gravatar.com\\\/avatar\\\/c7164ed6fdec453195284ad24a5ae5b6e1eed2b848477fa2a4787ba9adf39a41?s=96&d=mm&r=g\",\"contentUrl\":\"https:\\\/\\\/secure.gravatar.com\\\/avatar\\\/c7164ed6fdec453195284ad24a5ae5b6e1eed2b848477fa2a4787ba9adf39a41?s=96&d=mm&r=g\",\"caption\":\"Redacci\u00f3n QP\"},\"url\":\"https:\\\/\\\/quehacerpolitico.mx\\\/?author=2\"}]}<\/script>\n<!-- \/ Yoast SEO plugin. -->","yoast_head_json":{"title":"Comienza a funcionar servicio de Internet gratuito en L\u00ednea 2 del Metro -","robots":{"index":"index","follow":"follow","max-snippet":"max-snippet:-1","max-image-preview":"max-image-preview:large","max-video-preview":"max-video-preview:-1"},"canonical":"https:\/\/quehacerpolitico.mx\/?p=7683","og_locale":"es_MX","og_type":"article","og_title":"Comienza a funcionar servicio de Internet gratuito en L\u00ednea 2 del Metro -","og_description":"Comienza a funcionar servicio de Internet gratuito en L\u00ednea 2 del Metro Por Redacci\u00f3n QP","og_url":"https:\/\/quehacerpolitico.mx\/?p=7683","article_published_time":"2018-10-25T03:01:14+00:00","author":"Redacci\u00f3n QP","twitter_card":"summary_large_image","twitter_misc":{"Escrito por":"Redacci\u00f3n QP","Tiempo de lectura":"2 minutos"},"schema":{"@context":"https:\/\/schema.org","@graph":[{"@type":"Article","@id":"https:\/\/quehacerpolitico.mx\/?p=7683#article","isPartOf":{"@id":"https:\/\/quehacerpolitico.mx\/?p=7683"},"author":{"name":"Redacci\u00f3n QP","@id":"https:\/\/quehacerpolitico.mx\/#\/schema\/person\/496d8ad2d1d3f8036101dca7ee39e585"},"headline":"Comienza a funcionar servicio de Internet gratuito en L\u00ednea 2 del Metro","datePublished":"2018-10-25T03:01:14+00:00","mainEntityOfPage":{"@id":"https:\/\/quehacerpolitico.mx\/?p=7683"},"wordCount":397,"commentCount":0,"image":{"@id":"https:\/\/quehacerpolitico.mx\/?p=7683#primaryimage"},"thumbnailUrl":"","articleSection":["CDMX"],"inLanguage":"es","potentialAction":[{"@type":"CommentAction","name":"Comment","target":["https:\/\/quehacerpolitico.mx\/?p=7683#respond"]}]},{"@type":"WebPage","@id":"https:\/\/quehacerpolitico.mx\/?p=7683","url":"https:\/\/quehacerpolitico.mx\/?p=7683","name":"Comienza a funcionar servicio de Internet gratuito en L\u00ednea 2 del Metro -","isPartOf":{"@id":"https:\/\/quehacerpolitico.mx\/#website"},"primaryImageOfPage":{"@id":"https:\/\/quehacerpolitico.mx\/?p=7683#primaryimage"},"image":{"@id":"https:\/\/quehacerpolitico.mx\/?p=7683#primaryimage"},"thumbnailUrl":"","datePublished":"2018-10-25T03:01:14+00:00","author":{"@id":"https:\/\/quehacerpolitico.mx\/#\/schema\/person\/496d8ad2d1d3f8036101dca7ee39e585"},"breadcrumb":{"@id":"https:\/\/quehacerpolitico.mx\/?p=7683#breadcrumb"},"inLanguage":"es","potentialAction":[{"@type":"ReadAction","target":["https:\/\/quehacerpolitico.mx\/?p=7683"]}]},{"@type":"ImageObject","inLanguage":"es","@id":"https:\/\/quehacerpolitico.mx\/?p=7683#primaryimage","url":"","contentUrl":""},{"@type":"BreadcrumbList","@id":"https:\/\/quehacerpolitico.mx\/?p=7683#breadcrumb","itemListElement":[{"@type":"ListItem","position":1,"name":"Inicio","item":"https:\/\/quehacerpolitico.mx\/"},{"@type":"ListItem","position":2,"name":"Comienza a funcionar servicio de Internet gratuito en L\u00ednea 2 del Metro"}]},{"@type":"WebSite","@id":"https:\/\/quehacerpolitico.mx\/#website","url":"https:\/\/quehacerpolitico.mx\/","name":"","description":"","potentialAction":[{"@type":"SearchAction","target":{"@type":"EntryPoint","urlTemplate":"https:\/\/quehacerpolitico.mx\/?s={search_term_string}"},"query-input":{"@type":"PropertyValueSpecification","valueRequired":true,"valueName":"search_term_string"}}],"inLanguage":"es"},{"@type":"Person","@id":"https:\/\/quehacerpolitico.mx\/#\/schema\/person\/496d8ad2d1d3f8036101dca7ee39e585","name":"Redacci\u00f3n QP","image":{"@type":"ImageObject","inLanguage":"es","@id":"https:\/\/secure.gravatar.com\/avatar\/c7164ed6fdec453195284ad24a5ae5b6e1eed2b848477fa2a4787ba9adf39a41?s=96&d=mm&r=g","url":"https:\/\/secure.gravatar.com\/avatar\/c7164ed6fdec453195284ad24a5ae5b6e1eed2b848477fa2a4787ba9adf39a41?s=96&d=mm&r=g","contentUrl":"https:\/\/secure.gravatar.com\/avatar\/c7164ed6fdec453195284ad24a5ae5b6e1eed2b848477fa2a4787ba9adf39a41?s=96&d=mm&r=g","caption":"Redacci\u00f3n QP"},"url":"https:\/\/quehacerpolitico.mx\/?author=2"}]}},"featured_image_urls":{"full":"","thumbnail":"","medium":"","medium_large":"","large":"","1536x1536":"","2048x2048":"","covernews-featured":"","covernews-medium":""},"author_info":{"display_name":"Redacci\u00f3n QP","author_link":"https:\/\/quehacerpolitico.mx\/?author=2"},"category_info":"<a href=\"https:\/\/quehacerpolitico.mx\/?cat=55\" rel=\"category\">CDMX<\/a>","tag_info":"CDMX","comment_count":"0","_links":{"self":[{"href":"https:\/\/quehacerpolitico.mx\/index.php?rest_route=\/wp\/v2\/posts\/7683","targetHints":{"allow":["GET"]}}],"collection":[{"href":"https:\/\/quehacerpolitico.mx\/index.php?rest_route=\/wp\/v2\/posts"}],"about":[{"href":"https:\/\/quehacerpolitico.mx\/index.php?rest_route=\/wp\/v2\/types\/post"}],"author":[{"embeddable":true,"href":"https:\/\/quehacerpolitico.mx\/index.php?rest_route=\/wp\/v2\/users\/2"}],"replies":[{"embeddable":true,"href":"https:\/\/quehacerpolitico.mx\/index.php?rest_route=%2Fwp%2Fv2%2Fcomments&post=7683"}],"version-history":[{"count":0,"href":"https:\/\/quehacerpolitico.mx\/index.php?rest_route=\/wp\/v2\/posts\/7683\/revisions"}],"wp:featuredmedia":[{"embeddable":true,"href":"https:\/\/quehacerpolitico.mx\/index.php?rest_route=\/"}],"wp:attachment":[{"href":"https:\/\/quehacerpolitico.mx\/index.php?rest_route=%2Fwp%2Fv2%2Fmedia&parent=7683"}],"wp:term":[{"taxonomy":"category","embeddable":true,"href":"https:\/\/quehacerpolitico.mx\/index.php?rest_route=%2Fwp%2Fv2%2Fcategories&post=7683"},{"taxonomy":"post_tag","embeddable":true,"href":"https:\/\/quehacerpolitico.mx\/index.php?rest_route=%2Fwp%2Fv2%2Ftags&post=7683"}],"curies":[{"name":"wp","href":"https:\/\/api.w.org\/{rel}","templated":true}]}}