{"id":7681,"date":"2018-10-25T02:54:14","date_gmt":"2018-10-25T02:54:14","guid":{"rendered":"http:\/\/quehacerpolitico.mx\/ser-desempleado-migrante-gay-pobre-creo-que-he-comido-mas-en-este-camino-que-en-mi-casa\/"},"modified":"2018-10-25T02:54:14","modified_gmt":"2018-10-25T02:54:14","slug":"ser-desempleado-migrante-gay-pobre-creo-que-he-comido-mas-en-este-camino-que-en-mi-casa","status":"publish","type":"post","link":"https:\/\/quehacerpolitico.mx\/?p=7681","title":{"rendered":"Ser desempleado, migrante, gay, pobre: \u201cCreo que he comido m\u00e1s en este camino que en mi casa\u2026\u201d"},"content":{"rendered":"<h1>Ser desempleado, migrante, gay, pobre: \u201cCreo que he comido m\u00e1s en este camino que en mi casa\u2026\u201d<\/h1>\n<p>Por Redacci\u00f3n QP<\/p>\n<p>Con una bandera del arco\u00edris anudada en el cuello, el hondure\u00f1o <strong>C\u00e9sar Mej\u00eda<\/strong> avanza en la <strong>Caravana Migrante<\/strong> reivindicando los derechos del <strong>colectivo LGBT<\/strong> tras a\u00f1os de <strong>discriminaci\u00f3n<\/strong> en su pa\u00eds, <strong>sinti\u00e9ndose libre de prejuicios<\/strong>.<\/p>\n<blockquote>\n<p>\u201cEstoy escapando de la pobreza, de la delincuencia, la discriminaci\u00f3n y todo. No hay trabajo y no hay nada. No hay comida. Yo creo que he comido m\u00e1s en este camino que en mi casa\u201d, comenta a <em>Efe<\/em> este chico de 23 a\u00f1os.<\/p>\n<p><iframe loading=\"lazy\" title=\"C\u00e9sar, el joven gay que defiende los derechos LGBT en la caravana migrante\" width=\"640\" height=\"360\" src=\"https:\/\/www.youtube.com\/embed\/KQTzbIhDKas?feature=oembed\" frameborder=\"0\" allow=\"accelerometer; autoplay; clipboard-write; encrypted-media; gyroscope; picture-in-picture; web-share\" referrerpolicy=\"strict-origin-when-cross-origin\" allowfullscreen><\/iframe><\/p>\n<p>Originario de San Pedro Sula, una de las principales ciudades del pa\u00eds centroamericano, el joven era voluntario de Unidad Color Rosa, una ONG que da informaci\u00f3n a j\u00f3venes gays y transexuales para prevenir enfermedades de transmisi\u00f3n sexual como el VIH, y reparte preservativos.<\/p>\n<div id=\"attachment_3488689\" class=\"wp-caption alignnone\"><img loading=\"lazy\" decoding=\"async\" class=\"size-full wp-image-3488689\" src=\"http:\/\/www.sinembargo.mx\/wp-content\/uploads\/2018\/10\/caravanacesar.jpg\" sizes=\"auto, (max-width: 700px) 100vw, 700px\" srcset=\"http:\/\/www.sinembargo.mx\/wp-content\/uploads\/2018\/10\/caravanacesar.jpg 700w, http:\/\/www.sinembargo.mx\/wp-content\/uploads\/2018\/10\/caravanacesar-200x300.jpg 200w\" alt=\"\" width=\"700\" height=\"1049\" \/><\/p>\n<p class=\"wp-caption-text\">El hondure\u00f1o C\u00e9sar Mej\u00eda habla con Efe el 23 de octubre de 2018, en Huixtla: Foto: Rodrigo Pardo, EFE<\/p>\n<\/div>\n<blockquote>\n<p>\u201cCon lo que me daban no me alcanzaba. (\u2026) Pr\u00e1cticamente ni hasta para transporte y este fue mi \u00faltimo trabajo, aunque para m\u00ed era un voluntariado\u201d, agreg\u00f3 desde Huixtla, donde este contingente de m\u00e1s de 7 mil personas retomar\u00e1 hoy la marcha con la que esperan llegar a Estados Unidos, una traves\u00eda de todav\u00eda m\u00e1s de 2 mil kil\u00f3metros.<\/p>\n<\/blockquote>\n<p>En su ciudad natal, C\u00e9sar viv\u00eda con su mam\u00e1. Relata los problemas que ten\u00edan para llegar a fin de mes con su limitado salario y la falta de empleo de su madre, que perdi\u00f3 a los 62 a\u00f1os cuando cerr\u00f3 la f\u00e1brica en la que trabajaba.<\/p>\n<p>Asegura haber sufrido discriminaci\u00f3n desde que hizo p\u00fablica sus homosexualidad, especialmente por parte de j\u00f3venes pandilleros, quienes le insultan por la calle.<\/p>\n<blockquote>\n<p>\u201cAll\u00e1 empiezan a llamarme culero (homosexual)\u201d e insisten en que voy a volver gay \u201ca los ni\u00f1os\u201d, denuncia este chico que estudi\u00f3 hasta los 16 a\u00f1os.<\/p>\n<p>En una ocasi\u00f3n, llegaron a golpearlo e interpuso una denuncia, que no prosper\u00f3. Un ejemplo de la impunidad en los cr\u00edmenes en muchos pa\u00edses latinoamericanos, especialmente hacia el colectivo l\u00e9sbico, gay, bisexual y transexual (LGBT).<\/p>\n<p>Recientemente asesinaron a tres amigos suyos gays en Puerto Cort\u00e9s. \u201cFue en un solo hecho, los enterraron, los velaron, y ah\u00ed quedaron\u201d, agreg\u00f3.<\/p>\n<p>Para \u00e9l, la Caravana significa alejarse de la pobreza y la violencia, y todo ello abrazado por un mensaje de aceptaci\u00f3n.<\/p>\n<p>Y no es el \u00fanico.<\/p>\n<div id=\"attachment_3488687\" class=\"wp-caption alignnone\"><img loading=\"lazy\" decoding=\"async\" class=\"size-full wp-image-3488687\" src=\"http:\/\/www.sinembargo.mx\/wp-content\/uploads\/2018\/10\/caravanamigrante-1.jpg\" sizes=\"auto, (max-width: 700px) 100vw, 700px\" srcset=\"http:\/\/www.sinembargo.mx\/wp-content\/uploads\/2018\/10\/caravanamigrante-1.jpg 700w, http:\/\/www.sinembargo.mx\/wp-content\/uploads\/2018\/10\/caravanamigrante-1-300x188.jpg 300w\" alt=\"\" width=\"700\" height=\"438\" \/><\/p>\n<p class=\"wp-caption-text\">En una ocasi\u00f3n, llegaron a golpearlo e interpuso una denuncia, que no prosper\u00f3. Foto: EFE, Rodrigo Pardo<\/p>\n<\/div>\n<p>En una calle de Huixtla est\u00e1n sentados cuatros compa\u00f1eros de viaje de El Salvador. Son Danilo y No\u00e9, dos chicos gays, y Loli Marceli y Chanta, dos chicas trans.<\/p>\n<p>Traen tambi\u00e9n una peque\u00f1a bandera del arco\u00edris, icono para el colectivo, y decidieron huir del pa\u00eds por la gran discriminaci\u00f3n que sufren, que a menudo les empuja a trabajos marginales como la prostituci\u00f3n.<\/p>\n<p>\u201cYo aqu\u00ed he andado con mi bandera, he andado cualquier cantidad de horas, de d\u00edas, y nadie me dice nada\u201d, afirma sonriendo C\u00e9sar.<\/p>\n<div id=\"attachment_3488688\" class=\"wp-caption alignnone\"><img loading=\"lazy\" decoding=\"async\" class=\"size-full wp-image-3488688\" src=\"http:\/\/www.sinembargo.mx\/wp-content\/uploads\/2018\/10\/caravanacesar1.jpg\" sizes=\"auto, (max-width: 700px) 100vw, 700px\" srcset=\"http:\/\/www.sinembargo.mx\/wp-content\/uploads\/2018\/10\/caravanacesar1.jpg 700w, http:\/\/www.sinembargo.mx\/wp-content\/uploads\/2018\/10\/caravanacesar1-300x181.jpg 300w\" alt=\"\" width=\"700\" height=\"423\" \/><\/p>\n<p class=\"wp-caption-text\">La meta de C\u00e9sar es llegar a Estados Unidos, pero tambi\u00e9n tiene miedo. Foto: Rodrigo Pardo, EFE<\/p>\n<\/div>\n<p>Expuesto a los medios que siguen esta Caravana que parti\u00f3 de Honduras el 13 de octubre, \u00e9l teme ahora que, de ser repatriado a su pa\u00eds natal, sea m\u00e1s reconocido y por ello, m\u00e1s perseguido.<\/p>\n<p>Su meta es llegar a Estados Unidos, pero tambi\u00e9n tiene miedo. \u201cSi me entrego para un asilo (migratorio) quiz\u00e1s me tienen a\u00f1os preso o d\u00edas, y me devuelven a mi pa\u00eds. (\u2026) A Honduras no puedo volver\u201d, dice tajante.<\/p>\n<p>Anhela llegar a una tierra donde prosperar y sentirse liberado. E incluso, despu\u00e9s de solucionar su situaci\u00f3n econ\u00f3mica y familiar, enamorarse.<\/p>\n<p>En M\u00e9xico y Estados Unidos \u201cexiste lo que es el matrimonio, as\u00ed que es mejor. Pero pues primero tengo que enfocarme en mi mam\u00e1. Pero si sale algo, pues vamos a ver\u201d, apunta el muchacho.<\/p>\n<p>Un valiente m\u00e1s en esta Caravana que, pese a todas las inclemencias, ya lleva m\u00e1s de 700 kil\u00f3metros recorridos y se dice imparable.<\/p>\n<p>Con Informaci\u00f3n de EFE<\/p>\n<\/blockquote>\n<\/blockquote>\n","protected":false},"excerpt":{"rendered":"<p>Ser desempleado, migrante, gay, pobre: \u201cCreo que he comido m\u00e1s en este camino que en mi casa\u2026\u201d<br \/>\nPor Redacci\u00f3n QP<\/p>\n","protected":false},"author":2,"featured_media":7680,"comment_status":"open","ping_status":"open","sticky":false,"template":"","format":"standard","meta":{"_monsterinsights_skip_tracking":false,"_monsterinsights_sitenote_active":false,"_monsterinsights_sitenote_note":"","_monsterinsights_sitenote_category":0,"footnotes":""},"categories":[2],"tags":[],"class_list":["post-7681","post","type-post","status-publish","format-standard","has-post-thumbnail","hentry","category-noticias"],"yoast_head":"<!-- This site is optimized with the Yoast SEO plugin v27.3 - https:\/\/yoast.com\/product\/yoast-seo-wordpress\/ -->\n<title>Ser desempleado, migrante, gay, pobre: \u201cCreo que he comido m\u00e1s en este camino que en mi casa\u2026\u201d -<\/title>\n<meta name=\"robots\" content=\"index, follow, max-snippet:-1, max-image-preview:large, max-video-preview:-1\" \/>\n<link rel=\"canonical\" href=\"https:\/\/quehacerpolitico.mx\/?p=7681\" \/>\n<meta property=\"og:locale\" content=\"es_MX\" \/>\n<meta property=\"og:type\" content=\"article\" \/>\n<meta property=\"og:title\" content=\"Ser desempleado, migrante, gay, pobre: \u201cCreo que he comido m\u00e1s en este camino que en mi casa\u2026\u201d -\" \/>\n<meta property=\"og:description\" content=\"Ser desempleado, migrante, gay, pobre: \u201cCreo que he comido m\u00e1s en este camino que en mi casa\u2026\u201d Por Redacci\u00f3n QP\" \/>\n<meta property=\"og:url\" content=\"https:\/\/quehacerpolitico.mx\/?p=7681\" \/>\n<meta property=\"article:published_time\" content=\"2018-10-25T02:54:14+00:00\" \/>\n<meta name=\"author\" content=\"Redacci\u00f3n QP\" \/>\n<meta name=\"twitter:card\" content=\"summary_large_image\" \/>\n<meta name=\"twitter:label1\" content=\"Escrito por\" \/>\n\t<meta name=\"twitter:data1\" content=\"Redacci\u00f3n QP\" \/>\n\t<meta name=\"twitter:label2\" content=\"Tiempo de lectura\" \/>\n\t<meta name=\"twitter:data2\" content=\"4 minutos\" \/>\n<script type=\"application\/ld+json\" class=\"yoast-schema-graph\">{\"@context\":\"https:\\\/\\\/schema.org\",\"@graph\":[{\"@type\":\"Article\",\"@id\":\"https:\\\/\\\/quehacerpolitico.mx\\\/?p=7681#article\",\"isPartOf\":{\"@id\":\"https:\\\/\\\/quehacerpolitico.mx\\\/?p=7681\"},\"author\":{\"name\":\"Redacci\u00f3n QP\",\"@id\":\"https:\\\/\\\/quehacerpolitico.mx\\\/#\\\/schema\\\/person\\\/496d8ad2d1d3f8036101dca7ee39e585\"},\"headline\":\"Ser desempleado, migrante, gay, pobre: \u201cCreo que he comido m\u00e1s en este camino que en mi casa\u2026\u201d\",\"datePublished\":\"2018-10-25T02:54:14+00:00\",\"mainEntityOfPage\":{\"@id\":\"https:\\\/\\\/quehacerpolitico.mx\\\/?p=7681\"},\"wordCount\":755,\"commentCount\":0,\"image\":{\"@id\":\"https:\\\/\\\/quehacerpolitico.mx\\\/?p=7681#primaryimage\"},\"thumbnailUrl\":\"\",\"articleSection\":[\"Noticias\"],\"inLanguage\":\"es\",\"potentialAction\":[{\"@type\":\"CommentAction\",\"name\":\"Comment\",\"target\":[\"https:\\\/\\\/quehacerpolitico.mx\\\/?p=7681#respond\"]}]},{\"@type\":\"WebPage\",\"@id\":\"https:\\\/\\\/quehacerpolitico.mx\\\/?p=7681\",\"url\":\"https:\\\/\\\/quehacerpolitico.mx\\\/?p=7681\",\"name\":\"Ser desempleado, migrante, gay, pobre: \u201cCreo que he comido m\u00e1s en este camino que en mi casa\u2026\u201d -\",\"isPartOf\":{\"@id\":\"https:\\\/\\\/quehacerpolitico.mx\\\/#website\"},\"primaryImageOfPage\":{\"@id\":\"https:\\\/\\\/quehacerpolitico.mx\\\/?p=7681#primaryimage\"},\"image\":{\"@id\":\"https:\\\/\\\/quehacerpolitico.mx\\\/?p=7681#primaryimage\"},\"thumbnailUrl\":\"\",\"datePublished\":\"2018-10-25T02:54:14+00:00\",\"author\":{\"@id\":\"https:\\\/\\\/quehacerpolitico.mx\\\/#\\\/schema\\\/person\\\/496d8ad2d1d3f8036101dca7ee39e585\"},\"breadcrumb\":{\"@id\":\"https:\\\/\\\/quehacerpolitico.mx\\\/?p=7681#breadcrumb\"},\"inLanguage\":\"es\",\"potentialAction\":[{\"@type\":\"ReadAction\",\"target\":[\"https:\\\/\\\/quehacerpolitico.mx\\\/?p=7681\"]}]},{\"@type\":\"ImageObject\",\"inLanguage\":\"es\",\"@id\":\"https:\\\/\\\/quehacerpolitico.mx\\\/?p=7681#primaryimage\",\"url\":\"\",\"contentUrl\":\"\"},{\"@type\":\"BreadcrumbList\",\"@id\":\"https:\\\/\\\/quehacerpolitico.mx\\\/?p=7681#breadcrumb\",\"itemListElement\":[{\"@type\":\"ListItem\",\"position\":1,\"name\":\"Inicio\",\"item\":\"https:\\\/\\\/quehacerpolitico.mx\\\/\"},{\"@type\":\"ListItem\",\"position\":2,\"name\":\"Ser desempleado, migrante, gay, pobre: \u201cCreo que he comido m\u00e1s en este camino que en mi casa\u2026\u201d\"}]},{\"@type\":\"WebSite\",\"@id\":\"https:\\\/\\\/quehacerpolitico.mx\\\/#website\",\"url\":\"https:\\\/\\\/quehacerpolitico.mx\\\/\",\"name\":\"\",\"description\":\"\",\"potentialAction\":[{\"@type\":\"SearchAction\",\"target\":{\"@type\":\"EntryPoint\",\"urlTemplate\":\"https:\\\/\\\/quehacerpolitico.mx\\\/?s={search_term_string}\"},\"query-input\":{\"@type\":\"PropertyValueSpecification\",\"valueRequired\":true,\"valueName\":\"search_term_string\"}}],\"inLanguage\":\"es\"},{\"@type\":\"Person\",\"@id\":\"https:\\\/\\\/quehacerpolitico.mx\\\/#\\\/schema\\\/person\\\/496d8ad2d1d3f8036101dca7ee39e585\",\"name\":\"Redacci\u00f3n QP\",\"image\":{\"@type\":\"ImageObject\",\"inLanguage\":\"es\",\"@id\":\"https:\\\/\\\/secure.gravatar.com\\\/avatar\\\/c7164ed6fdec453195284ad24a5ae5b6e1eed2b848477fa2a4787ba9adf39a41?s=96&d=mm&r=g\",\"url\":\"https:\\\/\\\/secure.gravatar.com\\\/avatar\\\/c7164ed6fdec453195284ad24a5ae5b6e1eed2b848477fa2a4787ba9adf39a41?s=96&d=mm&r=g\",\"contentUrl\":\"https:\\\/\\\/secure.gravatar.com\\\/avatar\\\/c7164ed6fdec453195284ad24a5ae5b6e1eed2b848477fa2a4787ba9adf39a41?s=96&d=mm&r=g\",\"caption\":\"Redacci\u00f3n QP\"},\"url\":\"https:\\\/\\\/quehacerpolitico.mx\\\/?author=2\"}]}<\/script>\n<!-- \/ Yoast SEO plugin. -->","yoast_head_json":{"title":"Ser desempleado, migrante, gay, pobre: \u201cCreo que he comido m\u00e1s en este camino que en mi casa\u2026\u201d -","robots":{"index":"index","follow":"follow","max-snippet":"max-snippet:-1","max-image-preview":"max-image-preview:large","max-video-preview":"max-video-preview:-1"},"canonical":"https:\/\/quehacerpolitico.mx\/?p=7681","og_locale":"es_MX","og_type":"article","og_title":"Ser desempleado, migrante, gay, pobre: \u201cCreo que he comido m\u00e1s en este camino que en mi casa\u2026\u201d -","og_description":"Ser desempleado, migrante, gay, pobre: \u201cCreo que he comido m\u00e1s en este camino que en mi casa\u2026\u201d Por Redacci\u00f3n QP","og_url":"https:\/\/quehacerpolitico.mx\/?p=7681","article_published_time":"2018-10-25T02:54:14+00:00","author":"Redacci\u00f3n QP","twitter_card":"summary_large_image","twitter_misc":{"Escrito por":"Redacci\u00f3n QP","Tiempo de lectura":"4 minutos"},"schema":{"@context":"https:\/\/schema.org","@graph":[{"@type":"Article","@id":"https:\/\/quehacerpolitico.mx\/?p=7681#article","isPartOf":{"@id":"https:\/\/quehacerpolitico.mx\/?p=7681"},"author":{"name":"Redacci\u00f3n QP","@id":"https:\/\/quehacerpolitico.mx\/#\/schema\/person\/496d8ad2d1d3f8036101dca7ee39e585"},"headline":"Ser desempleado, migrante, gay, pobre: \u201cCreo que he comido m\u00e1s en este camino que en mi casa\u2026\u201d","datePublished":"2018-10-25T02:54:14+00:00","mainEntityOfPage":{"@id":"https:\/\/quehacerpolitico.mx\/?p=7681"},"wordCount":755,"commentCount":0,"image":{"@id":"https:\/\/quehacerpolitico.mx\/?p=7681#primaryimage"},"thumbnailUrl":"","articleSection":["Noticias"],"inLanguage":"es","potentialAction":[{"@type":"CommentAction","name":"Comment","target":["https:\/\/quehacerpolitico.mx\/?p=7681#respond"]}]},{"@type":"WebPage","@id":"https:\/\/quehacerpolitico.mx\/?p=7681","url":"https:\/\/quehacerpolitico.mx\/?p=7681","name":"Ser desempleado, migrante, gay, pobre: \u201cCreo que he comido m\u00e1s en este camino que en mi casa\u2026\u201d -","isPartOf":{"@id":"https:\/\/quehacerpolitico.mx\/#website"},"primaryImageOfPage":{"@id":"https:\/\/quehacerpolitico.mx\/?p=7681#primaryimage"},"image":{"@id":"https:\/\/quehacerpolitico.mx\/?p=7681#primaryimage"},"thumbnailUrl":"","datePublished":"2018-10-25T02:54:14+00:00","author":{"@id":"https:\/\/quehacerpolitico.mx\/#\/schema\/person\/496d8ad2d1d3f8036101dca7ee39e585"},"breadcrumb":{"@id":"https:\/\/quehacerpolitico.mx\/?p=7681#breadcrumb"},"inLanguage":"es","potentialAction":[{"@type":"ReadAction","target":["https:\/\/quehacerpolitico.mx\/?p=7681"]}]},{"@type":"ImageObject","inLanguage":"es","@id":"https:\/\/quehacerpolitico.mx\/?p=7681#primaryimage","url":"","contentUrl":""},{"@type":"BreadcrumbList","@id":"https:\/\/quehacerpolitico.mx\/?p=7681#breadcrumb","itemListElement":[{"@type":"ListItem","position":1,"name":"Inicio","item":"https:\/\/quehacerpolitico.mx\/"},{"@type":"ListItem","position":2,"name":"Ser desempleado, migrante, gay, pobre: \u201cCreo que he comido m\u00e1s en este camino que en mi casa\u2026\u201d"}]},{"@type":"WebSite","@id":"https:\/\/quehacerpolitico.mx\/#website","url":"https:\/\/quehacerpolitico.mx\/","name":"","description":"","potentialAction":[{"@type":"SearchAction","target":{"@type":"EntryPoint","urlTemplate":"https:\/\/quehacerpolitico.mx\/?s={search_term_string}"},"query-input":{"@type":"PropertyValueSpecification","valueRequired":true,"valueName":"search_term_string"}}],"inLanguage":"es"},{"@type":"Person","@id":"https:\/\/quehacerpolitico.mx\/#\/schema\/person\/496d8ad2d1d3f8036101dca7ee39e585","name":"Redacci\u00f3n QP","image":{"@type":"ImageObject","inLanguage":"es","@id":"https:\/\/secure.gravatar.com\/avatar\/c7164ed6fdec453195284ad24a5ae5b6e1eed2b848477fa2a4787ba9adf39a41?s=96&d=mm&r=g","url":"https:\/\/secure.gravatar.com\/avatar\/c7164ed6fdec453195284ad24a5ae5b6e1eed2b848477fa2a4787ba9adf39a41?s=96&d=mm&r=g","contentUrl":"https:\/\/secure.gravatar.com\/avatar\/c7164ed6fdec453195284ad24a5ae5b6e1eed2b848477fa2a4787ba9adf39a41?s=96&d=mm&r=g","caption":"Redacci\u00f3n QP"},"url":"https:\/\/quehacerpolitico.mx\/?author=2"}]}},"featured_image_urls":{"full":"","thumbnail":"","medium":"","medium_large":"","large":"","1536x1536":"","2048x2048":"","covernews-featured":"","covernews-medium":""},"author_info":{"display_name":"Redacci\u00f3n QP","author_link":"https:\/\/quehacerpolitico.mx\/?author=2"},"category_info":"<a href=\"https:\/\/quehacerpolitico.mx\/?cat=2\" rel=\"category\">Noticias<\/a>","tag_info":"Noticias","comment_count":"0","_links":{"self":[{"href":"https:\/\/quehacerpolitico.mx\/index.php?rest_route=\/wp\/v2\/posts\/7681","targetHints":{"allow":["GET"]}}],"collection":[{"href":"https:\/\/quehacerpolitico.mx\/index.php?rest_route=\/wp\/v2\/posts"}],"about":[{"href":"https:\/\/quehacerpolitico.mx\/index.php?rest_route=\/wp\/v2\/types\/post"}],"author":[{"embeddable":true,"href":"https:\/\/quehacerpolitico.mx\/index.php?rest_route=\/wp\/v2\/users\/2"}],"replies":[{"embeddable":true,"href":"https:\/\/quehacerpolitico.mx\/index.php?rest_route=%2Fwp%2Fv2%2Fcomments&post=7681"}],"version-history":[{"count":0,"href":"https:\/\/quehacerpolitico.mx\/index.php?rest_route=\/wp\/v2\/posts\/7681\/revisions"}],"wp:featuredmedia":[{"embeddable":true,"href":"https:\/\/quehacerpolitico.mx\/index.php?rest_route=\/"}],"wp:attachment":[{"href":"https:\/\/quehacerpolitico.mx\/index.php?rest_route=%2Fwp%2Fv2%2Fmedia&parent=7681"}],"wp:term":[{"taxonomy":"category","embeddable":true,"href":"https:\/\/quehacerpolitico.mx\/index.php?rest_route=%2Fwp%2Fv2%2Fcategories&post=7681"},{"taxonomy":"post_tag","embeddable":true,"href":"https:\/\/quehacerpolitico.mx\/index.php?rest_route=%2Fwp%2Fv2%2Ftags&post=7681"}],"curies":[{"name":"wp","href":"https:\/\/api.w.org\/{rel}","templated":true}]}}