{"id":76796,"date":"2021-03-05T05:23:58","date_gmt":"2021-03-05T05:23:58","guid":{"rendered":"https:\/\/quehacerpolitico.mx\/?p=76796"},"modified":"2021-03-05T05:23:58","modified_gmt":"2021-03-05T05:23:58","slug":"aprobada-la-candidatura-de-felix-salgado-instituto-electoral-de-guerrero","status":"publish","type":"post","link":"https:\/\/quehacerpolitico.mx\/?p=76796","title":{"rendered":"Aprobada la candidatura de F\u00e9lix Salgado: Instituto Electoral de Guerrero"},"content":{"rendered":"<h1 class=\"ArticlePage-headline\">Aprobada la candidatura de F\u00e9lix Salgado: Instituto Electoral de Guerrero<br \/>\nPor Redacci\u00f3n QP<\/h1>\n<div class=\"ArticlePage-subHeadline\">De esta manera, F\u00e9lix Salgado Macedonio, candidato de Morena, arrancar\u00e1 el viernes su campa\u00f1a en Guerrero rumbo a las elecciones del 6 de junio.<\/div>\n<div>\n<p>Pese a las acusaciones de presunto abuso sexual, F\u00e9lix Salgado Macedonio s\u00ed puede competir por la gubernatura de Guerrero, abanderado por el partido Morena.<\/p>\n<p>As\u00ed lo resolvi\u00f3 este jueves el Instituto Electoral y de Participaci\u00f3n Ciudadana del Estado de Guerrero (IEPC), que aprob\u00f3 por unanimidad el proyecto de las candidaturas presentadas para el gobierno estatal, que estar\u00e1 en juego el pr\u00f3ximo 6 de junio.<\/p>\n<p><iframe loading=\"lazy\" title=\"Sexta Sesi\u00f3n Extraordinaria del Consejo General del IEPC Guerrero\" width=\"640\" height=\"360\" src=\"https:\/\/www.youtube.com\/embed\/gwCCzW0qiI0?feature=oembed\" frameborder=\"0\" allow=\"accelerometer; autoplay; clipboard-write; encrypted-media; gyroscope; picture-in-picture; web-share\" referrerpolicy=\"strict-origin-when-cross-origin\" allowfullscreen><\/iframe><\/p>\n<p>Los consejeros electorales se\u00f1alaron que &#8220;todas y todos cumplieron con los requisitos establecidos en la ley, por lo que son procedentes las candidaturas&#8221;.<\/p>\n<p>En el asunto particular de F\u00e9lix Salgado, los consejeros del IEPC aprobaron la candidatura con seis votos a favor y uno en contra. Durante la discusi\u00f3n se expuso que deb\u00eda respetarse la presunci\u00f3n de inocencia.<\/p>\n<p>Esta ma\u00f1ana, el presidente Andr\u00e9s Manuel L\u00f3pez Obrador volvi\u00f3 a respaldar la candidatura de Salgado Macedonio refiriendo que si hay una acusaci\u00f3n, debe ser la autoridad la que tendr\u00e1 juzgar, no los linchamientos pol\u00edticos.<\/p>\n<p>&#8220;\u00bfNo sabr\u00e1n en el New York Times que F\u00e9lix hace dos a\u00f1os y medio fue electo senador de Guerrero y que es exactamente ahora que est\u00e1 participando, buscando ser candidato cuando surge todo este esc\u00e1ndalo? \u00bfQu\u00e9 no saben los del New York Times de que el acusador principal de F\u00e9lix fue el exprocurador de Guerrero del gobierno del PRI? O sea, no investigan, calumnian&#8221;, dijo el mandatario tras ser cuestionado sobre la portada del diario estadounidense.<\/p>\n<p>Este mismo jueves, F\u00e9lix Salgado se reuni\u00f3 con el dirigente estatal de Morena, Marcial Rodr\u00edguez Salda\u00f1a, para el arranque de campa\u00f1a en Guerrero, que dar\u00e1 inicio el viernes.<\/p>\n<p>&#8220;Se viene una campa\u00f1a muy intensa y sin duda alguna: #MorenaGobernar\u00e1Guerrero&#8221;, escribi\u00f3 el dirigente morenista en su p\u00e1gina de Facebook.<\/p>\n<p>El pasado 1 de marzo venci\u00f3 el primero de dos plazos que marca la Ley de Instituciones y Procedimientos Electorales del Estado de Guerrero para sustituir candidatos, por lo que hasta ahora F\u00e9lix Salgado Macedonio se mantiene como el abanderado de Morena a la gubernatura y arrancar\u00e1 su campa\u00f1a el pr\u00f3ximo viernes.<\/p>\n<\/div>\n","protected":false},"excerpt":{"rendered":"<p>Aprobada la candidatura de F\u00e9lix Salgado: Instituto Electoral de Guerrero Por Redacci\u00f3n QP De esta&#8230;<\/p>\n","protected":false},"author":2,"featured_media":76800,"comment_status":"open","ping_status":"open","sticky":false,"template":"","format":"standard","meta":{"_monsterinsights_skip_tracking":false,"_monsterinsights_sitenote_active":false,"_monsterinsights_sitenote_note":"","_monsterinsights_sitenote_category":0,"footnotes":""},"categories":[2],"tags":[],"class_list":["post-76796","post","type-post","status-publish","format-standard","has-post-thumbnail","hentry","category-noticias"],"yoast_head":"<!-- This site is optimized with the Yoast SEO plugin v27.3 - https:\/\/yoast.com\/product\/yoast-seo-wordpress\/ -->\n<title>Aprobada la candidatura de F\u00e9lix Salgado: Instituto Electoral de Guerrero -<\/title>\n<meta name=\"robots\" content=\"index, follow, max-snippet:-1, max-image-preview:large, max-video-preview:-1\" \/>\n<link rel=\"canonical\" href=\"https:\/\/quehacerpolitico.mx\/?p=76796\" \/>\n<meta property=\"og:locale\" content=\"es_MX\" \/>\n<meta property=\"og:type\" content=\"article\" \/>\n<meta property=\"og:title\" content=\"Aprobada la candidatura de F\u00e9lix Salgado: Instituto Electoral de Guerrero -\" \/>\n<meta property=\"og:description\" content=\"Aprobada la candidatura de F\u00e9lix Salgado: Instituto Electoral de Guerrero Por Redacci\u00f3n QP De esta...\" \/>\n<meta property=\"og:url\" content=\"https:\/\/quehacerpolitico.mx\/?p=76796\" \/>\n<meta property=\"article:published_time\" content=\"2021-03-05T05:23:58+00:00\" \/>\n<meta property=\"og:image\" content=\"https:\/\/quehacerpolitico.mx\/wp-content\/uploads\/2021\/03\/1221232C-8CCB-432E-ACDF-9B63E2438328.jpeg\" \/>\n\t<meta property=\"og:image:width\" content=\"739\" \/>\n\t<meta property=\"og:image:height\" content=\"415\" \/>\n\t<meta property=\"og:image:type\" content=\"image\/jpeg\" \/>\n<meta name=\"author\" content=\"Redacci\u00f3n QP\" \/>\n<meta name=\"twitter:card\" content=\"summary_large_image\" \/>\n<meta name=\"twitter:label1\" content=\"Escrito por\" \/>\n\t<meta name=\"twitter:data1\" content=\"Redacci\u00f3n QP\" \/>\n\t<meta name=\"twitter:label2\" content=\"Tiempo de lectura\" \/>\n\t<meta name=\"twitter:data2\" content=\"2 minutos\" \/>\n<script type=\"application\/ld+json\" class=\"yoast-schema-graph\">{\"@context\":\"https:\\\/\\\/schema.org\",\"@graph\":[{\"@type\":\"Article\",\"@id\":\"https:\\\/\\\/quehacerpolitico.mx\\\/?p=76796#article\",\"isPartOf\":{\"@id\":\"https:\\\/\\\/quehacerpolitico.mx\\\/?p=76796\"},\"author\":{\"name\":\"Redacci\u00f3n QP\",\"@id\":\"https:\\\/\\\/quehacerpolitico.mx\\\/#\\\/schema\\\/person\\\/496d8ad2d1d3f8036101dca7ee39e585\"},\"headline\":\"Aprobada la candidatura de F\u00e9lix Salgado: Instituto Electoral de Guerrero\",\"datePublished\":\"2021-03-05T05:23:58+00:00\",\"mainEntityOfPage\":{\"@id\":\"https:\\\/\\\/quehacerpolitico.mx\\\/?p=76796\"},\"wordCount\":414,\"commentCount\":0,\"image\":{\"@id\":\"https:\\\/\\\/quehacerpolitico.mx\\\/?p=76796#primaryimage\"},\"thumbnailUrl\":\"https:\\\/\\\/quehacerpolitico.mx\\\/wp-content\\\/uploads\\\/2021\\\/03\\\/1221232C-8CCB-432E-ACDF-9B63E2438328.jpeg\",\"articleSection\":[\"Noticias\"],\"inLanguage\":\"es\",\"potentialAction\":[{\"@type\":\"CommentAction\",\"name\":\"Comment\",\"target\":[\"https:\\\/\\\/quehacerpolitico.mx\\\/?p=76796#respond\"]}]},{\"@type\":\"WebPage\",\"@id\":\"https:\\\/\\\/quehacerpolitico.mx\\\/?p=76796\",\"url\":\"https:\\\/\\\/quehacerpolitico.mx\\\/?p=76796\",\"name\":\"Aprobada la candidatura de F\u00e9lix Salgado: Instituto Electoral de Guerrero -\",\"isPartOf\":{\"@id\":\"https:\\\/\\\/quehacerpolitico.mx\\\/#website\"},\"primaryImageOfPage\":{\"@id\":\"https:\\\/\\\/quehacerpolitico.mx\\\/?p=76796#primaryimage\"},\"image\":{\"@id\":\"https:\\\/\\\/quehacerpolitico.mx\\\/?p=76796#primaryimage\"},\"thumbnailUrl\":\"https:\\\/\\\/quehacerpolitico.mx\\\/wp-content\\\/uploads\\\/2021\\\/03\\\/1221232C-8CCB-432E-ACDF-9B63E2438328.jpeg\",\"datePublished\":\"2021-03-05T05:23:58+00:00\",\"author\":{\"@id\":\"https:\\\/\\\/quehacerpolitico.mx\\\/#\\\/schema\\\/person\\\/496d8ad2d1d3f8036101dca7ee39e585\"},\"breadcrumb\":{\"@id\":\"https:\\\/\\\/quehacerpolitico.mx\\\/?p=76796#breadcrumb\"},\"inLanguage\":\"es\",\"potentialAction\":[{\"@type\":\"ReadAction\",\"target\":[\"https:\\\/\\\/quehacerpolitico.mx\\\/?p=76796\"]}]},{\"@type\":\"ImageObject\",\"inLanguage\":\"es\",\"@id\":\"https:\\\/\\\/quehacerpolitico.mx\\\/?p=76796#primaryimage\",\"url\":\"https:\\\/\\\/quehacerpolitico.mx\\\/wp-content\\\/uploads\\\/2021\\\/03\\\/1221232C-8CCB-432E-ACDF-9B63E2438328.jpeg\",\"contentUrl\":\"https:\\\/\\\/quehacerpolitico.mx\\\/wp-content\\\/uploads\\\/2021\\\/03\\\/1221232C-8CCB-432E-ACDF-9B63E2438328.jpeg\",\"width\":739,\"height\":415},{\"@type\":\"BreadcrumbList\",\"@id\":\"https:\\\/\\\/quehacerpolitico.mx\\\/?p=76796#breadcrumb\",\"itemListElement\":[{\"@type\":\"ListItem\",\"position\":1,\"name\":\"Inicio\",\"item\":\"https:\\\/\\\/quehacerpolitico.mx\\\/\"},{\"@type\":\"ListItem\",\"position\":2,\"name\":\"Aprobada la candidatura de F\u00e9lix Salgado: Instituto Electoral de Guerrero\"}]},{\"@type\":\"WebSite\",\"@id\":\"https:\\\/\\\/quehacerpolitico.mx\\\/#website\",\"url\":\"https:\\\/\\\/quehacerpolitico.mx\\\/\",\"name\":\"\",\"description\":\"\",\"potentialAction\":[{\"@type\":\"SearchAction\",\"target\":{\"@type\":\"EntryPoint\",\"urlTemplate\":\"https:\\\/\\\/quehacerpolitico.mx\\\/?s={search_term_string}\"},\"query-input\":{\"@type\":\"PropertyValueSpecification\",\"valueRequired\":true,\"valueName\":\"search_term_string\"}}],\"inLanguage\":\"es\"},{\"@type\":\"Person\",\"@id\":\"https:\\\/\\\/quehacerpolitico.mx\\\/#\\\/schema\\\/person\\\/496d8ad2d1d3f8036101dca7ee39e585\",\"name\":\"Redacci\u00f3n QP\",\"image\":{\"@type\":\"ImageObject\",\"inLanguage\":\"es\",\"@id\":\"https:\\\/\\\/secure.gravatar.com\\\/avatar\\\/c7164ed6fdec453195284ad24a5ae5b6e1eed2b848477fa2a4787ba9adf39a41?s=96&d=mm&r=g\",\"url\":\"https:\\\/\\\/secure.gravatar.com\\\/avatar\\\/c7164ed6fdec453195284ad24a5ae5b6e1eed2b848477fa2a4787ba9adf39a41?s=96&d=mm&r=g\",\"contentUrl\":\"https:\\\/\\\/secure.gravatar.com\\\/avatar\\\/c7164ed6fdec453195284ad24a5ae5b6e1eed2b848477fa2a4787ba9adf39a41?s=96&d=mm&r=g\",\"caption\":\"Redacci\u00f3n QP\"},\"url\":\"https:\\\/\\\/quehacerpolitico.mx\\\/?author=2\"}]}<\/script>\n<!-- \/ Yoast SEO plugin. -->","yoast_head_json":{"title":"Aprobada la candidatura de F\u00e9lix Salgado: Instituto Electoral de Guerrero -","robots":{"index":"index","follow":"follow","max-snippet":"max-snippet:-1","max-image-preview":"max-image-preview:large","max-video-preview":"max-video-preview:-1"},"canonical":"https:\/\/quehacerpolitico.mx\/?p=76796","og_locale":"es_MX","og_type":"article","og_title":"Aprobada la candidatura de F\u00e9lix Salgado: Instituto Electoral de Guerrero -","og_description":"Aprobada la candidatura de F\u00e9lix Salgado: Instituto Electoral de Guerrero Por Redacci\u00f3n QP De esta...","og_url":"https:\/\/quehacerpolitico.mx\/?p=76796","article_published_time":"2021-03-05T05:23:58+00:00","og_image":[{"width":739,"height":415,"url":"https:\/\/quehacerpolitico.mx\/wp-content\/uploads\/2021\/03\/1221232C-8CCB-432E-ACDF-9B63E2438328.jpeg","type":"image\/jpeg"}],"author":"Redacci\u00f3n QP","twitter_card":"summary_large_image","twitter_misc":{"Escrito por":"Redacci\u00f3n QP","Tiempo de lectura":"2 minutos"},"schema":{"@context":"https:\/\/schema.org","@graph":[{"@type":"Article","@id":"https:\/\/quehacerpolitico.mx\/?p=76796#article","isPartOf":{"@id":"https:\/\/quehacerpolitico.mx\/?p=76796"},"author":{"name":"Redacci\u00f3n QP","@id":"https:\/\/quehacerpolitico.mx\/#\/schema\/person\/496d8ad2d1d3f8036101dca7ee39e585"},"headline":"Aprobada la candidatura de F\u00e9lix Salgado: Instituto Electoral de Guerrero","datePublished":"2021-03-05T05:23:58+00:00","mainEntityOfPage":{"@id":"https:\/\/quehacerpolitico.mx\/?p=76796"},"wordCount":414,"commentCount":0,"image":{"@id":"https:\/\/quehacerpolitico.mx\/?p=76796#primaryimage"},"thumbnailUrl":"https:\/\/quehacerpolitico.mx\/wp-content\/uploads\/2021\/03\/1221232C-8CCB-432E-ACDF-9B63E2438328.jpeg","articleSection":["Noticias"],"inLanguage":"es","potentialAction":[{"@type":"CommentAction","name":"Comment","target":["https:\/\/quehacerpolitico.mx\/?p=76796#respond"]}]},{"@type":"WebPage","@id":"https:\/\/quehacerpolitico.mx\/?p=76796","url":"https:\/\/quehacerpolitico.mx\/?p=76796","name":"Aprobada la candidatura de F\u00e9lix Salgado: Instituto Electoral de Guerrero -","isPartOf":{"@id":"https:\/\/quehacerpolitico.mx\/#website"},"primaryImageOfPage":{"@id":"https:\/\/quehacerpolitico.mx\/?p=76796#primaryimage"},"image":{"@id":"https:\/\/quehacerpolitico.mx\/?p=76796#primaryimage"},"thumbnailUrl":"https:\/\/quehacerpolitico.mx\/wp-content\/uploads\/2021\/03\/1221232C-8CCB-432E-ACDF-9B63E2438328.jpeg","datePublished":"2021-03-05T05:23:58+00:00","author":{"@id":"https:\/\/quehacerpolitico.mx\/#\/schema\/person\/496d8ad2d1d3f8036101dca7ee39e585"},"breadcrumb":{"@id":"https:\/\/quehacerpolitico.mx\/?p=76796#breadcrumb"},"inLanguage":"es","potentialAction":[{"@type":"ReadAction","target":["https:\/\/quehacerpolitico.mx\/?p=76796"]}]},{"@type":"ImageObject","inLanguage":"es","@id":"https:\/\/quehacerpolitico.mx\/?p=76796#primaryimage","url":"https:\/\/quehacerpolitico.mx\/wp-content\/uploads\/2021\/03\/1221232C-8CCB-432E-ACDF-9B63E2438328.jpeg","contentUrl":"https:\/\/quehacerpolitico.mx\/wp-content\/uploads\/2021\/03\/1221232C-8CCB-432E-ACDF-9B63E2438328.jpeg","width":739,"height":415},{"@type":"BreadcrumbList","@id":"https:\/\/quehacerpolitico.mx\/?p=76796#breadcrumb","itemListElement":[{"@type":"ListItem","position":1,"name":"Inicio","item":"https:\/\/quehacerpolitico.mx\/"},{"@type":"ListItem","position":2,"name":"Aprobada la candidatura de F\u00e9lix Salgado: Instituto Electoral de Guerrero"}]},{"@type":"WebSite","@id":"https:\/\/quehacerpolitico.mx\/#website","url":"https:\/\/quehacerpolitico.mx\/","name":"","description":"","potentialAction":[{"@type":"SearchAction","target":{"@type":"EntryPoint","urlTemplate":"https:\/\/quehacerpolitico.mx\/?s={search_term_string}"},"query-input":{"@type":"PropertyValueSpecification","valueRequired":true,"valueName":"search_term_string"}}],"inLanguage":"es"},{"@type":"Person","@id":"https:\/\/quehacerpolitico.mx\/#\/schema\/person\/496d8ad2d1d3f8036101dca7ee39e585","name":"Redacci\u00f3n QP","image":{"@type":"ImageObject","inLanguage":"es","@id":"https:\/\/secure.gravatar.com\/avatar\/c7164ed6fdec453195284ad24a5ae5b6e1eed2b848477fa2a4787ba9adf39a41?s=96&d=mm&r=g","url":"https:\/\/secure.gravatar.com\/avatar\/c7164ed6fdec453195284ad24a5ae5b6e1eed2b848477fa2a4787ba9adf39a41?s=96&d=mm&r=g","contentUrl":"https:\/\/secure.gravatar.com\/avatar\/c7164ed6fdec453195284ad24a5ae5b6e1eed2b848477fa2a4787ba9adf39a41?s=96&d=mm&r=g","caption":"Redacci\u00f3n QP"},"url":"https:\/\/quehacerpolitico.mx\/?author=2"}]}},"featured_image_urls":{"full":["https:\/\/quehacerpolitico.mx\/wp-content\/uploads\/2021\/03\/1221232C-8CCB-432E-ACDF-9B63E2438328.jpeg",739,415,false],"thumbnail":["https:\/\/quehacerpolitico.mx\/wp-content\/uploads\/2021\/03\/1221232C-8CCB-432E-ACDF-9B63E2438328-150x150.jpeg",150,150,true],"medium":["https:\/\/quehacerpolitico.mx\/wp-content\/uploads\/2021\/03\/1221232C-8CCB-432E-ACDF-9B63E2438328-300x168.jpeg",300,168,true],"medium_large":["https:\/\/quehacerpolitico.mx\/wp-content\/uploads\/2021\/03\/1221232C-8CCB-432E-ACDF-9B63E2438328.jpeg",640,359,false],"large":["https:\/\/quehacerpolitico.mx\/wp-content\/uploads\/2021\/03\/1221232C-8CCB-432E-ACDF-9B63E2438328.jpeg",640,359,false],"1536x1536":["https:\/\/quehacerpolitico.mx\/wp-content\/uploads\/2021\/03\/1221232C-8CCB-432E-ACDF-9B63E2438328.jpeg",739,415,false],"2048x2048":["https:\/\/quehacerpolitico.mx\/wp-content\/uploads\/2021\/03\/1221232C-8CCB-432E-ACDF-9B63E2438328.jpeg",739,415,false],"covernews-featured":["https:\/\/quehacerpolitico.mx\/wp-content\/uploads\/2021\/03\/1221232C-8CCB-432E-ACDF-9B63E2438328.jpeg",739,415,false],"covernews-medium":["https:\/\/quehacerpolitico.mx\/wp-content\/uploads\/2021\/03\/1221232C-8CCB-432E-ACDF-9B63E2438328.jpeg",540,303,false]},"author_info":{"display_name":"Redacci\u00f3n QP","author_link":"https:\/\/quehacerpolitico.mx\/?author=2"},"category_info":"<a href=\"https:\/\/quehacerpolitico.mx\/?cat=2\" rel=\"category\">Noticias<\/a>","tag_info":"Noticias","comment_count":"0","_links":{"self":[{"href":"https:\/\/quehacerpolitico.mx\/index.php?rest_route=\/wp\/v2\/posts\/76796","targetHints":{"allow":["GET"]}}],"collection":[{"href":"https:\/\/quehacerpolitico.mx\/index.php?rest_route=\/wp\/v2\/posts"}],"about":[{"href":"https:\/\/quehacerpolitico.mx\/index.php?rest_route=\/wp\/v2\/types\/post"}],"author":[{"embeddable":true,"href":"https:\/\/quehacerpolitico.mx\/index.php?rest_route=\/wp\/v2\/users\/2"}],"replies":[{"embeddable":true,"href":"https:\/\/quehacerpolitico.mx\/index.php?rest_route=%2Fwp%2Fv2%2Fcomments&post=76796"}],"version-history":[{"count":0,"href":"https:\/\/quehacerpolitico.mx\/index.php?rest_route=\/wp\/v2\/posts\/76796\/revisions"}],"wp:featuredmedia":[{"embeddable":true,"href":"https:\/\/quehacerpolitico.mx\/index.php?rest_route=\/wp\/v2\/media\/76800"}],"wp:attachment":[{"href":"https:\/\/quehacerpolitico.mx\/index.php?rest_route=%2Fwp%2Fv2%2Fmedia&parent=76796"}],"wp:term":[{"taxonomy":"category","embeddable":true,"href":"https:\/\/quehacerpolitico.mx\/index.php?rest_route=%2Fwp%2Fv2%2Fcategories&post=76796"},{"taxonomy":"post_tag","embeddable":true,"href":"https:\/\/quehacerpolitico.mx\/index.php?rest_route=%2Fwp%2Fv2%2Ftags&post=76796"}],"curies":[{"name":"wp","href":"https:\/\/api.w.org\/{rel}","templated":true}]}}