{"id":7679,"date":"2018-10-25T02:46:44","date_gmt":"2018-10-25T02:46:44","guid":{"rendered":"http:\/\/quehacerpolitico.mx\/sicarios-del-edomex-querian-matar-al-cardenal-norberto-rivera-dicen-fuentes-a-loret-de-mola\/"},"modified":"2018-10-25T02:46:44","modified_gmt":"2018-10-25T02:46:44","slug":"sicarios-del-edomex-querian-matar-al-cardenal-norberto-rivera-dicen-fuentes-a-loret-de-mola","status":"publish","type":"post","link":"https:\/\/quehacerpolitico.mx\/?p=7679","title":{"rendered":"Sicarios del Edomex quer\u00edan matar al cardenal Norberto Rivera, dicen fuentes a Loret de Mola"},"content":{"rendered":"<h1>Sicarios del Edomex quer\u00edan matar al cardenal Norberto Rivera, dicen fuentes a Loret de Mola<\/h1>\n<p>Por Redacci\u00f3n QP<\/p>\n<p><strong>Sicarios ten\u00edan un objetivo<\/strong>: matar al cardenal Norberto Rivera Carrera, indic\u00f3 hoy el periodista <strong>Carlos Loret de Mola<\/strong>.<\/p>\n<p>De acuerdo con su columna publicada en <em>El Universal<\/em>, los <strong>sicarios del Estado de M\u00e9xico<\/strong>fueron contratados para matar al cardenal em\u00e9rito de M\u00e9xico.\u00a0Fuentes de primer nivel involucradas en la investigaci\u00f3n del ataque revelaron lo anterior a Loret de Mola:<\/p>\n<blockquote>\n<p>\u201cSeg\u00fan estas fuentes, la hip\u00f3tesis del asesinato es la que est\u00e1 m\u00e1s fuerte en este momento. Incluso les parece francamente sospechosa la actitud del escolta del arzobispo primado de M\u00e9xico em\u00e9rito: aparentemente no habr\u00eda hecho nada durante el ataque y se preguntan si estar\u00eda coludido con el comando que lleg\u00f3 a la vivienda del prelado para realizar esta ejecuci\u00f3n\u201d.<\/p>\n<p>La indagatoria oficial se\u00f1ala que el ataque que ocurri\u00f3 el domingo, en la alcald\u00eda de \u00c1lvaro Obreg\u00f3n, en la Ciudad de M\u00e9xico, no logr\u00f3 su objetivo porque los sicarios no sab\u00edan que un elemento de la PBI repeler\u00eda la agresi\u00f3n.<\/p>\n<p><strong>En el texto se se\u00f1ala:\u00a0\u00a0<\/strong><\/p>\n<blockquote>\n<p class=\"p1\"><span class=\"s1\">\u201cUno de los datos que habr\u00eda sido clave para apuntar a esto, es que uno de los presuntos sicarios llevaba ya el arma desenfundada cuando entraba a la casa.\u00a0<\/span><\/p>\n<p class=\"p1\"><span class=\"s1\">\u201cEse tiro est\u00e1 cantado, me sintetiza una fuente, dejando claro que las autoridades no descartan que quienes hayan mandado matar al cardenal siguen con esa idea en la cabeza y seguramente lo intentar\u00e1n de nuevo, por lo que se ha reforzado la seguridad en su entorno.\u00a0<\/span><\/p>\n<\/blockquote>\n<p class=\"p1\"><span class=\"s1\">Y remata: \u201cHay un muerto en el garaje, pero el cardenal m\u00e1s pol\u00e9mico de M\u00e9xico dice que \u00e9l no va a denunciar ante las autoridades\u201d.\u00a0<\/span><\/p>\n<\/blockquote>\n","protected":false},"excerpt":{"rendered":"<p>Sicarios del Edomex quer\u00edan matar al cardenal Norberto Rivera, dicen fuentes a Loret de Mola<br \/>\nPor Redacci\u00f3n QP<\/p>\n","protected":false},"author":2,"featured_media":7678,"comment_status":"open","ping_status":"open","sticky":false,"template":"","format":"standard","meta":{"_monsterinsights_skip_tracking":false,"_monsterinsights_sitenote_active":false,"_monsterinsights_sitenote_note":"","_monsterinsights_sitenote_category":0,"footnotes":""},"categories":[55],"tags":[],"class_list":["post-7679","post","type-post","status-publish","format-standard","has-post-thumbnail","hentry","category-cdmx"],"yoast_head":"<!-- This site is optimized with the Yoast SEO plugin v27.3 - https:\/\/yoast.com\/product\/yoast-seo-wordpress\/ -->\n<title>Sicarios del Edomex quer\u00edan matar al cardenal Norberto Rivera, dicen fuentes a Loret de Mola -<\/title>\n<meta name=\"robots\" content=\"index, follow, max-snippet:-1, max-image-preview:large, max-video-preview:-1\" \/>\n<link rel=\"canonical\" href=\"https:\/\/quehacerpolitico.mx\/?p=7679\" \/>\n<meta property=\"og:locale\" content=\"es_MX\" \/>\n<meta property=\"og:type\" content=\"article\" \/>\n<meta property=\"og:title\" content=\"Sicarios del Edomex quer\u00edan matar al cardenal Norberto Rivera, dicen fuentes a Loret de Mola -\" \/>\n<meta property=\"og:description\" content=\"Sicarios del Edomex quer\u00edan matar al cardenal Norberto Rivera, dicen fuentes a Loret de Mola Por Redacci\u00f3n QP\" \/>\n<meta property=\"og:url\" content=\"https:\/\/quehacerpolitico.mx\/?p=7679\" \/>\n<meta property=\"article:published_time\" content=\"2018-10-25T02:46:44+00:00\" \/>\n<meta name=\"author\" content=\"Redacci\u00f3n QP\" \/>\n<meta name=\"twitter:card\" content=\"summary_large_image\" \/>\n<meta name=\"twitter:label1\" content=\"Escrito por\" \/>\n\t<meta name=\"twitter:data1\" content=\"Redacci\u00f3n QP\" \/>\n\t<meta name=\"twitter:label2\" content=\"Tiempo de lectura\" \/>\n\t<meta name=\"twitter:data2\" content=\"2 minutos\" \/>\n<script type=\"application\/ld+json\" class=\"yoast-schema-graph\">{\"@context\":\"https:\\\/\\\/schema.org\",\"@graph\":[{\"@type\":\"Article\",\"@id\":\"https:\\\/\\\/quehacerpolitico.mx\\\/?p=7679#article\",\"isPartOf\":{\"@id\":\"https:\\\/\\\/quehacerpolitico.mx\\\/?p=7679\"},\"author\":{\"name\":\"Redacci\u00f3n QP\",\"@id\":\"https:\\\/\\\/quehacerpolitico.mx\\\/#\\\/schema\\\/person\\\/496d8ad2d1d3f8036101dca7ee39e585\"},\"headline\":\"Sicarios del Edomex quer\u00edan matar al cardenal Norberto Rivera, dicen fuentes a Loret de Mola\",\"datePublished\":\"2018-10-25T02:46:44+00:00\",\"mainEntityOfPage\":{\"@id\":\"https:\\\/\\\/quehacerpolitico.mx\\\/?p=7679\"},\"wordCount\":324,\"commentCount\":0,\"image\":{\"@id\":\"https:\\\/\\\/quehacerpolitico.mx\\\/?p=7679#primaryimage\"},\"thumbnailUrl\":\"\",\"articleSection\":[\"CDMX\"],\"inLanguage\":\"es\",\"potentialAction\":[{\"@type\":\"CommentAction\",\"name\":\"Comment\",\"target\":[\"https:\\\/\\\/quehacerpolitico.mx\\\/?p=7679#respond\"]}]},{\"@type\":\"WebPage\",\"@id\":\"https:\\\/\\\/quehacerpolitico.mx\\\/?p=7679\",\"url\":\"https:\\\/\\\/quehacerpolitico.mx\\\/?p=7679\",\"name\":\"Sicarios del Edomex quer\u00edan matar al cardenal Norberto Rivera, dicen fuentes a Loret de Mola -\",\"isPartOf\":{\"@id\":\"https:\\\/\\\/quehacerpolitico.mx\\\/#website\"},\"primaryImageOfPage\":{\"@id\":\"https:\\\/\\\/quehacerpolitico.mx\\\/?p=7679#primaryimage\"},\"image\":{\"@id\":\"https:\\\/\\\/quehacerpolitico.mx\\\/?p=7679#primaryimage\"},\"thumbnailUrl\":\"\",\"datePublished\":\"2018-10-25T02:46:44+00:00\",\"author\":{\"@id\":\"https:\\\/\\\/quehacerpolitico.mx\\\/#\\\/schema\\\/person\\\/496d8ad2d1d3f8036101dca7ee39e585\"},\"breadcrumb\":{\"@id\":\"https:\\\/\\\/quehacerpolitico.mx\\\/?p=7679#breadcrumb\"},\"inLanguage\":\"es\",\"potentialAction\":[{\"@type\":\"ReadAction\",\"target\":[\"https:\\\/\\\/quehacerpolitico.mx\\\/?p=7679\"]}]},{\"@type\":\"ImageObject\",\"inLanguage\":\"es\",\"@id\":\"https:\\\/\\\/quehacerpolitico.mx\\\/?p=7679#primaryimage\",\"url\":\"\",\"contentUrl\":\"\"},{\"@type\":\"BreadcrumbList\",\"@id\":\"https:\\\/\\\/quehacerpolitico.mx\\\/?p=7679#breadcrumb\",\"itemListElement\":[{\"@type\":\"ListItem\",\"position\":1,\"name\":\"Inicio\",\"item\":\"https:\\\/\\\/quehacerpolitico.mx\\\/\"},{\"@type\":\"ListItem\",\"position\":2,\"name\":\"Sicarios del Edomex quer\u00edan matar al cardenal Norberto Rivera, dicen fuentes a Loret de Mola\"}]},{\"@type\":\"WebSite\",\"@id\":\"https:\\\/\\\/quehacerpolitico.mx\\\/#website\",\"url\":\"https:\\\/\\\/quehacerpolitico.mx\\\/\",\"name\":\"\",\"description\":\"\",\"potentialAction\":[{\"@type\":\"SearchAction\",\"target\":{\"@type\":\"EntryPoint\",\"urlTemplate\":\"https:\\\/\\\/quehacerpolitico.mx\\\/?s={search_term_string}\"},\"query-input\":{\"@type\":\"PropertyValueSpecification\",\"valueRequired\":true,\"valueName\":\"search_term_string\"}}],\"inLanguage\":\"es\"},{\"@type\":\"Person\",\"@id\":\"https:\\\/\\\/quehacerpolitico.mx\\\/#\\\/schema\\\/person\\\/496d8ad2d1d3f8036101dca7ee39e585\",\"name\":\"Redacci\u00f3n QP\",\"image\":{\"@type\":\"ImageObject\",\"inLanguage\":\"es\",\"@id\":\"https:\\\/\\\/secure.gravatar.com\\\/avatar\\\/c7164ed6fdec453195284ad24a5ae5b6e1eed2b848477fa2a4787ba9adf39a41?s=96&d=mm&r=g\",\"url\":\"https:\\\/\\\/secure.gravatar.com\\\/avatar\\\/c7164ed6fdec453195284ad24a5ae5b6e1eed2b848477fa2a4787ba9adf39a41?s=96&d=mm&r=g\",\"contentUrl\":\"https:\\\/\\\/secure.gravatar.com\\\/avatar\\\/c7164ed6fdec453195284ad24a5ae5b6e1eed2b848477fa2a4787ba9adf39a41?s=96&d=mm&r=g\",\"caption\":\"Redacci\u00f3n QP\"},\"url\":\"https:\\\/\\\/quehacerpolitico.mx\\\/?author=2\"}]}<\/script>\n<!-- \/ Yoast SEO plugin. -->","yoast_head_json":{"title":"Sicarios del Edomex quer\u00edan matar al cardenal Norberto Rivera, dicen fuentes a Loret de Mola -","robots":{"index":"index","follow":"follow","max-snippet":"max-snippet:-1","max-image-preview":"max-image-preview:large","max-video-preview":"max-video-preview:-1"},"canonical":"https:\/\/quehacerpolitico.mx\/?p=7679","og_locale":"es_MX","og_type":"article","og_title":"Sicarios del Edomex quer\u00edan matar al cardenal Norberto Rivera, dicen fuentes a Loret de Mola -","og_description":"Sicarios del Edomex quer\u00edan matar al cardenal Norberto Rivera, dicen fuentes a Loret de Mola Por Redacci\u00f3n QP","og_url":"https:\/\/quehacerpolitico.mx\/?p=7679","article_published_time":"2018-10-25T02:46:44+00:00","author":"Redacci\u00f3n QP","twitter_card":"summary_large_image","twitter_misc":{"Escrito por":"Redacci\u00f3n QP","Tiempo de lectura":"2 minutos"},"schema":{"@context":"https:\/\/schema.org","@graph":[{"@type":"Article","@id":"https:\/\/quehacerpolitico.mx\/?p=7679#article","isPartOf":{"@id":"https:\/\/quehacerpolitico.mx\/?p=7679"},"author":{"name":"Redacci\u00f3n QP","@id":"https:\/\/quehacerpolitico.mx\/#\/schema\/person\/496d8ad2d1d3f8036101dca7ee39e585"},"headline":"Sicarios del Edomex quer\u00edan matar al cardenal Norberto Rivera, dicen fuentes a Loret de Mola","datePublished":"2018-10-25T02:46:44+00:00","mainEntityOfPage":{"@id":"https:\/\/quehacerpolitico.mx\/?p=7679"},"wordCount":324,"commentCount":0,"image":{"@id":"https:\/\/quehacerpolitico.mx\/?p=7679#primaryimage"},"thumbnailUrl":"","articleSection":["CDMX"],"inLanguage":"es","potentialAction":[{"@type":"CommentAction","name":"Comment","target":["https:\/\/quehacerpolitico.mx\/?p=7679#respond"]}]},{"@type":"WebPage","@id":"https:\/\/quehacerpolitico.mx\/?p=7679","url":"https:\/\/quehacerpolitico.mx\/?p=7679","name":"Sicarios del Edomex quer\u00edan matar al cardenal Norberto Rivera, dicen fuentes a Loret de Mola -","isPartOf":{"@id":"https:\/\/quehacerpolitico.mx\/#website"},"primaryImageOfPage":{"@id":"https:\/\/quehacerpolitico.mx\/?p=7679#primaryimage"},"image":{"@id":"https:\/\/quehacerpolitico.mx\/?p=7679#primaryimage"},"thumbnailUrl":"","datePublished":"2018-10-25T02:46:44+00:00","author":{"@id":"https:\/\/quehacerpolitico.mx\/#\/schema\/person\/496d8ad2d1d3f8036101dca7ee39e585"},"breadcrumb":{"@id":"https:\/\/quehacerpolitico.mx\/?p=7679#breadcrumb"},"inLanguage":"es","potentialAction":[{"@type":"ReadAction","target":["https:\/\/quehacerpolitico.mx\/?p=7679"]}]},{"@type":"ImageObject","inLanguage":"es","@id":"https:\/\/quehacerpolitico.mx\/?p=7679#primaryimage","url":"","contentUrl":""},{"@type":"BreadcrumbList","@id":"https:\/\/quehacerpolitico.mx\/?p=7679#breadcrumb","itemListElement":[{"@type":"ListItem","position":1,"name":"Inicio","item":"https:\/\/quehacerpolitico.mx\/"},{"@type":"ListItem","position":2,"name":"Sicarios del Edomex quer\u00edan matar al cardenal Norberto Rivera, dicen fuentes a Loret de Mola"}]},{"@type":"WebSite","@id":"https:\/\/quehacerpolitico.mx\/#website","url":"https:\/\/quehacerpolitico.mx\/","name":"","description":"","potentialAction":[{"@type":"SearchAction","target":{"@type":"EntryPoint","urlTemplate":"https:\/\/quehacerpolitico.mx\/?s={search_term_string}"},"query-input":{"@type":"PropertyValueSpecification","valueRequired":true,"valueName":"search_term_string"}}],"inLanguage":"es"},{"@type":"Person","@id":"https:\/\/quehacerpolitico.mx\/#\/schema\/person\/496d8ad2d1d3f8036101dca7ee39e585","name":"Redacci\u00f3n QP","image":{"@type":"ImageObject","inLanguage":"es","@id":"https:\/\/secure.gravatar.com\/avatar\/c7164ed6fdec453195284ad24a5ae5b6e1eed2b848477fa2a4787ba9adf39a41?s=96&d=mm&r=g","url":"https:\/\/secure.gravatar.com\/avatar\/c7164ed6fdec453195284ad24a5ae5b6e1eed2b848477fa2a4787ba9adf39a41?s=96&d=mm&r=g","contentUrl":"https:\/\/secure.gravatar.com\/avatar\/c7164ed6fdec453195284ad24a5ae5b6e1eed2b848477fa2a4787ba9adf39a41?s=96&d=mm&r=g","caption":"Redacci\u00f3n QP"},"url":"https:\/\/quehacerpolitico.mx\/?author=2"}]}},"featured_image_urls":{"full":"","thumbnail":"","medium":"","medium_large":"","large":"","1536x1536":"","2048x2048":"","covernews-featured":"","covernews-medium":""},"author_info":{"display_name":"Redacci\u00f3n QP","author_link":"https:\/\/quehacerpolitico.mx\/?author=2"},"category_info":"<a href=\"https:\/\/quehacerpolitico.mx\/?cat=55\" rel=\"category\">CDMX<\/a>","tag_info":"CDMX","comment_count":"0","_links":{"self":[{"href":"https:\/\/quehacerpolitico.mx\/index.php?rest_route=\/wp\/v2\/posts\/7679","targetHints":{"allow":["GET"]}}],"collection":[{"href":"https:\/\/quehacerpolitico.mx\/index.php?rest_route=\/wp\/v2\/posts"}],"about":[{"href":"https:\/\/quehacerpolitico.mx\/index.php?rest_route=\/wp\/v2\/types\/post"}],"author":[{"embeddable":true,"href":"https:\/\/quehacerpolitico.mx\/index.php?rest_route=\/wp\/v2\/users\/2"}],"replies":[{"embeddable":true,"href":"https:\/\/quehacerpolitico.mx\/index.php?rest_route=%2Fwp%2Fv2%2Fcomments&post=7679"}],"version-history":[{"count":0,"href":"https:\/\/quehacerpolitico.mx\/index.php?rest_route=\/wp\/v2\/posts\/7679\/revisions"}],"wp:featuredmedia":[{"embeddable":true,"href":"https:\/\/quehacerpolitico.mx\/index.php?rest_route=\/"}],"wp:attachment":[{"href":"https:\/\/quehacerpolitico.mx\/index.php?rest_route=%2Fwp%2Fv2%2Fmedia&parent=7679"}],"wp:term":[{"taxonomy":"category","embeddable":true,"href":"https:\/\/quehacerpolitico.mx\/index.php?rest_route=%2Fwp%2Fv2%2Fcategories&post=7679"},{"taxonomy":"post_tag","embeddable":true,"href":"https:\/\/quehacerpolitico.mx\/index.php?rest_route=%2Fwp%2Fv2%2Ftags&post=7679"}],"curies":[{"name":"wp","href":"https:\/\/api.w.org\/{rel}","templated":true}]}}