{"id":7677,"date":"2018-10-25T02:40:27","date_gmt":"2018-10-25T02:40:27","guid":{"rendered":"http:\/\/quehacerpolitico.mx\/el-papa-respalda-plan-de-pacificacion-de-amlo-rezo-por-usted-por-su-familia-y-por-todo-mexico\/"},"modified":"2018-10-25T02:40:27","modified_gmt":"2018-10-25T02:40:27","slug":"el-papa-respalda-plan-de-pacificacion-de-amlo-rezo-por-usted-por-su-familia-y-por-todo-mexico","status":"publish","type":"post","link":"https:\/\/quehacerpolitico.mx\/?p=7677","title":{"rendered":"El Papa respalda plan de pacificaci\u00f3n de AMLO: \u201cRezo por usted, por su familia y por todo M\u00e9xico\u201d"},"content":{"rendered":"<h1>El Papa respalda plan de pacificaci\u00f3n de AMLO: \u201cRezo por usted, por su familia y por todo M\u00e9xico\u201d<\/h1>\n<p>Por Redacci\u00f3n QP<\/p>\n<p>En la b\u00fasqueda de la paz en M\u00e9xico, el <strong>Papa Francisco<\/strong> respald\u00f3 a <strong>Andr\u00e9s Manuel L\u00f3pez Obrador<\/strong>, Presidente electo de M\u00e9xico.<\/p>\n<blockquote>\n<p>A trav\u00e9s de una carta que fue le\u00edda durante la presentaci\u00f3n de los resultados de la \u201c<strong>Consulta para la Reconciliaci\u00f3n y Pacificaci\u00f3n Nacional<\/strong>\u201d en el Archivo General de la Naci\u00f3n, el Papa mostr\u00f3 su \u201csatisfacci\u00f3n por la iniciativa de los foros de <strong>pacificaci\u00f3n y reconciliaci\u00f3n nacional<\/strong>que convoc\u00f3 en todo el pa\u00eds\u201d.<\/p>\n<\/blockquote>\n<p>\u201cTengo conocimiento que el pr\u00f3ximo 24 de octubre est\u00e1 prevista una ceremonia en la Ciudad de M\u00e9xico en la que se entregar\u00e1n oficialmente los resultados de toda esta fase de escucha.<\/p>\n<blockquote>\n<p>\u201cEn ese sentido le aseguro la disponibilidad constante de la iglesia cat\u00f3lica para cooperar en todas aquellas iniciativas que vayan dirigidas a encontrar caminos de paz y reconciliaci\u00f3n entre hermanos\u201d, dice el documento que fue le\u00eddo por el Nuncio Apost\u00f3lico Franco Coppola.<\/p>\n<\/blockquote>\n<p>\u201cRezo por usted, por su familia y por todo el pueblo mexicano a quien llevo en mi coraz\u00f3n\u201d, contin\u00faa.<\/p>\n<p>Andr\u00e9s Manuel invit\u00f3 a Francisco, dos meses atr\u00e1s, a participar en los foros de pacificaci\u00f3n. Y obtuvo una respuesta a eso:<\/p>\n<p>\u201cLe agradezco sinceramente su invitaci\u00f3n y aprovecho la oportunidad en primer lugar para expresarle mi felicitaci\u00f3n por el resultado en las elecciones presidenciales\u201d.<\/p>\n","protected":false},"excerpt":{"rendered":"<p>El Papa respalda plan de pacificaci\u00f3n de AMLO: \u201cRezo por usted, por su familia y por todo M\u00e9xico\u201d<br \/>\nPor Redacci\u00f3n QP<\/p>\n","protected":false},"author":2,"featured_media":7676,"comment_status":"open","ping_status":"open","sticky":false,"template":"","format":"standard","meta":{"_monsterinsights_skip_tracking":false,"_monsterinsights_sitenote_active":false,"_monsterinsights_sitenote_note":"","_monsterinsights_sitenote_category":0,"footnotes":""},"categories":[2],"tags":[],"class_list":["post-7677","post","type-post","status-publish","format-standard","has-post-thumbnail","hentry","category-noticias"],"yoast_head":"<!-- This site is optimized with the Yoast SEO plugin v27.3 - https:\/\/yoast.com\/product\/yoast-seo-wordpress\/ -->\n<title>El Papa respalda plan de pacificaci\u00f3n de AMLO: \u201cRezo por usted, por su familia y por todo M\u00e9xico\u201d -<\/title>\n<meta name=\"robots\" content=\"index, follow, max-snippet:-1, max-image-preview:large, max-video-preview:-1\" \/>\n<link rel=\"canonical\" href=\"https:\/\/quehacerpolitico.mx\/?p=7677\" \/>\n<meta property=\"og:locale\" content=\"es_MX\" \/>\n<meta property=\"og:type\" content=\"article\" \/>\n<meta property=\"og:title\" content=\"El Papa respalda plan de pacificaci\u00f3n de AMLO: \u201cRezo por usted, por su familia y por todo M\u00e9xico\u201d -\" \/>\n<meta property=\"og:description\" content=\"El Papa respalda plan de pacificaci\u00f3n de AMLO: \u201cRezo por usted, por su familia y por todo M\u00e9xico\u201d Por Redacci\u00f3n QP\" \/>\n<meta property=\"og:url\" content=\"https:\/\/quehacerpolitico.mx\/?p=7677\" \/>\n<meta property=\"article:published_time\" content=\"2018-10-25T02:40:27+00:00\" \/>\n<meta name=\"author\" content=\"Redacci\u00f3n QP\" \/>\n<meta name=\"twitter:card\" content=\"summary_large_image\" \/>\n<meta name=\"twitter:label1\" content=\"Escrito por\" \/>\n\t<meta name=\"twitter:data1\" content=\"Redacci\u00f3n QP\" \/>\n\t<meta name=\"twitter:label2\" content=\"Tiempo de lectura\" \/>\n\t<meta name=\"twitter:data2\" content=\"1 minuto\" \/>\n<script type=\"application\/ld+json\" class=\"yoast-schema-graph\">{\"@context\":\"https:\\\/\\\/schema.org\",\"@graph\":[{\"@type\":\"Article\",\"@id\":\"https:\\\/\\\/quehacerpolitico.mx\\\/?p=7677#article\",\"isPartOf\":{\"@id\":\"https:\\\/\\\/quehacerpolitico.mx\\\/?p=7677\"},\"author\":{\"name\":\"Redacci\u00f3n QP\",\"@id\":\"https:\\\/\\\/quehacerpolitico.mx\\\/#\\\/schema\\\/person\\\/496d8ad2d1d3f8036101dca7ee39e585\"},\"headline\":\"El Papa respalda plan de pacificaci\u00f3n de AMLO: \u201cRezo por usted, por su familia y por todo M\u00e9xico\u201d\",\"datePublished\":\"2018-10-25T02:40:27+00:00\",\"mainEntityOfPage\":{\"@id\":\"https:\\\/\\\/quehacerpolitico.mx\\\/?p=7677\"},\"wordCount\":280,\"commentCount\":0,\"image\":{\"@id\":\"https:\\\/\\\/quehacerpolitico.mx\\\/?p=7677#primaryimage\"},\"thumbnailUrl\":\"\",\"articleSection\":[\"Noticias\"],\"inLanguage\":\"es\",\"potentialAction\":[{\"@type\":\"CommentAction\",\"name\":\"Comment\",\"target\":[\"https:\\\/\\\/quehacerpolitico.mx\\\/?p=7677#respond\"]}]},{\"@type\":\"WebPage\",\"@id\":\"https:\\\/\\\/quehacerpolitico.mx\\\/?p=7677\",\"url\":\"https:\\\/\\\/quehacerpolitico.mx\\\/?p=7677\",\"name\":\"El Papa respalda plan de pacificaci\u00f3n de AMLO: \u201cRezo por usted, por su familia y por todo M\u00e9xico\u201d -\",\"isPartOf\":{\"@id\":\"https:\\\/\\\/quehacerpolitico.mx\\\/#website\"},\"primaryImageOfPage\":{\"@id\":\"https:\\\/\\\/quehacerpolitico.mx\\\/?p=7677#primaryimage\"},\"image\":{\"@id\":\"https:\\\/\\\/quehacerpolitico.mx\\\/?p=7677#primaryimage\"},\"thumbnailUrl\":\"\",\"datePublished\":\"2018-10-25T02:40:27+00:00\",\"author\":{\"@id\":\"https:\\\/\\\/quehacerpolitico.mx\\\/#\\\/schema\\\/person\\\/496d8ad2d1d3f8036101dca7ee39e585\"},\"breadcrumb\":{\"@id\":\"https:\\\/\\\/quehacerpolitico.mx\\\/?p=7677#breadcrumb\"},\"inLanguage\":\"es\",\"potentialAction\":[{\"@type\":\"ReadAction\",\"target\":[\"https:\\\/\\\/quehacerpolitico.mx\\\/?p=7677\"]}]},{\"@type\":\"ImageObject\",\"inLanguage\":\"es\",\"@id\":\"https:\\\/\\\/quehacerpolitico.mx\\\/?p=7677#primaryimage\",\"url\":\"\",\"contentUrl\":\"\"},{\"@type\":\"BreadcrumbList\",\"@id\":\"https:\\\/\\\/quehacerpolitico.mx\\\/?p=7677#breadcrumb\",\"itemListElement\":[{\"@type\":\"ListItem\",\"position\":1,\"name\":\"Inicio\",\"item\":\"https:\\\/\\\/quehacerpolitico.mx\\\/\"},{\"@type\":\"ListItem\",\"position\":2,\"name\":\"El Papa respalda plan de pacificaci\u00f3n de AMLO: \u201cRezo por usted, por su familia y por todo M\u00e9xico\u201d\"}]},{\"@type\":\"WebSite\",\"@id\":\"https:\\\/\\\/quehacerpolitico.mx\\\/#website\",\"url\":\"https:\\\/\\\/quehacerpolitico.mx\\\/\",\"name\":\"\",\"description\":\"\",\"potentialAction\":[{\"@type\":\"SearchAction\",\"target\":{\"@type\":\"EntryPoint\",\"urlTemplate\":\"https:\\\/\\\/quehacerpolitico.mx\\\/?s={search_term_string}\"},\"query-input\":{\"@type\":\"PropertyValueSpecification\",\"valueRequired\":true,\"valueName\":\"search_term_string\"}}],\"inLanguage\":\"es\"},{\"@type\":\"Person\",\"@id\":\"https:\\\/\\\/quehacerpolitico.mx\\\/#\\\/schema\\\/person\\\/496d8ad2d1d3f8036101dca7ee39e585\",\"name\":\"Redacci\u00f3n QP\",\"image\":{\"@type\":\"ImageObject\",\"inLanguage\":\"es\",\"@id\":\"https:\\\/\\\/secure.gravatar.com\\\/avatar\\\/c7164ed6fdec453195284ad24a5ae5b6e1eed2b848477fa2a4787ba9adf39a41?s=96&d=mm&r=g\",\"url\":\"https:\\\/\\\/secure.gravatar.com\\\/avatar\\\/c7164ed6fdec453195284ad24a5ae5b6e1eed2b848477fa2a4787ba9adf39a41?s=96&d=mm&r=g\",\"contentUrl\":\"https:\\\/\\\/secure.gravatar.com\\\/avatar\\\/c7164ed6fdec453195284ad24a5ae5b6e1eed2b848477fa2a4787ba9adf39a41?s=96&d=mm&r=g\",\"caption\":\"Redacci\u00f3n QP\"},\"url\":\"https:\\\/\\\/quehacerpolitico.mx\\\/?author=2\"}]}<\/script>\n<!-- \/ Yoast SEO plugin. -->","yoast_head_json":{"title":"El Papa respalda plan de pacificaci\u00f3n de AMLO: \u201cRezo por usted, por su familia y por todo M\u00e9xico\u201d -","robots":{"index":"index","follow":"follow","max-snippet":"max-snippet:-1","max-image-preview":"max-image-preview:large","max-video-preview":"max-video-preview:-1"},"canonical":"https:\/\/quehacerpolitico.mx\/?p=7677","og_locale":"es_MX","og_type":"article","og_title":"El Papa respalda plan de pacificaci\u00f3n de AMLO: \u201cRezo por usted, por su familia y por todo M\u00e9xico\u201d -","og_description":"El Papa respalda plan de pacificaci\u00f3n de AMLO: \u201cRezo por usted, por su familia y por todo M\u00e9xico\u201d Por Redacci\u00f3n QP","og_url":"https:\/\/quehacerpolitico.mx\/?p=7677","article_published_time":"2018-10-25T02:40:27+00:00","author":"Redacci\u00f3n QP","twitter_card":"summary_large_image","twitter_misc":{"Escrito por":"Redacci\u00f3n QP","Tiempo de lectura":"1 minuto"},"schema":{"@context":"https:\/\/schema.org","@graph":[{"@type":"Article","@id":"https:\/\/quehacerpolitico.mx\/?p=7677#article","isPartOf":{"@id":"https:\/\/quehacerpolitico.mx\/?p=7677"},"author":{"name":"Redacci\u00f3n QP","@id":"https:\/\/quehacerpolitico.mx\/#\/schema\/person\/496d8ad2d1d3f8036101dca7ee39e585"},"headline":"El Papa respalda plan de pacificaci\u00f3n de AMLO: \u201cRezo por usted, por su familia y por todo M\u00e9xico\u201d","datePublished":"2018-10-25T02:40:27+00:00","mainEntityOfPage":{"@id":"https:\/\/quehacerpolitico.mx\/?p=7677"},"wordCount":280,"commentCount":0,"image":{"@id":"https:\/\/quehacerpolitico.mx\/?p=7677#primaryimage"},"thumbnailUrl":"","articleSection":["Noticias"],"inLanguage":"es","potentialAction":[{"@type":"CommentAction","name":"Comment","target":["https:\/\/quehacerpolitico.mx\/?p=7677#respond"]}]},{"@type":"WebPage","@id":"https:\/\/quehacerpolitico.mx\/?p=7677","url":"https:\/\/quehacerpolitico.mx\/?p=7677","name":"El Papa respalda plan de pacificaci\u00f3n de AMLO: \u201cRezo por usted, por su familia y por todo M\u00e9xico\u201d -","isPartOf":{"@id":"https:\/\/quehacerpolitico.mx\/#website"},"primaryImageOfPage":{"@id":"https:\/\/quehacerpolitico.mx\/?p=7677#primaryimage"},"image":{"@id":"https:\/\/quehacerpolitico.mx\/?p=7677#primaryimage"},"thumbnailUrl":"","datePublished":"2018-10-25T02:40:27+00:00","author":{"@id":"https:\/\/quehacerpolitico.mx\/#\/schema\/person\/496d8ad2d1d3f8036101dca7ee39e585"},"breadcrumb":{"@id":"https:\/\/quehacerpolitico.mx\/?p=7677#breadcrumb"},"inLanguage":"es","potentialAction":[{"@type":"ReadAction","target":["https:\/\/quehacerpolitico.mx\/?p=7677"]}]},{"@type":"ImageObject","inLanguage":"es","@id":"https:\/\/quehacerpolitico.mx\/?p=7677#primaryimage","url":"","contentUrl":""},{"@type":"BreadcrumbList","@id":"https:\/\/quehacerpolitico.mx\/?p=7677#breadcrumb","itemListElement":[{"@type":"ListItem","position":1,"name":"Inicio","item":"https:\/\/quehacerpolitico.mx\/"},{"@type":"ListItem","position":2,"name":"El Papa respalda plan de pacificaci\u00f3n de AMLO: \u201cRezo por usted, por su familia y por todo M\u00e9xico\u201d"}]},{"@type":"WebSite","@id":"https:\/\/quehacerpolitico.mx\/#website","url":"https:\/\/quehacerpolitico.mx\/","name":"","description":"","potentialAction":[{"@type":"SearchAction","target":{"@type":"EntryPoint","urlTemplate":"https:\/\/quehacerpolitico.mx\/?s={search_term_string}"},"query-input":{"@type":"PropertyValueSpecification","valueRequired":true,"valueName":"search_term_string"}}],"inLanguage":"es"},{"@type":"Person","@id":"https:\/\/quehacerpolitico.mx\/#\/schema\/person\/496d8ad2d1d3f8036101dca7ee39e585","name":"Redacci\u00f3n QP","image":{"@type":"ImageObject","inLanguage":"es","@id":"https:\/\/secure.gravatar.com\/avatar\/c7164ed6fdec453195284ad24a5ae5b6e1eed2b848477fa2a4787ba9adf39a41?s=96&d=mm&r=g","url":"https:\/\/secure.gravatar.com\/avatar\/c7164ed6fdec453195284ad24a5ae5b6e1eed2b848477fa2a4787ba9adf39a41?s=96&d=mm&r=g","contentUrl":"https:\/\/secure.gravatar.com\/avatar\/c7164ed6fdec453195284ad24a5ae5b6e1eed2b848477fa2a4787ba9adf39a41?s=96&d=mm&r=g","caption":"Redacci\u00f3n QP"},"url":"https:\/\/quehacerpolitico.mx\/?author=2"}]}},"featured_image_urls":{"full":"","thumbnail":"","medium":"","medium_large":"","large":"","1536x1536":"","2048x2048":"","covernews-featured":"","covernews-medium":""},"author_info":{"display_name":"Redacci\u00f3n QP","author_link":"https:\/\/quehacerpolitico.mx\/?author=2"},"category_info":"<a href=\"https:\/\/quehacerpolitico.mx\/?cat=2\" rel=\"category\">Noticias<\/a>","tag_info":"Noticias","comment_count":"0","_links":{"self":[{"href":"https:\/\/quehacerpolitico.mx\/index.php?rest_route=\/wp\/v2\/posts\/7677","targetHints":{"allow":["GET"]}}],"collection":[{"href":"https:\/\/quehacerpolitico.mx\/index.php?rest_route=\/wp\/v2\/posts"}],"about":[{"href":"https:\/\/quehacerpolitico.mx\/index.php?rest_route=\/wp\/v2\/types\/post"}],"author":[{"embeddable":true,"href":"https:\/\/quehacerpolitico.mx\/index.php?rest_route=\/wp\/v2\/users\/2"}],"replies":[{"embeddable":true,"href":"https:\/\/quehacerpolitico.mx\/index.php?rest_route=%2Fwp%2Fv2%2Fcomments&post=7677"}],"version-history":[{"count":0,"href":"https:\/\/quehacerpolitico.mx\/index.php?rest_route=\/wp\/v2\/posts\/7677\/revisions"}],"wp:featuredmedia":[{"embeddable":true,"href":"https:\/\/quehacerpolitico.mx\/index.php?rest_route=\/"}],"wp:attachment":[{"href":"https:\/\/quehacerpolitico.mx\/index.php?rest_route=%2Fwp%2Fv2%2Fmedia&parent=7677"}],"wp:term":[{"taxonomy":"category","embeddable":true,"href":"https:\/\/quehacerpolitico.mx\/index.php?rest_route=%2Fwp%2Fv2%2Fcategories&post=7677"},{"taxonomy":"post_tag","embeddable":true,"href":"https:\/\/quehacerpolitico.mx\/index.php?rest_route=%2Fwp%2Fv2%2Ftags&post=7677"}],"curies":[{"name":"wp","href":"https:\/\/api.w.org\/{rel}","templated":true}]}}