{"id":7675,"date":"2018-10-25T02:35:52","date_gmt":"2018-10-25T02:35:52","guid":{"rendered":"http:\/\/quehacerpolitico.mx\/algunos-mexicanos-actuan-como-donald-trump-y-no-lo-aceptan-senala-el-cineasta-alfonso-cuaron\/"},"modified":"2018-10-25T02:35:52","modified_gmt":"2018-10-25T02:35:52","slug":"algunos-mexicanos-actuan-como-donald-trump-y-no-lo-aceptan-senala-el-cineasta-alfonso-cuaron","status":"publish","type":"post","link":"https:\/\/quehacerpolitico.mx\/?p=7675","title":{"rendered":"Algunos mexicanos act\u00faan como Donald Trump y no lo aceptan, se\u00f1ala el cineasta Alfonso Cuar\u00f3n"},"content":{"rendered":"<h1>Algunos mexicanos act\u00faan como Donald Trump y no lo aceptan, se\u00f1ala el cineasta Alfonso Cuar\u00f3n<\/h1>\n<p>Por Redacci\u00f3n QP<\/p>\n<p>El director de cine <strong>Alfonso Cuar\u00f3n<\/strong> equipar\u00f3 hoy la xenofobia a migrantes hondure\u00f1os en M\u00e9xico con la del<strong> Presidente de Estados Unidos<\/strong>, Donald Trump, hacia los mexicanos en ese pa\u00eds.<\/p>\n<blockquote>\n<p>\u201cQue porque est\u00e1n cruzando ilegalmente, entonces est\u00e1 mal esa actitud, es la misma que cuando Trump dijo que todos<strong> \u00e9ramos criminales, violadores, asesinos<\/strong>. Son exactamente los mismos comentarios que la gente est\u00e1 haciendo con respecto a la caravana migratoria\u201d, dijo Cuar\u00f3n.<\/p>\n<\/blockquote>\n<p>Al presentar su pel\u00edcula <em>Roma<\/em> en el <strong>Festival Internacional de Cine de Morelia (M\u00e9xico)<\/strong>, Cuar\u00f3n se\u00f1al\u00f3 que estas actitudes contra los migrantes, sin precisar su origen, son evidencia del racismo que prevalece en la cultura mexicana.<\/p>\n<p>Es una caracter\u00edstica que es dif\u00edcil de aceptar para quienes viven en este pa\u00eds, pese a que es algo \u201cobvio\u201d que se percibe \u201cen las calles todos los d\u00edas\u201d, consider\u00f3 Cuar\u00f3n, ganador del Premio \u00d3scar en 2014 a mejor director.<\/p>\n<blockquote>\n<p>\u201cNos cuesta mucho trabajo culturalmente no digo individualmente, porque ser\u00eda generalizar, aceptar ese enorme problema que es el racismo en este pa\u00eds\u201d, agreg\u00f3.<\/p>\n<\/blockquote>\n<p><em>Roma<\/em> es un retrato de las familias mexicanas de la d\u00e9cada de los 70 desde la historia de una empleada dom\u00e9stica de origen ind\u00edgena con quien surgen las diferencias de clases y en la que el realizador hace una revisi\u00f3n al pasado de M\u00e9xico.<\/p>\n<p>La cinta fue producida por la plataforma Netflix y rodada en la Ciudad de M\u00e9xico es considerada la m\u00e1s personal del cineasta al estar inspirada en su infancia.<\/p>\n<p>Al ser cuestionado acerca de sus expectativas acerca de la etapa de transici\u00f3n pol\u00edtica por la que atraviesa M\u00e9xico con la pr\u00f3xima llegada de un presidente de izquierda, Cuar\u00f3n asegur\u00f3 que tiene \u201cesperanza\u201d en que haya cambios profundos en el pa\u00eds.<\/p>\n<blockquote>\n<p>\u201cPor supuesto que tengo esperanza, y quiero tener esperanza, esperemos que s\u00ed sea una transici\u00f3n, una reforma y que no sea nada m\u00e1s cambios de forma, porque el pa\u00eds necesita realmente cambios sustanciales\u201d, expres\u00f3.<\/p>\n<\/blockquote>\n<p>Agreg\u00f3 que este cambio es \u201cuna cosa secuencia de todos los movimientos que se convirtieron en cicatrices durante d\u00e9cadas\u201d de historia mexicana desde la revuelta ferrocarrileros (1958) hasta el levantamiento zapatista (1994).<\/p>\n<p><em>Roma<\/em> fue galardonada recientementemente con el Le\u00f3n de Oro en el Festival de Venecia y representar\u00e1 a M\u00e9xico en los premios \u00d3scar y Goya.<\/p>\n<p>Cuar\u00f3n, asegur\u00f3 que ha sido una pel\u00edcula que tuvo un \u201cproceso extra\u00f1o\u201d pues adem\u00e1s de tener que revisitar su pasado es la cinta en la que su \u00fanica herramienta de investigaci\u00f3n fue su propia memoria, a diferencia de otras en las que tuvo asesores de investigaci\u00f3n.<\/p>\n<p>El Festival Internacional de Cine de Morelia entreg\u00f3 a Cuar\u00f3n un reconocimiento a la excelencia art\u00edstica durante la gala de estreno de la pel\u00edcula.<\/p>\n<p>Durante nueve d\u00edas el festival re\u00fane a directores, productores y actores de M\u00e9xico y otras latitudes y ser\u00e1 el escenario para la proyecci\u00f3n de decenas de pel\u00edculas tanto en la secci\u00f3n oficial, como en los estrenos internacionales y los homenajes a realizadores nacionales y extranjeros.<\/p>\n","protected":false},"excerpt":{"rendered":"<p>Algunos mexicanos act\u00faan como Donald Trump y no lo aceptan, se\u00f1ala el cineasta Alfonso Cuar\u00f3n<br \/>\nPor Redacci\u00f3n QP<\/p>\n","protected":false},"author":2,"featured_media":7674,"comment_status":"open","ping_status":"open","sticky":false,"template":"","format":"standard","meta":{"_monsterinsights_skip_tracking":false,"_monsterinsights_sitenote_active":false,"_monsterinsights_sitenote_note":"","_monsterinsights_sitenote_category":0,"footnotes":""},"categories":[58],"tags":[],"class_list":["post-7675","post","type-post","status-publish","format-standard","has-post-thumbnail","hentry","category-cultura"],"yoast_head":"<!-- This site is optimized with the Yoast SEO plugin v27.3 - https:\/\/yoast.com\/product\/yoast-seo-wordpress\/ -->\n<title>Algunos mexicanos act\u00faan como Donald Trump y no lo aceptan, se\u00f1ala el cineasta Alfonso Cuar\u00f3n -<\/title>\n<meta name=\"robots\" content=\"index, follow, max-snippet:-1, max-image-preview:large, max-video-preview:-1\" \/>\n<link rel=\"canonical\" href=\"https:\/\/quehacerpolitico.mx\/?p=7675\" \/>\n<meta property=\"og:locale\" content=\"es_MX\" \/>\n<meta property=\"og:type\" content=\"article\" \/>\n<meta property=\"og:title\" content=\"Algunos mexicanos act\u00faan como Donald Trump y no lo aceptan, se\u00f1ala el cineasta Alfonso Cuar\u00f3n -\" \/>\n<meta property=\"og:description\" content=\"Algunos mexicanos act\u00faan como Donald Trump y no lo aceptan, se\u00f1ala el cineasta Alfonso Cuar\u00f3n Por Redacci\u00f3n QP\" \/>\n<meta property=\"og:url\" content=\"https:\/\/quehacerpolitico.mx\/?p=7675\" \/>\n<meta property=\"article:published_time\" content=\"2018-10-25T02:35:52+00:00\" \/>\n<meta name=\"author\" content=\"Redacci\u00f3n QP\" \/>\n<meta name=\"twitter:card\" content=\"summary_large_image\" \/>\n<meta name=\"twitter:label1\" content=\"Escrito por\" \/>\n\t<meta name=\"twitter:data1\" content=\"Redacci\u00f3n QP\" \/>\n\t<meta name=\"twitter:label2\" content=\"Tiempo de lectura\" \/>\n\t<meta name=\"twitter:data2\" content=\"3 minutos\" \/>\n<script type=\"application\/ld+json\" class=\"yoast-schema-graph\">{\"@context\":\"https:\\\/\\\/schema.org\",\"@graph\":[{\"@type\":\"Article\",\"@id\":\"https:\\\/\\\/quehacerpolitico.mx\\\/?p=7675#article\",\"isPartOf\":{\"@id\":\"https:\\\/\\\/quehacerpolitico.mx\\\/?p=7675\"},\"author\":{\"name\":\"Redacci\u00f3n QP\",\"@id\":\"https:\\\/\\\/quehacerpolitico.mx\\\/#\\\/schema\\\/person\\\/496d8ad2d1d3f8036101dca7ee39e585\"},\"headline\":\"Algunos mexicanos act\u00faan como Donald Trump y no lo aceptan, se\u00f1ala el cineasta Alfonso Cuar\u00f3n\",\"datePublished\":\"2018-10-25T02:35:52+00:00\",\"mainEntityOfPage\":{\"@id\":\"https:\\\/\\\/quehacerpolitico.mx\\\/?p=7675\"},\"wordCount\":575,\"commentCount\":0,\"image\":{\"@id\":\"https:\\\/\\\/quehacerpolitico.mx\\\/?p=7675#primaryimage\"},\"thumbnailUrl\":\"\",\"articleSection\":[\"Cultura y Entretenimiento\"],\"inLanguage\":\"es\",\"potentialAction\":[{\"@type\":\"CommentAction\",\"name\":\"Comment\",\"target\":[\"https:\\\/\\\/quehacerpolitico.mx\\\/?p=7675#respond\"]}]},{\"@type\":\"WebPage\",\"@id\":\"https:\\\/\\\/quehacerpolitico.mx\\\/?p=7675\",\"url\":\"https:\\\/\\\/quehacerpolitico.mx\\\/?p=7675\",\"name\":\"Algunos mexicanos act\u00faan como Donald Trump y no lo aceptan, se\u00f1ala el cineasta Alfonso Cuar\u00f3n -\",\"isPartOf\":{\"@id\":\"https:\\\/\\\/quehacerpolitico.mx\\\/#website\"},\"primaryImageOfPage\":{\"@id\":\"https:\\\/\\\/quehacerpolitico.mx\\\/?p=7675#primaryimage\"},\"image\":{\"@id\":\"https:\\\/\\\/quehacerpolitico.mx\\\/?p=7675#primaryimage\"},\"thumbnailUrl\":\"\",\"datePublished\":\"2018-10-25T02:35:52+00:00\",\"author\":{\"@id\":\"https:\\\/\\\/quehacerpolitico.mx\\\/#\\\/schema\\\/person\\\/496d8ad2d1d3f8036101dca7ee39e585\"},\"breadcrumb\":{\"@id\":\"https:\\\/\\\/quehacerpolitico.mx\\\/?p=7675#breadcrumb\"},\"inLanguage\":\"es\",\"potentialAction\":[{\"@type\":\"ReadAction\",\"target\":[\"https:\\\/\\\/quehacerpolitico.mx\\\/?p=7675\"]}]},{\"@type\":\"ImageObject\",\"inLanguage\":\"es\",\"@id\":\"https:\\\/\\\/quehacerpolitico.mx\\\/?p=7675#primaryimage\",\"url\":\"\",\"contentUrl\":\"\"},{\"@type\":\"BreadcrumbList\",\"@id\":\"https:\\\/\\\/quehacerpolitico.mx\\\/?p=7675#breadcrumb\",\"itemListElement\":[{\"@type\":\"ListItem\",\"position\":1,\"name\":\"Inicio\",\"item\":\"https:\\\/\\\/quehacerpolitico.mx\\\/\"},{\"@type\":\"ListItem\",\"position\":2,\"name\":\"Algunos mexicanos act\u00faan como Donald Trump y no lo aceptan, se\u00f1ala el cineasta Alfonso Cuar\u00f3n\"}]},{\"@type\":\"WebSite\",\"@id\":\"https:\\\/\\\/quehacerpolitico.mx\\\/#website\",\"url\":\"https:\\\/\\\/quehacerpolitico.mx\\\/\",\"name\":\"\",\"description\":\"\",\"potentialAction\":[{\"@type\":\"SearchAction\",\"target\":{\"@type\":\"EntryPoint\",\"urlTemplate\":\"https:\\\/\\\/quehacerpolitico.mx\\\/?s={search_term_string}\"},\"query-input\":{\"@type\":\"PropertyValueSpecification\",\"valueRequired\":true,\"valueName\":\"search_term_string\"}}],\"inLanguage\":\"es\"},{\"@type\":\"Person\",\"@id\":\"https:\\\/\\\/quehacerpolitico.mx\\\/#\\\/schema\\\/person\\\/496d8ad2d1d3f8036101dca7ee39e585\",\"name\":\"Redacci\u00f3n QP\",\"image\":{\"@type\":\"ImageObject\",\"inLanguage\":\"es\",\"@id\":\"https:\\\/\\\/secure.gravatar.com\\\/avatar\\\/c7164ed6fdec453195284ad24a5ae5b6e1eed2b848477fa2a4787ba9adf39a41?s=96&d=mm&r=g\",\"url\":\"https:\\\/\\\/secure.gravatar.com\\\/avatar\\\/c7164ed6fdec453195284ad24a5ae5b6e1eed2b848477fa2a4787ba9adf39a41?s=96&d=mm&r=g\",\"contentUrl\":\"https:\\\/\\\/secure.gravatar.com\\\/avatar\\\/c7164ed6fdec453195284ad24a5ae5b6e1eed2b848477fa2a4787ba9adf39a41?s=96&d=mm&r=g\",\"caption\":\"Redacci\u00f3n QP\"},\"url\":\"https:\\\/\\\/quehacerpolitico.mx\\\/?author=2\"}]}<\/script>\n<!-- \/ Yoast SEO plugin. -->","yoast_head_json":{"title":"Algunos mexicanos act\u00faan como Donald Trump y no lo aceptan, se\u00f1ala el cineasta Alfonso Cuar\u00f3n -","robots":{"index":"index","follow":"follow","max-snippet":"max-snippet:-1","max-image-preview":"max-image-preview:large","max-video-preview":"max-video-preview:-1"},"canonical":"https:\/\/quehacerpolitico.mx\/?p=7675","og_locale":"es_MX","og_type":"article","og_title":"Algunos mexicanos act\u00faan como Donald Trump y no lo aceptan, se\u00f1ala el cineasta Alfonso Cuar\u00f3n -","og_description":"Algunos mexicanos act\u00faan como Donald Trump y no lo aceptan, se\u00f1ala el cineasta Alfonso Cuar\u00f3n Por Redacci\u00f3n QP","og_url":"https:\/\/quehacerpolitico.mx\/?p=7675","article_published_time":"2018-10-25T02:35:52+00:00","author":"Redacci\u00f3n QP","twitter_card":"summary_large_image","twitter_misc":{"Escrito por":"Redacci\u00f3n QP","Tiempo de lectura":"3 minutos"},"schema":{"@context":"https:\/\/schema.org","@graph":[{"@type":"Article","@id":"https:\/\/quehacerpolitico.mx\/?p=7675#article","isPartOf":{"@id":"https:\/\/quehacerpolitico.mx\/?p=7675"},"author":{"name":"Redacci\u00f3n QP","@id":"https:\/\/quehacerpolitico.mx\/#\/schema\/person\/496d8ad2d1d3f8036101dca7ee39e585"},"headline":"Algunos mexicanos act\u00faan como Donald Trump y no lo aceptan, se\u00f1ala el cineasta Alfonso Cuar\u00f3n","datePublished":"2018-10-25T02:35:52+00:00","mainEntityOfPage":{"@id":"https:\/\/quehacerpolitico.mx\/?p=7675"},"wordCount":575,"commentCount":0,"image":{"@id":"https:\/\/quehacerpolitico.mx\/?p=7675#primaryimage"},"thumbnailUrl":"","articleSection":["Cultura y Entretenimiento"],"inLanguage":"es","potentialAction":[{"@type":"CommentAction","name":"Comment","target":["https:\/\/quehacerpolitico.mx\/?p=7675#respond"]}]},{"@type":"WebPage","@id":"https:\/\/quehacerpolitico.mx\/?p=7675","url":"https:\/\/quehacerpolitico.mx\/?p=7675","name":"Algunos mexicanos act\u00faan como Donald Trump y no lo aceptan, se\u00f1ala el cineasta Alfonso Cuar\u00f3n -","isPartOf":{"@id":"https:\/\/quehacerpolitico.mx\/#website"},"primaryImageOfPage":{"@id":"https:\/\/quehacerpolitico.mx\/?p=7675#primaryimage"},"image":{"@id":"https:\/\/quehacerpolitico.mx\/?p=7675#primaryimage"},"thumbnailUrl":"","datePublished":"2018-10-25T02:35:52+00:00","author":{"@id":"https:\/\/quehacerpolitico.mx\/#\/schema\/person\/496d8ad2d1d3f8036101dca7ee39e585"},"breadcrumb":{"@id":"https:\/\/quehacerpolitico.mx\/?p=7675#breadcrumb"},"inLanguage":"es","potentialAction":[{"@type":"ReadAction","target":["https:\/\/quehacerpolitico.mx\/?p=7675"]}]},{"@type":"ImageObject","inLanguage":"es","@id":"https:\/\/quehacerpolitico.mx\/?p=7675#primaryimage","url":"","contentUrl":""},{"@type":"BreadcrumbList","@id":"https:\/\/quehacerpolitico.mx\/?p=7675#breadcrumb","itemListElement":[{"@type":"ListItem","position":1,"name":"Inicio","item":"https:\/\/quehacerpolitico.mx\/"},{"@type":"ListItem","position":2,"name":"Algunos mexicanos act\u00faan como Donald Trump y no lo aceptan, se\u00f1ala el cineasta Alfonso Cuar\u00f3n"}]},{"@type":"WebSite","@id":"https:\/\/quehacerpolitico.mx\/#website","url":"https:\/\/quehacerpolitico.mx\/","name":"","description":"","potentialAction":[{"@type":"SearchAction","target":{"@type":"EntryPoint","urlTemplate":"https:\/\/quehacerpolitico.mx\/?s={search_term_string}"},"query-input":{"@type":"PropertyValueSpecification","valueRequired":true,"valueName":"search_term_string"}}],"inLanguage":"es"},{"@type":"Person","@id":"https:\/\/quehacerpolitico.mx\/#\/schema\/person\/496d8ad2d1d3f8036101dca7ee39e585","name":"Redacci\u00f3n QP","image":{"@type":"ImageObject","inLanguage":"es","@id":"https:\/\/secure.gravatar.com\/avatar\/c7164ed6fdec453195284ad24a5ae5b6e1eed2b848477fa2a4787ba9adf39a41?s=96&d=mm&r=g","url":"https:\/\/secure.gravatar.com\/avatar\/c7164ed6fdec453195284ad24a5ae5b6e1eed2b848477fa2a4787ba9adf39a41?s=96&d=mm&r=g","contentUrl":"https:\/\/secure.gravatar.com\/avatar\/c7164ed6fdec453195284ad24a5ae5b6e1eed2b848477fa2a4787ba9adf39a41?s=96&d=mm&r=g","caption":"Redacci\u00f3n QP"},"url":"https:\/\/quehacerpolitico.mx\/?author=2"}]}},"featured_image_urls":{"full":"","thumbnail":"","medium":"","medium_large":"","large":"","1536x1536":"","2048x2048":"","covernews-featured":"","covernews-medium":""},"author_info":{"display_name":"Redacci\u00f3n QP","author_link":"https:\/\/quehacerpolitico.mx\/?author=2"},"category_info":"<a href=\"https:\/\/quehacerpolitico.mx\/?cat=58\" rel=\"category\">Cultura y Entretenimiento<\/a>","tag_info":"Cultura y Entretenimiento","comment_count":"0","_links":{"self":[{"href":"https:\/\/quehacerpolitico.mx\/index.php?rest_route=\/wp\/v2\/posts\/7675","targetHints":{"allow":["GET"]}}],"collection":[{"href":"https:\/\/quehacerpolitico.mx\/index.php?rest_route=\/wp\/v2\/posts"}],"about":[{"href":"https:\/\/quehacerpolitico.mx\/index.php?rest_route=\/wp\/v2\/types\/post"}],"author":[{"embeddable":true,"href":"https:\/\/quehacerpolitico.mx\/index.php?rest_route=\/wp\/v2\/users\/2"}],"replies":[{"embeddable":true,"href":"https:\/\/quehacerpolitico.mx\/index.php?rest_route=%2Fwp%2Fv2%2Fcomments&post=7675"}],"version-history":[{"count":0,"href":"https:\/\/quehacerpolitico.mx\/index.php?rest_route=\/wp\/v2\/posts\/7675\/revisions"}],"wp:featuredmedia":[{"embeddable":true,"href":"https:\/\/quehacerpolitico.mx\/index.php?rest_route=\/"}],"wp:attachment":[{"href":"https:\/\/quehacerpolitico.mx\/index.php?rest_route=%2Fwp%2Fv2%2Fmedia&parent=7675"}],"wp:term":[{"taxonomy":"category","embeddable":true,"href":"https:\/\/quehacerpolitico.mx\/index.php?rest_route=%2Fwp%2Fv2%2Fcategories&post=7675"},{"taxonomy":"post_tag","embeddable":true,"href":"https:\/\/quehacerpolitico.mx\/index.php?rest_route=%2Fwp%2Fv2%2Ftags&post=7675"}],"curies":[{"name":"wp","href":"https:\/\/api.w.org\/{rel}","templated":true}]}}