{"id":7671,"date":"2018-10-25T02:26:41","date_gmt":"2018-10-25T02:26:41","guid":{"rendered":"http:\/\/quehacerpolitico.mx\/arqueologos-hallan-una-camara-asociada-a-fines-rituales-y-un-tunel-bajo-la-piramide-de-la-luna-de-teotihuacan\/"},"modified":"2018-10-25T02:26:41","modified_gmt":"2018-10-25T02:26:41","slug":"arqueologos-hallan-una-camara-asociada-a-fines-rituales-y-un-tunel-bajo-la-piramide-de-la-luna-de-teotihuacan","status":"publish","type":"post","link":"https:\/\/quehacerpolitico.mx\/?p=7671","title":{"rendered":"Arque\u00f3logos hallan una c\u00e1mara asociada a fines rituales y un t\u00fanel bajo la Pir\u00e1mide de la Luna de Teotihuac\u00e1n"},"content":{"rendered":"<h1>Arque\u00f3logos hallan una c\u00e1mara asociada a fines rituales y un t\u00fanel bajo la Pir\u00e1mide de la Luna de Teotihuac\u00e1n<\/h1>\n<p>Por Redacci\u00f3n QP<\/p>\n<p><strong>Arque\u00f3logos mexicanos<\/strong> confirmaron la existencia de una c\u00e1mara subterr\u00e1nea probablemente asociada a fines rituales y un t\u00fanel en la <strong>Pir\u00e1mide de la Luna<\/strong>, en la zona arqueol\u00f3gica de Teotihuac\u00e1n, inform\u00f3 hoy el <strong>Instituto Nacional de Antropolog\u00eda e Historia (INAH).<\/strong><\/p>\n<blockquote>\n<p>Estudios hechos en 2017 arrojaron indicios de la existencia de esta c\u00e1mara que fueron confirmados ahora mediante una <strong>prospecci\u00f3n<\/strong> hecha por arque\u00f3logos en colaboraci\u00f3n con expertos del Instituto de Geof\u00edsica de la <strong>Universidad Nacional Aut\u00f3noma de M\u00e9xico (UNAM)<\/strong>, explic\u00f3 el INAH en un comunicado.<\/p>\n<\/blockquote>\n<p>Esta c\u00e1mara, que podr\u00eda haber estado dedicada a<strong> fines rituales<\/strong>, se encuentra 8 metros debajo de la pir\u00e1mide, tiene un di\u00e1metro de 15 metros y <strong>un t\u00fanel que desemboca al sur de la Plaza de la Luna<\/strong>, indic\u00f3 el Instituto.<\/p>\n<div id=\"attachment_3488908\" class=\"wp-caption alignnone\"><img loading=\"lazy\" decoding=\"async\" class=\"wp-image-3488908 size-full\" src=\"http:\/\/www.sinembargo.mx\/wp-content\/uploads\/2018\/10\/foto_home.jpg\" sizes=\"auto, (max-width: 700px) 100vw, 700px\" srcset=\"http:\/\/www.sinembargo.mx\/wp-content\/uploads\/2018\/10\/foto_home.jpg 700w, http:\/\/www.sinembargo.mx\/wp-content\/uploads\/2018\/10\/foto_home-300x200.jpg 300w\" alt=\"\" width=\"700\" height=\"467\" \/><\/p>\n<p class=\"wp-caption-text\">Arque\u00f3logos mexicanos confirmaron la existencia de una c\u00e1mara subterr\u00e1nea probablemente asociada a fines rituales y un t\u00fanel en la Pir\u00e1mide de la Luna. Foto: INAH.<\/p>\n<\/div>\n<div id=\"attachment_3488909\" class=\"wp-caption alignnone\"><img loading=\"lazy\" decoding=\"async\" class=\"wp-image-3488909 size-full\" src=\"http:\/\/www.sinembargo.mx\/wp-content\/uploads\/2018\/10\/foto2.jpg\" sizes=\"auto, (max-width: 700px) 100vw, 700px\" srcset=\"http:\/\/www.sinembargo.mx\/wp-content\/uploads\/2018\/10\/foto2.jpg 700w, http:\/\/www.sinembargo.mx\/wp-content\/uploads\/2018\/10\/foto2-300x200.jpg 300w\" alt=\"\" width=\"700\" height=\"467\" \/><\/p>\n<p class=\"wp-caption-text\">Arque\u00f3logos mexicanos confirmaron la existencia de una c\u00e1mara subterr\u00e1nea probablemente asociada a fines rituales y un t\u00fanel en la Pir\u00e1mide de la Luna. Foto: INAH.<\/p>\n<\/div>\n<p>La investigaci\u00f3n \u201cgira en torno al espacio ritual vinculado con el inframundo que le dio sacralidad a la antigua urbe\u201d, dijo Ver\u00f3nica Ortega, directora del Proyecto de Conservaci\u00f3n Integral de la Plaza de la Luna.<\/p>\n<blockquote>\n<p>\u201cEstos grandes complejos ofrendatorios constituyen el n\u00facleo sagrado de la ciudad de Teotihuac\u00e1n, por lo que toda la gente la consideraba la meca de la civilizaci\u00f3n\u201d, coment\u00f3 la directora en declaraciones reproducidas por el INAH.<\/p>\n<\/blockquote>\n<p>Lo que puede ser hallado en esta c\u00e1mara \u201cpodr\u00e1 ayudar a desentra\u00f1ar las relaciones que tuvo esta antigua metr\u00f3poli con otras regiones de Mesoam\u00e9rica\u201d, la regi\u00f3n cultural que se extend\u00eda desde la parte media de M\u00e9xico hasta los l\u00edmites de Costa Rica.<\/p>\n<p>El t\u00fanel se encuentra hacia el sur de la Plaza de la Luna y los expertos consideran probable que existe otra entrada por el lado oriente, se\u00f1al\u00f3 el organismo.<\/p>\n<p>Estos hallazgos confirmar\u00edan que los teotihuacanos reprodujeron el mismo patr\u00f3n de t\u00faneles asociados a sus grandes monumentos, cuya funci\u00f3n debi\u00f3 ser la emulaci\u00f3n del inframundo.<\/p>\n<p>Las autoridades culturales de M\u00e9xico aprovecharon los indicios de los estudios de 2017 para instalar en el Museo Nacional de Antropolog\u00eda e Historia de Ciudad de M\u00e9xico un espect\u00e1culo que emula el inframundo de esta cultura prehisp\u00e1nica.<\/p>\n<p>Este recorrido aprovecha tecnolog\u00edas audiovisuales para que los visitantes accedan al inframundo teotihuacano.<\/p>\n<p>Con Informaci\u00f3n de EFE<\/p>\n","protected":false},"excerpt":{"rendered":"<p>Arque\u00f3logos hallan una c\u00e1mara asociada a fines rituales y un t\u00fanel bajo la Pir\u00e1mide de la Luna de Teotihuac\u00e1n<br \/>\nPor Redacci\u00f3n QP<\/p>\n","protected":false},"author":2,"featured_media":7670,"comment_status":"open","ping_status":"open","sticky":false,"template":"","format":"standard","meta":{"_monsterinsights_skip_tracking":false,"_monsterinsights_sitenote_active":false,"_monsterinsights_sitenote_note":"","_monsterinsights_sitenote_category":0,"footnotes":""},"categories":[58],"tags":[],"class_list":["post-7671","post","type-post","status-publish","format-standard","has-post-thumbnail","hentry","category-cultura"],"yoast_head":"<!-- This site is optimized with the Yoast SEO plugin v27.3 - https:\/\/yoast.com\/product\/yoast-seo-wordpress\/ -->\n<title>Arque\u00f3logos hallan una c\u00e1mara asociada a fines rituales y un t\u00fanel bajo la Pir\u00e1mide de la Luna de Teotihuac\u00e1n -<\/title>\n<meta name=\"robots\" content=\"index, follow, max-snippet:-1, max-image-preview:large, max-video-preview:-1\" \/>\n<link rel=\"canonical\" href=\"https:\/\/quehacerpolitico.mx\/?p=7671\" \/>\n<meta property=\"og:locale\" content=\"es_MX\" \/>\n<meta property=\"og:type\" content=\"article\" \/>\n<meta property=\"og:title\" content=\"Arque\u00f3logos hallan una c\u00e1mara asociada a fines rituales y un t\u00fanel bajo la Pir\u00e1mide de la Luna de Teotihuac\u00e1n -\" \/>\n<meta property=\"og:description\" content=\"Arque\u00f3logos hallan una c\u00e1mara asociada a fines rituales y un t\u00fanel bajo la Pir\u00e1mide de la Luna de Teotihuac\u00e1n Por Redacci\u00f3n QP\" \/>\n<meta property=\"og:url\" content=\"https:\/\/quehacerpolitico.mx\/?p=7671\" \/>\n<meta property=\"article:published_time\" content=\"2018-10-25T02:26:41+00:00\" \/>\n<meta name=\"author\" content=\"Redacci\u00f3n QP\" \/>\n<meta name=\"twitter:card\" content=\"summary_large_image\" \/>\n<meta name=\"twitter:label1\" content=\"Escrito por\" \/>\n\t<meta name=\"twitter:data1\" content=\"Redacci\u00f3n QP\" \/>\n\t<meta name=\"twitter:label2\" content=\"Tiempo de lectura\" \/>\n\t<meta name=\"twitter:data2\" content=\"2 minutos\" \/>\n<script type=\"application\/ld+json\" class=\"yoast-schema-graph\">{\"@context\":\"https:\\\/\\\/schema.org\",\"@graph\":[{\"@type\":\"Article\",\"@id\":\"https:\\\/\\\/quehacerpolitico.mx\\\/?p=7671#article\",\"isPartOf\":{\"@id\":\"https:\\\/\\\/quehacerpolitico.mx\\\/?p=7671\"},\"author\":{\"name\":\"Redacci\u00f3n QP\",\"@id\":\"https:\\\/\\\/quehacerpolitico.mx\\\/#\\\/schema\\\/person\\\/496d8ad2d1d3f8036101dca7ee39e585\"},\"headline\":\"Arque\u00f3logos hallan una c\u00e1mara asociada a fines rituales y un t\u00fanel bajo la Pir\u00e1mide de la Luna de Teotihuac\u00e1n\",\"datePublished\":\"2018-10-25T02:26:41+00:00\",\"mainEntityOfPage\":{\"@id\":\"https:\\\/\\\/quehacerpolitico.mx\\\/?p=7671\"},\"wordCount\":499,\"commentCount\":0,\"image\":{\"@id\":\"https:\\\/\\\/quehacerpolitico.mx\\\/?p=7671#primaryimage\"},\"thumbnailUrl\":\"\",\"articleSection\":[\"Cultura y Entretenimiento\"],\"inLanguage\":\"es\",\"potentialAction\":[{\"@type\":\"CommentAction\",\"name\":\"Comment\",\"target\":[\"https:\\\/\\\/quehacerpolitico.mx\\\/?p=7671#respond\"]}]},{\"@type\":\"WebPage\",\"@id\":\"https:\\\/\\\/quehacerpolitico.mx\\\/?p=7671\",\"url\":\"https:\\\/\\\/quehacerpolitico.mx\\\/?p=7671\",\"name\":\"Arque\u00f3logos hallan una c\u00e1mara asociada a fines rituales y un t\u00fanel bajo la Pir\u00e1mide de la Luna de Teotihuac\u00e1n -\",\"isPartOf\":{\"@id\":\"https:\\\/\\\/quehacerpolitico.mx\\\/#website\"},\"primaryImageOfPage\":{\"@id\":\"https:\\\/\\\/quehacerpolitico.mx\\\/?p=7671#primaryimage\"},\"image\":{\"@id\":\"https:\\\/\\\/quehacerpolitico.mx\\\/?p=7671#primaryimage\"},\"thumbnailUrl\":\"\",\"datePublished\":\"2018-10-25T02:26:41+00:00\",\"author\":{\"@id\":\"https:\\\/\\\/quehacerpolitico.mx\\\/#\\\/schema\\\/person\\\/496d8ad2d1d3f8036101dca7ee39e585\"},\"breadcrumb\":{\"@id\":\"https:\\\/\\\/quehacerpolitico.mx\\\/?p=7671#breadcrumb\"},\"inLanguage\":\"es\",\"potentialAction\":[{\"@type\":\"ReadAction\",\"target\":[\"https:\\\/\\\/quehacerpolitico.mx\\\/?p=7671\"]}]},{\"@type\":\"ImageObject\",\"inLanguage\":\"es\",\"@id\":\"https:\\\/\\\/quehacerpolitico.mx\\\/?p=7671#primaryimage\",\"url\":\"\",\"contentUrl\":\"\"},{\"@type\":\"BreadcrumbList\",\"@id\":\"https:\\\/\\\/quehacerpolitico.mx\\\/?p=7671#breadcrumb\",\"itemListElement\":[{\"@type\":\"ListItem\",\"position\":1,\"name\":\"Inicio\",\"item\":\"https:\\\/\\\/quehacerpolitico.mx\\\/\"},{\"@type\":\"ListItem\",\"position\":2,\"name\":\"Arque\u00f3logos hallan una c\u00e1mara asociada a fines rituales y un t\u00fanel bajo la Pir\u00e1mide de la Luna de Teotihuac\u00e1n\"}]},{\"@type\":\"WebSite\",\"@id\":\"https:\\\/\\\/quehacerpolitico.mx\\\/#website\",\"url\":\"https:\\\/\\\/quehacerpolitico.mx\\\/\",\"name\":\"\",\"description\":\"\",\"potentialAction\":[{\"@type\":\"SearchAction\",\"target\":{\"@type\":\"EntryPoint\",\"urlTemplate\":\"https:\\\/\\\/quehacerpolitico.mx\\\/?s={search_term_string}\"},\"query-input\":{\"@type\":\"PropertyValueSpecification\",\"valueRequired\":true,\"valueName\":\"search_term_string\"}}],\"inLanguage\":\"es\"},{\"@type\":\"Person\",\"@id\":\"https:\\\/\\\/quehacerpolitico.mx\\\/#\\\/schema\\\/person\\\/496d8ad2d1d3f8036101dca7ee39e585\",\"name\":\"Redacci\u00f3n QP\",\"image\":{\"@type\":\"ImageObject\",\"inLanguage\":\"es\",\"@id\":\"https:\\\/\\\/secure.gravatar.com\\\/avatar\\\/c7164ed6fdec453195284ad24a5ae5b6e1eed2b848477fa2a4787ba9adf39a41?s=96&d=mm&r=g\",\"url\":\"https:\\\/\\\/secure.gravatar.com\\\/avatar\\\/c7164ed6fdec453195284ad24a5ae5b6e1eed2b848477fa2a4787ba9adf39a41?s=96&d=mm&r=g\",\"contentUrl\":\"https:\\\/\\\/secure.gravatar.com\\\/avatar\\\/c7164ed6fdec453195284ad24a5ae5b6e1eed2b848477fa2a4787ba9adf39a41?s=96&d=mm&r=g\",\"caption\":\"Redacci\u00f3n QP\"},\"url\":\"https:\\\/\\\/quehacerpolitico.mx\\\/?author=2\"}]}<\/script>\n<!-- \/ Yoast SEO plugin. -->","yoast_head_json":{"title":"Arque\u00f3logos hallan una c\u00e1mara asociada a fines rituales y un t\u00fanel bajo la Pir\u00e1mide de la Luna de Teotihuac\u00e1n -","robots":{"index":"index","follow":"follow","max-snippet":"max-snippet:-1","max-image-preview":"max-image-preview:large","max-video-preview":"max-video-preview:-1"},"canonical":"https:\/\/quehacerpolitico.mx\/?p=7671","og_locale":"es_MX","og_type":"article","og_title":"Arque\u00f3logos hallan una c\u00e1mara asociada a fines rituales y un t\u00fanel bajo la Pir\u00e1mide de la Luna de Teotihuac\u00e1n -","og_description":"Arque\u00f3logos hallan una c\u00e1mara asociada a fines rituales y un t\u00fanel bajo la Pir\u00e1mide de la Luna de Teotihuac\u00e1n Por Redacci\u00f3n QP","og_url":"https:\/\/quehacerpolitico.mx\/?p=7671","article_published_time":"2018-10-25T02:26:41+00:00","author":"Redacci\u00f3n QP","twitter_card":"summary_large_image","twitter_misc":{"Escrito por":"Redacci\u00f3n QP","Tiempo de lectura":"2 minutos"},"schema":{"@context":"https:\/\/schema.org","@graph":[{"@type":"Article","@id":"https:\/\/quehacerpolitico.mx\/?p=7671#article","isPartOf":{"@id":"https:\/\/quehacerpolitico.mx\/?p=7671"},"author":{"name":"Redacci\u00f3n QP","@id":"https:\/\/quehacerpolitico.mx\/#\/schema\/person\/496d8ad2d1d3f8036101dca7ee39e585"},"headline":"Arque\u00f3logos hallan una c\u00e1mara asociada a fines rituales y un t\u00fanel bajo la Pir\u00e1mide de la Luna de Teotihuac\u00e1n","datePublished":"2018-10-25T02:26:41+00:00","mainEntityOfPage":{"@id":"https:\/\/quehacerpolitico.mx\/?p=7671"},"wordCount":499,"commentCount":0,"image":{"@id":"https:\/\/quehacerpolitico.mx\/?p=7671#primaryimage"},"thumbnailUrl":"","articleSection":["Cultura y Entretenimiento"],"inLanguage":"es","potentialAction":[{"@type":"CommentAction","name":"Comment","target":["https:\/\/quehacerpolitico.mx\/?p=7671#respond"]}]},{"@type":"WebPage","@id":"https:\/\/quehacerpolitico.mx\/?p=7671","url":"https:\/\/quehacerpolitico.mx\/?p=7671","name":"Arque\u00f3logos hallan una c\u00e1mara asociada a fines rituales y un t\u00fanel bajo la Pir\u00e1mide de la Luna de Teotihuac\u00e1n -","isPartOf":{"@id":"https:\/\/quehacerpolitico.mx\/#website"},"primaryImageOfPage":{"@id":"https:\/\/quehacerpolitico.mx\/?p=7671#primaryimage"},"image":{"@id":"https:\/\/quehacerpolitico.mx\/?p=7671#primaryimage"},"thumbnailUrl":"","datePublished":"2018-10-25T02:26:41+00:00","author":{"@id":"https:\/\/quehacerpolitico.mx\/#\/schema\/person\/496d8ad2d1d3f8036101dca7ee39e585"},"breadcrumb":{"@id":"https:\/\/quehacerpolitico.mx\/?p=7671#breadcrumb"},"inLanguage":"es","potentialAction":[{"@type":"ReadAction","target":["https:\/\/quehacerpolitico.mx\/?p=7671"]}]},{"@type":"ImageObject","inLanguage":"es","@id":"https:\/\/quehacerpolitico.mx\/?p=7671#primaryimage","url":"","contentUrl":""},{"@type":"BreadcrumbList","@id":"https:\/\/quehacerpolitico.mx\/?p=7671#breadcrumb","itemListElement":[{"@type":"ListItem","position":1,"name":"Inicio","item":"https:\/\/quehacerpolitico.mx\/"},{"@type":"ListItem","position":2,"name":"Arque\u00f3logos hallan una c\u00e1mara asociada a fines rituales y un t\u00fanel bajo la Pir\u00e1mide de la Luna de Teotihuac\u00e1n"}]},{"@type":"WebSite","@id":"https:\/\/quehacerpolitico.mx\/#website","url":"https:\/\/quehacerpolitico.mx\/","name":"","description":"","potentialAction":[{"@type":"SearchAction","target":{"@type":"EntryPoint","urlTemplate":"https:\/\/quehacerpolitico.mx\/?s={search_term_string}"},"query-input":{"@type":"PropertyValueSpecification","valueRequired":true,"valueName":"search_term_string"}}],"inLanguage":"es"},{"@type":"Person","@id":"https:\/\/quehacerpolitico.mx\/#\/schema\/person\/496d8ad2d1d3f8036101dca7ee39e585","name":"Redacci\u00f3n QP","image":{"@type":"ImageObject","inLanguage":"es","@id":"https:\/\/secure.gravatar.com\/avatar\/c7164ed6fdec453195284ad24a5ae5b6e1eed2b848477fa2a4787ba9adf39a41?s=96&d=mm&r=g","url":"https:\/\/secure.gravatar.com\/avatar\/c7164ed6fdec453195284ad24a5ae5b6e1eed2b848477fa2a4787ba9adf39a41?s=96&d=mm&r=g","contentUrl":"https:\/\/secure.gravatar.com\/avatar\/c7164ed6fdec453195284ad24a5ae5b6e1eed2b848477fa2a4787ba9adf39a41?s=96&d=mm&r=g","caption":"Redacci\u00f3n QP"},"url":"https:\/\/quehacerpolitico.mx\/?author=2"}]}},"featured_image_urls":{"full":"","thumbnail":"","medium":"","medium_large":"","large":"","1536x1536":"","2048x2048":"","covernews-featured":"","covernews-medium":""},"author_info":{"display_name":"Redacci\u00f3n QP","author_link":"https:\/\/quehacerpolitico.mx\/?author=2"},"category_info":"<a href=\"https:\/\/quehacerpolitico.mx\/?cat=58\" rel=\"category\">Cultura y Entretenimiento<\/a>","tag_info":"Cultura y Entretenimiento","comment_count":"0","_links":{"self":[{"href":"https:\/\/quehacerpolitico.mx\/index.php?rest_route=\/wp\/v2\/posts\/7671","targetHints":{"allow":["GET"]}}],"collection":[{"href":"https:\/\/quehacerpolitico.mx\/index.php?rest_route=\/wp\/v2\/posts"}],"about":[{"href":"https:\/\/quehacerpolitico.mx\/index.php?rest_route=\/wp\/v2\/types\/post"}],"author":[{"embeddable":true,"href":"https:\/\/quehacerpolitico.mx\/index.php?rest_route=\/wp\/v2\/users\/2"}],"replies":[{"embeddable":true,"href":"https:\/\/quehacerpolitico.mx\/index.php?rest_route=%2Fwp%2Fv2%2Fcomments&post=7671"}],"version-history":[{"count":0,"href":"https:\/\/quehacerpolitico.mx\/index.php?rest_route=\/wp\/v2\/posts\/7671\/revisions"}],"wp:featuredmedia":[{"embeddable":true,"href":"https:\/\/quehacerpolitico.mx\/index.php?rest_route=\/"}],"wp:attachment":[{"href":"https:\/\/quehacerpolitico.mx\/index.php?rest_route=%2Fwp%2Fv2%2Fmedia&parent=7671"}],"wp:term":[{"taxonomy":"category","embeddable":true,"href":"https:\/\/quehacerpolitico.mx\/index.php?rest_route=%2Fwp%2Fv2%2Fcategories&post=7671"},{"taxonomy":"post_tag","embeddable":true,"href":"https:\/\/quehacerpolitico.mx\/index.php?rest_route=%2Fwp%2Fv2%2Ftags&post=7671"}],"curies":[{"name":"wp","href":"https:\/\/api.w.org\/{rel}","templated":true}]}}