{"id":7663,"date":"2018-10-25T01:03:07","date_gmt":"2018-10-25T01:03:07","guid":{"rendered":"http:\/\/quehacerpolitico.mx\/amlo-encargo-a-cndh-investigacion-sobre-proximos-titulares-de-las-fuerzas-armadas\/"},"modified":"2018-10-25T01:03:07","modified_gmt":"2018-10-25T01:03:07","slug":"amlo-encargo-a-cndh-investigacion-sobre-proximos-titulares-de-las-fuerzas-armadas","status":"publish","type":"post","link":"https:\/\/quehacerpolitico.mx\/?p=7663","title":{"rendered":"AMLO encarg\u00f3 a CNDH investigaci\u00f3n sobre pr\u00f3ximos titulares de las fuerzas armadas"},"content":{"rendered":"<h2 class=\"genTitle\">AMLO encarg\u00f3 a CNDH investigaci\u00f3n sobre pr\u00f3ximos titulares de las fuerzas armadas<\/h2>\n<p>Por Redacci\u00f3n QP<\/p>\n<p>El presidente electo, <b>Andr\u00e9s Manuel L\u00f3pez Obrador<\/b>, revel\u00f3 que para seleccionar a los titulares de las secretar\u00edas de la <b>Defensa y Marina<\/b> pidi\u00f3 una investigaci\u00f3n a la Comisi\u00f3n Nacional de Derechos Humanos (<b>CNDH<\/b>).<\/p>\n<p>Aclar\u00f3 que la indagatoria se aplic\u00f3 a todos los<b>generales de divisi\u00f3n y almirantes<\/b>, a fin de conocer si contaban con alguna recomendaci\u00f3n en la materia.<\/p>\n<blockquote>\n<p>\u201cCuando recib\u00ed la informaci\u00f3n del comportamiento de todos los generales en activo, ya decid\u00ed; cuid\u00e9 que no hubiese recomendaciones sobre su actuaci\u00f3n, entonces as\u00ed vamos a actuar en todos los casos\u201d, coment\u00f3 el tabasque\u00f1o.<\/p>\n<\/blockquote>\n<p>El lunes 22 de octubre, L\u00f3pez Obrador dio a conocer los nombramientos del general de divisi\u00f3n, <b>Luis Crescencio Sandoval Gonz\u00e1lez<\/b>, como pr\u00f3ximo titular de la Sedena.<\/p>\n<p>Ese mismo d\u00eda revel\u00f3 que el almirante\u00a0<b>Jos\u00e9 Rafael Ojeda Dur\u00e1n <\/b>ser\u00eda el titular\u00a0de la Semar.<\/p>\n<h2>Califica Cienfuegos como excelente designaci\u00f3n<\/h2>\n<p>La designaci\u00f3n del general Luis Crescencio Sandoval Gonz\u00e1lez es una <b>\u201cexcelente\u201d decisi\u00f3n<\/b> para ocupar la titularidad de la Sedena, afirm\u00f3 el actual secretario, <b>Salvador Cienfuegos Zepeda<\/b>.<\/p>\n<blockquote>\n<p>\u201cLes digo que es una excelente designaci\u00f3n del presidente electo, del que va a ser el nuevo secretario de la Defensa Nacional, un maduro, experimentado, leal, con much\u00edsima experiencia, un hombre valiente para tomar las decisiones que se tengan que tomar\u201d, afirm\u00f3.<\/p>\n<\/blockquote>\n<p>El titular de la Sedena afirm\u00f3 que ya se reuni\u00f3 con Sandoval Gonz\u00e1lez para el proceso de transici\u00f3n en la dependencia.<\/p>\n<blockquote>\n<p>\u201cEl proceso de todos los a\u00f1os, la misma transici\u00f3n, sin ning\u00fan problema, todo est\u00e1 correcto, la Secretar\u00eda est\u00e1 muy honrada en que haya sido designado el general Sandoval\u201d, agreg\u00f3 Cienfuegos.<\/p>\n<\/blockquote>\n<p>Durante la inauguraci\u00f3n, el mando castrense afirm\u00f3 que es necesario el <b>trabajo unido de los mexicanos <\/b>con sus autoridades para el desarrollo del pa\u00eds.<\/p>\n","protected":false},"excerpt":{"rendered":"<p>AMLO encarg\u00f3 a CNDH investigaci\u00f3n sobre pr\u00f3ximos titulares de las fuerzas armadas<br \/>\nPor Redacci\u00f3n QP<\/p>\n","protected":false},"author":2,"featured_media":7662,"comment_status":"open","ping_status":"open","sticky":false,"template":"","format":"standard","meta":{"_monsterinsights_skip_tracking":false,"_monsterinsights_sitenote_active":false,"_monsterinsights_sitenote_note":"","_monsterinsights_sitenote_category":0,"footnotes":""},"categories":[2],"tags":[],"class_list":["post-7663","post","type-post","status-publish","format-standard","has-post-thumbnail","hentry","category-noticias"],"yoast_head":"<!-- This site is optimized with the Yoast SEO plugin v27.3 - https:\/\/yoast.com\/product\/yoast-seo-wordpress\/ -->\n<title>AMLO encarg\u00f3 a CNDH investigaci\u00f3n sobre pr\u00f3ximos titulares de las fuerzas armadas -<\/title>\n<meta name=\"robots\" content=\"index, follow, max-snippet:-1, max-image-preview:large, max-video-preview:-1\" \/>\n<link rel=\"canonical\" href=\"https:\/\/quehacerpolitico.mx\/?p=7663\" \/>\n<meta property=\"og:locale\" content=\"es_MX\" \/>\n<meta property=\"og:type\" content=\"article\" \/>\n<meta property=\"og:title\" content=\"AMLO encarg\u00f3 a CNDH investigaci\u00f3n sobre pr\u00f3ximos titulares de las fuerzas armadas -\" \/>\n<meta property=\"og:description\" content=\"AMLO encarg\u00f3 a CNDH investigaci\u00f3n sobre pr\u00f3ximos titulares de las fuerzas armadas Por Redacci\u00f3n QP\" \/>\n<meta property=\"og:url\" content=\"https:\/\/quehacerpolitico.mx\/?p=7663\" \/>\n<meta property=\"article:published_time\" content=\"2018-10-25T01:03:07+00:00\" \/>\n<meta name=\"author\" content=\"Redacci\u00f3n QP\" \/>\n<meta name=\"twitter:card\" content=\"summary_large_image\" \/>\n<meta name=\"twitter:label1\" content=\"Escrito por\" \/>\n\t<meta name=\"twitter:data1\" content=\"Redacci\u00f3n QP\" \/>\n\t<meta name=\"twitter:label2\" content=\"Tiempo de lectura\" \/>\n\t<meta name=\"twitter:data2\" content=\"2 minutos\" \/>\n<script type=\"application\/ld+json\" class=\"yoast-schema-graph\">{\"@context\":\"https:\\\/\\\/schema.org\",\"@graph\":[{\"@type\":\"Article\",\"@id\":\"https:\\\/\\\/quehacerpolitico.mx\\\/?p=7663#article\",\"isPartOf\":{\"@id\":\"https:\\\/\\\/quehacerpolitico.mx\\\/?p=7663\"},\"author\":{\"name\":\"Redacci\u00f3n QP\",\"@id\":\"https:\\\/\\\/quehacerpolitico.mx\\\/#\\\/schema\\\/person\\\/496d8ad2d1d3f8036101dca7ee39e585\"},\"headline\":\"AMLO encarg\u00f3 a CNDH investigaci\u00f3n sobre pr\u00f3ximos titulares de las fuerzas armadas\",\"datePublished\":\"2018-10-25T01:03:07+00:00\",\"mainEntityOfPage\":{\"@id\":\"https:\\\/\\\/quehacerpolitico.mx\\\/?p=7663\"},\"wordCount\":345,\"commentCount\":0,\"image\":{\"@id\":\"https:\\\/\\\/quehacerpolitico.mx\\\/?p=7663#primaryimage\"},\"thumbnailUrl\":\"\",\"articleSection\":[\"Noticias\"],\"inLanguage\":\"es\",\"potentialAction\":[{\"@type\":\"CommentAction\",\"name\":\"Comment\",\"target\":[\"https:\\\/\\\/quehacerpolitico.mx\\\/?p=7663#respond\"]}]},{\"@type\":\"WebPage\",\"@id\":\"https:\\\/\\\/quehacerpolitico.mx\\\/?p=7663\",\"url\":\"https:\\\/\\\/quehacerpolitico.mx\\\/?p=7663\",\"name\":\"AMLO encarg\u00f3 a CNDH investigaci\u00f3n sobre pr\u00f3ximos titulares de las fuerzas armadas -\",\"isPartOf\":{\"@id\":\"https:\\\/\\\/quehacerpolitico.mx\\\/#website\"},\"primaryImageOfPage\":{\"@id\":\"https:\\\/\\\/quehacerpolitico.mx\\\/?p=7663#primaryimage\"},\"image\":{\"@id\":\"https:\\\/\\\/quehacerpolitico.mx\\\/?p=7663#primaryimage\"},\"thumbnailUrl\":\"\",\"datePublished\":\"2018-10-25T01:03:07+00:00\",\"author\":{\"@id\":\"https:\\\/\\\/quehacerpolitico.mx\\\/#\\\/schema\\\/person\\\/496d8ad2d1d3f8036101dca7ee39e585\"},\"breadcrumb\":{\"@id\":\"https:\\\/\\\/quehacerpolitico.mx\\\/?p=7663#breadcrumb\"},\"inLanguage\":\"es\",\"potentialAction\":[{\"@type\":\"ReadAction\",\"target\":[\"https:\\\/\\\/quehacerpolitico.mx\\\/?p=7663\"]}]},{\"@type\":\"ImageObject\",\"inLanguage\":\"es\",\"@id\":\"https:\\\/\\\/quehacerpolitico.mx\\\/?p=7663#primaryimage\",\"url\":\"\",\"contentUrl\":\"\"},{\"@type\":\"BreadcrumbList\",\"@id\":\"https:\\\/\\\/quehacerpolitico.mx\\\/?p=7663#breadcrumb\",\"itemListElement\":[{\"@type\":\"ListItem\",\"position\":1,\"name\":\"Inicio\",\"item\":\"https:\\\/\\\/quehacerpolitico.mx\\\/\"},{\"@type\":\"ListItem\",\"position\":2,\"name\":\"AMLO encarg\u00f3 a CNDH investigaci\u00f3n sobre pr\u00f3ximos titulares de las fuerzas armadas\"}]},{\"@type\":\"WebSite\",\"@id\":\"https:\\\/\\\/quehacerpolitico.mx\\\/#website\",\"url\":\"https:\\\/\\\/quehacerpolitico.mx\\\/\",\"name\":\"\",\"description\":\"\",\"potentialAction\":[{\"@type\":\"SearchAction\",\"target\":{\"@type\":\"EntryPoint\",\"urlTemplate\":\"https:\\\/\\\/quehacerpolitico.mx\\\/?s={search_term_string}\"},\"query-input\":{\"@type\":\"PropertyValueSpecification\",\"valueRequired\":true,\"valueName\":\"search_term_string\"}}],\"inLanguage\":\"es\"},{\"@type\":\"Person\",\"@id\":\"https:\\\/\\\/quehacerpolitico.mx\\\/#\\\/schema\\\/person\\\/496d8ad2d1d3f8036101dca7ee39e585\",\"name\":\"Redacci\u00f3n QP\",\"image\":{\"@type\":\"ImageObject\",\"inLanguage\":\"es\",\"@id\":\"https:\\\/\\\/secure.gravatar.com\\\/avatar\\\/c7164ed6fdec453195284ad24a5ae5b6e1eed2b848477fa2a4787ba9adf39a41?s=96&d=mm&r=g\",\"url\":\"https:\\\/\\\/secure.gravatar.com\\\/avatar\\\/c7164ed6fdec453195284ad24a5ae5b6e1eed2b848477fa2a4787ba9adf39a41?s=96&d=mm&r=g\",\"contentUrl\":\"https:\\\/\\\/secure.gravatar.com\\\/avatar\\\/c7164ed6fdec453195284ad24a5ae5b6e1eed2b848477fa2a4787ba9adf39a41?s=96&d=mm&r=g\",\"caption\":\"Redacci\u00f3n QP\"},\"url\":\"https:\\\/\\\/quehacerpolitico.mx\\\/?author=2\"}]}<\/script>\n<!-- \/ Yoast SEO plugin. -->","yoast_head_json":{"title":"AMLO encarg\u00f3 a CNDH investigaci\u00f3n sobre pr\u00f3ximos titulares de las fuerzas armadas -","robots":{"index":"index","follow":"follow","max-snippet":"max-snippet:-1","max-image-preview":"max-image-preview:large","max-video-preview":"max-video-preview:-1"},"canonical":"https:\/\/quehacerpolitico.mx\/?p=7663","og_locale":"es_MX","og_type":"article","og_title":"AMLO encarg\u00f3 a CNDH investigaci\u00f3n sobre pr\u00f3ximos titulares de las fuerzas armadas -","og_description":"AMLO encarg\u00f3 a CNDH investigaci\u00f3n sobre pr\u00f3ximos titulares de las fuerzas armadas Por Redacci\u00f3n QP","og_url":"https:\/\/quehacerpolitico.mx\/?p=7663","article_published_time":"2018-10-25T01:03:07+00:00","author":"Redacci\u00f3n QP","twitter_card":"summary_large_image","twitter_misc":{"Escrito por":"Redacci\u00f3n QP","Tiempo de lectura":"2 minutos"},"schema":{"@context":"https:\/\/schema.org","@graph":[{"@type":"Article","@id":"https:\/\/quehacerpolitico.mx\/?p=7663#article","isPartOf":{"@id":"https:\/\/quehacerpolitico.mx\/?p=7663"},"author":{"name":"Redacci\u00f3n QP","@id":"https:\/\/quehacerpolitico.mx\/#\/schema\/person\/496d8ad2d1d3f8036101dca7ee39e585"},"headline":"AMLO encarg\u00f3 a CNDH investigaci\u00f3n sobre pr\u00f3ximos titulares de las fuerzas armadas","datePublished":"2018-10-25T01:03:07+00:00","mainEntityOfPage":{"@id":"https:\/\/quehacerpolitico.mx\/?p=7663"},"wordCount":345,"commentCount":0,"image":{"@id":"https:\/\/quehacerpolitico.mx\/?p=7663#primaryimage"},"thumbnailUrl":"","articleSection":["Noticias"],"inLanguage":"es","potentialAction":[{"@type":"CommentAction","name":"Comment","target":["https:\/\/quehacerpolitico.mx\/?p=7663#respond"]}]},{"@type":"WebPage","@id":"https:\/\/quehacerpolitico.mx\/?p=7663","url":"https:\/\/quehacerpolitico.mx\/?p=7663","name":"AMLO encarg\u00f3 a CNDH investigaci\u00f3n sobre pr\u00f3ximos titulares de las fuerzas armadas -","isPartOf":{"@id":"https:\/\/quehacerpolitico.mx\/#website"},"primaryImageOfPage":{"@id":"https:\/\/quehacerpolitico.mx\/?p=7663#primaryimage"},"image":{"@id":"https:\/\/quehacerpolitico.mx\/?p=7663#primaryimage"},"thumbnailUrl":"","datePublished":"2018-10-25T01:03:07+00:00","author":{"@id":"https:\/\/quehacerpolitico.mx\/#\/schema\/person\/496d8ad2d1d3f8036101dca7ee39e585"},"breadcrumb":{"@id":"https:\/\/quehacerpolitico.mx\/?p=7663#breadcrumb"},"inLanguage":"es","potentialAction":[{"@type":"ReadAction","target":["https:\/\/quehacerpolitico.mx\/?p=7663"]}]},{"@type":"ImageObject","inLanguage":"es","@id":"https:\/\/quehacerpolitico.mx\/?p=7663#primaryimage","url":"","contentUrl":""},{"@type":"BreadcrumbList","@id":"https:\/\/quehacerpolitico.mx\/?p=7663#breadcrumb","itemListElement":[{"@type":"ListItem","position":1,"name":"Inicio","item":"https:\/\/quehacerpolitico.mx\/"},{"@type":"ListItem","position":2,"name":"AMLO encarg\u00f3 a CNDH investigaci\u00f3n sobre pr\u00f3ximos titulares de las fuerzas armadas"}]},{"@type":"WebSite","@id":"https:\/\/quehacerpolitico.mx\/#website","url":"https:\/\/quehacerpolitico.mx\/","name":"","description":"","potentialAction":[{"@type":"SearchAction","target":{"@type":"EntryPoint","urlTemplate":"https:\/\/quehacerpolitico.mx\/?s={search_term_string}"},"query-input":{"@type":"PropertyValueSpecification","valueRequired":true,"valueName":"search_term_string"}}],"inLanguage":"es"},{"@type":"Person","@id":"https:\/\/quehacerpolitico.mx\/#\/schema\/person\/496d8ad2d1d3f8036101dca7ee39e585","name":"Redacci\u00f3n QP","image":{"@type":"ImageObject","inLanguage":"es","@id":"https:\/\/secure.gravatar.com\/avatar\/c7164ed6fdec453195284ad24a5ae5b6e1eed2b848477fa2a4787ba9adf39a41?s=96&d=mm&r=g","url":"https:\/\/secure.gravatar.com\/avatar\/c7164ed6fdec453195284ad24a5ae5b6e1eed2b848477fa2a4787ba9adf39a41?s=96&d=mm&r=g","contentUrl":"https:\/\/secure.gravatar.com\/avatar\/c7164ed6fdec453195284ad24a5ae5b6e1eed2b848477fa2a4787ba9adf39a41?s=96&d=mm&r=g","caption":"Redacci\u00f3n QP"},"url":"https:\/\/quehacerpolitico.mx\/?author=2"}]}},"featured_image_urls":{"full":"","thumbnail":"","medium":"","medium_large":"","large":"","1536x1536":"","2048x2048":"","covernews-featured":"","covernews-medium":""},"author_info":{"display_name":"Redacci\u00f3n QP","author_link":"https:\/\/quehacerpolitico.mx\/?author=2"},"category_info":"<a href=\"https:\/\/quehacerpolitico.mx\/?cat=2\" rel=\"category\">Noticias<\/a>","tag_info":"Noticias","comment_count":"0","_links":{"self":[{"href":"https:\/\/quehacerpolitico.mx\/index.php?rest_route=\/wp\/v2\/posts\/7663","targetHints":{"allow":["GET"]}}],"collection":[{"href":"https:\/\/quehacerpolitico.mx\/index.php?rest_route=\/wp\/v2\/posts"}],"about":[{"href":"https:\/\/quehacerpolitico.mx\/index.php?rest_route=\/wp\/v2\/types\/post"}],"author":[{"embeddable":true,"href":"https:\/\/quehacerpolitico.mx\/index.php?rest_route=\/wp\/v2\/users\/2"}],"replies":[{"embeddable":true,"href":"https:\/\/quehacerpolitico.mx\/index.php?rest_route=%2Fwp%2Fv2%2Fcomments&post=7663"}],"version-history":[{"count":0,"href":"https:\/\/quehacerpolitico.mx\/index.php?rest_route=\/wp\/v2\/posts\/7663\/revisions"}],"wp:featuredmedia":[{"embeddable":true,"href":"https:\/\/quehacerpolitico.mx\/index.php?rest_route=\/"}],"wp:attachment":[{"href":"https:\/\/quehacerpolitico.mx\/index.php?rest_route=%2Fwp%2Fv2%2Fmedia&parent=7663"}],"wp:term":[{"taxonomy":"category","embeddable":true,"href":"https:\/\/quehacerpolitico.mx\/index.php?rest_route=%2Fwp%2Fv2%2Fcategories&post=7663"},{"taxonomy":"post_tag","embeddable":true,"href":"https:\/\/quehacerpolitico.mx\/index.php?rest_route=%2Fwp%2Fv2%2Ftags&post=7663"}],"curies":[{"name":"wp","href":"https:\/\/api.w.org\/{rel}","templated":true}]}}