{"id":7653,"date":"2018-10-24T21:07:28","date_gmt":"2018-10-24T21:07:28","guid":{"rendered":"http:\/\/quehacerpolitico.mx\/reprochan-diputados-aumento-de-inseguridad-en-la-cdmx\/"},"modified":"2018-10-24T21:07:28","modified_gmt":"2018-10-24T21:07:28","slug":"reprochan-diputados-aumento-de-inseguridad-en-la-cdmx","status":"publish","type":"post","link":"https:\/\/quehacerpolitico.mx\/?p=7653","title":{"rendered":"Reprochan diputados aumento de inseguridad en la CDMX"},"content":{"rendered":"<h2 class=\"genTitle\">Reprochan diputados aumento de inseguridad en la CDMX<\/h2>\n<p>Por Redacci\u00f3n QP<\/p>\n<p><strong>Diputados<\/strong> de distintos partidos pol\u00edticos reprocharon al secretario de <strong>Seguridad P\u00fablica, Raymundo Collins,<\/strong>el aumento de la <strong>inseguridad<\/strong> en la Ciudad de M\u00e9xico, en el \u00faltimo a\u00f1o.<\/p>\n<p><strong>Collins<\/strong> asumi\u00f3 el cargo hace tres meses, luego de la salida de <strong>Hiram Almeida<\/strong>, quien nunca explic\u00f3 las causas de su renuncia, por lo que el funcionario fue el encargado de ofrecer el <strong>\u00faltimo informe de actividades<\/strong>al Congreso de la Ciudad de M\u00e9xico.<\/p>\n<p>La diputada del PT, <strong>Elizabeth Guerrero,<\/strong> fue quien <strong>comenz\u00f3 con los reclamos<\/strong> por los <strong>\u00edndices delictivos<\/strong>que han ido al alza en los <strong>\u00faltimos 3 a\u00f1os<\/strong> y asegur\u00f3 que la SSP no ha podido responder las exigencias de la ciudadan\u00eda para mejorar la seguridad.<\/p>\n<p>A decir de <strong>Guerrero,<\/strong> el \u00edndice de <strong>homicidios<\/strong>registrados en el \u00faltimo a\u00f1o <strong>report\u00f3 un incremento<\/strong> de 12% respecto a 2017, de acuerdo con el \u00faltimo reporte de la asociaci\u00f3n civil <strong>Sem\u00e1foro<\/strong> Delibctivo.<\/p>\n<p>Las denuncias por el delito de <strong>narcomenudeo<\/strong> subieron 116% en el mismo periodo, mientras que el delito de <strong>extorsi\u00f3n<\/strong> registr\u00f3 un aumento del 7 por ciento.<\/p>\n<blockquote>\n<p>\u201cHaciendo un an\u00e1lisis general de los factores que influyen en la comisi\u00f3n de delitos en otras partes del pa\u00eds, podemos se\u00f1alar que estos se encuentran conectados con la operaci\u00f3n de grupos de la delincuencia organizada o bien con grupos de mayor alcance de criminalidad que no se caracterizan por ser parte de la delincuencia com\u00fan\u201d, apunt\u00f3 la legisladora.<\/p>\n<\/blockquote>\n<p>Por su parte, el diputado panista, <strong>H\u00e9ctor Barrera,<\/strong>cuestion\u00f3 el informe de <strong>Collins,<\/strong> pues asegur\u00f3 que la <strong>percepci\u00f3n de la inseguridad<\/strong> va en aumento, aunque la SSP indique que hay una disminuci\u00f3n del 3.3 por ciento en delitos.<\/p>\n<blockquote>\n<p>\u201cYa vimos que la delincuencia organizada cada d\u00eda utiliza m\u00e1s a nuestros j\u00f3venes, a nuestros ni\u00f1os, para cometer actos de delincuencia y lo vimos hace algunas semanas en varios medios de comunicaci\u00f3n cuando los j\u00f3venes o ni\u00f1os de 13, 14 a\u00f1os estaban asaltando y robando ah\u00ed en la v\u00eda p\u00fablica\u201d, dijo el legislador.<\/p>\n<\/blockquote>\n<p>Este reclamo fue apoyado por el diputado de <strong>Morena, Carlos Castillo,<\/strong> quien indic\u00f3 que <strong>la violencia no se resuelve con m\u00e1s polic\u00edas<\/strong> o patrullas, sino con la mejora de las <strong>condiciones sociales<\/strong> y de bienestar con la ciudadan\u00eda.<\/p>\n<p>Por su parte,\u00a0<strong>Collins<\/strong> asegur\u00f3 que del 16 de septiembre al del 2017 al 15 de septiembre del 2018 cuentan con datos de una <strong>disminuci\u00f3n en la incidencia delictiva<\/strong>de alto impacto en un 3.3% comparada con el mismo per\u00edodo en el a\u00f1o anterior.<\/p>\n<blockquote>\n<p>\u201cTenemos los robos m\u00e1s importantes, que son en los que empieza a haber una incidencia a la baja, que son el robo al interior del Metro, el robo a transportista, secuestro, robo a repartidor, violaci\u00f3n, robo a bordo de microb\u00fas, robo a cuentahabiente, robo de veh\u00edculo, robo a bordo de taxi, robo a casa-habitaci\u00f3n y robo a transe\u00fante\u201d, indic\u00f3 el funcionario capitalino.<\/p>\n<\/blockquote>\n<p>Collins asegur\u00f3 que durante su administraci\u00f3n se han detenido a<strong> 2 mil 211 personas por narcomenudeo<\/strong>, 9 mil 910 por delitos de alto impacto, se desarticularon 1<strong>mil 294 c\u00e9lulas delictivas<\/strong> y 590 bandas criminales.<\/p>\n","protected":false},"excerpt":{"rendered":"<p>Reprochan diputados aumento de inseguridad en la CDMX<br \/>\nPor Redacci\u00f3n QP<\/p>\n","protected":false},"author":2,"featured_media":7652,"comment_status":"open","ping_status":"open","sticky":false,"template":"","format":"standard","meta":{"_monsterinsights_skip_tracking":false,"_monsterinsights_sitenote_active":false,"_monsterinsights_sitenote_note":"","_monsterinsights_sitenote_category":0,"footnotes":""},"categories":[55],"tags":[],"class_list":["post-7653","post","type-post","status-publish","format-standard","has-post-thumbnail","hentry","category-cdmx"],"yoast_head":"<!-- This site is optimized with the Yoast SEO plugin v27.3 - https:\/\/yoast.com\/product\/yoast-seo-wordpress\/ -->\n<title>Reprochan diputados aumento de inseguridad en la CDMX -<\/title>\n<meta name=\"robots\" content=\"index, follow, max-snippet:-1, max-image-preview:large, max-video-preview:-1\" \/>\n<link rel=\"canonical\" href=\"https:\/\/quehacerpolitico.mx\/?p=7653\" \/>\n<meta property=\"og:locale\" content=\"es_MX\" \/>\n<meta property=\"og:type\" content=\"article\" \/>\n<meta property=\"og:title\" content=\"Reprochan diputados aumento de inseguridad en la CDMX -\" \/>\n<meta property=\"og:description\" content=\"Reprochan diputados aumento de inseguridad en la CDMX Por Redacci\u00f3n QP\" \/>\n<meta property=\"og:url\" content=\"https:\/\/quehacerpolitico.mx\/?p=7653\" \/>\n<meta property=\"article:published_time\" content=\"2018-10-24T21:07:28+00:00\" \/>\n<meta name=\"author\" content=\"Redacci\u00f3n QP\" \/>\n<meta name=\"twitter:card\" content=\"summary_large_image\" \/>\n<meta name=\"twitter:label1\" content=\"Escrito por\" \/>\n\t<meta name=\"twitter:data1\" content=\"Redacci\u00f3n QP\" \/>\n\t<meta name=\"twitter:label2\" content=\"Tiempo de lectura\" \/>\n\t<meta name=\"twitter:data2\" content=\"3 minutos\" \/>\n<script type=\"application\/ld+json\" class=\"yoast-schema-graph\">{\"@context\":\"https:\\\/\\\/schema.org\",\"@graph\":[{\"@type\":\"Article\",\"@id\":\"https:\\\/\\\/quehacerpolitico.mx\\\/?p=7653#article\",\"isPartOf\":{\"@id\":\"https:\\\/\\\/quehacerpolitico.mx\\\/?p=7653\"},\"author\":{\"name\":\"Redacci\u00f3n QP\",\"@id\":\"https:\\\/\\\/quehacerpolitico.mx\\\/#\\\/schema\\\/person\\\/496d8ad2d1d3f8036101dca7ee39e585\"},\"headline\":\"Reprochan diputados aumento de inseguridad en la CDMX\",\"datePublished\":\"2018-10-24T21:07:28+00:00\",\"mainEntityOfPage\":{\"@id\":\"https:\\\/\\\/quehacerpolitico.mx\\\/?p=7653\"},\"wordCount\":542,\"commentCount\":0,\"image\":{\"@id\":\"https:\\\/\\\/quehacerpolitico.mx\\\/?p=7653#primaryimage\"},\"thumbnailUrl\":\"\",\"articleSection\":[\"CDMX\"],\"inLanguage\":\"es\",\"potentialAction\":[{\"@type\":\"CommentAction\",\"name\":\"Comment\",\"target\":[\"https:\\\/\\\/quehacerpolitico.mx\\\/?p=7653#respond\"]}]},{\"@type\":\"WebPage\",\"@id\":\"https:\\\/\\\/quehacerpolitico.mx\\\/?p=7653\",\"url\":\"https:\\\/\\\/quehacerpolitico.mx\\\/?p=7653\",\"name\":\"Reprochan diputados aumento de inseguridad en la CDMX -\",\"isPartOf\":{\"@id\":\"https:\\\/\\\/quehacerpolitico.mx\\\/#website\"},\"primaryImageOfPage\":{\"@id\":\"https:\\\/\\\/quehacerpolitico.mx\\\/?p=7653#primaryimage\"},\"image\":{\"@id\":\"https:\\\/\\\/quehacerpolitico.mx\\\/?p=7653#primaryimage\"},\"thumbnailUrl\":\"\",\"datePublished\":\"2018-10-24T21:07:28+00:00\",\"author\":{\"@id\":\"https:\\\/\\\/quehacerpolitico.mx\\\/#\\\/schema\\\/person\\\/496d8ad2d1d3f8036101dca7ee39e585\"},\"breadcrumb\":{\"@id\":\"https:\\\/\\\/quehacerpolitico.mx\\\/?p=7653#breadcrumb\"},\"inLanguage\":\"es\",\"potentialAction\":[{\"@type\":\"ReadAction\",\"target\":[\"https:\\\/\\\/quehacerpolitico.mx\\\/?p=7653\"]}]},{\"@type\":\"ImageObject\",\"inLanguage\":\"es\",\"@id\":\"https:\\\/\\\/quehacerpolitico.mx\\\/?p=7653#primaryimage\",\"url\":\"\",\"contentUrl\":\"\"},{\"@type\":\"BreadcrumbList\",\"@id\":\"https:\\\/\\\/quehacerpolitico.mx\\\/?p=7653#breadcrumb\",\"itemListElement\":[{\"@type\":\"ListItem\",\"position\":1,\"name\":\"Inicio\",\"item\":\"https:\\\/\\\/quehacerpolitico.mx\\\/\"},{\"@type\":\"ListItem\",\"position\":2,\"name\":\"Reprochan diputados aumento de inseguridad en la CDMX\"}]},{\"@type\":\"WebSite\",\"@id\":\"https:\\\/\\\/quehacerpolitico.mx\\\/#website\",\"url\":\"https:\\\/\\\/quehacerpolitico.mx\\\/\",\"name\":\"\",\"description\":\"\",\"potentialAction\":[{\"@type\":\"SearchAction\",\"target\":{\"@type\":\"EntryPoint\",\"urlTemplate\":\"https:\\\/\\\/quehacerpolitico.mx\\\/?s={search_term_string}\"},\"query-input\":{\"@type\":\"PropertyValueSpecification\",\"valueRequired\":true,\"valueName\":\"search_term_string\"}}],\"inLanguage\":\"es\"},{\"@type\":\"Person\",\"@id\":\"https:\\\/\\\/quehacerpolitico.mx\\\/#\\\/schema\\\/person\\\/496d8ad2d1d3f8036101dca7ee39e585\",\"name\":\"Redacci\u00f3n QP\",\"image\":{\"@type\":\"ImageObject\",\"inLanguage\":\"es\",\"@id\":\"https:\\\/\\\/secure.gravatar.com\\\/avatar\\\/c7164ed6fdec453195284ad24a5ae5b6e1eed2b848477fa2a4787ba9adf39a41?s=96&d=mm&r=g\",\"url\":\"https:\\\/\\\/secure.gravatar.com\\\/avatar\\\/c7164ed6fdec453195284ad24a5ae5b6e1eed2b848477fa2a4787ba9adf39a41?s=96&d=mm&r=g\",\"contentUrl\":\"https:\\\/\\\/secure.gravatar.com\\\/avatar\\\/c7164ed6fdec453195284ad24a5ae5b6e1eed2b848477fa2a4787ba9adf39a41?s=96&d=mm&r=g\",\"caption\":\"Redacci\u00f3n QP\"},\"url\":\"https:\\\/\\\/quehacerpolitico.mx\\\/?author=2\"}]}<\/script>\n<!-- \/ Yoast SEO plugin. -->","yoast_head_json":{"title":"Reprochan diputados aumento de inseguridad en la CDMX -","robots":{"index":"index","follow":"follow","max-snippet":"max-snippet:-1","max-image-preview":"max-image-preview:large","max-video-preview":"max-video-preview:-1"},"canonical":"https:\/\/quehacerpolitico.mx\/?p=7653","og_locale":"es_MX","og_type":"article","og_title":"Reprochan diputados aumento de inseguridad en la CDMX -","og_description":"Reprochan diputados aumento de inseguridad en la CDMX Por Redacci\u00f3n QP","og_url":"https:\/\/quehacerpolitico.mx\/?p=7653","article_published_time":"2018-10-24T21:07:28+00:00","author":"Redacci\u00f3n QP","twitter_card":"summary_large_image","twitter_misc":{"Escrito por":"Redacci\u00f3n QP","Tiempo de lectura":"3 minutos"},"schema":{"@context":"https:\/\/schema.org","@graph":[{"@type":"Article","@id":"https:\/\/quehacerpolitico.mx\/?p=7653#article","isPartOf":{"@id":"https:\/\/quehacerpolitico.mx\/?p=7653"},"author":{"name":"Redacci\u00f3n QP","@id":"https:\/\/quehacerpolitico.mx\/#\/schema\/person\/496d8ad2d1d3f8036101dca7ee39e585"},"headline":"Reprochan diputados aumento de inseguridad en la CDMX","datePublished":"2018-10-24T21:07:28+00:00","mainEntityOfPage":{"@id":"https:\/\/quehacerpolitico.mx\/?p=7653"},"wordCount":542,"commentCount":0,"image":{"@id":"https:\/\/quehacerpolitico.mx\/?p=7653#primaryimage"},"thumbnailUrl":"","articleSection":["CDMX"],"inLanguage":"es","potentialAction":[{"@type":"CommentAction","name":"Comment","target":["https:\/\/quehacerpolitico.mx\/?p=7653#respond"]}]},{"@type":"WebPage","@id":"https:\/\/quehacerpolitico.mx\/?p=7653","url":"https:\/\/quehacerpolitico.mx\/?p=7653","name":"Reprochan diputados aumento de inseguridad en la CDMX -","isPartOf":{"@id":"https:\/\/quehacerpolitico.mx\/#website"},"primaryImageOfPage":{"@id":"https:\/\/quehacerpolitico.mx\/?p=7653#primaryimage"},"image":{"@id":"https:\/\/quehacerpolitico.mx\/?p=7653#primaryimage"},"thumbnailUrl":"","datePublished":"2018-10-24T21:07:28+00:00","author":{"@id":"https:\/\/quehacerpolitico.mx\/#\/schema\/person\/496d8ad2d1d3f8036101dca7ee39e585"},"breadcrumb":{"@id":"https:\/\/quehacerpolitico.mx\/?p=7653#breadcrumb"},"inLanguage":"es","potentialAction":[{"@type":"ReadAction","target":["https:\/\/quehacerpolitico.mx\/?p=7653"]}]},{"@type":"ImageObject","inLanguage":"es","@id":"https:\/\/quehacerpolitico.mx\/?p=7653#primaryimage","url":"","contentUrl":""},{"@type":"BreadcrumbList","@id":"https:\/\/quehacerpolitico.mx\/?p=7653#breadcrumb","itemListElement":[{"@type":"ListItem","position":1,"name":"Inicio","item":"https:\/\/quehacerpolitico.mx\/"},{"@type":"ListItem","position":2,"name":"Reprochan diputados aumento de inseguridad en la CDMX"}]},{"@type":"WebSite","@id":"https:\/\/quehacerpolitico.mx\/#website","url":"https:\/\/quehacerpolitico.mx\/","name":"","description":"","potentialAction":[{"@type":"SearchAction","target":{"@type":"EntryPoint","urlTemplate":"https:\/\/quehacerpolitico.mx\/?s={search_term_string}"},"query-input":{"@type":"PropertyValueSpecification","valueRequired":true,"valueName":"search_term_string"}}],"inLanguage":"es"},{"@type":"Person","@id":"https:\/\/quehacerpolitico.mx\/#\/schema\/person\/496d8ad2d1d3f8036101dca7ee39e585","name":"Redacci\u00f3n QP","image":{"@type":"ImageObject","inLanguage":"es","@id":"https:\/\/secure.gravatar.com\/avatar\/c7164ed6fdec453195284ad24a5ae5b6e1eed2b848477fa2a4787ba9adf39a41?s=96&d=mm&r=g","url":"https:\/\/secure.gravatar.com\/avatar\/c7164ed6fdec453195284ad24a5ae5b6e1eed2b848477fa2a4787ba9adf39a41?s=96&d=mm&r=g","contentUrl":"https:\/\/secure.gravatar.com\/avatar\/c7164ed6fdec453195284ad24a5ae5b6e1eed2b848477fa2a4787ba9adf39a41?s=96&d=mm&r=g","caption":"Redacci\u00f3n QP"},"url":"https:\/\/quehacerpolitico.mx\/?author=2"}]}},"featured_image_urls":{"full":"","thumbnail":"","medium":"","medium_large":"","large":"","1536x1536":"","2048x2048":"","covernews-featured":"","covernews-medium":""},"author_info":{"display_name":"Redacci\u00f3n QP","author_link":"https:\/\/quehacerpolitico.mx\/?author=2"},"category_info":"<a href=\"https:\/\/quehacerpolitico.mx\/?cat=55\" rel=\"category\">CDMX<\/a>","tag_info":"CDMX","comment_count":"0","_links":{"self":[{"href":"https:\/\/quehacerpolitico.mx\/index.php?rest_route=\/wp\/v2\/posts\/7653","targetHints":{"allow":["GET"]}}],"collection":[{"href":"https:\/\/quehacerpolitico.mx\/index.php?rest_route=\/wp\/v2\/posts"}],"about":[{"href":"https:\/\/quehacerpolitico.mx\/index.php?rest_route=\/wp\/v2\/types\/post"}],"author":[{"embeddable":true,"href":"https:\/\/quehacerpolitico.mx\/index.php?rest_route=\/wp\/v2\/users\/2"}],"replies":[{"embeddable":true,"href":"https:\/\/quehacerpolitico.mx\/index.php?rest_route=%2Fwp%2Fv2%2Fcomments&post=7653"}],"version-history":[{"count":0,"href":"https:\/\/quehacerpolitico.mx\/index.php?rest_route=\/wp\/v2\/posts\/7653\/revisions"}],"wp:featuredmedia":[{"embeddable":true,"href":"https:\/\/quehacerpolitico.mx\/index.php?rest_route=\/"}],"wp:attachment":[{"href":"https:\/\/quehacerpolitico.mx\/index.php?rest_route=%2Fwp%2Fv2%2Fmedia&parent=7653"}],"wp:term":[{"taxonomy":"category","embeddable":true,"href":"https:\/\/quehacerpolitico.mx\/index.php?rest_route=%2Fwp%2Fv2%2Fcategories&post=7653"},{"taxonomy":"post_tag","embeddable":true,"href":"https:\/\/quehacerpolitico.mx\/index.php?rest_route=%2Fwp%2Fv2%2Ftags&post=7653"}],"curies":[{"name":"wp","href":"https:\/\/api.w.org\/{rel}","templated":true}]}}