{"id":76525,"date":"2021-03-02T23:59:18","date_gmt":"2021-03-02T23:59:18","guid":{"rendered":"https:\/\/quehacerpolitico.mx\/?p=76525"},"modified":"2021-03-02T23:59:18","modified_gmt":"2021-03-02T23:59:18","slug":"un-dia-inolvidable-pele-se-vacuna-contra-el-covid-19","status":"publish","type":"post","link":"https:\/\/quehacerpolitico.mx\/?p=76525","title":{"rendered":"&#8220;Un d\u00eda inolvidable&#8221;: Pel\u00e9 se vacuna contra el COVID-19"},"content":{"rendered":"<h1 class=\"news-title\">&#8220;Un d\u00eda inolvidable&#8221;: Pel\u00e9 se vacuna contra el COVID-19<br \/>\nPor Redacci\u00f3n QP<\/h1>\n<p>&#8220;O Rei&#8221; comparte en redes sociales una fotograf\u00eda en donde se aprecia c\u00f3mo le aplican la inyecci\u00f3n<\/p>\n<p>El &#8220;rey del futbol&#8221;, Pele,\u00a0fue vacunado este martes contra el COVID-19 y afirm\u00f3 que se trata de &#8220;un d\u00eda inolvidable&#8221;, llamando a no bajar la guardia contra la pandemia que est\u00e1 matando a m\u00e1s de mil 100 personas por d\u00eda en Brasil.<\/p>\n<p><strong>&#8220;Hoy fue un d\u00eda inolvidable. \u00a1Recib\u00ed la vacuna!&#8221;<\/strong>, escribi\u00f3 en sus redes sociales el exdeportista, de 80 a\u00f1os.<\/p>\n<p>&#8220;O Rei&#8221; acompa\u00f1\u00f3 su mensaje con una fotograf\u00eda en la que <strong>aparece con tapabocas y alzando el pulgar izquierdo mientras le aplican el inmunizante.<\/strong><\/p>\n<div class=\"banner b2\">\n<div id=\"div-gpt-ad-1505954097040-2\" data-google-query-id=\"CK2_prXmku8CFRHawAodOHcKew\">\n<p>&#8220;La pandemia no termin\u00f3. Necesitamos mantener la disciplina para preservar vidas porque muchas personas a\u00fan no han sido vacunadas&#8221;, afirm\u00f3 el exfutbolista brasile\u00f1o, quien adem\u00e1s abog\u00f3 por el uso de m\u00e1scaras sanitarias, el aislamiento y el lavado de manos para combatir el virus.<\/p>\n<p>&#8220;Esto (la pandemia) va a pasar si logramos pensar en el pr\u00f3jimo y ayudar a los otros&#8221;, agreg\u00f3.<\/p>\n<p>\u00danico futbolista en haber ganado tres mundiales (Suecia-1958, Chile-1962, M\u00e9xico-1970), <strong>Pel\u00e9 ha estado aislado en su casa en el estado de Sao Paulo desde el inicio de la pandemia<\/strong>, que ya dej\u00f3 m\u00e1s de 255 mil muertos en Brasil, una cifra s\u00f3lo superada por Estados Unidos.<\/p>\n<p>Con informaci\u00f3n de AFP<\/p>\n<\/div>\n<\/div>\n","protected":false},"excerpt":{"rendered":"<p>&#8220;Un d\u00eda inolvidable&#8221;: Pel\u00e9 se vacuna contra el COVID-19 Por Redacci\u00f3n QP &#8220;O Rei&#8221; comparte&#8230;<\/p>\n","protected":false},"author":2,"featured_media":76527,"comment_status":"open","ping_status":"open","sticky":false,"template":"","format":"standard","meta":{"_monsterinsights_skip_tracking":false,"_monsterinsights_sitenote_active":false,"_monsterinsights_sitenote_note":"","_monsterinsights_sitenote_category":0,"footnotes":""},"categories":[54],"tags":[],"class_list":["post-76525","post","type-post","status-publish","format-standard","has-post-thumbnail","hentry","category-deportes"],"yoast_head":"<!-- This site is optimized with the Yoast SEO plugin v27.3 - https:\/\/yoast.com\/product\/yoast-seo-wordpress\/ -->\n<title>&quot;Un d\u00eda inolvidable&quot;: Pel\u00e9 se vacuna contra el COVID-19 -<\/title>\n<meta name=\"robots\" content=\"index, follow, max-snippet:-1, max-image-preview:large, max-video-preview:-1\" \/>\n<link rel=\"canonical\" href=\"https:\/\/quehacerpolitico.mx\/?p=76525\" \/>\n<meta property=\"og:locale\" content=\"es_MX\" \/>\n<meta property=\"og:type\" content=\"article\" \/>\n<meta property=\"og:title\" content=\"&quot;Un d\u00eda inolvidable&quot;: Pel\u00e9 se vacuna contra el COVID-19 -\" \/>\n<meta property=\"og:description\" content=\"&#8220;Un d\u00eda inolvidable&#8221;: Pel\u00e9 se vacuna contra el COVID-19 Por Redacci\u00f3n QP &#8220;O Rei&#8221; comparte...\" \/>\n<meta property=\"og:url\" content=\"https:\/\/quehacerpolitico.mx\/?p=76525\" \/>\n<meta property=\"article:published_time\" content=\"2021-03-02T23:59:18+00:00\" \/>\n<meta property=\"og:image\" content=\"https:\/\/quehacerpolitico.mx\/wp-content\/uploads\/2021\/03\/BD56567E-620C-45ED-9743-9F04F5C9AF3E.jpeg\" \/>\n\t<meta property=\"og:image:width\" content=\"1242\" \/>\n\t<meta property=\"og:image:height\" content=\"1155\" \/>\n\t<meta property=\"og:image:type\" content=\"image\/jpeg\" \/>\n<meta name=\"author\" content=\"Redacci\u00f3n QP\" \/>\n<meta name=\"twitter:card\" content=\"summary_large_image\" \/>\n<meta name=\"twitter:label1\" content=\"Escrito por\" \/>\n\t<meta name=\"twitter:data1\" content=\"Redacci\u00f3n QP\" \/>\n\t<meta name=\"twitter:label2\" content=\"Tiempo de lectura\" \/>\n\t<meta name=\"twitter:data2\" content=\"1 minuto\" \/>\n<script type=\"application\/ld+json\" class=\"yoast-schema-graph\">{\"@context\":\"https:\\\/\\\/schema.org\",\"@graph\":[{\"@type\":\"Article\",\"@id\":\"https:\\\/\\\/quehacerpolitico.mx\\\/?p=76525#article\",\"isPartOf\":{\"@id\":\"https:\\\/\\\/quehacerpolitico.mx\\\/?p=76525\"},\"author\":{\"name\":\"Redacci\u00f3n QP\",\"@id\":\"https:\\\/\\\/quehacerpolitico.mx\\\/#\\\/schema\\\/person\\\/496d8ad2d1d3f8036101dca7ee39e585\"},\"headline\":\"&#8220;Un d\u00eda inolvidable&#8221;: Pel\u00e9 se vacuna contra el COVID-19\",\"datePublished\":\"2021-03-02T23:59:18+00:00\",\"mainEntityOfPage\":{\"@id\":\"https:\\\/\\\/quehacerpolitico.mx\\\/?p=76525\"},\"wordCount\":252,\"commentCount\":0,\"image\":{\"@id\":\"https:\\\/\\\/quehacerpolitico.mx\\\/?p=76525#primaryimage\"},\"thumbnailUrl\":\"https:\\\/\\\/quehacerpolitico.mx\\\/wp-content\\\/uploads\\\/2021\\\/03\\\/BD56567E-620C-45ED-9743-9F04F5C9AF3E.jpeg\",\"articleSection\":[\"Deportes\"],\"inLanguage\":\"es\",\"potentialAction\":[{\"@type\":\"CommentAction\",\"name\":\"Comment\",\"target\":[\"https:\\\/\\\/quehacerpolitico.mx\\\/?p=76525#respond\"]}]},{\"@type\":\"WebPage\",\"@id\":\"https:\\\/\\\/quehacerpolitico.mx\\\/?p=76525\",\"url\":\"https:\\\/\\\/quehacerpolitico.mx\\\/?p=76525\",\"name\":\"\\\"Un d\u00eda inolvidable\\\": Pel\u00e9 se vacuna contra el COVID-19 -\",\"isPartOf\":{\"@id\":\"https:\\\/\\\/quehacerpolitico.mx\\\/#website\"},\"primaryImageOfPage\":{\"@id\":\"https:\\\/\\\/quehacerpolitico.mx\\\/?p=76525#primaryimage\"},\"image\":{\"@id\":\"https:\\\/\\\/quehacerpolitico.mx\\\/?p=76525#primaryimage\"},\"thumbnailUrl\":\"https:\\\/\\\/quehacerpolitico.mx\\\/wp-content\\\/uploads\\\/2021\\\/03\\\/BD56567E-620C-45ED-9743-9F04F5C9AF3E.jpeg\",\"datePublished\":\"2021-03-02T23:59:18+00:00\",\"author\":{\"@id\":\"https:\\\/\\\/quehacerpolitico.mx\\\/#\\\/schema\\\/person\\\/496d8ad2d1d3f8036101dca7ee39e585\"},\"breadcrumb\":{\"@id\":\"https:\\\/\\\/quehacerpolitico.mx\\\/?p=76525#breadcrumb\"},\"inLanguage\":\"es\",\"potentialAction\":[{\"@type\":\"ReadAction\",\"target\":[\"https:\\\/\\\/quehacerpolitico.mx\\\/?p=76525\"]}]},{\"@type\":\"ImageObject\",\"inLanguage\":\"es\",\"@id\":\"https:\\\/\\\/quehacerpolitico.mx\\\/?p=76525#primaryimage\",\"url\":\"https:\\\/\\\/quehacerpolitico.mx\\\/wp-content\\\/uploads\\\/2021\\\/03\\\/BD56567E-620C-45ED-9743-9F04F5C9AF3E.jpeg\",\"contentUrl\":\"https:\\\/\\\/quehacerpolitico.mx\\\/wp-content\\\/uploads\\\/2021\\\/03\\\/BD56567E-620C-45ED-9743-9F04F5C9AF3E.jpeg\",\"width\":1242,\"height\":1155},{\"@type\":\"BreadcrumbList\",\"@id\":\"https:\\\/\\\/quehacerpolitico.mx\\\/?p=76525#breadcrumb\",\"itemListElement\":[{\"@type\":\"ListItem\",\"position\":1,\"name\":\"Inicio\",\"item\":\"https:\\\/\\\/quehacerpolitico.mx\\\/\"},{\"@type\":\"ListItem\",\"position\":2,\"name\":\"&#8220;Un d\u00eda inolvidable&#8221;: Pel\u00e9 se vacuna contra el COVID-19\"}]},{\"@type\":\"WebSite\",\"@id\":\"https:\\\/\\\/quehacerpolitico.mx\\\/#website\",\"url\":\"https:\\\/\\\/quehacerpolitico.mx\\\/\",\"name\":\"\",\"description\":\"\",\"potentialAction\":[{\"@type\":\"SearchAction\",\"target\":{\"@type\":\"EntryPoint\",\"urlTemplate\":\"https:\\\/\\\/quehacerpolitico.mx\\\/?s={search_term_string}\"},\"query-input\":{\"@type\":\"PropertyValueSpecification\",\"valueRequired\":true,\"valueName\":\"search_term_string\"}}],\"inLanguage\":\"es\"},{\"@type\":\"Person\",\"@id\":\"https:\\\/\\\/quehacerpolitico.mx\\\/#\\\/schema\\\/person\\\/496d8ad2d1d3f8036101dca7ee39e585\",\"name\":\"Redacci\u00f3n QP\",\"image\":{\"@type\":\"ImageObject\",\"inLanguage\":\"es\",\"@id\":\"https:\\\/\\\/secure.gravatar.com\\\/avatar\\\/c7164ed6fdec453195284ad24a5ae5b6e1eed2b848477fa2a4787ba9adf39a41?s=96&d=mm&r=g\",\"url\":\"https:\\\/\\\/secure.gravatar.com\\\/avatar\\\/c7164ed6fdec453195284ad24a5ae5b6e1eed2b848477fa2a4787ba9adf39a41?s=96&d=mm&r=g\",\"contentUrl\":\"https:\\\/\\\/secure.gravatar.com\\\/avatar\\\/c7164ed6fdec453195284ad24a5ae5b6e1eed2b848477fa2a4787ba9adf39a41?s=96&d=mm&r=g\",\"caption\":\"Redacci\u00f3n QP\"},\"url\":\"https:\\\/\\\/quehacerpolitico.mx\\\/?author=2\"}]}<\/script>\n<!-- \/ Yoast SEO plugin. -->","yoast_head_json":{"title":"\"Un d\u00eda inolvidable\": Pel\u00e9 se vacuna contra el COVID-19 -","robots":{"index":"index","follow":"follow","max-snippet":"max-snippet:-1","max-image-preview":"max-image-preview:large","max-video-preview":"max-video-preview:-1"},"canonical":"https:\/\/quehacerpolitico.mx\/?p=76525","og_locale":"es_MX","og_type":"article","og_title":"\"Un d\u00eda inolvidable\": Pel\u00e9 se vacuna contra el COVID-19 -","og_description":"&#8220;Un d\u00eda inolvidable&#8221;: Pel\u00e9 se vacuna contra el COVID-19 Por Redacci\u00f3n QP &#8220;O Rei&#8221; comparte...","og_url":"https:\/\/quehacerpolitico.mx\/?p=76525","article_published_time":"2021-03-02T23:59:18+00:00","og_image":[{"width":1242,"height":1155,"url":"https:\/\/quehacerpolitico.mx\/wp-content\/uploads\/2021\/03\/BD56567E-620C-45ED-9743-9F04F5C9AF3E.jpeg","type":"image\/jpeg"}],"author":"Redacci\u00f3n QP","twitter_card":"summary_large_image","twitter_misc":{"Escrito por":"Redacci\u00f3n QP","Tiempo de lectura":"1 minuto"},"schema":{"@context":"https:\/\/schema.org","@graph":[{"@type":"Article","@id":"https:\/\/quehacerpolitico.mx\/?p=76525#article","isPartOf":{"@id":"https:\/\/quehacerpolitico.mx\/?p=76525"},"author":{"name":"Redacci\u00f3n QP","@id":"https:\/\/quehacerpolitico.mx\/#\/schema\/person\/496d8ad2d1d3f8036101dca7ee39e585"},"headline":"&#8220;Un d\u00eda inolvidable&#8221;: Pel\u00e9 se vacuna contra el COVID-19","datePublished":"2021-03-02T23:59:18+00:00","mainEntityOfPage":{"@id":"https:\/\/quehacerpolitico.mx\/?p=76525"},"wordCount":252,"commentCount":0,"image":{"@id":"https:\/\/quehacerpolitico.mx\/?p=76525#primaryimage"},"thumbnailUrl":"https:\/\/quehacerpolitico.mx\/wp-content\/uploads\/2021\/03\/BD56567E-620C-45ED-9743-9F04F5C9AF3E.jpeg","articleSection":["Deportes"],"inLanguage":"es","potentialAction":[{"@type":"CommentAction","name":"Comment","target":["https:\/\/quehacerpolitico.mx\/?p=76525#respond"]}]},{"@type":"WebPage","@id":"https:\/\/quehacerpolitico.mx\/?p=76525","url":"https:\/\/quehacerpolitico.mx\/?p=76525","name":"\"Un d\u00eda inolvidable\": Pel\u00e9 se vacuna contra el COVID-19 -","isPartOf":{"@id":"https:\/\/quehacerpolitico.mx\/#website"},"primaryImageOfPage":{"@id":"https:\/\/quehacerpolitico.mx\/?p=76525#primaryimage"},"image":{"@id":"https:\/\/quehacerpolitico.mx\/?p=76525#primaryimage"},"thumbnailUrl":"https:\/\/quehacerpolitico.mx\/wp-content\/uploads\/2021\/03\/BD56567E-620C-45ED-9743-9F04F5C9AF3E.jpeg","datePublished":"2021-03-02T23:59:18+00:00","author":{"@id":"https:\/\/quehacerpolitico.mx\/#\/schema\/person\/496d8ad2d1d3f8036101dca7ee39e585"},"breadcrumb":{"@id":"https:\/\/quehacerpolitico.mx\/?p=76525#breadcrumb"},"inLanguage":"es","potentialAction":[{"@type":"ReadAction","target":["https:\/\/quehacerpolitico.mx\/?p=76525"]}]},{"@type":"ImageObject","inLanguage":"es","@id":"https:\/\/quehacerpolitico.mx\/?p=76525#primaryimage","url":"https:\/\/quehacerpolitico.mx\/wp-content\/uploads\/2021\/03\/BD56567E-620C-45ED-9743-9F04F5C9AF3E.jpeg","contentUrl":"https:\/\/quehacerpolitico.mx\/wp-content\/uploads\/2021\/03\/BD56567E-620C-45ED-9743-9F04F5C9AF3E.jpeg","width":1242,"height":1155},{"@type":"BreadcrumbList","@id":"https:\/\/quehacerpolitico.mx\/?p=76525#breadcrumb","itemListElement":[{"@type":"ListItem","position":1,"name":"Inicio","item":"https:\/\/quehacerpolitico.mx\/"},{"@type":"ListItem","position":2,"name":"&#8220;Un d\u00eda inolvidable&#8221;: Pel\u00e9 se vacuna contra el COVID-19"}]},{"@type":"WebSite","@id":"https:\/\/quehacerpolitico.mx\/#website","url":"https:\/\/quehacerpolitico.mx\/","name":"","description":"","potentialAction":[{"@type":"SearchAction","target":{"@type":"EntryPoint","urlTemplate":"https:\/\/quehacerpolitico.mx\/?s={search_term_string}"},"query-input":{"@type":"PropertyValueSpecification","valueRequired":true,"valueName":"search_term_string"}}],"inLanguage":"es"},{"@type":"Person","@id":"https:\/\/quehacerpolitico.mx\/#\/schema\/person\/496d8ad2d1d3f8036101dca7ee39e585","name":"Redacci\u00f3n QP","image":{"@type":"ImageObject","inLanguage":"es","@id":"https:\/\/secure.gravatar.com\/avatar\/c7164ed6fdec453195284ad24a5ae5b6e1eed2b848477fa2a4787ba9adf39a41?s=96&d=mm&r=g","url":"https:\/\/secure.gravatar.com\/avatar\/c7164ed6fdec453195284ad24a5ae5b6e1eed2b848477fa2a4787ba9adf39a41?s=96&d=mm&r=g","contentUrl":"https:\/\/secure.gravatar.com\/avatar\/c7164ed6fdec453195284ad24a5ae5b6e1eed2b848477fa2a4787ba9adf39a41?s=96&d=mm&r=g","caption":"Redacci\u00f3n QP"},"url":"https:\/\/quehacerpolitico.mx\/?author=2"}]}},"featured_image_urls":{"full":["https:\/\/quehacerpolitico.mx\/wp-content\/uploads\/2021\/03\/BD56567E-620C-45ED-9743-9F04F5C9AF3E.jpeg",1242,1155,false],"thumbnail":["https:\/\/quehacerpolitico.mx\/wp-content\/uploads\/2021\/03\/BD56567E-620C-45ED-9743-9F04F5C9AF3E-150x150.jpeg",150,150,true],"medium":["https:\/\/quehacerpolitico.mx\/wp-content\/uploads\/2021\/03\/BD56567E-620C-45ED-9743-9F04F5C9AF3E-300x279.jpeg",300,279,true],"medium_large":["https:\/\/quehacerpolitico.mx\/wp-content\/uploads\/2021\/03\/BD56567E-620C-45ED-9743-9F04F5C9AF3E-768x714.jpeg",640,595,true],"large":["https:\/\/quehacerpolitico.mx\/wp-content\/uploads\/2021\/03\/BD56567E-620C-45ED-9743-9F04F5C9AF3E-1024x952.jpeg",640,595,true],"1536x1536":["https:\/\/quehacerpolitico.mx\/wp-content\/uploads\/2021\/03\/BD56567E-620C-45ED-9743-9F04F5C9AF3E.jpeg",1242,1155,false],"2048x2048":["https:\/\/quehacerpolitico.mx\/wp-content\/uploads\/2021\/03\/BD56567E-620C-45ED-9743-9F04F5C9AF3E.jpeg",1242,1155,false],"covernews-featured":["https:\/\/quehacerpolitico.mx\/wp-content\/uploads\/2021\/03\/BD56567E-620C-45ED-9743-9F04F5C9AF3E.jpeg",1024,952,false],"covernews-medium":["https:\/\/quehacerpolitico.mx\/wp-content\/uploads\/2021\/03\/BD56567E-620C-45ED-9743-9F04F5C9AF3E.jpeg",366,340,false]},"author_info":{"display_name":"Redacci\u00f3n QP","author_link":"https:\/\/quehacerpolitico.mx\/?author=2"},"category_info":"<a href=\"https:\/\/quehacerpolitico.mx\/?cat=54\" rel=\"category\">Deportes<\/a>","tag_info":"Deportes","comment_count":"0","_links":{"self":[{"href":"https:\/\/quehacerpolitico.mx\/index.php?rest_route=\/wp\/v2\/posts\/76525","targetHints":{"allow":["GET"]}}],"collection":[{"href":"https:\/\/quehacerpolitico.mx\/index.php?rest_route=\/wp\/v2\/posts"}],"about":[{"href":"https:\/\/quehacerpolitico.mx\/index.php?rest_route=\/wp\/v2\/types\/post"}],"author":[{"embeddable":true,"href":"https:\/\/quehacerpolitico.mx\/index.php?rest_route=\/wp\/v2\/users\/2"}],"replies":[{"embeddable":true,"href":"https:\/\/quehacerpolitico.mx\/index.php?rest_route=%2Fwp%2Fv2%2Fcomments&post=76525"}],"version-history":[{"count":0,"href":"https:\/\/quehacerpolitico.mx\/index.php?rest_route=\/wp\/v2\/posts\/76525\/revisions"}],"wp:featuredmedia":[{"embeddable":true,"href":"https:\/\/quehacerpolitico.mx\/index.php?rest_route=\/wp\/v2\/media\/76527"}],"wp:attachment":[{"href":"https:\/\/quehacerpolitico.mx\/index.php?rest_route=%2Fwp%2Fv2%2Fmedia&parent=76525"}],"wp:term":[{"taxonomy":"category","embeddable":true,"href":"https:\/\/quehacerpolitico.mx\/index.php?rest_route=%2Fwp%2Fv2%2Fcategories&post=76525"},{"taxonomy":"post_tag","embeddable":true,"href":"https:\/\/quehacerpolitico.mx\/index.php?rest_route=%2Fwp%2Fv2%2Ftags&post=76525"}],"curies":[{"name":"wp","href":"https:\/\/api.w.org\/{rel}","templated":true}]}}