{"id":76461,"date":"2021-03-02T16:03:04","date_gmt":"2021-03-02T16:03:04","guid":{"rendered":"https:\/\/quehacerpolitico.mx\/?p=76461"},"modified":"2021-03-02T16:03:04","modified_gmt":"2021-03-02T16:03:04","slug":"vacuna-covid-19-de-cansino-envasada-en-mexico-podria-aplicarse-finales-de-marzo-ebrard","status":"publish","type":"post","link":"https:\/\/quehacerpolitico.mx\/?p=76461","title":{"rendered":"Vacuna COVID-19 de CanSino envasada en M\u00e9xico podr\u00eda aplicarse a finales de marzo: Ebrard"},"content":{"rendered":"<h1>Vacuna COVID-19 de CanSino envasada en M\u00e9xico podr\u00eda aplicarse a finales de marzo: Ebrard<br \/>\nPor Redacci\u00f3n QP<\/h1>\n<p>El canciller explic\u00f3 que el 24 de febrero se inici\u00f3 en M\u00e9xico el envasado de los primeros lotes de la vacuna de CanSino<\/p>\n<p>El secretario de Relaciones Exteriores, Marcelo Ebrard, anunci\u00f3 este\u00a0 martes 2 de marzo de 2021 que las vacunas contra COVID-19\u00a0de la empresa china CanSino, envasadas en M\u00e9xico, podr\u00edan estar listas para aplicarse a\u00a0 fines de este mes.<\/p>\n<p>En la conferencia de prensa matutina del presidente Andres Manuel L\u00f3pez Obrador, el canciller Ebrard\u00a0 inform\u00f3 que en M\u00e9xico ya se inici\u00f3 la producci\u00f3n de vacunas de la empresa china. Explic\u00f3 que el 24 de febrero se inici\u00f3 el envasado de los primeros lotes de la vacuna de CanSino en el laboratorio mexicano Drugmex.<\/p>\n<p>Ebrard puntualiz\u00f3 que M\u00e9xico cuenta con la sustancia necesaria para envasar alrededor de dos millones de dosis de <strong>CanSino<\/strong> para iniciar el proceso.<\/p>\n<blockquote><p>\u201cLas primeras dosis de CanSino estar\u00e1n listas el 6 de marzo para su evaluaci\u00f3n por parte de la Comisi\u00f3n de Control Anal\u00edtico y Ampliaci\u00f3n de Cobertura (CCAyAC), \u00e9ste depende de Cofepris. De ser aprobado el primer lote podr\u00eda empezar a distribuirse a finales de marzo\u201d, dijo Ebrard.<\/p><\/blockquote>\n<p>Agreg\u00f3 que en M\u00e9xico se est\u00e1n aplicando est\u00e1ndares rigurosos para CanSino y AstraZeneca para garantizar que las vacunas sean cien por ciento seguras.<\/p>\n<p><iframe loading=\"lazy\" title=\"Primeras dosis de vacuna de CanSino envasadas en M\u00e9xico estar\u00e1n listas el s\u00e1bado\" width=\"640\" height=\"360\" src=\"https:\/\/www.youtube.com\/embed\/M3iF1DFsHKU?feature=oembed\" frameborder=\"0\" allow=\"accelerometer; autoplay; clipboard-write; encrypted-media; gyroscope; picture-in-picture; web-share\" referrerpolicy=\"strict-origin-when-cross-origin\" allowfullscreen><\/iframe><\/p>\n<p><em>Con informaci\u00f3n de Presidencia de la Rep\u00fablica<\/em><\/p>\n","protected":false},"excerpt":{"rendered":"<p>Vacuna COVID-19 de CanSino envasada en M\u00e9xico podr\u00eda aplicarse a finales de marzo: Ebrard Por&#8230;<\/p>\n","protected":false},"author":2,"featured_media":76464,"comment_status":"open","ping_status":"open","sticky":false,"template":"","format":"standard","meta":{"_monsterinsights_skip_tracking":false,"_monsterinsights_sitenote_active":false,"_monsterinsights_sitenote_note":"","_monsterinsights_sitenote_category":0,"footnotes":""},"categories":[2],"tags":[],"class_list":["post-76461","post","type-post","status-publish","format-standard","has-post-thumbnail","hentry","category-noticias"],"yoast_head":"<!-- This site is optimized with the Yoast SEO plugin v27.3 - https:\/\/yoast.com\/product\/yoast-seo-wordpress\/ -->\n<title>Vacuna COVID-19 de CanSino envasada en M\u00e9xico podr\u00eda aplicarse a finales de marzo: Ebrard -<\/title>\n<meta name=\"robots\" content=\"index, follow, max-snippet:-1, max-image-preview:large, max-video-preview:-1\" \/>\n<link rel=\"canonical\" href=\"https:\/\/quehacerpolitico.mx\/?p=76461\" \/>\n<meta property=\"og:locale\" content=\"es_MX\" \/>\n<meta property=\"og:type\" content=\"article\" \/>\n<meta property=\"og:title\" content=\"Vacuna COVID-19 de CanSino envasada en M\u00e9xico podr\u00eda aplicarse a finales de marzo: Ebrard -\" \/>\n<meta property=\"og:description\" content=\"Vacuna COVID-19 de CanSino envasada en M\u00e9xico podr\u00eda aplicarse a finales de marzo: Ebrard Por...\" \/>\n<meta property=\"og:url\" content=\"https:\/\/quehacerpolitico.mx\/?p=76461\" \/>\n<meta property=\"article:published_time\" content=\"2021-03-02T16:03:04+00:00\" \/>\n<meta property=\"og:image\" content=\"https:\/\/quehacerpolitico.mx\/wp-content\/uploads\/2021\/03\/7884E7F7-3B09-4354-8D63-50331B94B61E.jpeg\" \/>\n\t<meta property=\"og:image:width\" content=\"1089\" \/>\n\t<meta property=\"og:image:height\" content=\"630\" \/>\n\t<meta property=\"og:image:type\" content=\"image\/jpeg\" \/>\n<meta name=\"author\" content=\"Redacci\u00f3n QP\" \/>\n<meta name=\"twitter:card\" content=\"summary_large_image\" \/>\n<meta name=\"twitter:label1\" content=\"Escrito por\" \/>\n\t<meta name=\"twitter:data1\" content=\"Redacci\u00f3n QP\" \/>\n\t<meta name=\"twitter:label2\" content=\"Tiempo de lectura\" \/>\n\t<meta name=\"twitter:data2\" content=\"1 minuto\" \/>\n<script type=\"application\/ld+json\" class=\"yoast-schema-graph\">{\"@context\":\"https:\\\/\\\/schema.org\",\"@graph\":[{\"@type\":\"Article\",\"@id\":\"https:\\\/\\\/quehacerpolitico.mx\\\/?p=76461#article\",\"isPartOf\":{\"@id\":\"https:\\\/\\\/quehacerpolitico.mx\\\/?p=76461\"},\"author\":{\"name\":\"Redacci\u00f3n QP\",\"@id\":\"https:\\\/\\\/quehacerpolitico.mx\\\/#\\\/schema\\\/person\\\/496d8ad2d1d3f8036101dca7ee39e585\"},\"headline\":\"Vacuna COVID-19 de CanSino envasada en M\u00e9xico podr\u00eda aplicarse a finales de marzo: Ebrard\",\"datePublished\":\"2021-03-02T16:03:04+00:00\",\"mainEntityOfPage\":{\"@id\":\"https:\\\/\\\/quehacerpolitico.mx\\\/?p=76461\"},\"wordCount\":270,\"commentCount\":0,\"image\":{\"@id\":\"https:\\\/\\\/quehacerpolitico.mx\\\/?p=76461#primaryimage\"},\"thumbnailUrl\":\"https:\\\/\\\/quehacerpolitico.mx\\\/wp-content\\\/uploads\\\/2021\\\/03\\\/7884E7F7-3B09-4354-8D63-50331B94B61E.jpeg\",\"articleSection\":[\"Noticias\"],\"inLanguage\":\"es\",\"potentialAction\":[{\"@type\":\"CommentAction\",\"name\":\"Comment\",\"target\":[\"https:\\\/\\\/quehacerpolitico.mx\\\/?p=76461#respond\"]}]},{\"@type\":\"WebPage\",\"@id\":\"https:\\\/\\\/quehacerpolitico.mx\\\/?p=76461\",\"url\":\"https:\\\/\\\/quehacerpolitico.mx\\\/?p=76461\",\"name\":\"Vacuna COVID-19 de CanSino envasada en M\u00e9xico podr\u00eda aplicarse a finales de marzo: Ebrard -\",\"isPartOf\":{\"@id\":\"https:\\\/\\\/quehacerpolitico.mx\\\/#website\"},\"primaryImageOfPage\":{\"@id\":\"https:\\\/\\\/quehacerpolitico.mx\\\/?p=76461#primaryimage\"},\"image\":{\"@id\":\"https:\\\/\\\/quehacerpolitico.mx\\\/?p=76461#primaryimage\"},\"thumbnailUrl\":\"https:\\\/\\\/quehacerpolitico.mx\\\/wp-content\\\/uploads\\\/2021\\\/03\\\/7884E7F7-3B09-4354-8D63-50331B94B61E.jpeg\",\"datePublished\":\"2021-03-02T16:03:04+00:00\",\"author\":{\"@id\":\"https:\\\/\\\/quehacerpolitico.mx\\\/#\\\/schema\\\/person\\\/496d8ad2d1d3f8036101dca7ee39e585\"},\"breadcrumb\":{\"@id\":\"https:\\\/\\\/quehacerpolitico.mx\\\/?p=76461#breadcrumb\"},\"inLanguage\":\"es\",\"potentialAction\":[{\"@type\":\"ReadAction\",\"target\":[\"https:\\\/\\\/quehacerpolitico.mx\\\/?p=76461\"]}]},{\"@type\":\"ImageObject\",\"inLanguage\":\"es\",\"@id\":\"https:\\\/\\\/quehacerpolitico.mx\\\/?p=76461#primaryimage\",\"url\":\"https:\\\/\\\/quehacerpolitico.mx\\\/wp-content\\\/uploads\\\/2021\\\/03\\\/7884E7F7-3B09-4354-8D63-50331B94B61E.jpeg\",\"contentUrl\":\"https:\\\/\\\/quehacerpolitico.mx\\\/wp-content\\\/uploads\\\/2021\\\/03\\\/7884E7F7-3B09-4354-8D63-50331B94B61E.jpeg\",\"width\":1089,\"height\":630},{\"@type\":\"BreadcrumbList\",\"@id\":\"https:\\\/\\\/quehacerpolitico.mx\\\/?p=76461#breadcrumb\",\"itemListElement\":[{\"@type\":\"ListItem\",\"position\":1,\"name\":\"Inicio\",\"item\":\"https:\\\/\\\/quehacerpolitico.mx\\\/\"},{\"@type\":\"ListItem\",\"position\":2,\"name\":\"Vacuna COVID-19 de CanSino envasada en M\u00e9xico podr\u00eda aplicarse a finales de marzo: Ebrard\"}]},{\"@type\":\"WebSite\",\"@id\":\"https:\\\/\\\/quehacerpolitico.mx\\\/#website\",\"url\":\"https:\\\/\\\/quehacerpolitico.mx\\\/\",\"name\":\"\",\"description\":\"\",\"potentialAction\":[{\"@type\":\"SearchAction\",\"target\":{\"@type\":\"EntryPoint\",\"urlTemplate\":\"https:\\\/\\\/quehacerpolitico.mx\\\/?s={search_term_string}\"},\"query-input\":{\"@type\":\"PropertyValueSpecification\",\"valueRequired\":true,\"valueName\":\"search_term_string\"}}],\"inLanguage\":\"es\"},{\"@type\":\"Person\",\"@id\":\"https:\\\/\\\/quehacerpolitico.mx\\\/#\\\/schema\\\/person\\\/496d8ad2d1d3f8036101dca7ee39e585\",\"name\":\"Redacci\u00f3n QP\",\"image\":{\"@type\":\"ImageObject\",\"inLanguage\":\"es\",\"@id\":\"https:\\\/\\\/secure.gravatar.com\\\/avatar\\\/c7164ed6fdec453195284ad24a5ae5b6e1eed2b848477fa2a4787ba9adf39a41?s=96&d=mm&r=g\",\"url\":\"https:\\\/\\\/secure.gravatar.com\\\/avatar\\\/c7164ed6fdec453195284ad24a5ae5b6e1eed2b848477fa2a4787ba9adf39a41?s=96&d=mm&r=g\",\"contentUrl\":\"https:\\\/\\\/secure.gravatar.com\\\/avatar\\\/c7164ed6fdec453195284ad24a5ae5b6e1eed2b848477fa2a4787ba9adf39a41?s=96&d=mm&r=g\",\"caption\":\"Redacci\u00f3n QP\"},\"url\":\"https:\\\/\\\/quehacerpolitico.mx\\\/?author=2\"}]}<\/script>\n<!-- \/ Yoast SEO plugin. -->","yoast_head_json":{"title":"Vacuna COVID-19 de CanSino envasada en M\u00e9xico podr\u00eda aplicarse a finales de marzo: Ebrard -","robots":{"index":"index","follow":"follow","max-snippet":"max-snippet:-1","max-image-preview":"max-image-preview:large","max-video-preview":"max-video-preview:-1"},"canonical":"https:\/\/quehacerpolitico.mx\/?p=76461","og_locale":"es_MX","og_type":"article","og_title":"Vacuna COVID-19 de CanSino envasada en M\u00e9xico podr\u00eda aplicarse a finales de marzo: Ebrard -","og_description":"Vacuna COVID-19 de CanSino envasada en M\u00e9xico podr\u00eda aplicarse a finales de marzo: Ebrard Por...","og_url":"https:\/\/quehacerpolitico.mx\/?p=76461","article_published_time":"2021-03-02T16:03:04+00:00","og_image":[{"width":1089,"height":630,"url":"https:\/\/quehacerpolitico.mx\/wp-content\/uploads\/2021\/03\/7884E7F7-3B09-4354-8D63-50331B94B61E.jpeg","type":"image\/jpeg"}],"author":"Redacci\u00f3n QP","twitter_card":"summary_large_image","twitter_misc":{"Escrito por":"Redacci\u00f3n QP","Tiempo de lectura":"1 minuto"},"schema":{"@context":"https:\/\/schema.org","@graph":[{"@type":"Article","@id":"https:\/\/quehacerpolitico.mx\/?p=76461#article","isPartOf":{"@id":"https:\/\/quehacerpolitico.mx\/?p=76461"},"author":{"name":"Redacci\u00f3n QP","@id":"https:\/\/quehacerpolitico.mx\/#\/schema\/person\/496d8ad2d1d3f8036101dca7ee39e585"},"headline":"Vacuna COVID-19 de CanSino envasada en M\u00e9xico podr\u00eda aplicarse a finales de marzo: Ebrard","datePublished":"2021-03-02T16:03:04+00:00","mainEntityOfPage":{"@id":"https:\/\/quehacerpolitico.mx\/?p=76461"},"wordCount":270,"commentCount":0,"image":{"@id":"https:\/\/quehacerpolitico.mx\/?p=76461#primaryimage"},"thumbnailUrl":"https:\/\/quehacerpolitico.mx\/wp-content\/uploads\/2021\/03\/7884E7F7-3B09-4354-8D63-50331B94B61E.jpeg","articleSection":["Noticias"],"inLanguage":"es","potentialAction":[{"@type":"CommentAction","name":"Comment","target":["https:\/\/quehacerpolitico.mx\/?p=76461#respond"]}]},{"@type":"WebPage","@id":"https:\/\/quehacerpolitico.mx\/?p=76461","url":"https:\/\/quehacerpolitico.mx\/?p=76461","name":"Vacuna COVID-19 de CanSino envasada en M\u00e9xico podr\u00eda aplicarse a finales de marzo: Ebrard -","isPartOf":{"@id":"https:\/\/quehacerpolitico.mx\/#website"},"primaryImageOfPage":{"@id":"https:\/\/quehacerpolitico.mx\/?p=76461#primaryimage"},"image":{"@id":"https:\/\/quehacerpolitico.mx\/?p=76461#primaryimage"},"thumbnailUrl":"https:\/\/quehacerpolitico.mx\/wp-content\/uploads\/2021\/03\/7884E7F7-3B09-4354-8D63-50331B94B61E.jpeg","datePublished":"2021-03-02T16:03:04+00:00","author":{"@id":"https:\/\/quehacerpolitico.mx\/#\/schema\/person\/496d8ad2d1d3f8036101dca7ee39e585"},"breadcrumb":{"@id":"https:\/\/quehacerpolitico.mx\/?p=76461#breadcrumb"},"inLanguage":"es","potentialAction":[{"@type":"ReadAction","target":["https:\/\/quehacerpolitico.mx\/?p=76461"]}]},{"@type":"ImageObject","inLanguage":"es","@id":"https:\/\/quehacerpolitico.mx\/?p=76461#primaryimage","url":"https:\/\/quehacerpolitico.mx\/wp-content\/uploads\/2021\/03\/7884E7F7-3B09-4354-8D63-50331B94B61E.jpeg","contentUrl":"https:\/\/quehacerpolitico.mx\/wp-content\/uploads\/2021\/03\/7884E7F7-3B09-4354-8D63-50331B94B61E.jpeg","width":1089,"height":630},{"@type":"BreadcrumbList","@id":"https:\/\/quehacerpolitico.mx\/?p=76461#breadcrumb","itemListElement":[{"@type":"ListItem","position":1,"name":"Inicio","item":"https:\/\/quehacerpolitico.mx\/"},{"@type":"ListItem","position":2,"name":"Vacuna COVID-19 de CanSino envasada en M\u00e9xico podr\u00eda aplicarse a finales de marzo: Ebrard"}]},{"@type":"WebSite","@id":"https:\/\/quehacerpolitico.mx\/#website","url":"https:\/\/quehacerpolitico.mx\/","name":"","description":"","potentialAction":[{"@type":"SearchAction","target":{"@type":"EntryPoint","urlTemplate":"https:\/\/quehacerpolitico.mx\/?s={search_term_string}"},"query-input":{"@type":"PropertyValueSpecification","valueRequired":true,"valueName":"search_term_string"}}],"inLanguage":"es"},{"@type":"Person","@id":"https:\/\/quehacerpolitico.mx\/#\/schema\/person\/496d8ad2d1d3f8036101dca7ee39e585","name":"Redacci\u00f3n QP","image":{"@type":"ImageObject","inLanguage":"es","@id":"https:\/\/secure.gravatar.com\/avatar\/c7164ed6fdec453195284ad24a5ae5b6e1eed2b848477fa2a4787ba9adf39a41?s=96&d=mm&r=g","url":"https:\/\/secure.gravatar.com\/avatar\/c7164ed6fdec453195284ad24a5ae5b6e1eed2b848477fa2a4787ba9adf39a41?s=96&d=mm&r=g","contentUrl":"https:\/\/secure.gravatar.com\/avatar\/c7164ed6fdec453195284ad24a5ae5b6e1eed2b848477fa2a4787ba9adf39a41?s=96&d=mm&r=g","caption":"Redacci\u00f3n QP"},"url":"https:\/\/quehacerpolitico.mx\/?author=2"}]}},"featured_image_urls":{"full":["https:\/\/quehacerpolitico.mx\/wp-content\/uploads\/2021\/03\/7884E7F7-3B09-4354-8D63-50331B94B61E.jpeg",1089,630,false],"thumbnail":["https:\/\/quehacerpolitico.mx\/wp-content\/uploads\/2021\/03\/7884E7F7-3B09-4354-8D63-50331B94B61E-150x150.jpeg",150,150,true],"medium":["https:\/\/quehacerpolitico.mx\/wp-content\/uploads\/2021\/03\/7884E7F7-3B09-4354-8D63-50331B94B61E-300x174.jpeg",300,174,true],"medium_large":["https:\/\/quehacerpolitico.mx\/wp-content\/uploads\/2021\/03\/7884E7F7-3B09-4354-8D63-50331B94B61E-768x444.jpeg",640,370,true],"large":["https:\/\/quehacerpolitico.mx\/wp-content\/uploads\/2021\/03\/7884E7F7-3B09-4354-8D63-50331B94B61E-1024x592.jpeg",640,370,true],"1536x1536":["https:\/\/quehacerpolitico.mx\/wp-content\/uploads\/2021\/03\/7884E7F7-3B09-4354-8D63-50331B94B61E.jpeg",1089,630,false],"2048x2048":["https:\/\/quehacerpolitico.mx\/wp-content\/uploads\/2021\/03\/7884E7F7-3B09-4354-8D63-50331B94B61E.jpeg",1089,630,false],"covernews-featured":["https:\/\/quehacerpolitico.mx\/wp-content\/uploads\/2021\/03\/7884E7F7-3B09-4354-8D63-50331B94B61E.jpeg",1024,592,false],"covernews-medium":["https:\/\/quehacerpolitico.mx\/wp-content\/uploads\/2021\/03\/7884E7F7-3B09-4354-8D63-50331B94B61E.jpeg",540,312,false]},"author_info":{"display_name":"Redacci\u00f3n QP","author_link":"https:\/\/quehacerpolitico.mx\/?author=2"},"category_info":"<a href=\"https:\/\/quehacerpolitico.mx\/?cat=2\" rel=\"category\">Noticias<\/a>","tag_info":"Noticias","comment_count":"0","_links":{"self":[{"href":"https:\/\/quehacerpolitico.mx\/index.php?rest_route=\/wp\/v2\/posts\/76461","targetHints":{"allow":["GET"]}}],"collection":[{"href":"https:\/\/quehacerpolitico.mx\/index.php?rest_route=\/wp\/v2\/posts"}],"about":[{"href":"https:\/\/quehacerpolitico.mx\/index.php?rest_route=\/wp\/v2\/types\/post"}],"author":[{"embeddable":true,"href":"https:\/\/quehacerpolitico.mx\/index.php?rest_route=\/wp\/v2\/users\/2"}],"replies":[{"embeddable":true,"href":"https:\/\/quehacerpolitico.mx\/index.php?rest_route=%2Fwp%2Fv2%2Fcomments&post=76461"}],"version-history":[{"count":0,"href":"https:\/\/quehacerpolitico.mx\/index.php?rest_route=\/wp\/v2\/posts\/76461\/revisions"}],"wp:featuredmedia":[{"embeddable":true,"href":"https:\/\/quehacerpolitico.mx\/index.php?rest_route=\/wp\/v2\/media\/76464"}],"wp:attachment":[{"href":"https:\/\/quehacerpolitico.mx\/index.php?rest_route=%2Fwp%2Fv2%2Fmedia&parent=76461"}],"wp:term":[{"taxonomy":"category","embeddable":true,"href":"https:\/\/quehacerpolitico.mx\/index.php?rest_route=%2Fwp%2Fv2%2Fcategories&post=76461"},{"taxonomy":"post_tag","embeddable":true,"href":"https:\/\/quehacerpolitico.mx\/index.php?rest_route=%2Fwp%2Fv2%2Ftags&post=76461"}],"curies":[{"name":"wp","href":"https:\/\/api.w.org\/{rel}","templated":true}]}}