{"id":7621,"date":"2018-10-24T14:04:58","date_gmt":"2018-10-24T14:04:58","guid":{"rendered":"http:\/\/quehacerpolitico.mx\/activistas-religiosos-y-pobladores-dan-la-mano-a-los-migrantes-y-reinician-su-viaje-hacia-mapastepec\/"},"modified":"2018-10-24T14:04:58","modified_gmt":"2018-10-24T14:04:58","slug":"activistas-religiosos-y-pobladores-dan-la-mano-a-los-migrantes-y-reinician-su-viaje-hacia-mapastepec","status":"publish","type":"post","link":"https:\/\/quehacerpolitico.mx\/?p=7621","title":{"rendered":"Activistas, religiosos y pobladores dan la mano a los migrantes y reinician su viaje hacia Mapastepec"},"content":{"rendered":"<h1>Activistas, religiosos y pobladores dan la mano a los migrantes y reinician su viaje hacia Mapastepec<\/h1>\n<p>Por Redacci\u00f3n QP<\/p>\n<p>La <strong>caravana de migrantes centroamericanos<\/strong> reanud\u00f3 su camino por el estado de <strong>Chiapas<\/strong> con rumbo a <strong>Estados Unidos<\/strong>, luego de detenerse en la ciudad de <strong>Huixtla<\/strong> para descansar y guardar luto por la muerte de uno de sus integrantes.<\/p>\n<p>Durante las primeras horas de la madrugada de este mi\u00e9rcoles, los migrantes partieron hacia Mapastepec, ubicado a 65 kil\u00f3metros de distancia.<\/p>\n<p>Tal y como ha sucedido en d\u00edas pasados, los integrantes de la caravana son apoyados por activistas, miembros de la iglesia y pobladores quien los ayudan a movilizarse en camionetas.<\/p>\n<p>Los migrantes decidieron partir de madrugada para evitar la intensidad de los rayos del sol, caminan sobre el acotamiento de la Carretera Costera y cruzaron el punto de revisi\u00f3n migratoria, aduanal y militar de Cerro Gordo.<\/p>\n<p><strong>TRUMP SIGUE EXPRESANDO RECHAZO A CARAVANA<\/strong><\/p>\n<p>El Presidente Donald Trump sigui\u00f3 tuiteando el mi\u00e9rcoles sobre la caravana de migrantes centroamericanos que se desplaza hacia la frontera estadounidense, pero la Casa Blanca rechaz\u00f3 la insinuaci\u00f3n de que est\u00e1 explotando el miedo.<\/p>\n<p>Estados Unidos \u201c\u00a1jam\u00e1s aceptar\u00e1 que gente entre a nuestro Pa\u00eds ilegalmente!\u201d, tuite\u00f3 Trump. Tambi\u00e9n sostuvo que Europa es un \u201cdesastre total\u201d debido a la inmigraci\u00f3n ilegal.<\/p>\n<p>El Presidente utiliza la caravana para destacar su pol\u00edtica inmigratoria intransigente de cara a las elecciones legislativas de noviembre.<\/p>\n<p>En la v\u00edspera, Trump reconoci\u00f3 que \u201cno hay pruebas\u201d para respaldar la denuncia de que hay gente del Medio Oriente en el grupo de migrantes. Tambi\u00e9n neg\u00f3 que utilizara la caravana para provocar miedo.<\/p>\n<p>La asesora de Casa Blanca, Kellyanne Conway, rechaz\u00f3 el mi\u00e9rcoles que estuviera explotando el miedo, y dijo que la caravana es \u201cun asunto muy grave\u201d.<\/p>\n","protected":false},"excerpt":{"rendered":"<p>Activistas, religiosos y pobladores dan la mano a los migrantes y reinician su viaje hacia Mapastepec<br \/>\nPor Redacci\u00f3n QP<\/p>\n","protected":false},"author":2,"featured_media":7620,"comment_status":"open","ping_status":"open","sticky":false,"template":"","format":"standard","meta":{"_monsterinsights_skip_tracking":false,"_monsterinsights_sitenote_active":false,"_monsterinsights_sitenote_note":"","_monsterinsights_sitenote_category":0,"footnotes":""},"categories":[2],"tags":[],"class_list":["post-7621","post","type-post","status-publish","format-standard","has-post-thumbnail","hentry","category-noticias"],"yoast_head":"<!-- This site is optimized with the Yoast SEO plugin v27.3 - https:\/\/yoast.com\/product\/yoast-seo-wordpress\/ -->\n<title>Activistas, religiosos y pobladores dan la mano a los migrantes y reinician su viaje hacia Mapastepec -<\/title>\n<meta name=\"robots\" content=\"index, follow, max-snippet:-1, max-image-preview:large, max-video-preview:-1\" \/>\n<link rel=\"canonical\" href=\"https:\/\/quehacerpolitico.mx\/?p=7621\" \/>\n<meta property=\"og:locale\" content=\"es_MX\" \/>\n<meta property=\"og:type\" content=\"article\" \/>\n<meta property=\"og:title\" content=\"Activistas, religiosos y pobladores dan la mano a los migrantes y reinician su viaje hacia Mapastepec -\" \/>\n<meta property=\"og:description\" content=\"Activistas, religiosos y pobladores dan la mano a los migrantes y reinician su viaje hacia Mapastepec Por Redacci\u00f3n QP\" \/>\n<meta property=\"og:url\" content=\"https:\/\/quehacerpolitico.mx\/?p=7621\" \/>\n<meta property=\"article:published_time\" content=\"2018-10-24T14:04:58+00:00\" \/>\n<meta name=\"author\" content=\"Redacci\u00f3n QP\" \/>\n<meta name=\"twitter:card\" content=\"summary_large_image\" \/>\n<meta name=\"twitter:label1\" content=\"Escrito por\" \/>\n\t<meta name=\"twitter:data1\" content=\"Redacci\u00f3n QP\" \/>\n\t<meta name=\"twitter:label2\" content=\"Tiempo de lectura\" \/>\n\t<meta name=\"twitter:data2\" content=\"2 minutos\" \/>\n<script type=\"application\/ld+json\" class=\"yoast-schema-graph\">{\"@context\":\"https:\\\/\\\/schema.org\",\"@graph\":[{\"@type\":\"Article\",\"@id\":\"https:\\\/\\\/quehacerpolitico.mx\\\/?p=7621#article\",\"isPartOf\":{\"@id\":\"https:\\\/\\\/quehacerpolitico.mx\\\/?p=7621\"},\"author\":{\"name\":\"Redacci\u00f3n QP\",\"@id\":\"https:\\\/\\\/quehacerpolitico.mx\\\/#\\\/schema\\\/person\\\/496d8ad2d1d3f8036101dca7ee39e585\"},\"headline\":\"Activistas, religiosos y pobladores dan la mano a los migrantes y reinician su viaje hacia Mapastepec\",\"datePublished\":\"2018-10-24T14:04:58+00:00\",\"mainEntityOfPage\":{\"@id\":\"https:\\\/\\\/quehacerpolitico.mx\\\/?p=7621\"},\"wordCount\":319,\"commentCount\":0,\"image\":{\"@id\":\"https:\\\/\\\/quehacerpolitico.mx\\\/?p=7621#primaryimage\"},\"thumbnailUrl\":\"\",\"articleSection\":[\"Noticias\"],\"inLanguage\":\"es\",\"potentialAction\":[{\"@type\":\"CommentAction\",\"name\":\"Comment\",\"target\":[\"https:\\\/\\\/quehacerpolitico.mx\\\/?p=7621#respond\"]}]},{\"@type\":\"WebPage\",\"@id\":\"https:\\\/\\\/quehacerpolitico.mx\\\/?p=7621\",\"url\":\"https:\\\/\\\/quehacerpolitico.mx\\\/?p=7621\",\"name\":\"Activistas, religiosos y pobladores dan la mano a los migrantes y reinician su viaje hacia Mapastepec -\",\"isPartOf\":{\"@id\":\"https:\\\/\\\/quehacerpolitico.mx\\\/#website\"},\"primaryImageOfPage\":{\"@id\":\"https:\\\/\\\/quehacerpolitico.mx\\\/?p=7621#primaryimage\"},\"image\":{\"@id\":\"https:\\\/\\\/quehacerpolitico.mx\\\/?p=7621#primaryimage\"},\"thumbnailUrl\":\"\",\"datePublished\":\"2018-10-24T14:04:58+00:00\",\"author\":{\"@id\":\"https:\\\/\\\/quehacerpolitico.mx\\\/#\\\/schema\\\/person\\\/496d8ad2d1d3f8036101dca7ee39e585\"},\"breadcrumb\":{\"@id\":\"https:\\\/\\\/quehacerpolitico.mx\\\/?p=7621#breadcrumb\"},\"inLanguage\":\"es\",\"potentialAction\":[{\"@type\":\"ReadAction\",\"target\":[\"https:\\\/\\\/quehacerpolitico.mx\\\/?p=7621\"]}]},{\"@type\":\"ImageObject\",\"inLanguage\":\"es\",\"@id\":\"https:\\\/\\\/quehacerpolitico.mx\\\/?p=7621#primaryimage\",\"url\":\"\",\"contentUrl\":\"\"},{\"@type\":\"BreadcrumbList\",\"@id\":\"https:\\\/\\\/quehacerpolitico.mx\\\/?p=7621#breadcrumb\",\"itemListElement\":[{\"@type\":\"ListItem\",\"position\":1,\"name\":\"Inicio\",\"item\":\"https:\\\/\\\/quehacerpolitico.mx\\\/\"},{\"@type\":\"ListItem\",\"position\":2,\"name\":\"Activistas, religiosos y pobladores dan la mano a los migrantes y reinician su viaje hacia Mapastepec\"}]},{\"@type\":\"WebSite\",\"@id\":\"https:\\\/\\\/quehacerpolitico.mx\\\/#website\",\"url\":\"https:\\\/\\\/quehacerpolitico.mx\\\/\",\"name\":\"\",\"description\":\"\",\"potentialAction\":[{\"@type\":\"SearchAction\",\"target\":{\"@type\":\"EntryPoint\",\"urlTemplate\":\"https:\\\/\\\/quehacerpolitico.mx\\\/?s={search_term_string}\"},\"query-input\":{\"@type\":\"PropertyValueSpecification\",\"valueRequired\":true,\"valueName\":\"search_term_string\"}}],\"inLanguage\":\"es\"},{\"@type\":\"Person\",\"@id\":\"https:\\\/\\\/quehacerpolitico.mx\\\/#\\\/schema\\\/person\\\/496d8ad2d1d3f8036101dca7ee39e585\",\"name\":\"Redacci\u00f3n QP\",\"image\":{\"@type\":\"ImageObject\",\"inLanguage\":\"es\",\"@id\":\"https:\\\/\\\/secure.gravatar.com\\\/avatar\\\/c7164ed6fdec453195284ad24a5ae5b6e1eed2b848477fa2a4787ba9adf39a41?s=96&d=mm&r=g\",\"url\":\"https:\\\/\\\/secure.gravatar.com\\\/avatar\\\/c7164ed6fdec453195284ad24a5ae5b6e1eed2b848477fa2a4787ba9adf39a41?s=96&d=mm&r=g\",\"contentUrl\":\"https:\\\/\\\/secure.gravatar.com\\\/avatar\\\/c7164ed6fdec453195284ad24a5ae5b6e1eed2b848477fa2a4787ba9adf39a41?s=96&d=mm&r=g\",\"caption\":\"Redacci\u00f3n QP\"},\"url\":\"https:\\\/\\\/quehacerpolitico.mx\\\/?author=2\"}]}<\/script>\n<!-- \/ Yoast SEO plugin. -->","yoast_head_json":{"title":"Activistas, religiosos y pobladores dan la mano a los migrantes y reinician su viaje hacia Mapastepec -","robots":{"index":"index","follow":"follow","max-snippet":"max-snippet:-1","max-image-preview":"max-image-preview:large","max-video-preview":"max-video-preview:-1"},"canonical":"https:\/\/quehacerpolitico.mx\/?p=7621","og_locale":"es_MX","og_type":"article","og_title":"Activistas, religiosos y pobladores dan la mano a los migrantes y reinician su viaje hacia Mapastepec -","og_description":"Activistas, religiosos y pobladores dan la mano a los migrantes y reinician su viaje hacia Mapastepec Por Redacci\u00f3n QP","og_url":"https:\/\/quehacerpolitico.mx\/?p=7621","article_published_time":"2018-10-24T14:04:58+00:00","author":"Redacci\u00f3n QP","twitter_card":"summary_large_image","twitter_misc":{"Escrito por":"Redacci\u00f3n QP","Tiempo de lectura":"2 minutos"},"schema":{"@context":"https:\/\/schema.org","@graph":[{"@type":"Article","@id":"https:\/\/quehacerpolitico.mx\/?p=7621#article","isPartOf":{"@id":"https:\/\/quehacerpolitico.mx\/?p=7621"},"author":{"name":"Redacci\u00f3n QP","@id":"https:\/\/quehacerpolitico.mx\/#\/schema\/person\/496d8ad2d1d3f8036101dca7ee39e585"},"headline":"Activistas, religiosos y pobladores dan la mano a los migrantes y reinician su viaje hacia Mapastepec","datePublished":"2018-10-24T14:04:58+00:00","mainEntityOfPage":{"@id":"https:\/\/quehacerpolitico.mx\/?p=7621"},"wordCount":319,"commentCount":0,"image":{"@id":"https:\/\/quehacerpolitico.mx\/?p=7621#primaryimage"},"thumbnailUrl":"","articleSection":["Noticias"],"inLanguage":"es","potentialAction":[{"@type":"CommentAction","name":"Comment","target":["https:\/\/quehacerpolitico.mx\/?p=7621#respond"]}]},{"@type":"WebPage","@id":"https:\/\/quehacerpolitico.mx\/?p=7621","url":"https:\/\/quehacerpolitico.mx\/?p=7621","name":"Activistas, religiosos y pobladores dan la mano a los migrantes y reinician su viaje hacia Mapastepec -","isPartOf":{"@id":"https:\/\/quehacerpolitico.mx\/#website"},"primaryImageOfPage":{"@id":"https:\/\/quehacerpolitico.mx\/?p=7621#primaryimage"},"image":{"@id":"https:\/\/quehacerpolitico.mx\/?p=7621#primaryimage"},"thumbnailUrl":"","datePublished":"2018-10-24T14:04:58+00:00","author":{"@id":"https:\/\/quehacerpolitico.mx\/#\/schema\/person\/496d8ad2d1d3f8036101dca7ee39e585"},"breadcrumb":{"@id":"https:\/\/quehacerpolitico.mx\/?p=7621#breadcrumb"},"inLanguage":"es","potentialAction":[{"@type":"ReadAction","target":["https:\/\/quehacerpolitico.mx\/?p=7621"]}]},{"@type":"ImageObject","inLanguage":"es","@id":"https:\/\/quehacerpolitico.mx\/?p=7621#primaryimage","url":"","contentUrl":""},{"@type":"BreadcrumbList","@id":"https:\/\/quehacerpolitico.mx\/?p=7621#breadcrumb","itemListElement":[{"@type":"ListItem","position":1,"name":"Inicio","item":"https:\/\/quehacerpolitico.mx\/"},{"@type":"ListItem","position":2,"name":"Activistas, religiosos y pobladores dan la mano a los migrantes y reinician su viaje hacia Mapastepec"}]},{"@type":"WebSite","@id":"https:\/\/quehacerpolitico.mx\/#website","url":"https:\/\/quehacerpolitico.mx\/","name":"","description":"","potentialAction":[{"@type":"SearchAction","target":{"@type":"EntryPoint","urlTemplate":"https:\/\/quehacerpolitico.mx\/?s={search_term_string}"},"query-input":{"@type":"PropertyValueSpecification","valueRequired":true,"valueName":"search_term_string"}}],"inLanguage":"es"},{"@type":"Person","@id":"https:\/\/quehacerpolitico.mx\/#\/schema\/person\/496d8ad2d1d3f8036101dca7ee39e585","name":"Redacci\u00f3n QP","image":{"@type":"ImageObject","inLanguage":"es","@id":"https:\/\/secure.gravatar.com\/avatar\/c7164ed6fdec453195284ad24a5ae5b6e1eed2b848477fa2a4787ba9adf39a41?s=96&d=mm&r=g","url":"https:\/\/secure.gravatar.com\/avatar\/c7164ed6fdec453195284ad24a5ae5b6e1eed2b848477fa2a4787ba9adf39a41?s=96&d=mm&r=g","contentUrl":"https:\/\/secure.gravatar.com\/avatar\/c7164ed6fdec453195284ad24a5ae5b6e1eed2b848477fa2a4787ba9adf39a41?s=96&d=mm&r=g","caption":"Redacci\u00f3n QP"},"url":"https:\/\/quehacerpolitico.mx\/?author=2"}]}},"featured_image_urls":{"full":"","thumbnail":"","medium":"","medium_large":"","large":"","1536x1536":"","2048x2048":"","covernews-featured":"","covernews-medium":""},"author_info":{"display_name":"Redacci\u00f3n QP","author_link":"https:\/\/quehacerpolitico.mx\/?author=2"},"category_info":"<a href=\"https:\/\/quehacerpolitico.mx\/?cat=2\" rel=\"category\">Noticias<\/a>","tag_info":"Noticias","comment_count":"0","_links":{"self":[{"href":"https:\/\/quehacerpolitico.mx\/index.php?rest_route=\/wp\/v2\/posts\/7621","targetHints":{"allow":["GET"]}}],"collection":[{"href":"https:\/\/quehacerpolitico.mx\/index.php?rest_route=\/wp\/v2\/posts"}],"about":[{"href":"https:\/\/quehacerpolitico.mx\/index.php?rest_route=\/wp\/v2\/types\/post"}],"author":[{"embeddable":true,"href":"https:\/\/quehacerpolitico.mx\/index.php?rest_route=\/wp\/v2\/users\/2"}],"replies":[{"embeddable":true,"href":"https:\/\/quehacerpolitico.mx\/index.php?rest_route=%2Fwp%2Fv2%2Fcomments&post=7621"}],"version-history":[{"count":0,"href":"https:\/\/quehacerpolitico.mx\/index.php?rest_route=\/wp\/v2\/posts\/7621\/revisions"}],"wp:featuredmedia":[{"embeddable":true,"href":"https:\/\/quehacerpolitico.mx\/index.php?rest_route=\/"}],"wp:attachment":[{"href":"https:\/\/quehacerpolitico.mx\/index.php?rest_route=%2Fwp%2Fv2%2Fmedia&parent=7621"}],"wp:term":[{"taxonomy":"category","embeddable":true,"href":"https:\/\/quehacerpolitico.mx\/index.php?rest_route=%2Fwp%2Fv2%2Fcategories&post=7621"},{"taxonomy":"post_tag","embeddable":true,"href":"https:\/\/quehacerpolitico.mx\/index.php?rest_route=%2Fwp%2Fv2%2Ftags&post=7621"}],"curies":[{"name":"wp","href":"https:\/\/api.w.org\/{rel}","templated":true}]}}