{"id":7605,"date":"2018-10-24T04:11:09","date_gmt":"2018-10-24T04:11:09","guid":{"rendered":"http:\/\/quehacerpolitico.mx\/proyectan-en-el-museo-de-la-ciudad-de-mexico-cortometrajes-sobre-el-movimiento-estudiantil-de-1968\/"},"modified":"2018-10-24T04:11:09","modified_gmt":"2018-10-24T04:11:09","slug":"proyectan-en-el-museo-de-la-ciudad-de-mexico-cortometrajes-sobre-el-movimiento-estudiantil-de-1968","status":"publish","type":"post","link":"https:\/\/quehacerpolitico.mx\/?p=7605","title":{"rendered":"PROYECTAN EN EL MUSEO DE LA CIUDAD DE M\u00c9XICO CORTOMETRAJES SOBRE EL MOVIMIENTO ESTUDIANTIL DE 1968"},"content":{"rendered":"<h3 class=\"post-title entry-title\">PROYECTAN EN EL MUSEO DE LA CIUDAD DE M\u00c9XICO CORTOMETRAJES SOBRE EL MOVIMIENTO ESTUDIANTIL DE 1968<\/h3>\n<p>Por Redacci\u00f3n QP<\/p>\n<p class=\"yiv4013526759MsoNormal\"><span lang=\"ES\">En el marco de la campa\u00f1a &#8220;Di\u00e1logo P\u00fablico 68&#8221; que conmemora la lucha del movimiento estudiantil de hace medio siglo, fueron proyectados los cortometrajes ganadores de la convocatoria &#8220;A 50 a\u00f1os del 68 en la Ciudad de M\u00e9xico&#8221;, iniciativa promovida por la Secretar\u00eda de Cultura capitalina, a trav\u00e9s del Fideicomiso para la Promoci\u00f3n y Desarrollo del Cine Mexicano (PROCINEDF).<\/span><\/p>\n<p class=\"yiv4013526759MsoNormal\"><span id=\"yMail_cursorElementTracker_1540342762965\" lang=\"ES\">Los cortometrajes fueron proyectados en el Museo de la Ciudad de M\u00e9xico, y mediante la convocatoria &#8220;Apoyo para la producci\u00f3n y realizaci\u00f3n de cortometrajes con la tem\u00e1tica de 50 a\u00f1os del 68 en M\u00e9xico&#8221;, el \u00d3rgano de Evaluaci\u00f3n de PROCINEDF seleccion\u00f3 de entre 50 trabajos a los cinco ganadores, cuyas historias retoman vivencias y testimonios de aquella \u00e9poca.<\/span><\/p>\n<p class=\"yiv5886380859MsoNormal\"><span lang=\"ES\">Los vencedores fueron: Fuego Ol\u00edmpico; Lazareto; \u00bfPor qu\u00e9 los matas? \u00a1Si no son criminales!; Ganar la calle; y Fuego en el s\u00f3tano.<\/span><\/p>\n<p class=\"yiv5886380859MsoNormal\"><span lang=\"ES\">Durante la noche del lunes 22 de octubre, la encargada del PROCINEDF, Paola Stefani La Madrid, se\u00f1al\u00f3 que la convocatoria es un esfuerzo colectivo junto con una cantidad enorme de actividades impulsadas por la Secretar\u00eda de Cultura de la CDMX para recordar al movimiento estudiantil de 1968 en M\u00e9xico.<\/span><\/p>\n<p class=\"yiv5886380859MsoNormal\"><span lang=\"ES\">Las cinco historias audiovisuales, explic\u00f3, en conjunto son una pieza que da cuenta de distintos sucesos del 68 en la capital. &#8220;A trav\u00e9s de la ficci\u00f3n y el documental se reinterpretan o se develan nuevos testimonios de un a\u00f1o que nos ha marcado a todos, los que estuvieron y los que no estuvimos, y que forman parte de nuestra memoria y nuestro presente&#8221;, coment\u00f3.\u00a0<\/span><\/p>\n<p class=\"yiv5886380859MsoNormal\"><span lang=\"ES\">Tambi\u00e9n agradeci\u00f3 a los cinco realizadores y equipos por los cortometrajes que presentaron en el Museo de la Ciudad de M\u00e9xico \u2500recinto que albergar\u00e1 hasta febrero de 2019 la exposici\u00f3n interactiva La traza del 68. Una po\u00e9tica\u2500, as\u00ed como la participaci\u00f3n en la funci\u00f3n del colectivo CineM\u00f3vil Toto, el cual propone la generaci\u00f3n de energ\u00eda el\u00e9ctrica a trav\u00e9s de bicicleta.<\/span><\/p>\n<p class=\"yiv5886380859MsoNormal\"><span lang=\"ES\">Previo a la proyecci\u00f3n, \u00c1lvaro Romeo Cartagena, integrante del Comit\u00e9 del 68 y miembro del Comit\u00e9 T\u00e9cnico de PROCINEDF, expres\u00f3 que &#8220;Estos documentales contribuyen a tener conciencia de que podemos salir a la calle, a exigir justicia&#8221;.<\/span><\/p>\n<p class=\"yiv5886380859MsoNormal\"><span lang=\"ES\">\u00a0<\/span><span lang=\"ES\">El director de cine Alberto Cort\u00e9s, jurado de la convocatoria junto con Paulina Su\u00e1rez Hesketh y Mar\u00eda Laura Imperiale Artayeta, reconoci\u00f3 el trabajo que realiza el Fideicomiso con proyecciones en diferentes espacios como las F\u00e1bricas de Artes y Oficios (FAROS) de la ciudad.<\/span><\/p>\n<p class=\"yiv5886380859MsoNormal\"><span lang=\"ES\">Expres\u00f3 que los trabajos proyectados &#8220;son miradas desde el M\u00e9xico contempor\u00e1neo sobre aquel movimiento estudiantil&#8221;.<\/span><\/p>\n<p class=\"yiv5886380859MsoNormal\"><span lang=\"ES\">En la proyecci\u00f3n tambi\u00e9n estuvieron presentes integrantes del Comit\u00e9 de Lucha de 1968, entre ellos Ana Ignacia Rodr\u00edguez &#8220;La Nacha&#8221;.<\/span><\/p>\n<p class=\"yiv5886380859MsoNormal\"><span lang=\"ES\">Al t\u00e9rmino de la funci\u00f3n, los directores de los cortometrajes que se proyectaron, Ricardo Soto, Eva V\u00e1zquez,\u00a0 Alfonso D\u00edaz, Ludovic Bonleux y Gustavo Hern\u00e1ndez, intercambiaron experiencias con los asistentes.<\/span><\/p>\n<p class=\"yiv5886380859MsoNormal\"><span lang=\"ES\">Para conocer todas las actividades, consulte la programaci\u00f3n y actualizaciones en:\u00a0<a href=\"http:\/\/data.cultura.cdmx.gob.mx\/dialogopublico68\" target=\"_blank\" rel=\"nofollow noopener\">http:\/\/data.cultura.cdmx.gob.mx\/dialogopublico68<\/a><\/span><\/p>\n<p class=\"yiv5886380859MsoNormal\"><span id=\"yiv5886380859yMail_cursorElementTracker_1540342584924\" lang=\"ES\">La cartelera de la Secretar\u00eda de Cultura de la Ciudad de M\u00e9xico est\u00e1 disponible en\u00a0<a href=\"http:\/\/www.cultura.cdmx.gob.mx\/\" target=\"_blank\" rel=\"nofollow noopener\">http:\/\/www.cultura.cdmx.gob.mx<\/a>\u00a0\u00a0y en el sitio\u00a0<a href=\"http:\/\/www.cartelera.cdmx.gob.mx\/\" target=\"_blank\" rel=\"nofollow noopener\">http:\/\/www.cartelera.cdmx.gob.mx<\/a>.<\/span><\/p>\n","protected":false},"excerpt":{"rendered":"<p>PROYECTAN EN EL MUSEO DE LA CIUDAD DE M\u00c9XICO CORTOMETRAJES SOBRE EL MOVIMIENTO ESTUDIANTIL DE 1968<br \/>\nPor Redacci\u00f3n QP<\/p>\n","protected":false},"author":2,"featured_media":7604,"comment_status":"open","ping_status":"open","sticky":false,"template":"","format":"standard","meta":{"_monsterinsights_skip_tracking":false,"_monsterinsights_sitenote_active":false,"_monsterinsights_sitenote_note":"","_monsterinsights_sitenote_category":0,"footnotes":""},"categories":[58],"tags":[],"class_list":["post-7605","post","type-post","status-publish","format-standard","has-post-thumbnail","hentry","category-cultura"],"yoast_head":"<!-- This site is optimized with the Yoast SEO plugin v27.3 - https:\/\/yoast.com\/product\/yoast-seo-wordpress\/ -->\n<title>PROYECTAN EN EL MUSEO DE LA CIUDAD DE M\u00c9XICO CORTOMETRAJES SOBRE EL MOVIMIENTO ESTUDIANTIL DE 1968 -<\/title>\n<meta name=\"robots\" content=\"index, follow, max-snippet:-1, max-image-preview:large, max-video-preview:-1\" \/>\n<link rel=\"canonical\" href=\"https:\/\/quehacerpolitico.mx\/?p=7605\" \/>\n<meta property=\"og:locale\" content=\"es_MX\" \/>\n<meta property=\"og:type\" content=\"article\" \/>\n<meta property=\"og:title\" content=\"PROYECTAN EN EL MUSEO DE LA CIUDAD DE M\u00c9XICO CORTOMETRAJES SOBRE EL MOVIMIENTO ESTUDIANTIL DE 1968 -\" \/>\n<meta property=\"og:description\" content=\"PROYECTAN EN EL MUSEO DE LA CIUDAD DE M\u00c9XICO CORTOMETRAJES SOBRE EL MOVIMIENTO ESTUDIANTIL DE 1968 Por Redacci\u00f3n QP\" \/>\n<meta property=\"og:url\" content=\"https:\/\/quehacerpolitico.mx\/?p=7605\" \/>\n<meta property=\"article:published_time\" content=\"2018-10-24T04:11:09+00:00\" \/>\n<meta name=\"author\" content=\"Redacci\u00f3n QP\" \/>\n<meta name=\"twitter:card\" content=\"summary_large_image\" \/>\n<meta name=\"twitter:label1\" content=\"Escrito por\" \/>\n\t<meta name=\"twitter:data1\" content=\"Redacci\u00f3n QP\" \/>\n\t<meta name=\"twitter:label2\" content=\"Tiempo de lectura\" \/>\n\t<meta name=\"twitter:data2\" content=\"3 minutos\" \/>\n<script type=\"application\/ld+json\" class=\"yoast-schema-graph\">{\"@context\":\"https:\\\/\\\/schema.org\",\"@graph\":[{\"@type\":\"Article\",\"@id\":\"https:\\\/\\\/quehacerpolitico.mx\\\/?p=7605#article\",\"isPartOf\":{\"@id\":\"https:\\\/\\\/quehacerpolitico.mx\\\/?p=7605\"},\"author\":{\"name\":\"Redacci\u00f3n QP\",\"@id\":\"https:\\\/\\\/quehacerpolitico.mx\\\/#\\\/schema\\\/person\\\/496d8ad2d1d3f8036101dca7ee39e585\"},\"headline\":\"PROYECTAN EN EL MUSEO DE LA CIUDAD DE M\u00c9XICO CORTOMETRAJES SOBRE EL MOVIMIENTO ESTUDIANTIL DE 1968\",\"datePublished\":\"2018-10-24T04:11:09+00:00\",\"mainEntityOfPage\":{\"@id\":\"https:\\\/\\\/quehacerpolitico.mx\\\/?p=7605\"},\"wordCount\":581,\"commentCount\":0,\"image\":{\"@id\":\"https:\\\/\\\/quehacerpolitico.mx\\\/?p=7605#primaryimage\"},\"thumbnailUrl\":\"\",\"articleSection\":[\"Cultura y Entretenimiento\"],\"inLanguage\":\"es\",\"potentialAction\":[{\"@type\":\"CommentAction\",\"name\":\"Comment\",\"target\":[\"https:\\\/\\\/quehacerpolitico.mx\\\/?p=7605#respond\"]}]},{\"@type\":\"WebPage\",\"@id\":\"https:\\\/\\\/quehacerpolitico.mx\\\/?p=7605\",\"url\":\"https:\\\/\\\/quehacerpolitico.mx\\\/?p=7605\",\"name\":\"PROYECTAN EN EL MUSEO DE LA CIUDAD DE M\u00c9XICO CORTOMETRAJES SOBRE EL MOVIMIENTO ESTUDIANTIL DE 1968 -\",\"isPartOf\":{\"@id\":\"https:\\\/\\\/quehacerpolitico.mx\\\/#website\"},\"primaryImageOfPage\":{\"@id\":\"https:\\\/\\\/quehacerpolitico.mx\\\/?p=7605#primaryimage\"},\"image\":{\"@id\":\"https:\\\/\\\/quehacerpolitico.mx\\\/?p=7605#primaryimage\"},\"thumbnailUrl\":\"\",\"datePublished\":\"2018-10-24T04:11:09+00:00\",\"author\":{\"@id\":\"https:\\\/\\\/quehacerpolitico.mx\\\/#\\\/schema\\\/person\\\/496d8ad2d1d3f8036101dca7ee39e585\"},\"breadcrumb\":{\"@id\":\"https:\\\/\\\/quehacerpolitico.mx\\\/?p=7605#breadcrumb\"},\"inLanguage\":\"es\",\"potentialAction\":[{\"@type\":\"ReadAction\",\"target\":[\"https:\\\/\\\/quehacerpolitico.mx\\\/?p=7605\"]}]},{\"@type\":\"ImageObject\",\"inLanguage\":\"es\",\"@id\":\"https:\\\/\\\/quehacerpolitico.mx\\\/?p=7605#primaryimage\",\"url\":\"\",\"contentUrl\":\"\"},{\"@type\":\"BreadcrumbList\",\"@id\":\"https:\\\/\\\/quehacerpolitico.mx\\\/?p=7605#breadcrumb\",\"itemListElement\":[{\"@type\":\"ListItem\",\"position\":1,\"name\":\"Inicio\",\"item\":\"https:\\\/\\\/quehacerpolitico.mx\\\/\"},{\"@type\":\"ListItem\",\"position\":2,\"name\":\"PROYECTAN EN EL MUSEO DE LA CIUDAD DE M\u00c9XICO CORTOMETRAJES SOBRE EL MOVIMIENTO ESTUDIANTIL DE 1968\"}]},{\"@type\":\"WebSite\",\"@id\":\"https:\\\/\\\/quehacerpolitico.mx\\\/#website\",\"url\":\"https:\\\/\\\/quehacerpolitico.mx\\\/\",\"name\":\"\",\"description\":\"\",\"potentialAction\":[{\"@type\":\"SearchAction\",\"target\":{\"@type\":\"EntryPoint\",\"urlTemplate\":\"https:\\\/\\\/quehacerpolitico.mx\\\/?s={search_term_string}\"},\"query-input\":{\"@type\":\"PropertyValueSpecification\",\"valueRequired\":true,\"valueName\":\"search_term_string\"}}],\"inLanguage\":\"es\"},{\"@type\":\"Person\",\"@id\":\"https:\\\/\\\/quehacerpolitico.mx\\\/#\\\/schema\\\/person\\\/496d8ad2d1d3f8036101dca7ee39e585\",\"name\":\"Redacci\u00f3n QP\",\"image\":{\"@type\":\"ImageObject\",\"inLanguage\":\"es\",\"@id\":\"https:\\\/\\\/secure.gravatar.com\\\/avatar\\\/c7164ed6fdec453195284ad24a5ae5b6e1eed2b848477fa2a4787ba9adf39a41?s=96&d=mm&r=g\",\"url\":\"https:\\\/\\\/secure.gravatar.com\\\/avatar\\\/c7164ed6fdec453195284ad24a5ae5b6e1eed2b848477fa2a4787ba9adf39a41?s=96&d=mm&r=g\",\"contentUrl\":\"https:\\\/\\\/secure.gravatar.com\\\/avatar\\\/c7164ed6fdec453195284ad24a5ae5b6e1eed2b848477fa2a4787ba9adf39a41?s=96&d=mm&r=g\",\"caption\":\"Redacci\u00f3n QP\"},\"url\":\"https:\\\/\\\/quehacerpolitico.mx\\\/?author=2\"}]}<\/script>\n<!-- \/ Yoast SEO plugin. -->","yoast_head_json":{"title":"PROYECTAN EN EL MUSEO DE LA CIUDAD DE M\u00c9XICO CORTOMETRAJES SOBRE EL MOVIMIENTO ESTUDIANTIL DE 1968 -","robots":{"index":"index","follow":"follow","max-snippet":"max-snippet:-1","max-image-preview":"max-image-preview:large","max-video-preview":"max-video-preview:-1"},"canonical":"https:\/\/quehacerpolitico.mx\/?p=7605","og_locale":"es_MX","og_type":"article","og_title":"PROYECTAN EN EL MUSEO DE LA CIUDAD DE M\u00c9XICO CORTOMETRAJES SOBRE EL MOVIMIENTO ESTUDIANTIL DE 1968 -","og_description":"PROYECTAN EN EL MUSEO DE LA CIUDAD DE M\u00c9XICO CORTOMETRAJES SOBRE EL MOVIMIENTO ESTUDIANTIL DE 1968 Por Redacci\u00f3n QP","og_url":"https:\/\/quehacerpolitico.mx\/?p=7605","article_published_time":"2018-10-24T04:11:09+00:00","author":"Redacci\u00f3n QP","twitter_card":"summary_large_image","twitter_misc":{"Escrito por":"Redacci\u00f3n QP","Tiempo de lectura":"3 minutos"},"schema":{"@context":"https:\/\/schema.org","@graph":[{"@type":"Article","@id":"https:\/\/quehacerpolitico.mx\/?p=7605#article","isPartOf":{"@id":"https:\/\/quehacerpolitico.mx\/?p=7605"},"author":{"name":"Redacci\u00f3n QP","@id":"https:\/\/quehacerpolitico.mx\/#\/schema\/person\/496d8ad2d1d3f8036101dca7ee39e585"},"headline":"PROYECTAN EN EL MUSEO DE LA CIUDAD DE M\u00c9XICO CORTOMETRAJES SOBRE EL MOVIMIENTO ESTUDIANTIL DE 1968","datePublished":"2018-10-24T04:11:09+00:00","mainEntityOfPage":{"@id":"https:\/\/quehacerpolitico.mx\/?p=7605"},"wordCount":581,"commentCount":0,"image":{"@id":"https:\/\/quehacerpolitico.mx\/?p=7605#primaryimage"},"thumbnailUrl":"","articleSection":["Cultura y Entretenimiento"],"inLanguage":"es","potentialAction":[{"@type":"CommentAction","name":"Comment","target":["https:\/\/quehacerpolitico.mx\/?p=7605#respond"]}]},{"@type":"WebPage","@id":"https:\/\/quehacerpolitico.mx\/?p=7605","url":"https:\/\/quehacerpolitico.mx\/?p=7605","name":"PROYECTAN EN EL MUSEO DE LA CIUDAD DE M\u00c9XICO CORTOMETRAJES SOBRE EL MOVIMIENTO ESTUDIANTIL DE 1968 -","isPartOf":{"@id":"https:\/\/quehacerpolitico.mx\/#website"},"primaryImageOfPage":{"@id":"https:\/\/quehacerpolitico.mx\/?p=7605#primaryimage"},"image":{"@id":"https:\/\/quehacerpolitico.mx\/?p=7605#primaryimage"},"thumbnailUrl":"","datePublished":"2018-10-24T04:11:09+00:00","author":{"@id":"https:\/\/quehacerpolitico.mx\/#\/schema\/person\/496d8ad2d1d3f8036101dca7ee39e585"},"breadcrumb":{"@id":"https:\/\/quehacerpolitico.mx\/?p=7605#breadcrumb"},"inLanguage":"es","potentialAction":[{"@type":"ReadAction","target":["https:\/\/quehacerpolitico.mx\/?p=7605"]}]},{"@type":"ImageObject","inLanguage":"es","@id":"https:\/\/quehacerpolitico.mx\/?p=7605#primaryimage","url":"","contentUrl":""},{"@type":"BreadcrumbList","@id":"https:\/\/quehacerpolitico.mx\/?p=7605#breadcrumb","itemListElement":[{"@type":"ListItem","position":1,"name":"Inicio","item":"https:\/\/quehacerpolitico.mx\/"},{"@type":"ListItem","position":2,"name":"PROYECTAN EN EL MUSEO DE LA CIUDAD DE M\u00c9XICO CORTOMETRAJES SOBRE EL MOVIMIENTO ESTUDIANTIL DE 1968"}]},{"@type":"WebSite","@id":"https:\/\/quehacerpolitico.mx\/#website","url":"https:\/\/quehacerpolitico.mx\/","name":"","description":"","potentialAction":[{"@type":"SearchAction","target":{"@type":"EntryPoint","urlTemplate":"https:\/\/quehacerpolitico.mx\/?s={search_term_string}"},"query-input":{"@type":"PropertyValueSpecification","valueRequired":true,"valueName":"search_term_string"}}],"inLanguage":"es"},{"@type":"Person","@id":"https:\/\/quehacerpolitico.mx\/#\/schema\/person\/496d8ad2d1d3f8036101dca7ee39e585","name":"Redacci\u00f3n QP","image":{"@type":"ImageObject","inLanguage":"es","@id":"https:\/\/secure.gravatar.com\/avatar\/c7164ed6fdec453195284ad24a5ae5b6e1eed2b848477fa2a4787ba9adf39a41?s=96&d=mm&r=g","url":"https:\/\/secure.gravatar.com\/avatar\/c7164ed6fdec453195284ad24a5ae5b6e1eed2b848477fa2a4787ba9adf39a41?s=96&d=mm&r=g","contentUrl":"https:\/\/secure.gravatar.com\/avatar\/c7164ed6fdec453195284ad24a5ae5b6e1eed2b848477fa2a4787ba9adf39a41?s=96&d=mm&r=g","caption":"Redacci\u00f3n QP"},"url":"https:\/\/quehacerpolitico.mx\/?author=2"}]}},"featured_image_urls":{"full":"","thumbnail":"","medium":"","medium_large":"","large":"","1536x1536":"","2048x2048":"","covernews-featured":"","covernews-medium":""},"author_info":{"display_name":"Redacci\u00f3n QP","author_link":"https:\/\/quehacerpolitico.mx\/?author=2"},"category_info":"<a href=\"https:\/\/quehacerpolitico.mx\/?cat=58\" rel=\"category\">Cultura y Entretenimiento<\/a>","tag_info":"Cultura y Entretenimiento","comment_count":"0","_links":{"self":[{"href":"https:\/\/quehacerpolitico.mx\/index.php?rest_route=\/wp\/v2\/posts\/7605","targetHints":{"allow":["GET"]}}],"collection":[{"href":"https:\/\/quehacerpolitico.mx\/index.php?rest_route=\/wp\/v2\/posts"}],"about":[{"href":"https:\/\/quehacerpolitico.mx\/index.php?rest_route=\/wp\/v2\/types\/post"}],"author":[{"embeddable":true,"href":"https:\/\/quehacerpolitico.mx\/index.php?rest_route=\/wp\/v2\/users\/2"}],"replies":[{"embeddable":true,"href":"https:\/\/quehacerpolitico.mx\/index.php?rest_route=%2Fwp%2Fv2%2Fcomments&post=7605"}],"version-history":[{"count":0,"href":"https:\/\/quehacerpolitico.mx\/index.php?rest_route=\/wp\/v2\/posts\/7605\/revisions"}],"wp:featuredmedia":[{"embeddable":true,"href":"https:\/\/quehacerpolitico.mx\/index.php?rest_route=\/"}],"wp:attachment":[{"href":"https:\/\/quehacerpolitico.mx\/index.php?rest_route=%2Fwp%2Fv2%2Fmedia&parent=7605"}],"wp:term":[{"taxonomy":"category","embeddable":true,"href":"https:\/\/quehacerpolitico.mx\/index.php?rest_route=%2Fwp%2Fv2%2Fcategories&post=7605"},{"taxonomy":"post_tag","embeddable":true,"href":"https:\/\/quehacerpolitico.mx\/index.php?rest_route=%2Fwp%2Fv2%2Ftags&post=7605"}],"curies":[{"name":"wp","href":"https:\/\/api.w.org\/{rel}","templated":true}]}}