{"id":7603,"date":"2018-10-24T04:04:17","date_gmt":"2018-10-24T04:04:17","guid":{"rendered":"http:\/\/quehacerpolitico.mx\/video-captan-por-primeva-vez-a-nieta-de-el-chapo-cantando-cancion-de-jenni-rivera\/"},"modified":"2018-10-24T04:04:17","modified_gmt":"2018-10-24T04:04:17","slug":"video-captan-por-primeva-vez-a-nieta-de-el-chapo-cantando-cancion-de-jenni-rivera","status":"publish","type":"post","link":"https:\/\/quehacerpolitico.mx\/?p=7603","title":{"rendered":"[VIDEO] Captan por primeva vez a nieta de \u2018El Chapo\u2019 cantando canci\u00f3n de Jenni Rivera"},"content":{"rendered":"<h2 class=\"genTitle\">[VIDEO] Captan por primeva vez a nieta de \u2018El Chapo\u2019 cantando canci\u00f3n de Jenni Rivera<\/h2>\n<p>Por Redacci\u00f3n QP<\/p>\n<p>Una <strong>reportera<\/strong> de <strong>Estados Unidos<\/strong> subi\u00f3 a su cuenta de<strong> Instagram<\/strong> un <strong>video<\/strong> en el que aparece Sof\u00eda, nieta de <strong>Joaqu\u00edn<\/strong>, <strong><em>El Chapo<\/em> Guzm\u00e1n<\/strong>, cantando con cierta maestr\u00eda una canci\u00f3n de <strong>Jenni Rivera<\/strong>.<\/p>\n<p>El video se ha hecho viral en las \u00faltimas horas, no tanto por la calidad de la interpretaci\u00f3n, sino por tratarse del primer registro gr\u00e1fico masivo de la hija que tuvieran <strong>Frida Mu\u00f1oz Rom\u00e1n\u00a0<\/strong> y <strong>\u00c9dgar Guzm\u00e1n L\u00f3pez<\/strong>, hijo mayor consentido de <em>El Chapo<\/em>, quien fuera asesinado en 2008 por los propios sicarios de su padre en una confusi\u00f3n. Sin embargo existe otra versi\u00f3n que revela que quienes lo asesinaron fueron matones del cartel de los <strong>Beltr\u00e1n Leyva<\/strong>.<\/p>\n<p>https:\/\/www.instagram.com\/p\/BpOFzyhhU5A\/?utm_source=ig_web_copy_link<\/p>\n<p>La reportera Nelssie, dedicada a cubrir <strong>temas de espect\u00e1culos<\/strong>, no informa si fue ella misma quien capt\u00f3 a la nieta del l\u00edder del <strong>Cartel de Sinaloa<\/strong>, sin embargo s\u00ed se alcanza a percibir cierto tono c\u00e9lebre en su publicaci\u00f3n de Instagram.<\/p>\n<p>El video de la nieta de El Chapo tambi\u00e9n cobra trascendencia porque se aproxima la comparecencia del narcotraficante ante las autoridades estadounidenses.<\/p>\n<p><strong>El d\u00eda en que mataron a Edgar Guzm\u00e1n L\u00f3pez<\/strong><\/p>\n<p>En Sinaloa han asesinado a cientos de narcos, pero el de Edgar Guzm\u00e1n L\u00f3pez fue diferente. Tras la muerte del joven de 22 a\u00f1os en 2008 se erigi\u00f3 en medio del estacionamiento del <strong>City Club de Culiac\u00e1n<\/strong>, donde cay\u00f3 abatido, un obelisco en forma de cruz, para homenajearlo, el cual no se han atrevido a quitar ni el ayuntamiento ni los propietarios de la tienda.<\/p>\n<div id=\"attachment_257200\" class=\"wp-caption aligncenter\"><img loading=\"lazy\" decoding=\"async\" class=\"wp-image-257200\" src=\"https:\/\/elbigdata.mx\/wp-content\/uploads\/2018\/10\/Edgar_Guzm%C3%A1n_L%C3%B3pez_novia_sofia-1024x831.jpg\" sizes=\"auto, (max-width: 500px) 100vw, 500px\" srcset=\"https:\/\/elbigdata.mx\/wp-content\/uploads\/2018\/10\/Edgar_Guzm%C3%A1n_L%C3%B3pez_novia_sofia-1024x831.jpg 1024w, https:\/\/elbigdata.mx\/wp-content\/uploads\/2018\/10\/Edgar_Guzm%C3%A1n_L%C3%B3pez_novia_sofia-300x244.jpg 300w, https:\/\/elbigdata.mx\/wp-content\/uploads\/2018\/10\/Edgar_Guzm%C3%A1n_L%C3%B3pez_novia_sofia-768x623.jpg 768w, https:\/\/elbigdata.mx\/wp-content\/uploads\/2018\/10\/Edgar_Guzm%C3%A1n_L%C3%B3pez_novia_sofia.jpg 1068w\" alt=\"\" width=\"500\" height=\"406\" \/><\/p>\n<p class=\"wp-caption-text\">Foto: Edgar Guzm\u00e1n L\u00f3pez, abatido en 2008 en el estacionamiento de la tienda City Club de Culiac\u00e1n<\/p>\n<\/div>\n<div id=\"attachment_257203\" class=\"wp-caption aligncenter\"><img loading=\"lazy\" decoding=\"async\" class=\"wp-image-257203 size-full\" src=\"https:\/\/elbigdata.mx\/wp-content\/uploads\/2018\/10\/tumba_estacionamiento_city_club_culiacan_edgar_guzman.jpg\" sizes=\"auto, (max-width: 980px) 100vw, 980px\" srcset=\"https:\/\/elbigdata.mx\/wp-content\/uploads\/2018\/10\/tumba_estacionamiento_city_club_culiacan_edgar_guzman.jpg 980w, https:\/\/elbigdata.mx\/wp-content\/uploads\/2018\/10\/tumba_estacionamiento_city_club_culiacan_edgar_guzman-300x169.jpg 300w, https:\/\/elbigdata.mx\/wp-content\/uploads\/2018\/10\/tumba_estacionamiento_city_club_culiacan_edgar_guzman-768x433.jpg 768w\" alt=\"\" width=\"980\" height=\"553\" \/><\/p>\n<p class=\"wp-caption-text\">El homenaje que pusieron a Edgar Guzm\u00e1n L\u00f3pez en el estacionamiento donde fue abatido en 2008 y que nadie se ha atrevido a retirar<\/p>\n<\/div>\n<p>Fue muy conocido que al d\u00eda siguiente del asesinato del primog\u00e9nito de El Chapo se vendieron 50 mil rosas rojas, todas las que exist\u00edan en el municipio, para honrar a \u00c9dgar durante el entierro.<\/p>\n<p>El d\u00eda que mataron a Edgar Guzm\u00e1n, era acompa\u00f1ado por su pareja de apenas 20 a\u00f1os llamada Frida Mu\u00f1oz Rom\u00e1n, de quien cuenta que estaba profundamente enamorada del hijo de El Chapo. Sin embargo ella no fue alcanzada por las balas puesto que realizaba una compras en ese momento dentro del City Club.<\/p>\n","protected":false},"excerpt":{"rendered":"<p>[VIDEO] Captan por primeva vez a nieta de \u2018El Chapo\u2019 cantando canci\u00f3n de Jenni Rivera<br \/>\nPor Redacci\u00f3n QP<\/p>\n","protected":false},"author":2,"featured_media":7602,"comment_status":"open","ping_status":"open","sticky":false,"template":"","format":"standard","meta":{"_monsterinsights_skip_tracking":false,"_monsterinsights_sitenote_active":false,"_monsterinsights_sitenote_note":"","_monsterinsights_sitenote_category":0,"footnotes":""},"categories":[2],"tags":[],"class_list":["post-7603","post","type-post","status-publish","format-standard","has-post-thumbnail","hentry","category-noticias"],"yoast_head":"<!-- This site is optimized with the Yoast SEO plugin v27.3 - https:\/\/yoast.com\/product\/yoast-seo-wordpress\/ -->\n<title>[VIDEO] Captan por primeva vez a nieta de \u2018El Chapo\u2019 cantando canci\u00f3n de Jenni Rivera -<\/title>\n<meta name=\"robots\" content=\"index, follow, max-snippet:-1, max-image-preview:large, max-video-preview:-1\" \/>\n<link rel=\"canonical\" href=\"https:\/\/quehacerpolitico.mx\/?p=7603\" \/>\n<meta property=\"og:locale\" content=\"es_MX\" \/>\n<meta property=\"og:type\" content=\"article\" \/>\n<meta property=\"og:title\" content=\"[VIDEO] Captan por primeva vez a nieta de \u2018El Chapo\u2019 cantando canci\u00f3n de Jenni Rivera -\" \/>\n<meta property=\"og:description\" content=\"[VIDEO] Captan por primeva vez a nieta de \u2018El Chapo\u2019 cantando canci\u00f3n de Jenni Rivera Por Redacci\u00f3n QP\" \/>\n<meta property=\"og:url\" content=\"https:\/\/quehacerpolitico.mx\/?p=7603\" \/>\n<meta property=\"article:published_time\" content=\"2018-10-24T04:04:17+00:00\" \/>\n<meta name=\"author\" content=\"Redacci\u00f3n QP\" \/>\n<meta name=\"twitter:card\" content=\"summary_large_image\" \/>\n<meta name=\"twitter:label1\" content=\"Escrito por\" \/>\n\t<meta name=\"twitter:data1\" content=\"Redacci\u00f3n QP\" \/>\n\t<meta name=\"twitter:label2\" content=\"Tiempo de lectura\" \/>\n\t<meta name=\"twitter:data2\" content=\"2 minutos\" \/>\n<script type=\"application\/ld+json\" class=\"yoast-schema-graph\">{\"@context\":\"https:\\\/\\\/schema.org\",\"@graph\":[{\"@type\":\"Article\",\"@id\":\"https:\\\/\\\/quehacerpolitico.mx\\\/?p=7603#article\",\"isPartOf\":{\"@id\":\"https:\\\/\\\/quehacerpolitico.mx\\\/?p=7603\"},\"author\":{\"name\":\"Redacci\u00f3n QP\",\"@id\":\"https:\\\/\\\/quehacerpolitico.mx\\\/#\\\/schema\\\/person\\\/496d8ad2d1d3f8036101dca7ee39e585\"},\"headline\":\"[VIDEO] Captan por primeva vez a nieta de \u2018El Chapo\u2019 cantando canci\u00f3n de Jenni Rivera\",\"datePublished\":\"2018-10-24T04:04:17+00:00\",\"mainEntityOfPage\":{\"@id\":\"https:\\\/\\\/quehacerpolitico.mx\\\/?p=7603\"},\"wordCount\":458,\"commentCount\":0,\"image\":{\"@id\":\"https:\\\/\\\/quehacerpolitico.mx\\\/?p=7603#primaryimage\"},\"thumbnailUrl\":\"\",\"articleSection\":[\"Noticias\"],\"inLanguage\":\"es\",\"potentialAction\":[{\"@type\":\"CommentAction\",\"name\":\"Comment\",\"target\":[\"https:\\\/\\\/quehacerpolitico.mx\\\/?p=7603#respond\"]}]},{\"@type\":\"WebPage\",\"@id\":\"https:\\\/\\\/quehacerpolitico.mx\\\/?p=7603\",\"url\":\"https:\\\/\\\/quehacerpolitico.mx\\\/?p=7603\",\"name\":\"[VIDEO] Captan por primeva vez a nieta de \u2018El Chapo\u2019 cantando canci\u00f3n de Jenni Rivera -\",\"isPartOf\":{\"@id\":\"https:\\\/\\\/quehacerpolitico.mx\\\/#website\"},\"primaryImageOfPage\":{\"@id\":\"https:\\\/\\\/quehacerpolitico.mx\\\/?p=7603#primaryimage\"},\"image\":{\"@id\":\"https:\\\/\\\/quehacerpolitico.mx\\\/?p=7603#primaryimage\"},\"thumbnailUrl\":\"\",\"datePublished\":\"2018-10-24T04:04:17+00:00\",\"author\":{\"@id\":\"https:\\\/\\\/quehacerpolitico.mx\\\/#\\\/schema\\\/person\\\/496d8ad2d1d3f8036101dca7ee39e585\"},\"breadcrumb\":{\"@id\":\"https:\\\/\\\/quehacerpolitico.mx\\\/?p=7603#breadcrumb\"},\"inLanguage\":\"es\",\"potentialAction\":[{\"@type\":\"ReadAction\",\"target\":[\"https:\\\/\\\/quehacerpolitico.mx\\\/?p=7603\"]}]},{\"@type\":\"ImageObject\",\"inLanguage\":\"es\",\"@id\":\"https:\\\/\\\/quehacerpolitico.mx\\\/?p=7603#primaryimage\",\"url\":\"\",\"contentUrl\":\"\"},{\"@type\":\"BreadcrumbList\",\"@id\":\"https:\\\/\\\/quehacerpolitico.mx\\\/?p=7603#breadcrumb\",\"itemListElement\":[{\"@type\":\"ListItem\",\"position\":1,\"name\":\"Inicio\",\"item\":\"https:\\\/\\\/quehacerpolitico.mx\\\/\"},{\"@type\":\"ListItem\",\"position\":2,\"name\":\"[VIDEO] Captan por primeva vez a nieta de \u2018El Chapo\u2019 cantando canci\u00f3n de Jenni Rivera\"}]},{\"@type\":\"WebSite\",\"@id\":\"https:\\\/\\\/quehacerpolitico.mx\\\/#website\",\"url\":\"https:\\\/\\\/quehacerpolitico.mx\\\/\",\"name\":\"\",\"description\":\"\",\"potentialAction\":[{\"@type\":\"SearchAction\",\"target\":{\"@type\":\"EntryPoint\",\"urlTemplate\":\"https:\\\/\\\/quehacerpolitico.mx\\\/?s={search_term_string}\"},\"query-input\":{\"@type\":\"PropertyValueSpecification\",\"valueRequired\":true,\"valueName\":\"search_term_string\"}}],\"inLanguage\":\"es\"},{\"@type\":\"Person\",\"@id\":\"https:\\\/\\\/quehacerpolitico.mx\\\/#\\\/schema\\\/person\\\/496d8ad2d1d3f8036101dca7ee39e585\",\"name\":\"Redacci\u00f3n QP\",\"image\":{\"@type\":\"ImageObject\",\"inLanguage\":\"es\",\"@id\":\"https:\\\/\\\/secure.gravatar.com\\\/avatar\\\/c7164ed6fdec453195284ad24a5ae5b6e1eed2b848477fa2a4787ba9adf39a41?s=96&d=mm&r=g\",\"url\":\"https:\\\/\\\/secure.gravatar.com\\\/avatar\\\/c7164ed6fdec453195284ad24a5ae5b6e1eed2b848477fa2a4787ba9adf39a41?s=96&d=mm&r=g\",\"contentUrl\":\"https:\\\/\\\/secure.gravatar.com\\\/avatar\\\/c7164ed6fdec453195284ad24a5ae5b6e1eed2b848477fa2a4787ba9adf39a41?s=96&d=mm&r=g\",\"caption\":\"Redacci\u00f3n QP\"},\"url\":\"https:\\\/\\\/quehacerpolitico.mx\\\/?author=2\"}]}<\/script>\n<!-- \/ Yoast SEO plugin. -->","yoast_head_json":{"title":"[VIDEO] Captan por primeva vez a nieta de \u2018El Chapo\u2019 cantando canci\u00f3n de Jenni Rivera -","robots":{"index":"index","follow":"follow","max-snippet":"max-snippet:-1","max-image-preview":"max-image-preview:large","max-video-preview":"max-video-preview:-1"},"canonical":"https:\/\/quehacerpolitico.mx\/?p=7603","og_locale":"es_MX","og_type":"article","og_title":"[VIDEO] Captan por primeva vez a nieta de \u2018El Chapo\u2019 cantando canci\u00f3n de Jenni Rivera -","og_description":"[VIDEO] Captan por primeva vez a nieta de \u2018El Chapo\u2019 cantando canci\u00f3n de Jenni Rivera Por Redacci\u00f3n QP","og_url":"https:\/\/quehacerpolitico.mx\/?p=7603","article_published_time":"2018-10-24T04:04:17+00:00","author":"Redacci\u00f3n QP","twitter_card":"summary_large_image","twitter_misc":{"Escrito por":"Redacci\u00f3n QP","Tiempo de lectura":"2 minutos"},"schema":{"@context":"https:\/\/schema.org","@graph":[{"@type":"Article","@id":"https:\/\/quehacerpolitico.mx\/?p=7603#article","isPartOf":{"@id":"https:\/\/quehacerpolitico.mx\/?p=7603"},"author":{"name":"Redacci\u00f3n QP","@id":"https:\/\/quehacerpolitico.mx\/#\/schema\/person\/496d8ad2d1d3f8036101dca7ee39e585"},"headline":"[VIDEO] Captan por primeva vez a nieta de \u2018El Chapo\u2019 cantando canci\u00f3n de Jenni Rivera","datePublished":"2018-10-24T04:04:17+00:00","mainEntityOfPage":{"@id":"https:\/\/quehacerpolitico.mx\/?p=7603"},"wordCount":458,"commentCount":0,"image":{"@id":"https:\/\/quehacerpolitico.mx\/?p=7603#primaryimage"},"thumbnailUrl":"","articleSection":["Noticias"],"inLanguage":"es","potentialAction":[{"@type":"CommentAction","name":"Comment","target":["https:\/\/quehacerpolitico.mx\/?p=7603#respond"]}]},{"@type":"WebPage","@id":"https:\/\/quehacerpolitico.mx\/?p=7603","url":"https:\/\/quehacerpolitico.mx\/?p=7603","name":"[VIDEO] Captan por primeva vez a nieta de \u2018El Chapo\u2019 cantando canci\u00f3n de Jenni Rivera -","isPartOf":{"@id":"https:\/\/quehacerpolitico.mx\/#website"},"primaryImageOfPage":{"@id":"https:\/\/quehacerpolitico.mx\/?p=7603#primaryimage"},"image":{"@id":"https:\/\/quehacerpolitico.mx\/?p=7603#primaryimage"},"thumbnailUrl":"","datePublished":"2018-10-24T04:04:17+00:00","author":{"@id":"https:\/\/quehacerpolitico.mx\/#\/schema\/person\/496d8ad2d1d3f8036101dca7ee39e585"},"breadcrumb":{"@id":"https:\/\/quehacerpolitico.mx\/?p=7603#breadcrumb"},"inLanguage":"es","potentialAction":[{"@type":"ReadAction","target":["https:\/\/quehacerpolitico.mx\/?p=7603"]}]},{"@type":"ImageObject","inLanguage":"es","@id":"https:\/\/quehacerpolitico.mx\/?p=7603#primaryimage","url":"","contentUrl":""},{"@type":"BreadcrumbList","@id":"https:\/\/quehacerpolitico.mx\/?p=7603#breadcrumb","itemListElement":[{"@type":"ListItem","position":1,"name":"Inicio","item":"https:\/\/quehacerpolitico.mx\/"},{"@type":"ListItem","position":2,"name":"[VIDEO] Captan por primeva vez a nieta de \u2018El Chapo\u2019 cantando canci\u00f3n de Jenni Rivera"}]},{"@type":"WebSite","@id":"https:\/\/quehacerpolitico.mx\/#website","url":"https:\/\/quehacerpolitico.mx\/","name":"","description":"","potentialAction":[{"@type":"SearchAction","target":{"@type":"EntryPoint","urlTemplate":"https:\/\/quehacerpolitico.mx\/?s={search_term_string}"},"query-input":{"@type":"PropertyValueSpecification","valueRequired":true,"valueName":"search_term_string"}}],"inLanguage":"es"},{"@type":"Person","@id":"https:\/\/quehacerpolitico.mx\/#\/schema\/person\/496d8ad2d1d3f8036101dca7ee39e585","name":"Redacci\u00f3n QP","image":{"@type":"ImageObject","inLanguage":"es","@id":"https:\/\/secure.gravatar.com\/avatar\/c7164ed6fdec453195284ad24a5ae5b6e1eed2b848477fa2a4787ba9adf39a41?s=96&d=mm&r=g","url":"https:\/\/secure.gravatar.com\/avatar\/c7164ed6fdec453195284ad24a5ae5b6e1eed2b848477fa2a4787ba9adf39a41?s=96&d=mm&r=g","contentUrl":"https:\/\/secure.gravatar.com\/avatar\/c7164ed6fdec453195284ad24a5ae5b6e1eed2b848477fa2a4787ba9adf39a41?s=96&d=mm&r=g","caption":"Redacci\u00f3n QP"},"url":"https:\/\/quehacerpolitico.mx\/?author=2"}]}},"featured_image_urls":{"full":"","thumbnail":"","medium":"","medium_large":"","large":"","1536x1536":"","2048x2048":"","covernews-featured":"","covernews-medium":""},"author_info":{"display_name":"Redacci\u00f3n QP","author_link":"https:\/\/quehacerpolitico.mx\/?author=2"},"category_info":"<a href=\"https:\/\/quehacerpolitico.mx\/?cat=2\" rel=\"category\">Noticias<\/a>","tag_info":"Noticias","comment_count":"0","_links":{"self":[{"href":"https:\/\/quehacerpolitico.mx\/index.php?rest_route=\/wp\/v2\/posts\/7603","targetHints":{"allow":["GET"]}}],"collection":[{"href":"https:\/\/quehacerpolitico.mx\/index.php?rest_route=\/wp\/v2\/posts"}],"about":[{"href":"https:\/\/quehacerpolitico.mx\/index.php?rest_route=\/wp\/v2\/types\/post"}],"author":[{"embeddable":true,"href":"https:\/\/quehacerpolitico.mx\/index.php?rest_route=\/wp\/v2\/users\/2"}],"replies":[{"embeddable":true,"href":"https:\/\/quehacerpolitico.mx\/index.php?rest_route=%2Fwp%2Fv2%2Fcomments&post=7603"}],"version-history":[{"count":0,"href":"https:\/\/quehacerpolitico.mx\/index.php?rest_route=\/wp\/v2\/posts\/7603\/revisions"}],"wp:featuredmedia":[{"embeddable":true,"href":"https:\/\/quehacerpolitico.mx\/index.php?rest_route=\/"}],"wp:attachment":[{"href":"https:\/\/quehacerpolitico.mx\/index.php?rest_route=%2Fwp%2Fv2%2Fmedia&parent=7603"}],"wp:term":[{"taxonomy":"category","embeddable":true,"href":"https:\/\/quehacerpolitico.mx\/index.php?rest_route=%2Fwp%2Fv2%2Fcategories&post=7603"},{"taxonomy":"post_tag","embeddable":true,"href":"https:\/\/quehacerpolitico.mx\/index.php?rest_route=%2Fwp%2Fv2%2Ftags&post=7603"}],"curies":[{"name":"wp","href":"https:\/\/api.w.org\/{rel}","templated":true}]}}