{"id":7601,"date":"2018-10-24T03:58:30","date_gmt":"2018-10-24T03:58:30","guid":{"rendered":"http:\/\/quehacerpolitico.mx\/videos-falla-andamio-y-trabajadores-quedan-colgando-en-la-colonia-roma\/"},"modified":"2018-10-24T03:58:30","modified_gmt":"2018-10-24T03:58:30","slug":"videos-falla-andamio-y-trabajadores-quedan-colgando-en-la-colonia-roma","status":"publish","type":"post","link":"https:\/\/quehacerpolitico.mx\/?p=7601","title":{"rendered":"[VIDEOS] Falla andamio y trabajadores quedan colgando en la Colonia Roma"},"content":{"rendered":"<h2 class=\"genTitle\">[VIDEOS] Falla andamio y trabajadores quedan colgando en la Colonia Roma<\/h2>\n<p>Por Redacci\u00f3n QP<\/p>\n<p>Tres hombres quedaron suspendidos de un andamio a m\u00e1s de 15 metros de altura en la colonia Roma, en la<strong>Ciudad de M\u00e9xico (CDMX)<\/strong>. Elementos del Escuadr\u00f3n de Rescate y Urgencias M\u00e9dicas (ERUM) de la Secretar\u00eda de Seguridad P\u00fablica (SSP), lograron rescatarlos a tiempo.<\/p>\n<p>Los hechos se registraron en<strong> avenida Chapultepec y calle Guadalajara, colonia Roma<\/strong>, en la<strong> alcald\u00eda de Cuauht\u00e9moc<\/strong>.<\/p>\n<div id=\"Tidok_Master_IA_1108484616_0fda\">\n<div id=\"video11084846162017605192\" data-cedato-used=\"used\">\n<div id=\"__cedato_root_container\" class=\" __cedato_root_container __cedato_mobile\">\n<div class=\" __cedato_content_container\">Al laborar sobre los muros de un edificio de nueve pisos, una de las cuerdas que sujetaba el andamio se zaf\u00f3 lo que provoc\u00f3 que la tabla (com\u00fanmente llamada \u201chamaca\u201d) en la que estaban parados los trabajadores se inclinara en su totalidad.<\/div>\n<\/div>\n<\/div>\n<\/div>\n<p>Los hombres quedaron suspendidos con riesgo de caer al vac\u00edo.<\/p>\n<p>Las personas que transitaban por la zona solicitaron el apoyo de los servicios de emergencia.<\/p>\n<p><strong>Param\u00e9dicos del ERUM<\/strong> llegaron al lugar, quienes a modo \u201ca rapel\u201d hicieron el descenso hasta encontrarse con los afectados.<\/p>\n<p>Despu\u00e9s de varias maniobras de rescate y con el uso de una escalera telesc\u00f3pica del Heroico Cuerpo de Bomberos, se les puso a salvo.<\/p>\n<p>Los tres fueron revisados y debido a que no presentaban lesiones, s\u00f3lo el susto, no fue necesario su traslado a alg\u00fan hospital.<\/p>\n<p>Finalmente, los j\u00f3venes trabajadores, quienes estaban asegurados y portaban arn\u00e9s industrial llevaban entre 10 a 20 minutos suspendidos cuando fueron rescatados, inform\u00f3 un<strong> elemento del ERUM<\/strong>.<\/p>\n<h3>Accidentes en andamio<\/h3>\n<p>Los accidentes en los andamios o hamacas son comunes. En mayo de este a\u00f1o, los\u00a0Servicios de emergencia rescataron a cuatro trabajadores que quedaron colgados de un andamio a m\u00e1s de 30 metros de altura\u00a0cuando \u00e9stos se encontraban pintando un mural en avenida Paseo de la Reforma en la Ciudad de M\u00e9xico.<\/p>\n<blockquote class=\"twitter-tweet\" data-width=\"550\" data-dnt=\"true\">\n<p lang=\"es\" dir=\"ltr\">\u25b6\ufe0f<a href=\"https:\/\/twitter.com\/hashtag\/VIDEO?src=hash&amp;ref_src=twsrc%5Etfw\">#VIDEO<\/a> As\u00ed fue como el <a href=\"https:\/\/twitter.com\/hashtag\/ERUM?src=hash&amp;ref_src=twsrc%5Etfw\">#ERUM<\/a> rescat\u00f3 a tres hombres que hab\u00edan quedado atrapados en un andamio en la colonia Roma. <a href=\"https:\/\/twitter.com\/hashtag\/SSPCDMX?src=hash&amp;ref_src=twsrc%5Etfw\">#SSPCDMX<\/a> <a href=\"https:\/\/t.co\/NomHB2EtFr\">pic.twitter.com\/NomHB2EtFr<\/a><\/p>\n<p>&mdash; SSC CDMX (@SSC_CDMX) <a href=\"https:\/\/twitter.com\/SSC_CDMX\/status\/1054871177640894464?ref_src=twsrc%5Etfw\">October 23, 2018<\/a><\/p><\/blockquote>\n<p><script async src=\"https:\/\/platform.twitter.com\/widgets.js\" charset=\"utf-8\"><\/script><\/p>\n<p>https:\/\/youtu.be\/rLJF-1fJenY<\/p>\n","protected":false},"excerpt":{"rendered":"<p>[VIDEOS] Falla andamio y trabajadores quedan colgando en la Colonia Roma<br \/>\nPor Redacci\u00f3n QP<\/p>\n","protected":false},"author":2,"featured_media":7600,"comment_status":"open","ping_status":"open","sticky":false,"template":"","format":"standard","meta":{"_monsterinsights_skip_tracking":false,"_monsterinsights_sitenote_active":false,"_monsterinsights_sitenote_note":"","_monsterinsights_sitenote_category":0,"footnotes":""},"categories":[55],"tags":[],"class_list":["post-7601","post","type-post","status-publish","format-standard","has-post-thumbnail","hentry","category-cdmx"],"yoast_head":"<!-- This site is optimized with the Yoast SEO plugin v27.3 - https:\/\/yoast.com\/product\/yoast-seo-wordpress\/ -->\n<title>[VIDEOS] Falla andamio y trabajadores quedan colgando en la Colonia Roma -<\/title>\n<meta name=\"robots\" content=\"index, follow, max-snippet:-1, max-image-preview:large, max-video-preview:-1\" \/>\n<link rel=\"canonical\" href=\"https:\/\/quehacerpolitico.mx\/?p=7601\" \/>\n<meta property=\"og:locale\" content=\"es_MX\" \/>\n<meta property=\"og:type\" content=\"article\" \/>\n<meta property=\"og:title\" content=\"[VIDEOS] Falla andamio y trabajadores quedan colgando en la Colonia Roma -\" \/>\n<meta property=\"og:description\" content=\"[VIDEOS] Falla andamio y trabajadores quedan colgando en la Colonia Roma Por Redacci\u00f3n QP\" \/>\n<meta property=\"og:url\" content=\"https:\/\/quehacerpolitico.mx\/?p=7601\" \/>\n<meta property=\"article:published_time\" content=\"2018-10-24T03:58:30+00:00\" \/>\n<meta name=\"author\" content=\"Redacci\u00f3n QP\" \/>\n<meta name=\"twitter:card\" content=\"summary_large_image\" \/>\n<meta name=\"twitter:label1\" content=\"Escrito por\" \/>\n\t<meta name=\"twitter:data1\" content=\"Redacci\u00f3n QP\" \/>\n\t<meta name=\"twitter:label2\" content=\"Tiempo de lectura\" \/>\n\t<meta name=\"twitter:data2\" content=\"2 minutos\" \/>\n<script type=\"application\/ld+json\" class=\"yoast-schema-graph\">{\"@context\":\"https:\\\/\\\/schema.org\",\"@graph\":[{\"@type\":\"Article\",\"@id\":\"https:\\\/\\\/quehacerpolitico.mx\\\/?p=7601#article\",\"isPartOf\":{\"@id\":\"https:\\\/\\\/quehacerpolitico.mx\\\/?p=7601\"},\"author\":{\"name\":\"Redacci\u00f3n QP\",\"@id\":\"https:\\\/\\\/quehacerpolitico.mx\\\/#\\\/schema\\\/person\\\/496d8ad2d1d3f8036101dca7ee39e585\"},\"headline\":\"[VIDEOS] Falla andamio y trabajadores quedan colgando en la Colonia Roma\",\"datePublished\":\"2018-10-24T03:58:30+00:00\",\"mainEntityOfPage\":{\"@id\":\"https:\\\/\\\/quehacerpolitico.mx\\\/?p=7601\"},\"wordCount\":328,\"commentCount\":0,\"image\":{\"@id\":\"https:\\\/\\\/quehacerpolitico.mx\\\/?p=7601#primaryimage\"},\"thumbnailUrl\":\"\",\"articleSection\":[\"CDMX\"],\"inLanguage\":\"es\",\"potentialAction\":[{\"@type\":\"CommentAction\",\"name\":\"Comment\",\"target\":[\"https:\\\/\\\/quehacerpolitico.mx\\\/?p=7601#respond\"]}]},{\"@type\":\"WebPage\",\"@id\":\"https:\\\/\\\/quehacerpolitico.mx\\\/?p=7601\",\"url\":\"https:\\\/\\\/quehacerpolitico.mx\\\/?p=7601\",\"name\":\"[VIDEOS] Falla andamio y trabajadores quedan colgando en la Colonia Roma -\",\"isPartOf\":{\"@id\":\"https:\\\/\\\/quehacerpolitico.mx\\\/#website\"},\"primaryImageOfPage\":{\"@id\":\"https:\\\/\\\/quehacerpolitico.mx\\\/?p=7601#primaryimage\"},\"image\":{\"@id\":\"https:\\\/\\\/quehacerpolitico.mx\\\/?p=7601#primaryimage\"},\"thumbnailUrl\":\"\",\"datePublished\":\"2018-10-24T03:58:30+00:00\",\"author\":{\"@id\":\"https:\\\/\\\/quehacerpolitico.mx\\\/#\\\/schema\\\/person\\\/496d8ad2d1d3f8036101dca7ee39e585\"},\"breadcrumb\":{\"@id\":\"https:\\\/\\\/quehacerpolitico.mx\\\/?p=7601#breadcrumb\"},\"inLanguage\":\"es\",\"potentialAction\":[{\"@type\":\"ReadAction\",\"target\":[\"https:\\\/\\\/quehacerpolitico.mx\\\/?p=7601\"]}]},{\"@type\":\"ImageObject\",\"inLanguage\":\"es\",\"@id\":\"https:\\\/\\\/quehacerpolitico.mx\\\/?p=7601#primaryimage\",\"url\":\"\",\"contentUrl\":\"\"},{\"@type\":\"BreadcrumbList\",\"@id\":\"https:\\\/\\\/quehacerpolitico.mx\\\/?p=7601#breadcrumb\",\"itemListElement\":[{\"@type\":\"ListItem\",\"position\":1,\"name\":\"Inicio\",\"item\":\"https:\\\/\\\/quehacerpolitico.mx\\\/\"},{\"@type\":\"ListItem\",\"position\":2,\"name\":\"[VIDEOS] Falla andamio y trabajadores quedan colgando en la Colonia Roma\"}]},{\"@type\":\"WebSite\",\"@id\":\"https:\\\/\\\/quehacerpolitico.mx\\\/#website\",\"url\":\"https:\\\/\\\/quehacerpolitico.mx\\\/\",\"name\":\"\",\"description\":\"\",\"potentialAction\":[{\"@type\":\"SearchAction\",\"target\":{\"@type\":\"EntryPoint\",\"urlTemplate\":\"https:\\\/\\\/quehacerpolitico.mx\\\/?s={search_term_string}\"},\"query-input\":{\"@type\":\"PropertyValueSpecification\",\"valueRequired\":true,\"valueName\":\"search_term_string\"}}],\"inLanguage\":\"es\"},{\"@type\":\"Person\",\"@id\":\"https:\\\/\\\/quehacerpolitico.mx\\\/#\\\/schema\\\/person\\\/496d8ad2d1d3f8036101dca7ee39e585\",\"name\":\"Redacci\u00f3n QP\",\"image\":{\"@type\":\"ImageObject\",\"inLanguage\":\"es\",\"@id\":\"https:\\\/\\\/secure.gravatar.com\\\/avatar\\\/c7164ed6fdec453195284ad24a5ae5b6e1eed2b848477fa2a4787ba9adf39a41?s=96&d=mm&r=g\",\"url\":\"https:\\\/\\\/secure.gravatar.com\\\/avatar\\\/c7164ed6fdec453195284ad24a5ae5b6e1eed2b848477fa2a4787ba9adf39a41?s=96&d=mm&r=g\",\"contentUrl\":\"https:\\\/\\\/secure.gravatar.com\\\/avatar\\\/c7164ed6fdec453195284ad24a5ae5b6e1eed2b848477fa2a4787ba9adf39a41?s=96&d=mm&r=g\",\"caption\":\"Redacci\u00f3n QP\"},\"url\":\"https:\\\/\\\/quehacerpolitico.mx\\\/?author=2\"}]}<\/script>\n<!-- \/ Yoast SEO plugin. -->","yoast_head_json":{"title":"[VIDEOS] Falla andamio y trabajadores quedan colgando en la Colonia Roma -","robots":{"index":"index","follow":"follow","max-snippet":"max-snippet:-1","max-image-preview":"max-image-preview:large","max-video-preview":"max-video-preview:-1"},"canonical":"https:\/\/quehacerpolitico.mx\/?p=7601","og_locale":"es_MX","og_type":"article","og_title":"[VIDEOS] Falla andamio y trabajadores quedan colgando en la Colonia Roma -","og_description":"[VIDEOS] Falla andamio y trabajadores quedan colgando en la Colonia Roma Por Redacci\u00f3n QP","og_url":"https:\/\/quehacerpolitico.mx\/?p=7601","article_published_time":"2018-10-24T03:58:30+00:00","author":"Redacci\u00f3n QP","twitter_card":"summary_large_image","twitter_misc":{"Escrito por":"Redacci\u00f3n QP","Tiempo de lectura":"2 minutos"},"schema":{"@context":"https:\/\/schema.org","@graph":[{"@type":"Article","@id":"https:\/\/quehacerpolitico.mx\/?p=7601#article","isPartOf":{"@id":"https:\/\/quehacerpolitico.mx\/?p=7601"},"author":{"name":"Redacci\u00f3n QP","@id":"https:\/\/quehacerpolitico.mx\/#\/schema\/person\/496d8ad2d1d3f8036101dca7ee39e585"},"headline":"[VIDEOS] Falla andamio y trabajadores quedan colgando en la Colonia Roma","datePublished":"2018-10-24T03:58:30+00:00","mainEntityOfPage":{"@id":"https:\/\/quehacerpolitico.mx\/?p=7601"},"wordCount":328,"commentCount":0,"image":{"@id":"https:\/\/quehacerpolitico.mx\/?p=7601#primaryimage"},"thumbnailUrl":"","articleSection":["CDMX"],"inLanguage":"es","potentialAction":[{"@type":"CommentAction","name":"Comment","target":["https:\/\/quehacerpolitico.mx\/?p=7601#respond"]}]},{"@type":"WebPage","@id":"https:\/\/quehacerpolitico.mx\/?p=7601","url":"https:\/\/quehacerpolitico.mx\/?p=7601","name":"[VIDEOS] Falla andamio y trabajadores quedan colgando en la Colonia Roma -","isPartOf":{"@id":"https:\/\/quehacerpolitico.mx\/#website"},"primaryImageOfPage":{"@id":"https:\/\/quehacerpolitico.mx\/?p=7601#primaryimage"},"image":{"@id":"https:\/\/quehacerpolitico.mx\/?p=7601#primaryimage"},"thumbnailUrl":"","datePublished":"2018-10-24T03:58:30+00:00","author":{"@id":"https:\/\/quehacerpolitico.mx\/#\/schema\/person\/496d8ad2d1d3f8036101dca7ee39e585"},"breadcrumb":{"@id":"https:\/\/quehacerpolitico.mx\/?p=7601#breadcrumb"},"inLanguage":"es","potentialAction":[{"@type":"ReadAction","target":["https:\/\/quehacerpolitico.mx\/?p=7601"]}]},{"@type":"ImageObject","inLanguage":"es","@id":"https:\/\/quehacerpolitico.mx\/?p=7601#primaryimage","url":"","contentUrl":""},{"@type":"BreadcrumbList","@id":"https:\/\/quehacerpolitico.mx\/?p=7601#breadcrumb","itemListElement":[{"@type":"ListItem","position":1,"name":"Inicio","item":"https:\/\/quehacerpolitico.mx\/"},{"@type":"ListItem","position":2,"name":"[VIDEOS] Falla andamio y trabajadores quedan colgando en la Colonia Roma"}]},{"@type":"WebSite","@id":"https:\/\/quehacerpolitico.mx\/#website","url":"https:\/\/quehacerpolitico.mx\/","name":"","description":"","potentialAction":[{"@type":"SearchAction","target":{"@type":"EntryPoint","urlTemplate":"https:\/\/quehacerpolitico.mx\/?s={search_term_string}"},"query-input":{"@type":"PropertyValueSpecification","valueRequired":true,"valueName":"search_term_string"}}],"inLanguage":"es"},{"@type":"Person","@id":"https:\/\/quehacerpolitico.mx\/#\/schema\/person\/496d8ad2d1d3f8036101dca7ee39e585","name":"Redacci\u00f3n QP","image":{"@type":"ImageObject","inLanguage":"es","@id":"https:\/\/secure.gravatar.com\/avatar\/c7164ed6fdec453195284ad24a5ae5b6e1eed2b848477fa2a4787ba9adf39a41?s=96&d=mm&r=g","url":"https:\/\/secure.gravatar.com\/avatar\/c7164ed6fdec453195284ad24a5ae5b6e1eed2b848477fa2a4787ba9adf39a41?s=96&d=mm&r=g","contentUrl":"https:\/\/secure.gravatar.com\/avatar\/c7164ed6fdec453195284ad24a5ae5b6e1eed2b848477fa2a4787ba9adf39a41?s=96&d=mm&r=g","caption":"Redacci\u00f3n QP"},"url":"https:\/\/quehacerpolitico.mx\/?author=2"}]}},"featured_image_urls":{"full":"","thumbnail":"","medium":"","medium_large":"","large":"","1536x1536":"","2048x2048":"","covernews-featured":"","covernews-medium":""},"author_info":{"display_name":"Redacci\u00f3n QP","author_link":"https:\/\/quehacerpolitico.mx\/?author=2"},"category_info":"<a href=\"https:\/\/quehacerpolitico.mx\/?cat=55\" rel=\"category\">CDMX<\/a>","tag_info":"CDMX","comment_count":"0","_links":{"self":[{"href":"https:\/\/quehacerpolitico.mx\/index.php?rest_route=\/wp\/v2\/posts\/7601","targetHints":{"allow":["GET"]}}],"collection":[{"href":"https:\/\/quehacerpolitico.mx\/index.php?rest_route=\/wp\/v2\/posts"}],"about":[{"href":"https:\/\/quehacerpolitico.mx\/index.php?rest_route=\/wp\/v2\/types\/post"}],"author":[{"embeddable":true,"href":"https:\/\/quehacerpolitico.mx\/index.php?rest_route=\/wp\/v2\/users\/2"}],"replies":[{"embeddable":true,"href":"https:\/\/quehacerpolitico.mx\/index.php?rest_route=%2Fwp%2Fv2%2Fcomments&post=7601"}],"version-history":[{"count":0,"href":"https:\/\/quehacerpolitico.mx\/index.php?rest_route=\/wp\/v2\/posts\/7601\/revisions"}],"wp:featuredmedia":[{"embeddable":true,"href":"https:\/\/quehacerpolitico.mx\/index.php?rest_route=\/"}],"wp:attachment":[{"href":"https:\/\/quehacerpolitico.mx\/index.php?rest_route=%2Fwp%2Fv2%2Fmedia&parent=7601"}],"wp:term":[{"taxonomy":"category","embeddable":true,"href":"https:\/\/quehacerpolitico.mx\/index.php?rest_route=%2Fwp%2Fv2%2Fcategories&post=7601"},{"taxonomy":"post_tag","embeddable":true,"href":"https:\/\/quehacerpolitico.mx\/index.php?rest_route=%2Fwp%2Fv2%2Ftags&post=7601"}],"curies":[{"name":"wp","href":"https:\/\/api.w.org\/{rel}","templated":true}]}}